{"id":32765,"date":"2022-06-01T08:25:14","date_gmt":"2022-06-01T08:25:14","guid":{"rendered":"https:\/\/ap-hotelsresorts.com\/rooftop-ap-eva\/"},"modified":"2022-06-01T08:31:15","modified_gmt":"2022-06-01T08:31:15","slug":"rooftop-ap-eva","status":"publish","type":"post","link":"https:\/\/ap-hotelsresorts.com\/es\/rooftop-ap-eva\/","title":{"rendered":"ROOFTOP AP EVA SENSES &#8211; NUEVA TEMPORADA CON M\u00c1S ANIMACI\u00d3N"},"content":{"rendered":"<p>Con una vista \u00fanica sobre el parque natural de Ria Formosa y el puerto deportivo de Faro, la azotea del hotel AP Eva Senses ya ha reabierto para la temporada de verano de 2022.<br \/>\nCon un espacio mejorado de la zona de ocio, ahora con salones privados para mayor comodidad y privacidad de los clientes, adem\u00e1s de la magn\u00edfica piscina, el AP Eva Senses Rooftop seguir\u00e1 siendo el lugar m\u00e1s animado de la capital del Algarve.<br \/>\nA partir del 4 de junio, de mi\u00e9rcoles a viernes, tenemos la puesta de sol animada con nuestro dj residente. Como es habitual, los s\u00e1bados y domingos la fiesta la hace siempre un DJ de renombre nacional o internacional.<br \/>\nLa invitaci\u00f3n est\u00e1 hecha. La azotea de Eva Senses te est\u00e1 esperando.<\/p>\n<p>&nbsp;<\/p>\n","protected":false},"excerpt":{"rendered":"<p>Con una vista \u00fanica sobre el parque natural de Ria Formosa y el puerto deportivo de Faro, la azotea del hotel AP Eva Senses ya ha reabierto para la temporada de verano de 2022. Con un espacio mejorado de la [&hellip;]<\/p>\n","protected":false},"author":11,"featured_media":32771,"comment_status":"closed","ping_status":"closed","sticky":false,"template":"","format":"standard","meta":[],"categories":[465],"tags":[],"yoast_head":"<!-- This site is optimized with the Yoast SEO plugin v18.1 - https:\/\/yoast.com\/wordpress\/plugins\/seo\/ -->\n<title>ROOFTOP AP EVA SENSES - NUEVA TEMPORADA CON M\u00c1S ANIMACI\u00d3N - AP HOTELS &amp; RESORTS .<\/title>\n<meta name=\"description\" content=\"Con una vista \u00fanica sobre el parque natural de Ria Formosa y el puerto deportivo de Faro, la azotea del hotel AP Eva Senses ya ha reabierto para la temporada de verano de 2022.Con un espacio mejorado de la zona de ocio, ahora con salones privados para mayor comodidad y privacidad de los clientes, adem\u00e1s de la magn\u00edfica piscina, el AP Eva Senses Rooftop seguir\u00e1 siendo el lugar m\u00e1s animado de la capital del Algarve.A partir del 4 de junio, de mi\u00e9rcoles a viernes, tenemos la puesta de sol animada con nuestro dj residente. Como es habitual, los s\u00e1bados y domingos la fiesta la hace siempre un DJ de renombre nacional o internacional.La invitaci\u00f3n est\u00e1 hecha. La azotea de Eva Senses te est\u00e1 esperando.\" \/>\n<meta name=\"robots\" content=\"index, follow, max-snippet:-1, max-image-preview:large, max-video-preview:-1\" \/>\n<link rel=\"canonical\" href=\"https:\/\/ap-hotelsresorts.com\/es\/rooftop-ap-eva\/\" \/>\n<meta property=\"og:locale\" content=\"es_ES\" \/>\n<meta property=\"og:type\" content=\"article\" \/>\n<meta property=\"og:title\" content=\"ROOFTOP AP EVA SENSES - NUEVA TEMPORADA CON M\u00c1S ANIMACI\u00d3N - AP HOTELS &amp; RESORTS .\" \/>\n<meta property=\"og:description\" content=\"Con una vista \u00fanica sobre el parque natural de Ria Formosa y el puerto deportivo de Faro, la azotea del hotel AP Eva Senses ya ha reabierto para la temporada de verano de 2022.Con un espacio mejorado de la zona de ocio, ahora con salones privados para mayor comodidad y privacidad de los clientes, adem\u00e1s de la magn\u00edfica piscina, el AP Eva Senses Rooftop seguir\u00e1 siendo el lugar m\u00e1s animado de la capital del Algarve.A partir del 4 de junio, de mi\u00e9rcoles a viernes, tenemos la puesta de sol animada con nuestro dj residente. Como es habitual, los s\u00e1bados y domingos la fiesta la hace siempre un DJ de renombre nacional o internacional.La invitaci\u00f3n est\u00e1 hecha. La azotea de Eva Senses te est\u00e1 esperando.\" \/>\n<meta property=\"og:url\" content=\"https:\/\/ap-hotelsresorts.com\/es\/rooftop-ap-eva\/\" \/>\n<meta property=\"og:site_name\" content=\"AP HOTELS &amp; RESORTS .\" \/>\n<meta property=\"article:publisher\" content=\"https:\/\/www.facebook.com\/aphotelsresorts\" \/>\n<meta property=\"article:published_time\" content=\"2022-06-01T08:25:14+00:00\" \/>\n<meta property=\"article:modified_time\" content=\"2022-06-01T08:31:15+00:00\" \/>\n<meta property=\"og:image\" content=\"https:\/\/ap-hotelsresorts.com\/wp-content\/uploads\/2022\/06\/rooftop-ap-eva.jpg\" \/>\n\t<meta property=\"og:image:width\" content=\"1565\" \/>\n\t<meta property=\"og:image:height\" content=\"794\" \/>\n\t<meta property=\"og:image:type\" content=\"image\/jpeg\" \/>\n<meta name=\"twitter:card\" content=\"summary_large_image\" \/>\n<meta name=\"twitter:creator\" content=\"@ApHotels\" \/>\n<meta name=\"twitter:site\" content=\"@ApHotels\" \/>\n<meta name=\"twitter:label1\" content=\"Escrito por\" \/>\n\t<meta name=\"twitter:data1\" content=\"marketing ap\" \/>\n\t<meta name=\"twitter:label2\" content=\"Tiempo de lectura\" \/>\n\t<meta name=\"twitter:data2\" content=\"1 minuto\" \/>\n<script type=\"application\/ld+json\" class=\"yoast-schema-graph\">{\"@context\":\"https:\/\/schema.org\",\"@graph\":[{\"@type\":\"Organization\",\"@id\":\"https:\/\/ap-hotelsresorts.com\/#organization\",\"name\":\"AP HOTELS & RESORTS\",\"url\":\"https:\/\/ap-hotelsresorts.com\/\",\"sameAs\":[\"https:\/\/www.facebook.com\/aphotelsresorts\",\"https:\/\/www.instagram.com\/aphotelsresorts\/\",\"https:\/\/www.linkedin.com\/company\/ap-hotels-and-resorts\",\"https:\/\/www.youtube.com\/channel\/UCSmwGBz36kx2XALzeVAlKEg\",\"https:\/\/twitter.com\/ApHotels\"],\"logo\":{\"@type\":\"ImageObject\",\"@id\":\"https:\/\/ap-hotelsresorts.com\/#logo\",\"inLanguage\":\"es\",\"url\":\"https:\/\/ap-hotelsresorts.com\/wp-content\/uploads\/2021\/03\/logo-1.png\",\"contentUrl\":\"https:\/\/ap-hotelsresorts.com\/wp-content\/uploads\/2021\/03\/logo-1.png\",\"width\":\"3915\",\"height\":\"1388\",\"caption\":\"AP HOTELS & RESORTS\"},\"image\":{\"@id\":\"https:\/\/ap-hotelsresorts.com\/#logo\"}},{\"@type\":\"WebSite\",\"@id\":\"https:\/\/ap-hotelsresorts.com\/#website\",\"url\":\"https:\/\/ap-hotelsresorts.com\/\",\"name\":\"AP HOTELS &amp; RESORTS .\",\"description\":\"Albufeira . Faro . Portim\u00e3o . Tavira . Algarve\",\"publisher\":{\"@id\":\"https:\/\/ap-hotelsresorts.com\/#organization\"},\"potentialAction\":[{\"@type\":\"SearchAction\",\"target\":{\"@type\":\"EntryPoint\",\"urlTemplate\":\"https:\/\/ap-hotelsresorts.com\/?s={search_term_string}\"},\"query-input\":\"required name=search_term_string\"}],\"inLanguage\":\"es\"},{\"@type\":\"ImageObject\",\"@id\":\"https:\/\/ap-hotelsresorts.com\/es\/rooftop-ap-eva\/#primaryimage\",\"inLanguage\":\"es\",\"url\":\"https:\/\/ap-hotelsresorts.com\/wp-content\/uploads\/2022\/06\/rooftop-ap-eva-webs-size.jpg\",\"contentUrl\":\"https:\/\/ap-hotelsresorts.com\/wp-content\/uploads\/2022\/06\/rooftop-ap-eva-webs-size.jpg\",\"width\":1500,\"height\":843,\"caption\":\"Rooftop AP Eva Senses\"},{\"@type\":\"WebPage\",\"@id\":\"https:\/\/ap-hotelsresorts.com\/es\/rooftop-ap-eva\/#webpage\",\"url\":\"https:\/\/ap-hotelsresorts.com\/es\/rooftop-ap-eva\/\",\"name\":\"ROOFTOP AP EVA SENSES - NUEVA TEMPORADA CON M\u00c1S ANIMACI\u00d3N - AP HOTELS &amp; RESORTS .\",\"isPartOf\":{\"@id\":\"https:\/\/ap-hotelsresorts.com\/#website\"},\"primaryImageOfPage\":{\"@id\":\"https:\/\/ap-hotelsresorts.com\/es\/rooftop-ap-eva\/#primaryimage\"},\"datePublished\":\"2022-06-01T08:25:14+00:00\",\"dateModified\":\"2022-06-01T08:31:15+00:00\",\"description\":\"Con una vista \u00fanica sobre el parque natural de Ria Formosa y el puerto deportivo de Faro, la azotea del hotel AP Eva Senses ya ha reabierto para la temporada de verano de 2022.Con un espacio mejorado de la zona de ocio, ahora con salones privados para mayor comodidad y privacidad de los clientes, adem\u00e1s de la magn\u00edfica piscina, el AP Eva Senses Rooftop seguir\u00e1 siendo el lugar m\u00e1s animado de la capital del Algarve.A partir del 4 de junio, de mi\u00e9rcoles a viernes, tenemos la puesta de sol animada con nuestro dj residente. Como es habitual, los s\u00e1bados y domingos la fiesta la hace siempre un DJ de renombre nacional o internacional.La invitaci\u00f3n est\u00e1 hecha. La azotea de Eva Senses te est\u00e1 esperando.\",\"breadcrumb\":{\"@id\":\"https:\/\/ap-hotelsresorts.com\/es\/rooftop-ap-eva\/#breadcrumb\"},\"inLanguage\":\"es\",\"potentialAction\":[{\"@type\":\"ReadAction\",\"target\":[\"https:\/\/ap-hotelsresorts.com\/es\/rooftop-ap-eva\/\"]}]},{\"@type\":\"BreadcrumbList\",\"@id\":\"https:\/\/ap-hotelsresorts.com\/es\/rooftop-ap-eva\/#breadcrumb\",\"itemListElement\":[{\"@type\":\"ListItem\",\"position\":1,\"name\":\"Home\",\"item\":\"https:\/\/ap-hotelsresorts.com\/es\/\"},{\"@type\":\"ListItem\",\"position\":2,\"name\":\"ROOFTOP AP EVA SENSES &#8211; NUEVA TEMPORADA CON M\u00c1S ANIMACI\u00d3N\"}]},{\"@type\":\"Article\",\"@id\":\"https:\/\/ap-hotelsresorts.com\/es\/rooftop-ap-eva\/#article\",\"isPartOf\":{\"@id\":\"https:\/\/ap-hotelsresorts.com\/es\/rooftop-ap-eva\/#webpage\"},\"author\":{\"@id\":\"https:\/\/ap-hotelsresorts.com\/#\/schema\/person\/39ea63a33316ff09e0a075ae0a4bed49\"},\"headline\":\"ROOFTOP AP EVA SENSES &#8211; NUEVA TEMPORADA CON M\u00c1S ANIMACI\u00d3N\",\"datePublished\":\"2022-06-01T08:25:14+00:00\",\"dateModified\":\"2022-06-01T08:31:15+00:00\",\"mainEntityOfPage\":{\"@id\":\"https:\/\/ap-hotelsresorts.com\/es\/rooftop-ap-eva\/#webpage\"},\"wordCount\":144,\"publisher\":{\"@id\":\"https:\/\/ap-hotelsresorts.com\/#organization\"},\"image\":{\"@id\":\"https:\/\/ap-hotelsresorts.com\/es\/rooftop-ap-eva\/#primaryimage\"},\"thumbnailUrl\":\"https:\/\/ap-hotelsresorts.com\/wp-content\/uploads\/2022\/06\/rooftop-ap-eva-webs-size.jpg\",\"articleSection\":[\"News (ES)\"],\"inLanguage\":\"es\"},{\"@type\":\"Person\",\"@id\":\"https:\/\/ap-hotelsresorts.com\/#\/schema\/person\/39ea63a33316ff09e0a075ae0a4bed49\",\"name\":\"marketing ap\",\"image\":{\"@type\":\"ImageObject\",\"@id\":\"https:\/\/ap-hotelsresorts.com\/#personlogo\",\"inLanguage\":\"es\",\"url\":\"https:\/\/secure.gravatar.com\/avatar\/80ea62fe6096f55fe36f17f2175dca2f?s=96&d=mm&r=g\",\"contentUrl\":\"https:\/\/secure.gravatar.com\/avatar\/80ea62fe6096f55fe36f17f2175dca2f?s=96&d=mm&r=g\",\"caption\":\"marketing ap\"}}]}<\/script>\n<!-- \/ Yoast SEO plugin. -->","yoast_head_json":{"title":"ROOFTOP AP EVA SENSES - NUEVA TEMPORADA CON M\u00c1S ANIMACI\u00d3N - AP HOTELS &amp; RESORTS .","description":"Con una vista \u00fanica sobre el parque natural de Ria Formosa y el puerto deportivo de Faro, la azotea del hotel AP Eva Senses ya ha reabierto para la temporada de verano de 2022.Con un espacio mejorado de la zona de ocio, ahora con salones privados para mayor comodidad y privacidad de los clientes, adem\u00e1s de la magn\u00edfica piscina, el AP Eva Senses Rooftop seguir\u00e1 siendo el lugar m\u00e1s animado de la capital del Algarve.A partir del 4 de junio, de mi\u00e9rcoles a viernes, tenemos la puesta de sol animada con nuestro dj residente. Como es habitual, los s\u00e1bados y domingos la fiesta la hace siempre un DJ de renombre nacional o internacional.La invitaci\u00f3n est\u00e1 hecha. La azotea de Eva Senses te est\u00e1 esperando.","robots":{"index":"index","follow":"follow","max-snippet":"max-snippet:-1","max-image-preview":"max-image-preview:large","max-video-preview":"max-video-preview:-1"},"canonical":"https:\/\/ap-hotelsresorts.com\/es\/rooftop-ap-eva\/","og_locale":"es_ES","og_type":"article","og_title":"ROOFTOP AP EVA SENSES - NUEVA TEMPORADA CON M\u00c1S ANIMACI\u00d3N - AP HOTELS &amp; RESORTS .","og_description":"Con una vista \u00fanica sobre el parque natural de Ria Formosa y el puerto deportivo de Faro, la azotea del hotel AP Eva Senses ya ha reabierto para la temporada de verano de 2022.Con un espacio mejorado de la zona de ocio, ahora con salones privados para mayor comodidad y privacidad de los clientes, adem\u00e1s de la magn\u00edfica piscina, el AP Eva Senses Rooftop seguir\u00e1 siendo el lugar m\u00e1s animado de la capital del Algarve.A partir del 4 de junio, de mi\u00e9rcoles a viernes, tenemos la puesta de sol animada con nuestro dj residente. Como es habitual, los s\u00e1bados y domingos la fiesta la hace siempre un DJ de renombre nacional o internacional.La invitaci\u00f3n est\u00e1 hecha. La azotea de Eva Senses te est\u00e1 esperando.","og_url":"https:\/\/ap-hotelsresorts.com\/es\/rooftop-ap-eva\/","og_site_name":"AP HOTELS &amp; RESORTS .","article_publisher":"https:\/\/www.facebook.com\/aphotelsresorts","article_published_time":"2022-06-01T08:25:14+00:00","article_modified_time":"2022-06-01T08:31:15+00:00","og_image":[{"width":1565,"height":794,"url":"https:\/\/ap-hotelsresorts.com\/wp-content\/uploads\/2022\/06\/rooftop-ap-eva.jpg","type":"image\/jpeg"}],"twitter_card":"summary_large_image","twitter_creator":"@ApHotels","twitter_site":"@ApHotels","twitter_misc":{"Escrito por":"marketing ap","Tiempo de lectura":"1 minuto"},"schema":{"@context":"https:\/\/schema.org","@graph":[{"@type":"Organization","@id":"https:\/\/ap-hotelsresorts.com\/#organization","name":"AP HOTELS & RESORTS","url":"https:\/\/ap-hotelsresorts.com\/","sameAs":["https:\/\/www.facebook.com\/aphotelsresorts","https:\/\/www.instagram.com\/aphotelsresorts\/","https:\/\/www.linkedin.com\/company\/ap-hotels-and-resorts","https:\/\/www.youtube.com\/channel\/UCSmwGBz36kx2XALzeVAlKEg","https:\/\/twitter.com\/ApHotels"],"logo":{"@type":"ImageObject","@id":"https:\/\/ap-hotelsresorts.com\/#logo","inLanguage":"es","url":"https:\/\/ap-hotelsresorts.com\/wp-content\/uploads\/2021\/03\/logo-1.png","contentUrl":"https:\/\/ap-hotelsresorts.com\/wp-content\/uploads\/2021\/03\/logo-1.png","width":"3915","height":"1388","caption":"AP HOTELS & RESORTS"},"image":{"@id":"https:\/\/ap-hotelsresorts.com\/#logo"}},{"@type":"WebSite","@id":"https:\/\/ap-hotelsresorts.com\/#website","url":"https:\/\/ap-hotelsresorts.com\/","name":"AP HOTELS &amp; RESORTS .","description":"Albufeira . Faro . Portim\u00e3o . Tavira . Algarve","publisher":{"@id":"https:\/\/ap-hotelsresorts.com\/#organization"},"potentialAction":[{"@type":"SearchAction","target":{"@type":"EntryPoint","urlTemplate":"https:\/\/ap-hotelsresorts.com\/?s={search_term_string}"},"query-input":"required name=search_term_string"}],"inLanguage":"es"},{"@type":"ImageObject","@id":"https:\/\/ap-hotelsresorts.com\/es\/rooftop-ap-eva\/#primaryimage","inLanguage":"es","url":"https:\/\/ap-hotelsresorts.com\/wp-content\/uploads\/2022\/06\/rooftop-ap-eva-webs-size.jpg","contentUrl":"https:\/\/ap-hotelsresorts.com\/wp-content\/uploads\/2022\/06\/rooftop-ap-eva-webs-size.jpg","width":1500,"height":843,"caption":"Rooftop AP Eva Senses"},{"@type":"WebPage","@id":"https:\/\/ap-hotelsresorts.com\/es\/rooftop-ap-eva\/#webpage","url":"https:\/\/ap-hotelsresorts.com\/es\/rooftop-ap-eva\/","name":"ROOFTOP AP EVA SENSES - NUEVA TEMPORADA CON M\u00c1S ANIMACI\u00d3N - AP HOTELS &amp; RESORTS .","isPartOf":{"@id":"https:\/\/ap-hotelsresorts.com\/#website"},"primaryImageOfPage":{"@id":"https:\/\/ap-hotelsresorts.com\/es\/rooftop-ap-eva\/#primaryimage"},"datePublished":"2022-06-01T08:25:14+00:00","dateModified":"2022-06-01T08:31:15+00:00","description":"Con una vista \u00fanica sobre el parque natural de Ria Formosa y el puerto deportivo de Faro, la azotea del hotel AP Eva Senses ya ha reabierto para la temporada de verano de 2022.Con un espacio mejorado de la zona de ocio, ahora con salones privados para mayor comodidad y privacidad de los clientes, adem\u00e1s de la magn\u00edfica piscina, el AP Eva Senses Rooftop seguir\u00e1 siendo el lugar m\u00e1s animado de la capital del Algarve.A partir del 4 de junio, de mi\u00e9rcoles a viernes, tenemos la puesta de sol animada con nuestro dj residente. Como es habitual, los s\u00e1bados y domingos la fiesta la hace siempre un DJ de renombre nacional o internacional.La invitaci\u00f3n est\u00e1 hecha. La azotea de Eva Senses te est\u00e1 esperando.","breadcrumb":{"@id":"https:\/\/ap-hotelsresorts.com\/es\/rooftop-ap-eva\/#breadcrumb"},"inLanguage":"es","potentialAction":[{"@type":"ReadAction","target":["https:\/\/ap-hotelsresorts.com\/es\/rooftop-ap-eva\/"]}]},{"@type":"BreadcrumbList","@id":"https:\/\/ap-hotelsresorts.com\/es\/rooftop-ap-eva\/#breadcrumb","itemListElement":[{"@type":"ListItem","position":1,"name":"Home","item":"https:\/\/ap-hotelsresorts.com\/es\/"},{"@type":"ListItem","position":2,"name":"ROOFTOP AP EVA SENSES &#8211; NUEVA TEMPORADA CON M\u00c1S ANIMACI\u00d3N"}]},{"@type":"Article","@id":"https:\/\/ap-hotelsresorts.com\/es\/rooftop-ap-eva\/#article","isPartOf":{"@id":"https:\/\/ap-hotelsresorts.com\/es\/rooftop-ap-eva\/#webpage"},"author":{"@id":"https:\/\/ap-hotelsresorts.com\/#\/schema\/person\/39ea63a33316ff09e0a075ae0a4bed49"},"headline":"ROOFTOP AP EVA SENSES &#8211; NUEVA TEMPORADA CON M\u00c1S ANIMACI\u00d3N","datePublished":"2022-06-01T08:25:14+00:00","dateModified":"2022-06-01T08:31:15+00:00","mainEntityOfPage":{"@id":"https:\/\/ap-hotelsresorts.com\/es\/rooftop-ap-eva\/#webpage"},"wordCount":144,"publisher":{"@id":"https:\/\/ap-hotelsresorts.com\/#organization"},"image":{"@id":"https:\/\/ap-hotelsresorts.com\/es\/rooftop-ap-eva\/#primaryimage"},"thumbnailUrl":"https:\/\/ap-hotelsresorts.com\/wp-content\/uploads\/2022\/06\/rooftop-ap-eva-webs-size.jpg","articleSection":["News (ES)"],"inLanguage":"es"},{"@type":"Person","@id":"https:\/\/ap-hotelsresorts.com\/#\/schema\/person\/39ea63a33316ff09e0a075ae0a4bed49","name":"marketing ap","image":{"@type":"ImageObject","@id":"https:\/\/ap-hotelsresorts.com\/#personlogo","inLanguage":"es","url":"https:\/\/secure.gravatar.com\/avatar\/80ea62fe6096f55fe36f17f2175dca2f?s=96&d=mm&r=g","contentUrl":"https:\/\/secure.gravatar.com\/avatar\/80ea62fe6096f55fe36f17f2175dca2f?s=96&d=mm&r=g","caption":"marketing ap"}}]}},"_links":{"self":[{"href":"https:\/\/ap-hotelsresorts.com\/es\/wp-json\/wp\/v2\/posts\/32765"}],"collection":[{"href":"https:\/\/ap-hotelsresorts.com\/es\/wp-json\/wp\/v2\/posts"}],"about":[{"href":"https:\/\/ap-hotelsresorts.com\/es\/wp-json\/wp\/v2\/types\/post"}],"author":[{"embeddable":true,"href":"https:\/\/ap-hotelsresorts.com\/es\/wp-json\/wp\/v2\/users\/11"}],"replies":[{"embeddable":true,"href":"https:\/\/ap-hotelsresorts.com\/es\/wp-json\/wp\/v2\/comments?post=32765"}],"version-history":[{"count":0,"href":"https:\/\/ap-hotelsresorts.com\/es\/wp-json\/wp\/v2\/posts\/32765\/revisions"}],"wp:featuredmedia":[{"embeddable":true,"href":"https:\/\/ap-hotelsresorts.com\/es\/wp-json\/wp\/v2\/media\/32771"}],"wp:attachment":[{"href":"https:\/\/ap-hotelsresorts.com\/es\/wp-json\/wp\/v2\/media?parent=32765"}],"wp:term":[{"taxonomy":"category","embeddable":true,"href":"https:\/\/ap-hotelsresorts.com\/es\/wp-json\/wp\/v2\/categories?post=32765"},{"taxonomy":"post_tag","embeddable":true,"href":"https:\/\/ap-hotelsresorts.com\/es\/wp-json\/wp\/v2\/tags?post=32765"}],"curies":[{"name":"wp","href":"https:\/\/api.w.org\/{rel}","templated":true}]}}