{"id":33618,"date":"2022-07-22T15:26:18","date_gmt":"2022-07-22T15:26:18","guid":{"rendered":"https:\/\/ap-hotelsresorts.com\/motorbike-rally-faro\/"},"modified":"2022-07-22T15:30:50","modified_gmt":"2022-07-22T15:30:50","slug":"motorbike-rally-faro","status":"publish","type":"post","link":"https:\/\/ap-hotelsresorts.com\/es\/motorbike-rally-faro\/","title":{"rendered":"AP EVA SENSES ACOGE LA ORGANIZACI\u00d3N DEL 40\u00ba RALLY DE MOTARD EN FARO"},"content":{"rendered":"<p>La 40\u00aa Concentraci\u00f3n de Motos de Faro, organizada por el Moto Clube de la ciudad, fue un nuevo \u00e9xito, con m\u00e1s de 25 mil participantes, alcanzando el aforo m\u00e1ximo.<br \/>\nTras dos a\u00f1os de ausencia debido a la pandemia del Covid 19, los moteros volvieron con fuerza a Faro, para una nueva fiesta de 4 d\u00edas, en la que es la \u00fanica \u00abConcentraci\u00f3n Internacional de Motos\u00bb celebrada en Portugal, con car\u00e1cter oficial desde 1991.<br \/>\nLa AP Eva Senses fue, como siempre, un lugar privilegiado para ver el desfile final, en la despedida de la ciudad de Faro.<br \/>\nA los moteros que eligieron AP Eva Senses para alojarse se les ofreci\u00f3 el pin EN2, como forma de publicitar la conexi\u00f3n del hotel con la carretera m\u00e1s famosa de Portugal.<br \/>\nLa organizaci\u00f3n de la 40\u00aa Concentraci\u00f3n Motera de Faro est\u00e1 de enhorabuena.<\/p>\n","protected":false},"excerpt":{"rendered":"<p>La 40\u00aa Concentraci\u00f3n de Motos de Faro, organizada por el Moto Clube de la ciudad, fue un nuevo \u00e9xito, con m\u00e1s de 25 mil participantes, alcanzando el aforo m\u00e1ximo. Tras dos a\u00f1os de ausencia debido a la pandemia del Covid [&hellip;]<\/p>\n","protected":false},"author":11,"featured_media":33614,"comment_status":"closed","ping_status":"closed","sticky":false,"template":"","format":"standard","meta":[],"categories":[465],"tags":[],"yoast_head":"<!-- This site is optimized with the Yoast SEO plugin v18.1 - https:\/\/yoast.com\/wordpress\/plugins\/seo\/ -->\n<title>AP EVA SENSES ACOGE LA ORGANIZACI\u00d3N DEL 40\u00ba RALLY DE MOTARD EN FARO - AP HOTELS &amp; RESORTS .<\/title>\n<meta name=\"description\" content=\"La 40\u00aa Concentraci\u00f3n de Motos de Faro, organizada por el Moto Clube de la ciudad, fue un nuevo \u00e9xito, con m\u00e1s de 25 mil participantes, alcanzando el aforo m\u00e1ximo.Tras dos a\u00f1os de ausencia debido a la pandemia del Covid 19, los moteros volvieron con fuerza a Faro, para una nueva fiesta de 4 d\u00edas, en la que es la \u00fanica &quot;Concentraci\u00f3n Internacional de Motos&quot; celebrada en Portugal, con car\u00e1cter oficial desde 1991.La AP Eva Senses fue, como siempre, un lugar privilegiado para ver el desfile final, en la despedida de la ciudad de Faro.A los moteros que eligieron AP Eva Senses para alojarse se les ofreci\u00f3 el pin EN2, como forma de publicitar la conexi\u00f3n del hotel con la carretera m\u00e1s famosa de Portugal.La organizaci\u00f3n de la 40\u00aa Concentraci\u00f3n Motera de Faro est\u00e1 de enhorabuena.\" \/>\n<meta name=\"robots\" content=\"index, follow, max-snippet:-1, max-image-preview:large, max-video-preview:-1\" \/>\n<link rel=\"canonical\" href=\"https:\/\/ap-hotelsresorts.com\/es\/motorbike-rally-faro\/\" \/>\n<meta property=\"og:locale\" content=\"es_ES\" \/>\n<meta property=\"og:type\" content=\"article\" \/>\n<meta property=\"og:title\" content=\"AP EVA SENSES ACOGE LA ORGANIZACI\u00d3N DEL 40\u00ba RALLY DE MOTARD EN FARO - AP HOTELS &amp; RESORTS .\" \/>\n<meta property=\"og:description\" content=\"La 40\u00aa Concentraci\u00f3n de Motos de Faro, organizada por el Moto Clube de la ciudad, fue un nuevo \u00e9xito, con m\u00e1s de 25 mil participantes, alcanzando el aforo m\u00e1ximo.Tras dos a\u00f1os de ausencia debido a la pandemia del Covid 19, los moteros volvieron con fuerza a Faro, para una nueva fiesta de 4 d\u00edas, en la que es la \u00fanica &quot;Concentraci\u00f3n Internacional de Motos&quot; celebrada en Portugal, con car\u00e1cter oficial desde 1991.La AP Eva Senses fue, como siempre, un lugar privilegiado para ver el desfile final, en la despedida de la ciudad de Faro.A los moteros que eligieron AP Eva Senses para alojarse se les ofreci\u00f3 el pin EN2, como forma de publicitar la conexi\u00f3n del hotel con la carretera m\u00e1s famosa de Portugal.La organizaci\u00f3n de la 40\u00aa Concentraci\u00f3n Motera de Faro est\u00e1 de enhorabuena.\" \/>\n<meta property=\"og:url\" content=\"https:\/\/ap-hotelsresorts.com\/es\/motorbike-rally-faro\/\" \/>\n<meta property=\"og:site_name\" content=\"AP HOTELS &amp; RESORTS .\" \/>\n<meta property=\"article:publisher\" content=\"https:\/\/www.facebook.com\/aphotelsresorts\" \/>\n<meta property=\"article:published_time\" content=\"2022-07-22T15:26:18+00:00\" \/>\n<meta property=\"article:modified_time\" content=\"2022-07-22T15:30:50+00:00\" \/>\n<meta property=\"og:image\" content=\"https:\/\/ap-hotelsresorts.com\/wp-content\/uploads\/2022\/07\/motards-web.jpg\" \/>\n\t<meta property=\"og:image:width\" content=\"1530\" \/>\n\t<meta property=\"og:image:height\" content=\"1210\" \/>\n\t<meta property=\"og:image:type\" content=\"image\/jpeg\" \/>\n<meta name=\"twitter:card\" content=\"summary_large_image\" \/>\n<meta name=\"twitter:creator\" content=\"@ApHotels\" \/>\n<meta name=\"twitter:site\" content=\"@ApHotels\" \/>\n<meta name=\"twitter:label1\" content=\"Escrito por\" \/>\n\t<meta name=\"twitter:data1\" content=\"marketing ap\" \/>\n\t<meta name=\"twitter:label2\" content=\"Tiempo de lectura\" \/>\n\t<meta name=\"twitter:data2\" content=\"1 minuto\" \/>\n<script type=\"application\/ld+json\" class=\"yoast-schema-graph\">{\"@context\":\"https:\/\/schema.org\",\"@graph\":[{\"@type\":\"Organization\",\"@id\":\"https:\/\/ap-hotelsresorts.com\/#organization\",\"name\":\"AP HOTELS & RESORTS\",\"url\":\"https:\/\/ap-hotelsresorts.com\/\",\"sameAs\":[\"https:\/\/www.facebook.com\/aphotelsresorts\",\"https:\/\/www.instagram.com\/aphotelsresorts\/\",\"https:\/\/www.linkedin.com\/company\/ap-hotels-and-resorts\",\"https:\/\/www.youtube.com\/channel\/UCSmwGBz36kx2XALzeVAlKEg\",\"https:\/\/twitter.com\/ApHotels\"],\"logo\":{\"@type\":\"ImageObject\",\"@id\":\"https:\/\/ap-hotelsresorts.com\/#logo\",\"inLanguage\":\"es\",\"url\":\"https:\/\/ap-hotelsresorts.com\/wp-content\/uploads\/2021\/03\/logo-1.png\",\"contentUrl\":\"https:\/\/ap-hotelsresorts.com\/wp-content\/uploads\/2021\/03\/logo-1.png\",\"width\":\"3915\",\"height\":\"1388\",\"caption\":\"AP HOTELS & RESORTS\"},\"image\":{\"@id\":\"https:\/\/ap-hotelsresorts.com\/#logo\"}},{\"@type\":\"WebSite\",\"@id\":\"https:\/\/ap-hotelsresorts.com\/#website\",\"url\":\"https:\/\/ap-hotelsresorts.com\/\",\"name\":\"AP HOTELS &amp; RESORTS .\",\"description\":\"Albufeira . Faro . Portim\u00e3o . Tavira . Algarve\",\"publisher\":{\"@id\":\"https:\/\/ap-hotelsresorts.com\/#organization\"},\"potentialAction\":[{\"@type\":\"SearchAction\",\"target\":{\"@type\":\"EntryPoint\",\"urlTemplate\":\"https:\/\/ap-hotelsresorts.com\/?s={search_term_string}\"},\"query-input\":\"required name=search_term_string\"}],\"inLanguage\":\"es\"},{\"@type\":\"ImageObject\",\"@id\":\"https:\/\/ap-hotelsresorts.com\/es\/motorbike-rally-faro\/#primaryimage\",\"inLanguage\":\"es\",\"url\":\"https:\/\/ap-hotelsresorts.com\/wp-content\/uploads\/2022\/07\/motards-web.jpg\",\"contentUrl\":\"https:\/\/ap-hotelsresorts.com\/wp-content\/uploads\/2022\/07\/motards-web.jpg\",\"width\":1530,\"height\":1210,\"caption\":\"Motards AP Eva Senses\"},{\"@type\":\"WebPage\",\"@id\":\"https:\/\/ap-hotelsresorts.com\/es\/motorbike-rally-faro\/#webpage\",\"url\":\"https:\/\/ap-hotelsresorts.com\/es\/motorbike-rally-faro\/\",\"name\":\"AP EVA SENSES ACOGE LA ORGANIZACI\u00d3N DEL 40\u00ba RALLY DE MOTARD EN FARO - AP HOTELS &amp; RESORTS .\",\"isPartOf\":{\"@id\":\"https:\/\/ap-hotelsresorts.com\/#website\"},\"primaryImageOfPage\":{\"@id\":\"https:\/\/ap-hotelsresorts.com\/es\/motorbike-rally-faro\/#primaryimage\"},\"datePublished\":\"2022-07-22T15:26:18+00:00\",\"dateModified\":\"2022-07-22T15:30:50+00:00\",\"description\":\"La 40\u00aa Concentraci\u00f3n de Motos de Faro, organizada por el Moto Clube de la ciudad, fue un nuevo \u00e9xito, con m\u00e1s de 25 mil participantes, alcanzando el aforo m\u00e1ximo.Tras dos a\u00f1os de ausencia debido a la pandemia del Covid 19, los moteros volvieron con fuerza a Faro, para una nueva fiesta de 4 d\u00edas, en la que es la \u00fanica \\\"Concentraci\u00f3n Internacional de Motos\\\" celebrada en Portugal, con car\u00e1cter oficial desde 1991.La AP Eva Senses fue, como siempre, un lugar privilegiado para ver el desfile final, en la despedida de la ciudad de Faro.A los moteros que eligieron AP Eva Senses para alojarse se les ofreci\u00f3 el pin EN2, como forma de publicitar la conexi\u00f3n del hotel con la carretera m\u00e1s famosa de Portugal.La organizaci\u00f3n de la 40\u00aa Concentraci\u00f3n Motera de Faro est\u00e1 de enhorabuena.\",\"breadcrumb\":{\"@id\":\"https:\/\/ap-hotelsresorts.com\/es\/motorbike-rally-faro\/#breadcrumb\"},\"inLanguage\":\"es\",\"potentialAction\":[{\"@type\":\"ReadAction\",\"target\":[\"https:\/\/ap-hotelsresorts.com\/es\/motorbike-rally-faro\/\"]}]},{\"@type\":\"BreadcrumbList\",\"@id\":\"https:\/\/ap-hotelsresorts.com\/es\/motorbike-rally-faro\/#breadcrumb\",\"itemListElement\":[{\"@type\":\"ListItem\",\"position\":1,\"name\":\"Home\",\"item\":\"https:\/\/ap-hotelsresorts.com\/es\/\"},{\"@type\":\"ListItem\",\"position\":2,\"name\":\"AP EVA SENSES ACOGE LA ORGANIZACI\u00d3N DEL 40\u00ba RALLY DE MOTARD EN FARO\"}]},{\"@type\":\"Article\",\"@id\":\"https:\/\/ap-hotelsresorts.com\/es\/motorbike-rally-faro\/#article\",\"isPartOf\":{\"@id\":\"https:\/\/ap-hotelsresorts.com\/es\/motorbike-rally-faro\/#webpage\"},\"author\":{\"@id\":\"https:\/\/ap-hotelsresorts.com\/#\/schema\/person\/39ea63a33316ff09e0a075ae0a4bed49\"},\"headline\":\"AP EVA SENSES ACOGE LA ORGANIZACI\u00d3N DEL 40\u00ba RALLY DE MOTARD EN FARO\",\"datePublished\":\"2022-07-22T15:26:18+00:00\",\"dateModified\":\"2022-07-22T15:30:50+00:00\",\"mainEntityOfPage\":{\"@id\":\"https:\/\/ap-hotelsresorts.com\/es\/motorbike-rally-faro\/#webpage\"},\"wordCount\":157,\"publisher\":{\"@id\":\"https:\/\/ap-hotelsresorts.com\/#organization\"},\"image\":{\"@id\":\"https:\/\/ap-hotelsresorts.com\/es\/motorbike-rally-faro\/#primaryimage\"},\"thumbnailUrl\":\"https:\/\/ap-hotelsresorts.com\/wp-content\/uploads\/2022\/07\/motards-web.jpg\",\"articleSection\":[\"News (ES)\"],\"inLanguage\":\"es\"},{\"@type\":\"Person\",\"@id\":\"https:\/\/ap-hotelsresorts.com\/#\/schema\/person\/39ea63a33316ff09e0a075ae0a4bed49\",\"name\":\"marketing ap\",\"image\":{\"@type\":\"ImageObject\",\"@id\":\"https:\/\/ap-hotelsresorts.com\/#personlogo\",\"inLanguage\":\"es\",\"url\":\"https:\/\/secure.gravatar.com\/avatar\/80ea62fe6096f55fe36f17f2175dca2f?s=96&d=mm&r=g\",\"contentUrl\":\"https:\/\/secure.gravatar.com\/avatar\/80ea62fe6096f55fe36f17f2175dca2f?s=96&d=mm&r=g\",\"caption\":\"marketing ap\"}}]}<\/script>\n<!-- \/ Yoast SEO plugin. -->","yoast_head_json":{"title":"AP EVA SENSES ACOGE LA ORGANIZACI\u00d3N DEL 40\u00ba RALLY DE MOTARD EN FARO - AP HOTELS &amp; RESORTS .","description":"La 40\u00aa Concentraci\u00f3n de Motos de Faro, organizada por el Moto Clube de la ciudad, fue un nuevo \u00e9xito, con m\u00e1s de 25 mil participantes, alcanzando el aforo m\u00e1ximo.Tras dos a\u00f1os de ausencia debido a la pandemia del Covid 19, los moteros volvieron con fuerza a Faro, para una nueva fiesta de 4 d\u00edas, en la que es la \u00fanica \"Concentraci\u00f3n Internacional de Motos\" celebrada en Portugal, con car\u00e1cter oficial desde 1991.La AP Eva Senses fue, como siempre, un lugar privilegiado para ver el desfile final, en la despedida de la ciudad de Faro.A los moteros que eligieron AP Eva Senses para alojarse se les ofreci\u00f3 el pin EN2, como forma de publicitar la conexi\u00f3n del hotel con la carretera m\u00e1s famosa de Portugal.La organizaci\u00f3n de la 40\u00aa Concentraci\u00f3n Motera de Faro est\u00e1 de enhorabuena.","robots":{"index":"index","follow":"follow","max-snippet":"max-snippet:-1","max-image-preview":"max-image-preview:large","max-video-preview":"max-video-preview:-1"},"canonical":"https:\/\/ap-hotelsresorts.com\/es\/motorbike-rally-faro\/","og_locale":"es_ES","og_type":"article","og_title":"AP EVA SENSES ACOGE LA ORGANIZACI\u00d3N DEL 40\u00ba RALLY DE MOTARD EN FARO - AP HOTELS &amp; RESORTS .","og_description":"La 40\u00aa Concentraci\u00f3n de Motos de Faro, organizada por el Moto Clube de la ciudad, fue un nuevo \u00e9xito, con m\u00e1s de 25 mil participantes, alcanzando el aforo m\u00e1ximo.Tras dos a\u00f1os de ausencia debido a la pandemia del Covid 19, los moteros volvieron con fuerza a Faro, para una nueva fiesta de 4 d\u00edas, en la que es la \u00fanica \"Concentraci\u00f3n Internacional de Motos\" celebrada en Portugal, con car\u00e1cter oficial desde 1991.La AP Eva Senses fue, como siempre, un lugar privilegiado para ver el desfile final, en la despedida de la ciudad de Faro.A los moteros que eligieron AP Eva Senses para alojarse se les ofreci\u00f3 el pin EN2, como forma de publicitar la conexi\u00f3n del hotel con la carretera m\u00e1s famosa de Portugal.La organizaci\u00f3n de la 40\u00aa Concentraci\u00f3n Motera de Faro est\u00e1 de enhorabuena.","og_url":"https:\/\/ap-hotelsresorts.com\/es\/motorbike-rally-faro\/","og_site_name":"AP HOTELS &amp; RESORTS .","article_publisher":"https:\/\/www.facebook.com\/aphotelsresorts","article_published_time":"2022-07-22T15:26:18+00:00","article_modified_time":"2022-07-22T15:30:50+00:00","og_image":[{"width":1530,"height":1210,"url":"https:\/\/ap-hotelsresorts.com\/wp-content\/uploads\/2022\/07\/motards-web.jpg","type":"image\/jpeg"}],"twitter_card":"summary_large_image","twitter_creator":"@ApHotels","twitter_site":"@ApHotels","twitter_misc":{"Escrito por":"marketing ap","Tiempo de lectura":"1 minuto"},"schema":{"@context":"https:\/\/schema.org","@graph":[{"@type":"Organization","@id":"https:\/\/ap-hotelsresorts.com\/#organization","name":"AP HOTELS & RESORTS","url":"https:\/\/ap-hotelsresorts.com\/","sameAs":["https:\/\/www.facebook.com\/aphotelsresorts","https:\/\/www.instagram.com\/aphotelsresorts\/","https:\/\/www.linkedin.com\/company\/ap-hotels-and-resorts","https:\/\/www.youtube.com\/channel\/UCSmwGBz36kx2XALzeVAlKEg","https:\/\/twitter.com\/ApHotels"],"logo":{"@type":"ImageObject","@id":"https:\/\/ap-hotelsresorts.com\/#logo","inLanguage":"es","url":"https:\/\/ap-hotelsresorts.com\/wp-content\/uploads\/2021\/03\/logo-1.png","contentUrl":"https:\/\/ap-hotelsresorts.com\/wp-content\/uploads\/2021\/03\/logo-1.png","width":"3915","height":"1388","caption":"AP HOTELS & RESORTS"},"image":{"@id":"https:\/\/ap-hotelsresorts.com\/#logo"}},{"@type":"WebSite","@id":"https:\/\/ap-hotelsresorts.com\/#website","url":"https:\/\/ap-hotelsresorts.com\/","name":"AP HOTELS &amp; RESORTS .","description":"Albufeira . Faro . Portim\u00e3o . Tavira . Algarve","publisher":{"@id":"https:\/\/ap-hotelsresorts.com\/#organization"},"potentialAction":[{"@type":"SearchAction","target":{"@type":"EntryPoint","urlTemplate":"https:\/\/ap-hotelsresorts.com\/?s={search_term_string}"},"query-input":"required name=search_term_string"}],"inLanguage":"es"},{"@type":"ImageObject","@id":"https:\/\/ap-hotelsresorts.com\/es\/motorbike-rally-faro\/#primaryimage","inLanguage":"es","url":"https:\/\/ap-hotelsresorts.com\/wp-content\/uploads\/2022\/07\/motards-web.jpg","contentUrl":"https:\/\/ap-hotelsresorts.com\/wp-content\/uploads\/2022\/07\/motards-web.jpg","width":1530,"height":1210,"caption":"Motards AP Eva Senses"},{"@type":"WebPage","@id":"https:\/\/ap-hotelsresorts.com\/es\/motorbike-rally-faro\/#webpage","url":"https:\/\/ap-hotelsresorts.com\/es\/motorbike-rally-faro\/","name":"AP EVA SENSES ACOGE LA ORGANIZACI\u00d3N DEL 40\u00ba RALLY DE MOTARD EN FARO - AP HOTELS &amp; RESORTS .","isPartOf":{"@id":"https:\/\/ap-hotelsresorts.com\/#website"},"primaryImageOfPage":{"@id":"https:\/\/ap-hotelsresorts.com\/es\/motorbike-rally-faro\/#primaryimage"},"datePublished":"2022-07-22T15:26:18+00:00","dateModified":"2022-07-22T15:30:50+00:00","description":"La 40\u00aa Concentraci\u00f3n de Motos de Faro, organizada por el Moto Clube de la ciudad, fue un nuevo \u00e9xito, con m\u00e1s de 25 mil participantes, alcanzando el aforo m\u00e1ximo.Tras dos a\u00f1os de ausencia debido a la pandemia del Covid 19, los moteros volvieron con fuerza a Faro, para una nueva fiesta de 4 d\u00edas, en la que es la \u00fanica \"Concentraci\u00f3n Internacional de Motos\" celebrada en Portugal, con car\u00e1cter oficial desde 1991.La AP Eva Senses fue, como siempre, un lugar privilegiado para ver el desfile final, en la despedida de la ciudad de Faro.A los moteros que eligieron AP Eva Senses para alojarse se les ofreci\u00f3 el pin EN2, como forma de publicitar la conexi\u00f3n del hotel con la carretera m\u00e1s famosa de Portugal.La organizaci\u00f3n de la 40\u00aa Concentraci\u00f3n Motera de Faro est\u00e1 de enhorabuena.","breadcrumb":{"@id":"https:\/\/ap-hotelsresorts.com\/es\/motorbike-rally-faro\/#breadcrumb"},"inLanguage":"es","potentialAction":[{"@type":"ReadAction","target":["https:\/\/ap-hotelsresorts.com\/es\/motorbike-rally-faro\/"]}]},{"@type":"BreadcrumbList","@id":"https:\/\/ap-hotelsresorts.com\/es\/motorbike-rally-faro\/#breadcrumb","itemListElement":[{"@type":"ListItem","position":1,"name":"Home","item":"https:\/\/ap-hotelsresorts.com\/es\/"},{"@type":"ListItem","position":2,"name":"AP EVA SENSES ACOGE LA ORGANIZACI\u00d3N DEL 40\u00ba RALLY DE MOTARD EN FARO"}]},{"@type":"Article","@id":"https:\/\/ap-hotelsresorts.com\/es\/motorbike-rally-faro\/#article","isPartOf":{"@id":"https:\/\/ap-hotelsresorts.com\/es\/motorbike-rally-faro\/#webpage"},"author":{"@id":"https:\/\/ap-hotelsresorts.com\/#\/schema\/person\/39ea63a33316ff09e0a075ae0a4bed49"},"headline":"AP EVA SENSES ACOGE LA ORGANIZACI\u00d3N DEL 40\u00ba RALLY DE MOTARD EN FARO","datePublished":"2022-07-22T15:26:18+00:00","dateModified":"2022-07-22T15:30:50+00:00","mainEntityOfPage":{"@id":"https:\/\/ap-hotelsresorts.com\/es\/motorbike-rally-faro\/#webpage"},"wordCount":157,"publisher":{"@id":"https:\/\/ap-hotelsresorts.com\/#organization"},"image":{"@id":"https:\/\/ap-hotelsresorts.com\/es\/motorbike-rally-faro\/#primaryimage"},"thumbnailUrl":"https:\/\/ap-hotelsresorts.com\/wp-content\/uploads\/2022\/07\/motards-web.jpg","articleSection":["News (ES)"],"inLanguage":"es"},{"@type":"Person","@id":"https:\/\/ap-hotelsresorts.com\/#\/schema\/person\/39ea63a33316ff09e0a075ae0a4bed49","name":"marketing ap","image":{"@type":"ImageObject","@id":"https:\/\/ap-hotelsresorts.com\/#personlogo","inLanguage":"es","url":"https:\/\/secure.gravatar.com\/avatar\/80ea62fe6096f55fe36f17f2175dca2f?s=96&d=mm&r=g","contentUrl":"https:\/\/secure.gravatar.com\/avatar\/80ea62fe6096f55fe36f17f2175dca2f?s=96&d=mm&r=g","caption":"marketing ap"}}]}},"_links":{"self":[{"href":"https:\/\/ap-hotelsresorts.com\/es\/wp-json\/wp\/v2\/posts\/33618"}],"collection":[{"href":"https:\/\/ap-hotelsresorts.com\/es\/wp-json\/wp\/v2\/posts"}],"about":[{"href":"https:\/\/ap-hotelsresorts.com\/es\/wp-json\/wp\/v2\/types\/post"}],"author":[{"embeddable":true,"href":"https:\/\/ap-hotelsresorts.com\/es\/wp-json\/wp\/v2\/users\/11"}],"replies":[{"embeddable":true,"href":"https:\/\/ap-hotelsresorts.com\/es\/wp-json\/wp\/v2\/comments?post=33618"}],"version-history":[{"count":0,"href":"https:\/\/ap-hotelsresorts.com\/es\/wp-json\/wp\/v2\/posts\/33618\/revisions"}],"wp:featuredmedia":[{"embeddable":true,"href":"https:\/\/ap-hotelsresorts.com\/es\/wp-json\/wp\/v2\/media\/33614"}],"wp:attachment":[{"href":"https:\/\/ap-hotelsresorts.com\/es\/wp-json\/wp\/v2\/media?parent=33618"}],"wp:term":[{"taxonomy":"category","embeddable":true,"href":"https:\/\/ap-hotelsresorts.com\/es\/wp-json\/wp\/v2\/categories?post=33618"},{"taxonomy":"post_tag","embeddable":true,"href":"https:\/\/ap-hotelsresorts.com\/es\/wp-json\/wp\/v2\/tags?post=33618"}],"curies":[{"name":"wp","href":"https:\/\/api.w.org\/{rel}","templated":true}]}}