{"id":40959,"date":"2023-04-24T12:52:01","date_gmt":"2023-04-24T12:52:01","guid":{"rendered":"https:\/\/ap-hotelsresorts.com\/?p=40959"},"modified":"2023-06-07T12:54:08","modified_gmt":"2023-06-07T12:54:08","slug":"las-500-millas-acp-2023-partieron-de-faro-con-rumbo-a-chaves","status":"publish","type":"post","link":"https:\/\/ap-hotelsresorts.com\/es\/las-500-millas-acp-2023-partieron-de-faro-con-rumbo-a-chaves\/","title":{"rendered":"Las 500 Millas ACP 2023 partieron de Faro con rumbo a Chaves"},"content":{"rendered":"<p>La caravana de cl\u00e1sicos de los a\u00f1os 50, 60 y 70, para una nueva edici\u00f3n de las 500 Millas ACP, regres\u00f3 a la carretera en las primeras horas del 22 de abril, partiendo de Faro y siguiendo por la EN2 hasta Chaves.<\/p>\n<p>&nbsp;<\/p>\n<p>La caravana se concentr\u00f3 en la tarde del 21 junto al AP Eva Senses, el hotel \u00edntimamente ligado a la EN2 y un verdadero punto de encuentro en la ciudad de Faro.<\/p>\n<p>&nbsp;<\/p>\n<p>La prueba tiene una distancia de 740 kil\u00f3metros y una duraci\u00f3n de 16 horas, siendo adem\u00e1s de una competici\u00f3n, un \u00abviaje al encuentro de la historia y la cultura\u00bb, seg\u00fan lo define la organizaci\u00f3n. El AP Eva Senses, adem\u00e1s de ser el punto de concentraci\u00f3n de los autom\u00f3viles, acogi\u00f3 a muchos de los participantes que eligieron, de esta forma, la comodidad y el buen gusto antes de la relativa dureza de la prueba.<\/p>\n","protected":false},"excerpt":{"rendered":"<p>La caravana de cl\u00e1sicos de los a\u00f1os 50, 60 y 70, para una nueva edici\u00f3n de las 500 Millas ACP, regres\u00f3 a la carretera en las primeras horas del 22 de abril, partiendo de Faro y siguiendo por la EN2 [&hellip;]<\/p>\n","protected":false},"author":11,"featured_media":29815,"comment_status":"closed","ping_status":"closed","sticky":false,"template":"","format":"standard","meta":[],"categories":[465],"tags":[],"yoast_head":"<!-- This site is optimized with the Yoast SEO plugin v18.1 - https:\/\/yoast.com\/wordpress\/plugins\/seo\/ -->\n<title>Las 500 Millas ACP 2023 partieron de Faro con rumbo a Chaves - AP HOTELS &amp; RESORTS .<\/title>\n<meta name=\"robots\" content=\"index, follow, max-snippet:-1, max-image-preview:large, max-video-preview:-1\" \/>\n<link rel=\"canonical\" href=\"https:\/\/ap-hotelsresorts.com\/es\/las-500-millas-acp-2023-partieron-de-faro-con-rumbo-a-chaves\/\" \/>\n<meta property=\"og:locale\" content=\"es_ES\" \/>\n<meta property=\"og:type\" content=\"article\" \/>\n<meta property=\"og:title\" content=\"Las 500 Millas ACP 2023 partieron de Faro con rumbo a Chaves - AP HOTELS &amp; RESORTS .\" \/>\n<meta property=\"og:description\" content=\"La caravana de cl\u00e1sicos de los a\u00f1os 50, 60 y 70, para una nueva edici\u00f3n de las 500 Millas ACP, regres\u00f3 a la carretera en las primeras horas del 22 de abril, partiendo de Faro y siguiendo por la EN2 [&hellip;]\" \/>\n<meta property=\"og:url\" content=\"https:\/\/ap-hotelsresorts.com\/es\/las-500-millas-acp-2023-partieron-de-faro-con-rumbo-a-chaves\/\" \/>\n<meta property=\"og:site_name\" content=\"AP HOTELS &amp; RESORTS .\" \/>\n<meta property=\"article:publisher\" content=\"https:\/\/www.facebook.com\/aphotelsresorts\" \/>\n<meta property=\"article:published_time\" content=\"2023-04-24T12:52:01+00:00\" \/>\n<meta property=\"article:modified_time\" content=\"2023-06-07T12:54:08+00:00\" \/>\n<meta property=\"og:image\" content=\"https:\/\/ap-hotelsresorts.com\/wp-content\/uploads\/2021\/12\/slide-eva-03.jpg\" \/>\n\t<meta property=\"og:image:width\" content=\"1772\" \/>\n\t<meta property=\"og:image:height\" content=\"915\" \/>\n\t<meta property=\"og:image:type\" content=\"image\/jpeg\" \/>\n<meta name=\"twitter:card\" content=\"summary_large_image\" \/>\n<meta name=\"twitter:creator\" content=\"@ApHotels\" \/>\n<meta name=\"twitter:site\" content=\"@ApHotels\" \/>\n<meta name=\"twitter:label1\" content=\"Escrito por\" \/>\n\t<meta name=\"twitter:data1\" content=\"marketing ap\" \/>\n\t<meta name=\"twitter:label2\" content=\"Tiempo de lectura\" \/>\n\t<meta name=\"twitter:data2\" content=\"1 minuto\" \/>\n<script type=\"application\/ld+json\" class=\"yoast-schema-graph\">{\"@context\":\"https:\/\/schema.org\",\"@graph\":[{\"@type\":\"Organization\",\"@id\":\"https:\/\/ap-hotelsresorts.com\/#organization\",\"name\":\"AP HOTELS & RESORTS\",\"url\":\"https:\/\/ap-hotelsresorts.com\/\",\"sameAs\":[\"https:\/\/www.facebook.com\/aphotelsresorts\",\"https:\/\/www.instagram.com\/aphotelsresorts\/\",\"https:\/\/www.linkedin.com\/company\/ap-hotels-and-resorts\",\"https:\/\/www.youtube.com\/channel\/UCSmwGBz36kx2XALzeVAlKEg\",\"https:\/\/twitter.com\/ApHotels\"],\"logo\":{\"@type\":\"ImageObject\",\"@id\":\"https:\/\/ap-hotelsresorts.com\/#logo\",\"inLanguage\":\"es\",\"url\":\"https:\/\/ap-hotelsresorts.com\/wp-content\/uploads\/2021\/03\/logo-1.png\",\"contentUrl\":\"https:\/\/ap-hotelsresorts.com\/wp-content\/uploads\/2021\/03\/logo-1.png\",\"width\":\"3915\",\"height\":\"1388\",\"caption\":\"AP HOTELS & RESORTS\"},\"image\":{\"@id\":\"https:\/\/ap-hotelsresorts.com\/#logo\"}},{\"@type\":\"WebSite\",\"@id\":\"https:\/\/ap-hotelsresorts.com\/#website\",\"url\":\"https:\/\/ap-hotelsresorts.com\/\",\"name\":\"AP HOTELS &amp; RESORTS .\",\"description\":\"Albufeira . Faro . Portim\u00e3o . Tavira . Algarve\",\"publisher\":{\"@id\":\"https:\/\/ap-hotelsresorts.com\/#organization\"},\"potentialAction\":[{\"@type\":\"SearchAction\",\"target\":{\"@type\":\"EntryPoint\",\"urlTemplate\":\"https:\/\/ap-hotelsresorts.com\/?s={search_term_string}\"},\"query-input\":\"required name=search_term_string\"}],\"inLanguage\":\"es\"},{\"@type\":\"ImageObject\",\"@id\":\"https:\/\/ap-hotelsresorts.com\/es\/las-500-millas-acp-2023-partieron-de-faro-con-rumbo-a-chaves\/#primaryimage\",\"inLanguage\":\"es\",\"url\":\"https:\/\/ap-hotelsresorts.com\/wp-content\/uploads\/2021\/12\/slide-eva-03.jpg\",\"contentUrl\":\"https:\/\/ap-hotelsresorts.com\/wp-content\/uploads\/2021\/12\/slide-eva-03.jpg\",\"width\":1772,\"height\":915,\"caption\":\"AP Eva Senses Hotel Christmas\"},{\"@type\":\"WebPage\",\"@id\":\"https:\/\/ap-hotelsresorts.com\/es\/las-500-millas-acp-2023-partieron-de-faro-con-rumbo-a-chaves\/#webpage\",\"url\":\"https:\/\/ap-hotelsresorts.com\/es\/las-500-millas-acp-2023-partieron-de-faro-con-rumbo-a-chaves\/\",\"name\":\"Las 500 Millas ACP 2023 partieron de Faro con rumbo a Chaves - AP HOTELS &amp; RESORTS .\",\"isPartOf\":{\"@id\":\"https:\/\/ap-hotelsresorts.com\/#website\"},\"primaryImageOfPage\":{\"@id\":\"https:\/\/ap-hotelsresorts.com\/es\/las-500-millas-acp-2023-partieron-de-faro-con-rumbo-a-chaves\/#primaryimage\"},\"datePublished\":\"2023-04-24T12:52:01+00:00\",\"dateModified\":\"2023-06-07T12:54:08+00:00\",\"breadcrumb\":{\"@id\":\"https:\/\/ap-hotelsresorts.com\/es\/las-500-millas-acp-2023-partieron-de-faro-con-rumbo-a-chaves\/#breadcrumb\"},\"inLanguage\":\"es\",\"potentialAction\":[{\"@type\":\"ReadAction\",\"target\":[\"https:\/\/ap-hotelsresorts.com\/es\/las-500-millas-acp-2023-partieron-de-faro-con-rumbo-a-chaves\/\"]}]},{\"@type\":\"BreadcrumbList\",\"@id\":\"https:\/\/ap-hotelsresorts.com\/es\/las-500-millas-acp-2023-partieron-de-faro-con-rumbo-a-chaves\/#breadcrumb\",\"itemListElement\":[{\"@type\":\"ListItem\",\"position\":1,\"name\":\"Home\",\"item\":\"https:\/\/ap-hotelsresorts.com\/es\/\"},{\"@type\":\"ListItem\",\"position\":2,\"name\":\"Las 500 Millas ACP 2023 partieron de Faro con rumbo a Chaves\"}]},{\"@type\":\"Article\",\"@id\":\"https:\/\/ap-hotelsresorts.com\/es\/las-500-millas-acp-2023-partieron-de-faro-con-rumbo-a-chaves\/#article\",\"isPartOf\":{\"@id\":\"https:\/\/ap-hotelsresorts.com\/es\/las-500-millas-acp-2023-partieron-de-faro-con-rumbo-a-chaves\/#webpage\"},\"author\":{\"@id\":\"https:\/\/ap-hotelsresorts.com\/#\/schema\/person\/39ea63a33316ff09e0a075ae0a4bed49\"},\"headline\":\"Las 500 Millas ACP 2023 partieron de Faro con rumbo a Chaves\",\"datePublished\":\"2023-04-24T12:52:01+00:00\",\"dateModified\":\"2023-06-07T12:54:08+00:00\",\"mainEntityOfPage\":{\"@id\":\"https:\/\/ap-hotelsresorts.com\/es\/las-500-millas-acp-2023-partieron-de-faro-con-rumbo-a-chaves\/#webpage\"},\"wordCount\":163,\"publisher\":{\"@id\":\"https:\/\/ap-hotelsresorts.com\/#organization\"},\"image\":{\"@id\":\"https:\/\/ap-hotelsresorts.com\/es\/las-500-millas-acp-2023-partieron-de-faro-con-rumbo-a-chaves\/#primaryimage\"},\"thumbnailUrl\":\"https:\/\/ap-hotelsresorts.com\/wp-content\/uploads\/2021\/12\/slide-eva-03.jpg\",\"articleSection\":[\"News (ES)\"],\"inLanguage\":\"es\"},{\"@type\":\"Person\",\"@id\":\"https:\/\/ap-hotelsresorts.com\/#\/schema\/person\/39ea63a33316ff09e0a075ae0a4bed49\",\"name\":\"marketing ap\",\"image\":{\"@type\":\"ImageObject\",\"@id\":\"https:\/\/ap-hotelsresorts.com\/#personlogo\",\"inLanguage\":\"es\",\"url\":\"https:\/\/secure.gravatar.com\/avatar\/80ea62fe6096f55fe36f17f2175dca2f?s=96&d=mm&r=g\",\"contentUrl\":\"https:\/\/secure.gravatar.com\/avatar\/80ea62fe6096f55fe36f17f2175dca2f?s=96&d=mm&r=g\",\"caption\":\"marketing ap\"}}]}<\/script>\n<!-- \/ Yoast SEO plugin. -->","yoast_head_json":{"title":"Las 500 Millas ACP 2023 partieron de Faro con rumbo a Chaves - AP HOTELS &amp; RESORTS .","robots":{"index":"index","follow":"follow","max-snippet":"max-snippet:-1","max-image-preview":"max-image-preview:large","max-video-preview":"max-video-preview:-1"},"canonical":"https:\/\/ap-hotelsresorts.com\/es\/las-500-millas-acp-2023-partieron-de-faro-con-rumbo-a-chaves\/","og_locale":"es_ES","og_type":"article","og_title":"Las 500 Millas ACP 2023 partieron de Faro con rumbo a Chaves - AP HOTELS &amp; RESORTS .","og_description":"La caravana de cl\u00e1sicos de los a\u00f1os 50, 60 y 70, para una nueva edici\u00f3n de las 500 Millas ACP, regres\u00f3 a la carretera en las primeras horas del 22 de abril, partiendo de Faro y siguiendo por la EN2 [&hellip;]","og_url":"https:\/\/ap-hotelsresorts.com\/es\/las-500-millas-acp-2023-partieron-de-faro-con-rumbo-a-chaves\/","og_site_name":"AP HOTELS &amp; RESORTS .","article_publisher":"https:\/\/www.facebook.com\/aphotelsresorts","article_published_time":"2023-04-24T12:52:01+00:00","article_modified_time":"2023-06-07T12:54:08+00:00","og_image":[{"width":1772,"height":915,"url":"https:\/\/ap-hotelsresorts.com\/wp-content\/uploads\/2021\/12\/slide-eva-03.jpg","type":"image\/jpeg"}],"twitter_card":"summary_large_image","twitter_creator":"@ApHotels","twitter_site":"@ApHotels","twitter_misc":{"Escrito por":"marketing ap","Tiempo de lectura":"1 minuto"},"schema":{"@context":"https:\/\/schema.org","@graph":[{"@type":"Organization","@id":"https:\/\/ap-hotelsresorts.com\/#organization","name":"AP HOTELS & RESORTS","url":"https:\/\/ap-hotelsresorts.com\/","sameAs":["https:\/\/www.facebook.com\/aphotelsresorts","https:\/\/www.instagram.com\/aphotelsresorts\/","https:\/\/www.linkedin.com\/company\/ap-hotels-and-resorts","https:\/\/www.youtube.com\/channel\/UCSmwGBz36kx2XALzeVAlKEg","https:\/\/twitter.com\/ApHotels"],"logo":{"@type":"ImageObject","@id":"https:\/\/ap-hotelsresorts.com\/#logo","inLanguage":"es","url":"https:\/\/ap-hotelsresorts.com\/wp-content\/uploads\/2021\/03\/logo-1.png","contentUrl":"https:\/\/ap-hotelsresorts.com\/wp-content\/uploads\/2021\/03\/logo-1.png","width":"3915","height":"1388","caption":"AP HOTELS & RESORTS"},"image":{"@id":"https:\/\/ap-hotelsresorts.com\/#logo"}},{"@type":"WebSite","@id":"https:\/\/ap-hotelsresorts.com\/#website","url":"https:\/\/ap-hotelsresorts.com\/","name":"AP HOTELS &amp; RESORTS .","description":"Albufeira . Faro . Portim\u00e3o . Tavira . Algarve","publisher":{"@id":"https:\/\/ap-hotelsresorts.com\/#organization"},"potentialAction":[{"@type":"SearchAction","target":{"@type":"EntryPoint","urlTemplate":"https:\/\/ap-hotelsresorts.com\/?s={search_term_string}"},"query-input":"required name=search_term_string"}],"inLanguage":"es"},{"@type":"ImageObject","@id":"https:\/\/ap-hotelsresorts.com\/es\/las-500-millas-acp-2023-partieron-de-faro-con-rumbo-a-chaves\/#primaryimage","inLanguage":"es","url":"https:\/\/ap-hotelsresorts.com\/wp-content\/uploads\/2021\/12\/slide-eva-03.jpg","contentUrl":"https:\/\/ap-hotelsresorts.com\/wp-content\/uploads\/2021\/12\/slide-eva-03.jpg","width":1772,"height":915,"caption":"AP Eva Senses Hotel Christmas"},{"@type":"WebPage","@id":"https:\/\/ap-hotelsresorts.com\/es\/las-500-millas-acp-2023-partieron-de-faro-con-rumbo-a-chaves\/#webpage","url":"https:\/\/ap-hotelsresorts.com\/es\/las-500-millas-acp-2023-partieron-de-faro-con-rumbo-a-chaves\/","name":"Las 500 Millas ACP 2023 partieron de Faro con rumbo a Chaves - AP HOTELS &amp; RESORTS .","isPartOf":{"@id":"https:\/\/ap-hotelsresorts.com\/#website"},"primaryImageOfPage":{"@id":"https:\/\/ap-hotelsresorts.com\/es\/las-500-millas-acp-2023-partieron-de-faro-con-rumbo-a-chaves\/#primaryimage"},"datePublished":"2023-04-24T12:52:01+00:00","dateModified":"2023-06-07T12:54:08+00:00","breadcrumb":{"@id":"https:\/\/ap-hotelsresorts.com\/es\/las-500-millas-acp-2023-partieron-de-faro-con-rumbo-a-chaves\/#breadcrumb"},"inLanguage":"es","potentialAction":[{"@type":"ReadAction","target":["https:\/\/ap-hotelsresorts.com\/es\/las-500-millas-acp-2023-partieron-de-faro-con-rumbo-a-chaves\/"]}]},{"@type":"BreadcrumbList","@id":"https:\/\/ap-hotelsresorts.com\/es\/las-500-millas-acp-2023-partieron-de-faro-con-rumbo-a-chaves\/#breadcrumb","itemListElement":[{"@type":"ListItem","position":1,"name":"Home","item":"https:\/\/ap-hotelsresorts.com\/es\/"},{"@type":"ListItem","position":2,"name":"Las 500 Millas ACP 2023 partieron de Faro con rumbo a Chaves"}]},{"@type":"Article","@id":"https:\/\/ap-hotelsresorts.com\/es\/las-500-millas-acp-2023-partieron-de-faro-con-rumbo-a-chaves\/#article","isPartOf":{"@id":"https:\/\/ap-hotelsresorts.com\/es\/las-500-millas-acp-2023-partieron-de-faro-con-rumbo-a-chaves\/#webpage"},"author":{"@id":"https:\/\/ap-hotelsresorts.com\/#\/schema\/person\/39ea63a33316ff09e0a075ae0a4bed49"},"headline":"Las 500 Millas ACP 2023 partieron de Faro con rumbo a Chaves","datePublished":"2023-04-24T12:52:01+00:00","dateModified":"2023-06-07T12:54:08+00:00","mainEntityOfPage":{"@id":"https:\/\/ap-hotelsresorts.com\/es\/las-500-millas-acp-2023-partieron-de-faro-con-rumbo-a-chaves\/#webpage"},"wordCount":163,"publisher":{"@id":"https:\/\/ap-hotelsresorts.com\/#organization"},"image":{"@id":"https:\/\/ap-hotelsresorts.com\/es\/las-500-millas-acp-2023-partieron-de-faro-con-rumbo-a-chaves\/#primaryimage"},"thumbnailUrl":"https:\/\/ap-hotelsresorts.com\/wp-content\/uploads\/2021\/12\/slide-eva-03.jpg","articleSection":["News (ES)"],"inLanguage":"es"},{"@type":"Person","@id":"https:\/\/ap-hotelsresorts.com\/#\/schema\/person\/39ea63a33316ff09e0a075ae0a4bed49","name":"marketing ap","image":{"@type":"ImageObject","@id":"https:\/\/ap-hotelsresorts.com\/#personlogo","inLanguage":"es","url":"https:\/\/secure.gravatar.com\/avatar\/80ea62fe6096f55fe36f17f2175dca2f?s=96&d=mm&r=g","contentUrl":"https:\/\/secure.gravatar.com\/avatar\/80ea62fe6096f55fe36f17f2175dca2f?s=96&d=mm&r=g","caption":"marketing ap"}}]}},"_links":{"self":[{"href":"https:\/\/ap-hotelsresorts.com\/es\/wp-json\/wp\/v2\/posts\/40959"}],"collection":[{"href":"https:\/\/ap-hotelsresorts.com\/es\/wp-json\/wp\/v2\/posts"}],"about":[{"href":"https:\/\/ap-hotelsresorts.com\/es\/wp-json\/wp\/v2\/types\/post"}],"author":[{"embeddable":true,"href":"https:\/\/ap-hotelsresorts.com\/es\/wp-json\/wp\/v2\/users\/11"}],"replies":[{"embeddable":true,"href":"https:\/\/ap-hotelsresorts.com\/es\/wp-json\/wp\/v2\/comments?post=40959"}],"version-history":[{"count":0,"href":"https:\/\/ap-hotelsresorts.com\/es\/wp-json\/wp\/v2\/posts\/40959\/revisions"}],"wp:featuredmedia":[{"embeddable":true,"href":"https:\/\/ap-hotelsresorts.com\/es\/wp-json\/wp\/v2\/media\/29815"}],"wp:attachment":[{"href":"https:\/\/ap-hotelsresorts.com\/es\/wp-json\/wp\/v2\/media?parent=40959"}],"wp:term":[{"taxonomy":"category","embeddable":true,"href":"https:\/\/ap-hotelsresorts.com\/es\/wp-json\/wp\/v2\/categories?post=40959"},{"taxonomy":"post_tag","embeddable":true,"href":"https:\/\/ap-hotelsresorts.com\/es\/wp-json\/wp\/v2\/tags?post=40959"}],"curies":[{"name":"wp","href":"https:\/\/api.w.org\/{rel}","templated":true}]}}