{"id":44358,"date":"2023-09-19T08:29:02","date_gmt":"2023-09-19T08:29:02","guid":{"rendered":"https:\/\/ap-hotelsresorts.com\/?p=44358"},"modified":"2023-09-19T08:29:02","modified_gmt":"2023-09-19T08:29:02","slug":"ap-eva-senses-acoge-la-presentacion-de-la-nueva-temporada-de-la-orquesta-del-algarve-2","status":"publish","type":"post","link":"https:\/\/ap-hotelsresorts.com\/es\/ap-eva-senses-acoge-la-presentacion-de-la-nueva-temporada-de-la-orquesta-del-algarve-2\/","title":{"rendered":"AP EVA SENSES ACOGE LA PRESENTACI\u00d3N DE LA NUEVA TEMPORADA DE LA ORQUESTA DEL ALGARVE"},"content":{"rendered":"<p>Por primera vez en sus 21 a\u00f1os de existencia, la Orquesta del Algarve present\u00f3 el programa completo de su temporada en un evento celebrado el 13 de septiembre en la azotea del AP Eva Senses.<\/p>\n<p>&nbsp;<\/p>\n<p>El director de la orquesta, Martim Sousa Tavares, y el presidente de la junta de la Asociaci\u00f3n Musical del Algarve (AMA), Ant\u00f3nio Branco, estuvieron presentes en el evento, que tambi\u00e9n cont\u00f3 con varios m\u00fasicos de la orquesta que \u00abengalanaron los discursos con peque\u00f1os fragmentos musicales de lo que ser\u00e1 posible escuchar en los conciertos de estos pr\u00f3ximos meses (septiembre de 2023 a julio de 2024).\u00bb<\/p>\n<p>&nbsp;<\/p>\n<p>Adem\u00e1s de varios medios de comunicaci\u00f3n, muchos colaboradores de la AMA, asistentes habituales a los conciertos de la orquesta, directores invitados y representantes de varias entidades del Algarve tambi\u00e9n quisieron conocer de primera mano las novedades.<\/p>\n<p>&nbsp;<\/p>\n<p>El director Martim Sousa Tavares afirm\u00f3 en esa ocasi\u00f3n que \u00abeste esfuerzo representa una evoluci\u00f3n significativa en la vida de nuestra Orquesta, ya que nos permite mirar hacia el futuro y comprometernos con la excelencia al tiempo que brinda la posibilidad a nuestro p\u00fablico de conocer detallada y anticipadamente la oferta que traemos en cada momento.\u00bb<\/p>\n<p>&nbsp;<\/p>\n<p>AP Eva Senses mantiene una larga asociaci\u00f3n con la Orquesta del Algarve.<\/p>\n","protected":false},"excerpt":{"rendered":"<p>Por primera vez en sus 21 a\u00f1os de existencia, la Orquesta del Algarve present\u00f3 el programa completo de su temporada en un evento celebrado el 13 de septiembre en la azotea del AP Eva Senses. &nbsp; El director de la [&hellip;]<\/p>\n","protected":false},"author":11,"featured_media":36590,"comment_status":"closed","ping_status":"closed","sticky":false,"template":"","format":"standard","meta":[],"categories":[465],"tags":[],"yoast_head":"<!-- This site is optimized with the Yoast SEO plugin v18.1 - https:\/\/yoast.com\/wordpress\/plugins\/seo\/ -->\n<title>AP EVA SENSES ACOGE LA PRESENTACI\u00d3N DE LA NUEVA TEMPORADA DE LA ORQUESTA DEL ALGARVE - AP HOTELS &amp; RESORTS .<\/title>\n<meta name=\"robots\" content=\"index, follow, max-snippet:-1, max-image-preview:large, max-video-preview:-1\" \/>\n<link rel=\"canonical\" href=\"https:\/\/ap-hotelsresorts.com\/es\/ap-eva-senses-acoge-la-presentacion-de-la-nueva-temporada-de-la-orquesta-del-algarve-2\/\" \/>\n<meta property=\"og:locale\" content=\"es_ES\" \/>\n<meta property=\"og:type\" content=\"article\" \/>\n<meta property=\"og:title\" content=\"AP EVA SENSES ACOGE LA PRESENTACI\u00d3N DE LA NUEVA TEMPORADA DE LA ORQUESTA DEL ALGARVE - AP HOTELS &amp; RESORTS .\" \/>\n<meta property=\"og:description\" content=\"Por primera vez en sus 21 a\u00f1os de existencia, la Orquesta del Algarve present\u00f3 el programa completo de su temporada en un evento celebrado el 13 de septiembre en la azotea del AP Eva Senses. &nbsp; El director de la [&hellip;]\" \/>\n<meta property=\"og:url\" content=\"https:\/\/ap-hotelsresorts.com\/es\/ap-eva-senses-acoge-la-presentacion-de-la-nueva-temporada-de-la-orquesta-del-algarve-2\/\" \/>\n<meta property=\"og:site_name\" content=\"AP HOTELS &amp; RESORTS .\" \/>\n<meta property=\"article:publisher\" content=\"https:\/\/www.facebook.com\/aphotelsresorts\" \/>\n<meta property=\"article:published_time\" content=\"2023-09-19T08:29:02+00:00\" \/>\n<meta property=\"og:image\" content=\"https:\/\/ap-hotelsresorts.com\/wp-content\/uploads\/2023\/02\/Martim-Sousa-Tavares.jpeg\" \/>\n\t<meta property=\"og:image:width\" content=\"1068\" \/>\n\t<meta property=\"og:image:height\" content=\"601\" \/>\n\t<meta property=\"og:image:type\" content=\"image\/jpeg\" \/>\n<meta name=\"twitter:card\" content=\"summary_large_image\" \/>\n<meta name=\"twitter:creator\" content=\"@ApHotels\" \/>\n<meta name=\"twitter:site\" content=\"@ApHotels\" \/>\n<meta name=\"twitter:label1\" content=\"Escrito por\" \/>\n\t<meta name=\"twitter:data1\" content=\"marketing ap\" \/>\n\t<meta name=\"twitter:label2\" content=\"Tiempo de lectura\" \/>\n\t<meta name=\"twitter:data2\" content=\"1 minuto\" \/>\n<script type=\"application\/ld+json\" class=\"yoast-schema-graph\">{\"@context\":\"https:\/\/schema.org\",\"@graph\":[{\"@type\":\"Organization\",\"@id\":\"https:\/\/ap-hotelsresorts.com\/#organization\",\"name\":\"AP HOTELS & RESORTS\",\"url\":\"https:\/\/ap-hotelsresorts.com\/\",\"sameAs\":[\"https:\/\/www.facebook.com\/aphotelsresorts\",\"https:\/\/www.instagram.com\/aphotelsresorts\/\",\"https:\/\/www.linkedin.com\/company\/ap-hotels-and-resorts\",\"https:\/\/www.youtube.com\/channel\/UCSmwGBz36kx2XALzeVAlKEg\",\"https:\/\/twitter.com\/ApHotels\"],\"logo\":{\"@type\":\"ImageObject\",\"@id\":\"https:\/\/ap-hotelsresorts.com\/#logo\",\"inLanguage\":\"es\",\"url\":\"https:\/\/ap-hotelsresorts.com\/wp-content\/uploads\/2021\/03\/logo-1.png\",\"contentUrl\":\"https:\/\/ap-hotelsresorts.com\/wp-content\/uploads\/2021\/03\/logo-1.png\",\"width\":\"3915\",\"height\":\"1388\",\"caption\":\"AP HOTELS & RESORTS\"},\"image\":{\"@id\":\"https:\/\/ap-hotelsresorts.com\/#logo\"}},{\"@type\":\"WebSite\",\"@id\":\"https:\/\/ap-hotelsresorts.com\/#website\",\"url\":\"https:\/\/ap-hotelsresorts.com\/\",\"name\":\"AP HOTELS &amp; RESORTS .\",\"description\":\"Albufeira . Faro . Portim\u00e3o . Tavira . Algarve\",\"publisher\":{\"@id\":\"https:\/\/ap-hotelsresorts.com\/#organization\"},\"potentialAction\":[{\"@type\":\"SearchAction\",\"target\":{\"@type\":\"EntryPoint\",\"urlTemplate\":\"https:\/\/ap-hotelsresorts.com\/?s={search_term_string}\"},\"query-input\":\"required name=search_term_string\"}],\"inLanguage\":\"es\"},{\"@type\":\"ImageObject\",\"@id\":\"https:\/\/ap-hotelsresorts.com\/es\/ap-eva-senses-acoge-la-presentacion-de-la-nueva-temporada-de-la-orquesta-del-algarve-2\/#primaryimage\",\"inLanguage\":\"es\",\"url\":\"https:\/\/ap-hotelsresorts.com\/wp-content\/uploads\/2023\/02\/Martim-Sousa-Tavares.jpeg\",\"contentUrl\":\"https:\/\/ap-hotelsresorts.com\/wp-content\/uploads\/2023\/02\/Martim-Sousa-Tavares.jpeg\",\"width\":1068,\"height\":601},{\"@type\":\"WebPage\",\"@id\":\"https:\/\/ap-hotelsresorts.com\/es\/ap-eva-senses-acoge-la-presentacion-de-la-nueva-temporada-de-la-orquesta-del-algarve-2\/#webpage\",\"url\":\"https:\/\/ap-hotelsresorts.com\/es\/ap-eva-senses-acoge-la-presentacion-de-la-nueva-temporada-de-la-orquesta-del-algarve-2\/\",\"name\":\"AP EVA SENSES ACOGE LA PRESENTACI\u00d3N DE LA NUEVA TEMPORADA DE LA ORQUESTA DEL ALGARVE - AP HOTELS &amp; RESORTS .\",\"isPartOf\":{\"@id\":\"https:\/\/ap-hotelsresorts.com\/#website\"},\"primaryImageOfPage\":{\"@id\":\"https:\/\/ap-hotelsresorts.com\/es\/ap-eva-senses-acoge-la-presentacion-de-la-nueva-temporada-de-la-orquesta-del-algarve-2\/#primaryimage\"},\"datePublished\":\"2023-09-19T08:29:02+00:00\",\"dateModified\":\"2023-09-19T08:29:02+00:00\",\"breadcrumb\":{\"@id\":\"https:\/\/ap-hotelsresorts.com\/es\/ap-eva-senses-acoge-la-presentacion-de-la-nueva-temporada-de-la-orquesta-del-algarve-2\/#breadcrumb\"},\"inLanguage\":\"es\",\"potentialAction\":[{\"@type\":\"ReadAction\",\"target\":[\"https:\/\/ap-hotelsresorts.com\/es\/ap-eva-senses-acoge-la-presentacion-de-la-nueva-temporada-de-la-orquesta-del-algarve-2\/\"]}]},{\"@type\":\"BreadcrumbList\",\"@id\":\"https:\/\/ap-hotelsresorts.com\/es\/ap-eva-senses-acoge-la-presentacion-de-la-nueva-temporada-de-la-orquesta-del-algarve-2\/#breadcrumb\",\"itemListElement\":[{\"@type\":\"ListItem\",\"position\":1,\"name\":\"Home\",\"item\":\"https:\/\/ap-hotelsresorts.com\/es\/\"},{\"@type\":\"ListItem\",\"position\":2,\"name\":\"AP EVA SENSES ACOGE LA PRESENTACI\u00d3N DE LA NUEVA TEMPORADA DE LA ORQUESTA DEL ALGARVE\"}]},{\"@type\":\"Article\",\"@id\":\"https:\/\/ap-hotelsresorts.com\/es\/ap-eva-senses-acoge-la-presentacion-de-la-nueva-temporada-de-la-orquesta-del-algarve-2\/#article\",\"isPartOf\":{\"@id\":\"https:\/\/ap-hotelsresorts.com\/es\/ap-eva-senses-acoge-la-presentacion-de-la-nueva-temporada-de-la-orquesta-del-algarve-2\/#webpage\"},\"author\":{\"@id\":\"https:\/\/ap-hotelsresorts.com\/#\/schema\/person\/39ea63a33316ff09e0a075ae0a4bed49\"},\"headline\":\"AP EVA SENSES ACOGE LA PRESENTACI\u00d3N DE LA NUEVA TEMPORADA DE LA ORQUESTA DEL ALGARVE\",\"datePublished\":\"2023-09-19T08:29:02+00:00\",\"dateModified\":\"2023-09-19T08:29:02+00:00\",\"mainEntityOfPage\":{\"@id\":\"https:\/\/ap-hotelsresorts.com\/es\/ap-eva-senses-acoge-la-presentacion-de-la-nueva-temporada-de-la-orquesta-del-algarve-2\/#webpage\"},\"wordCount\":234,\"publisher\":{\"@id\":\"https:\/\/ap-hotelsresorts.com\/#organization\"},\"image\":{\"@id\":\"https:\/\/ap-hotelsresorts.com\/es\/ap-eva-senses-acoge-la-presentacion-de-la-nueva-temporada-de-la-orquesta-del-algarve-2\/#primaryimage\"},\"thumbnailUrl\":\"https:\/\/ap-hotelsresorts.com\/wp-content\/uploads\/2023\/02\/Martim-Sousa-Tavares.jpeg\",\"articleSection\":[\"News (ES)\"],\"inLanguage\":\"es\"},{\"@type\":\"Person\",\"@id\":\"https:\/\/ap-hotelsresorts.com\/#\/schema\/person\/39ea63a33316ff09e0a075ae0a4bed49\",\"name\":\"marketing ap\",\"image\":{\"@type\":\"ImageObject\",\"@id\":\"https:\/\/ap-hotelsresorts.com\/#personlogo\",\"inLanguage\":\"es\",\"url\":\"https:\/\/secure.gravatar.com\/avatar\/80ea62fe6096f55fe36f17f2175dca2f?s=96&d=mm&r=g\",\"contentUrl\":\"https:\/\/secure.gravatar.com\/avatar\/80ea62fe6096f55fe36f17f2175dca2f?s=96&d=mm&r=g\",\"caption\":\"marketing ap\"}}]}<\/script>\n<!-- \/ Yoast SEO plugin. -->","yoast_head_json":{"title":"AP EVA SENSES ACOGE LA PRESENTACI\u00d3N DE LA NUEVA TEMPORADA DE LA ORQUESTA DEL ALGARVE - AP HOTELS &amp; RESORTS .","robots":{"index":"index","follow":"follow","max-snippet":"max-snippet:-1","max-image-preview":"max-image-preview:large","max-video-preview":"max-video-preview:-1"},"canonical":"https:\/\/ap-hotelsresorts.com\/es\/ap-eva-senses-acoge-la-presentacion-de-la-nueva-temporada-de-la-orquesta-del-algarve-2\/","og_locale":"es_ES","og_type":"article","og_title":"AP EVA SENSES ACOGE LA PRESENTACI\u00d3N DE LA NUEVA TEMPORADA DE LA ORQUESTA DEL ALGARVE - AP HOTELS &amp; RESORTS .","og_description":"Por primera vez en sus 21 a\u00f1os de existencia, la Orquesta del Algarve present\u00f3 el programa completo de su temporada en un evento celebrado el 13 de septiembre en la azotea del AP Eva Senses. &nbsp; El director de la [&hellip;]","og_url":"https:\/\/ap-hotelsresorts.com\/es\/ap-eva-senses-acoge-la-presentacion-de-la-nueva-temporada-de-la-orquesta-del-algarve-2\/","og_site_name":"AP HOTELS &amp; RESORTS .","article_publisher":"https:\/\/www.facebook.com\/aphotelsresorts","article_published_time":"2023-09-19T08:29:02+00:00","og_image":[{"width":1068,"height":601,"url":"https:\/\/ap-hotelsresorts.com\/wp-content\/uploads\/2023\/02\/Martim-Sousa-Tavares.jpeg","type":"image\/jpeg"}],"twitter_card":"summary_large_image","twitter_creator":"@ApHotels","twitter_site":"@ApHotels","twitter_misc":{"Escrito por":"marketing ap","Tiempo de lectura":"1 minuto"},"schema":{"@context":"https:\/\/schema.org","@graph":[{"@type":"Organization","@id":"https:\/\/ap-hotelsresorts.com\/#organization","name":"AP HOTELS & RESORTS","url":"https:\/\/ap-hotelsresorts.com\/","sameAs":["https:\/\/www.facebook.com\/aphotelsresorts","https:\/\/www.instagram.com\/aphotelsresorts\/","https:\/\/www.linkedin.com\/company\/ap-hotels-and-resorts","https:\/\/www.youtube.com\/channel\/UCSmwGBz36kx2XALzeVAlKEg","https:\/\/twitter.com\/ApHotels"],"logo":{"@type":"ImageObject","@id":"https:\/\/ap-hotelsresorts.com\/#logo","inLanguage":"es","url":"https:\/\/ap-hotelsresorts.com\/wp-content\/uploads\/2021\/03\/logo-1.png","contentUrl":"https:\/\/ap-hotelsresorts.com\/wp-content\/uploads\/2021\/03\/logo-1.png","width":"3915","height":"1388","caption":"AP HOTELS & RESORTS"},"image":{"@id":"https:\/\/ap-hotelsresorts.com\/#logo"}},{"@type":"WebSite","@id":"https:\/\/ap-hotelsresorts.com\/#website","url":"https:\/\/ap-hotelsresorts.com\/","name":"AP HOTELS &amp; RESORTS .","description":"Albufeira . Faro . Portim\u00e3o . Tavira . Algarve","publisher":{"@id":"https:\/\/ap-hotelsresorts.com\/#organization"},"potentialAction":[{"@type":"SearchAction","target":{"@type":"EntryPoint","urlTemplate":"https:\/\/ap-hotelsresorts.com\/?s={search_term_string}"},"query-input":"required name=search_term_string"}],"inLanguage":"es"},{"@type":"ImageObject","@id":"https:\/\/ap-hotelsresorts.com\/es\/ap-eva-senses-acoge-la-presentacion-de-la-nueva-temporada-de-la-orquesta-del-algarve-2\/#primaryimage","inLanguage":"es","url":"https:\/\/ap-hotelsresorts.com\/wp-content\/uploads\/2023\/02\/Martim-Sousa-Tavares.jpeg","contentUrl":"https:\/\/ap-hotelsresorts.com\/wp-content\/uploads\/2023\/02\/Martim-Sousa-Tavares.jpeg","width":1068,"height":601},{"@type":"WebPage","@id":"https:\/\/ap-hotelsresorts.com\/es\/ap-eva-senses-acoge-la-presentacion-de-la-nueva-temporada-de-la-orquesta-del-algarve-2\/#webpage","url":"https:\/\/ap-hotelsresorts.com\/es\/ap-eva-senses-acoge-la-presentacion-de-la-nueva-temporada-de-la-orquesta-del-algarve-2\/","name":"AP EVA SENSES ACOGE LA PRESENTACI\u00d3N DE LA NUEVA TEMPORADA DE LA ORQUESTA DEL ALGARVE - AP HOTELS &amp; RESORTS .","isPartOf":{"@id":"https:\/\/ap-hotelsresorts.com\/#website"},"primaryImageOfPage":{"@id":"https:\/\/ap-hotelsresorts.com\/es\/ap-eva-senses-acoge-la-presentacion-de-la-nueva-temporada-de-la-orquesta-del-algarve-2\/#primaryimage"},"datePublished":"2023-09-19T08:29:02+00:00","dateModified":"2023-09-19T08:29:02+00:00","breadcrumb":{"@id":"https:\/\/ap-hotelsresorts.com\/es\/ap-eva-senses-acoge-la-presentacion-de-la-nueva-temporada-de-la-orquesta-del-algarve-2\/#breadcrumb"},"inLanguage":"es","potentialAction":[{"@type":"ReadAction","target":["https:\/\/ap-hotelsresorts.com\/es\/ap-eva-senses-acoge-la-presentacion-de-la-nueva-temporada-de-la-orquesta-del-algarve-2\/"]}]},{"@type":"BreadcrumbList","@id":"https:\/\/ap-hotelsresorts.com\/es\/ap-eva-senses-acoge-la-presentacion-de-la-nueva-temporada-de-la-orquesta-del-algarve-2\/#breadcrumb","itemListElement":[{"@type":"ListItem","position":1,"name":"Home","item":"https:\/\/ap-hotelsresorts.com\/es\/"},{"@type":"ListItem","position":2,"name":"AP EVA SENSES ACOGE LA PRESENTACI\u00d3N DE LA NUEVA TEMPORADA DE LA ORQUESTA DEL ALGARVE"}]},{"@type":"Article","@id":"https:\/\/ap-hotelsresorts.com\/es\/ap-eva-senses-acoge-la-presentacion-de-la-nueva-temporada-de-la-orquesta-del-algarve-2\/#article","isPartOf":{"@id":"https:\/\/ap-hotelsresorts.com\/es\/ap-eva-senses-acoge-la-presentacion-de-la-nueva-temporada-de-la-orquesta-del-algarve-2\/#webpage"},"author":{"@id":"https:\/\/ap-hotelsresorts.com\/#\/schema\/person\/39ea63a33316ff09e0a075ae0a4bed49"},"headline":"AP EVA SENSES ACOGE LA PRESENTACI\u00d3N DE LA NUEVA TEMPORADA DE LA ORQUESTA DEL ALGARVE","datePublished":"2023-09-19T08:29:02+00:00","dateModified":"2023-09-19T08:29:02+00:00","mainEntityOfPage":{"@id":"https:\/\/ap-hotelsresorts.com\/es\/ap-eva-senses-acoge-la-presentacion-de-la-nueva-temporada-de-la-orquesta-del-algarve-2\/#webpage"},"wordCount":234,"publisher":{"@id":"https:\/\/ap-hotelsresorts.com\/#organization"},"image":{"@id":"https:\/\/ap-hotelsresorts.com\/es\/ap-eva-senses-acoge-la-presentacion-de-la-nueva-temporada-de-la-orquesta-del-algarve-2\/#primaryimage"},"thumbnailUrl":"https:\/\/ap-hotelsresorts.com\/wp-content\/uploads\/2023\/02\/Martim-Sousa-Tavares.jpeg","articleSection":["News (ES)"],"inLanguage":"es"},{"@type":"Person","@id":"https:\/\/ap-hotelsresorts.com\/#\/schema\/person\/39ea63a33316ff09e0a075ae0a4bed49","name":"marketing ap","image":{"@type":"ImageObject","@id":"https:\/\/ap-hotelsresorts.com\/#personlogo","inLanguage":"es","url":"https:\/\/secure.gravatar.com\/avatar\/80ea62fe6096f55fe36f17f2175dca2f?s=96&d=mm&r=g","contentUrl":"https:\/\/secure.gravatar.com\/avatar\/80ea62fe6096f55fe36f17f2175dca2f?s=96&d=mm&r=g","caption":"marketing ap"}}]}},"_links":{"self":[{"href":"https:\/\/ap-hotelsresorts.com\/es\/wp-json\/wp\/v2\/posts\/44358"}],"collection":[{"href":"https:\/\/ap-hotelsresorts.com\/es\/wp-json\/wp\/v2\/posts"}],"about":[{"href":"https:\/\/ap-hotelsresorts.com\/es\/wp-json\/wp\/v2\/types\/post"}],"author":[{"embeddable":true,"href":"https:\/\/ap-hotelsresorts.com\/es\/wp-json\/wp\/v2\/users\/11"}],"replies":[{"embeddable":true,"href":"https:\/\/ap-hotelsresorts.com\/es\/wp-json\/wp\/v2\/comments?post=44358"}],"version-history":[{"count":0,"href":"https:\/\/ap-hotelsresorts.com\/es\/wp-json\/wp\/v2\/posts\/44358\/revisions"}],"wp:featuredmedia":[{"embeddable":true,"href":"https:\/\/ap-hotelsresorts.com\/es\/wp-json\/wp\/v2\/media\/36590"}],"wp:attachment":[{"href":"https:\/\/ap-hotelsresorts.com\/es\/wp-json\/wp\/v2\/media?parent=44358"}],"wp:term":[{"taxonomy":"category","embeddable":true,"href":"https:\/\/ap-hotelsresorts.com\/es\/wp-json\/wp\/v2\/categories?post=44358"},{"taxonomy":"post_tag","embeddable":true,"href":"https:\/\/ap-hotelsresorts.com\/es\/wp-json\/wp\/v2\/tags?post=44358"}],"curies":[{"name":"wp","href":"https:\/\/api.w.org\/{rel}","templated":true}]}}