{"id":44476,"date":"2023-09-20T08:48:21","date_gmt":"2023-09-20T08:48:21","guid":{"rendered":"https:\/\/ap-hotelsresorts.com\/?p=44476"},"modified":"2023-09-20T08:48:21","modified_gmt":"2023-09-20T08:48:21","slug":"chef-milene-nobre-en-euroskills-gdansk-2023","status":"publish","type":"post","link":"https:\/\/ap-hotelsresorts.com\/es\/chef-milene-nobre-en-euroskills-gdansk-2023\/","title":{"rendered":"CHEF MILENE NOBRE EN EUROSKILLS GDANSK 2023"},"content":{"rendered":"<p>La chef Milene Nobre, del AP Maria Nova Lounge, representa a Portugal en Euroskills Gdansk 2023 como presidenta del jurado en la profesi\u00f3n de cocina, al igual que en a\u00f1os anteriores.<\/p>\n<p>&nbsp;<\/p>\n<p>La chef Milene Nobre comenz\u00f3 su trayectoria participando en los campeonatos mundiales en 2010 como concursante, logrando el 4\u00ba lugar (medalla de excelencia). A\u00f1os m\u00e1s tarde, fue invitada a unirse al equipo de jurados a nivel nacional. Gan\u00f3 el Worldskills 2022 con su equipo en la profesi\u00f3n de cocina, que se celebr\u00f3 en Lucerna, Suiza. Actualmente, es la presidenta del jurado de Worldskills, siendo responsable de la organizaci\u00f3n del campeonato y del entrenamiento de los campeones nacionales para participar en los campeonatos europeos y mundiales.<\/p>\n<p>&nbsp;<\/p>\n<p>Worldskills Portugal forma parte del IEFP &#8211; Instituto de Empleo y Formaci\u00f3n Profesional, responsable de organizar y llevar a cabo el Campeonato Nacional de Habilidades Profesionales y representar a Portugal en competiciones internacionales. Los Campeonatos de Habilidades Profesionales, que se celebran cada dos a\u00f1os, est\u00e1n dirigidos a j\u00f3venes de entre 17 y 25 a\u00f1os que han completado o est\u00e1n cursando un proceso de calificaci\u00f3n en diferentes modalidades de educaci\u00f3n y formaci\u00f3n profesional. Estas competiciones tienen como objetivo demostrar el nivel individual de competencia, precisi\u00f3n y dominio de t\u00e9cnicas y herramientas para cada profesi\u00f3n a trav\u00e9s de pruebas pr\u00e1cticas evaluadas seg\u00fan criterios exigentes y de acuerdo con especificaciones t\u00e9cnicas internacionales establecidas por jurados compuestos por expertos altamente cualificados (formadores, profesionales, empresarios).<\/p>\n","protected":false},"excerpt":{"rendered":"<p>La chef Milene Nobre, del AP Maria Nova Lounge, representa a Portugal en Euroskills Gdansk 2023 como presidenta del jurado en la profesi\u00f3n de cocina, al igual que en a\u00f1os anteriores. &nbsp; La chef Milene Nobre comenz\u00f3 su trayectoria participando [&hellip;]<\/p>\n","protected":false},"author":11,"featured_media":25094,"comment_status":"closed","ping_status":"closed","sticky":false,"template":"","format":"standard","meta":[],"categories":[465],"tags":[],"yoast_head":"<!-- This site is optimized with the Yoast SEO plugin v18.1 - https:\/\/yoast.com\/wordpress\/plugins\/seo\/ -->\n<title>CHEF MILENE NOBRE EN EUROSKILLS GDANSK 2023 - AP HOTELS &amp; RESORTS .<\/title>\n<meta name=\"robots\" content=\"index, follow, max-snippet:-1, max-image-preview:large, max-video-preview:-1\" \/>\n<link rel=\"canonical\" href=\"https:\/\/ap-hotelsresorts.com\/es\/chef-milene-nobre-en-euroskills-gdansk-2023\/\" \/>\n<meta property=\"og:locale\" content=\"es_ES\" \/>\n<meta property=\"og:type\" content=\"article\" \/>\n<meta property=\"og:title\" content=\"CHEF MILENE NOBRE EN EUROSKILLS GDANSK 2023 - AP HOTELS &amp; RESORTS .\" \/>\n<meta property=\"og:description\" content=\"La chef Milene Nobre, del AP Maria Nova Lounge, representa a Portugal en Euroskills Gdansk 2023 como presidenta del jurado en la profesi\u00f3n de cocina, al igual que en a\u00f1os anteriores. &nbsp; La chef Milene Nobre comenz\u00f3 su trayectoria participando [&hellip;]\" \/>\n<meta property=\"og:url\" content=\"https:\/\/ap-hotelsresorts.com\/es\/chef-milene-nobre-en-euroskills-gdansk-2023\/\" \/>\n<meta property=\"og:site_name\" content=\"AP HOTELS &amp; RESORTS .\" \/>\n<meta property=\"article:publisher\" content=\"https:\/\/www.facebook.com\/aphotelsresorts\" \/>\n<meta property=\"article:published_time\" content=\"2023-09-20T08:48:21+00:00\" \/>\n<meta property=\"og:image\" content=\"https:\/\/ap-hotelsresorts.com\/wp-content\/uploads\/2021\/03\/Chef-Experience.jpg\" \/>\n\t<meta property=\"og:image:width\" content=\"1365\" \/>\n\t<meta property=\"og:image:height\" content=\"1365\" \/>\n\t<meta property=\"og:image:type\" content=\"image\/jpeg\" \/>\n<meta name=\"twitter:card\" content=\"summary_large_image\" \/>\n<meta name=\"twitter:creator\" content=\"@ApHotels\" \/>\n<meta name=\"twitter:site\" content=\"@ApHotels\" \/>\n<meta name=\"twitter:label1\" content=\"Escrito por\" \/>\n\t<meta name=\"twitter:data1\" content=\"marketing ap\" \/>\n\t<meta name=\"twitter:label2\" content=\"Tiempo de lectura\" \/>\n\t<meta name=\"twitter:data2\" content=\"1 minuto\" \/>\n<script type=\"application\/ld+json\" class=\"yoast-schema-graph\">{\"@context\":\"https:\/\/schema.org\",\"@graph\":[{\"@type\":\"Organization\",\"@id\":\"https:\/\/ap-hotelsresorts.com\/#organization\",\"name\":\"AP HOTELS & RESORTS\",\"url\":\"https:\/\/ap-hotelsresorts.com\/\",\"sameAs\":[\"https:\/\/www.facebook.com\/aphotelsresorts\",\"https:\/\/www.instagram.com\/aphotelsresorts\/\",\"https:\/\/www.linkedin.com\/company\/ap-hotels-and-resorts\",\"https:\/\/www.youtube.com\/channel\/UCSmwGBz36kx2XALzeVAlKEg\",\"https:\/\/twitter.com\/ApHotels\"],\"logo\":{\"@type\":\"ImageObject\",\"@id\":\"https:\/\/ap-hotelsresorts.com\/#logo\",\"inLanguage\":\"es\",\"url\":\"https:\/\/ap-hotelsresorts.com\/wp-content\/uploads\/2021\/03\/logo-1.png\",\"contentUrl\":\"https:\/\/ap-hotelsresorts.com\/wp-content\/uploads\/2021\/03\/logo-1.png\",\"width\":\"3915\",\"height\":\"1388\",\"caption\":\"AP HOTELS & RESORTS\"},\"image\":{\"@id\":\"https:\/\/ap-hotelsresorts.com\/#logo\"}},{\"@type\":\"WebSite\",\"@id\":\"https:\/\/ap-hotelsresorts.com\/#website\",\"url\":\"https:\/\/ap-hotelsresorts.com\/\",\"name\":\"AP HOTELS &amp; RESORTS .\",\"description\":\"Albufeira . Faro . Portim\u00e3o . Tavira . Algarve\",\"publisher\":{\"@id\":\"https:\/\/ap-hotelsresorts.com\/#organization\"},\"potentialAction\":[{\"@type\":\"SearchAction\",\"target\":{\"@type\":\"EntryPoint\",\"urlTemplate\":\"https:\/\/ap-hotelsresorts.com\/?s={search_term_string}\"},\"query-input\":\"required name=search_term_string\"}],\"inLanguage\":\"es\"},{\"@type\":\"ImageObject\",\"@id\":\"https:\/\/ap-hotelsresorts.com\/es\/chef-milene-nobre-en-euroskills-gdansk-2023\/#primaryimage\",\"inLanguage\":\"es\",\"url\":\"https:\/\/ap-hotelsresorts.com\/wp-content\/uploads\/2021\/03\/Chef-Experience.jpg\",\"contentUrl\":\"https:\/\/ap-hotelsresorts.com\/wp-content\/uploads\/2021\/03\/Chef-Experience.jpg\",\"width\":1365,\"height\":1365},{\"@type\":\"WebPage\",\"@id\":\"https:\/\/ap-hotelsresorts.com\/es\/chef-milene-nobre-en-euroskills-gdansk-2023\/#webpage\",\"url\":\"https:\/\/ap-hotelsresorts.com\/es\/chef-milene-nobre-en-euroskills-gdansk-2023\/\",\"name\":\"CHEF MILENE NOBRE EN EUROSKILLS GDANSK 2023 - AP HOTELS &amp; RESORTS .\",\"isPartOf\":{\"@id\":\"https:\/\/ap-hotelsresorts.com\/#website\"},\"primaryImageOfPage\":{\"@id\":\"https:\/\/ap-hotelsresorts.com\/es\/chef-milene-nobre-en-euroskills-gdansk-2023\/#primaryimage\"},\"datePublished\":\"2023-09-20T08:48:21+00:00\",\"dateModified\":\"2023-09-20T08:48:21+00:00\",\"breadcrumb\":{\"@id\":\"https:\/\/ap-hotelsresorts.com\/es\/chef-milene-nobre-en-euroskills-gdansk-2023\/#breadcrumb\"},\"inLanguage\":\"es\",\"potentialAction\":[{\"@type\":\"ReadAction\",\"target\":[\"https:\/\/ap-hotelsresorts.com\/es\/chef-milene-nobre-en-euroskills-gdansk-2023\/\"]}]},{\"@type\":\"BreadcrumbList\",\"@id\":\"https:\/\/ap-hotelsresorts.com\/es\/chef-milene-nobre-en-euroskills-gdansk-2023\/#breadcrumb\",\"itemListElement\":[{\"@type\":\"ListItem\",\"position\":1,\"name\":\"Home\",\"item\":\"https:\/\/ap-hotelsresorts.com\/es\/\"},{\"@type\":\"ListItem\",\"position\":2,\"name\":\"CHEF MILENE NOBRE EN EUROSKILLS GDANSK 2023\"}]},{\"@type\":\"Article\",\"@id\":\"https:\/\/ap-hotelsresorts.com\/es\/chef-milene-nobre-en-euroskills-gdansk-2023\/#article\",\"isPartOf\":{\"@id\":\"https:\/\/ap-hotelsresorts.com\/es\/chef-milene-nobre-en-euroskills-gdansk-2023\/#webpage\"},\"author\":{\"@id\":\"https:\/\/ap-hotelsresorts.com\/#\/schema\/person\/39ea63a33316ff09e0a075ae0a4bed49\"},\"headline\":\"CHEF MILENE NOBRE EN EUROSKILLS GDANSK 2023\",\"datePublished\":\"2023-09-20T08:48:21+00:00\",\"dateModified\":\"2023-09-20T08:48:21+00:00\",\"mainEntityOfPage\":{\"@id\":\"https:\/\/ap-hotelsresorts.com\/es\/chef-milene-nobre-en-euroskills-gdansk-2023\/#webpage\"},\"wordCount\":260,\"publisher\":{\"@id\":\"https:\/\/ap-hotelsresorts.com\/#organization\"},\"image\":{\"@id\":\"https:\/\/ap-hotelsresorts.com\/es\/chef-milene-nobre-en-euroskills-gdansk-2023\/#primaryimage\"},\"thumbnailUrl\":\"https:\/\/ap-hotelsresorts.com\/wp-content\/uploads\/2021\/03\/Chef-Experience.jpg\",\"articleSection\":[\"News (ES)\"],\"inLanguage\":\"es\"},{\"@type\":\"Person\",\"@id\":\"https:\/\/ap-hotelsresorts.com\/#\/schema\/person\/39ea63a33316ff09e0a075ae0a4bed49\",\"name\":\"marketing ap\",\"image\":{\"@type\":\"ImageObject\",\"@id\":\"https:\/\/ap-hotelsresorts.com\/#personlogo\",\"inLanguage\":\"es\",\"url\":\"https:\/\/secure.gravatar.com\/avatar\/80ea62fe6096f55fe36f17f2175dca2f?s=96&d=mm&r=g\",\"contentUrl\":\"https:\/\/secure.gravatar.com\/avatar\/80ea62fe6096f55fe36f17f2175dca2f?s=96&d=mm&r=g\",\"caption\":\"marketing ap\"}}]}<\/script>\n<!-- \/ Yoast SEO plugin. -->","yoast_head_json":{"title":"CHEF MILENE NOBRE EN EUROSKILLS GDANSK 2023 - AP HOTELS &amp; RESORTS .","robots":{"index":"index","follow":"follow","max-snippet":"max-snippet:-1","max-image-preview":"max-image-preview:large","max-video-preview":"max-video-preview:-1"},"canonical":"https:\/\/ap-hotelsresorts.com\/es\/chef-milene-nobre-en-euroskills-gdansk-2023\/","og_locale":"es_ES","og_type":"article","og_title":"CHEF MILENE NOBRE EN EUROSKILLS GDANSK 2023 - AP HOTELS &amp; RESORTS .","og_description":"La chef Milene Nobre, del AP Maria Nova Lounge, representa a Portugal en Euroskills Gdansk 2023 como presidenta del jurado en la profesi\u00f3n de cocina, al igual que en a\u00f1os anteriores. &nbsp; La chef Milene Nobre comenz\u00f3 su trayectoria participando [&hellip;]","og_url":"https:\/\/ap-hotelsresorts.com\/es\/chef-milene-nobre-en-euroskills-gdansk-2023\/","og_site_name":"AP HOTELS &amp; RESORTS .","article_publisher":"https:\/\/www.facebook.com\/aphotelsresorts","article_published_time":"2023-09-20T08:48:21+00:00","og_image":[{"width":1365,"height":1365,"url":"https:\/\/ap-hotelsresorts.com\/wp-content\/uploads\/2021\/03\/Chef-Experience.jpg","type":"image\/jpeg"}],"twitter_card":"summary_large_image","twitter_creator":"@ApHotels","twitter_site":"@ApHotels","twitter_misc":{"Escrito por":"marketing ap","Tiempo de lectura":"1 minuto"},"schema":{"@context":"https:\/\/schema.org","@graph":[{"@type":"Organization","@id":"https:\/\/ap-hotelsresorts.com\/#organization","name":"AP HOTELS & RESORTS","url":"https:\/\/ap-hotelsresorts.com\/","sameAs":["https:\/\/www.facebook.com\/aphotelsresorts","https:\/\/www.instagram.com\/aphotelsresorts\/","https:\/\/www.linkedin.com\/company\/ap-hotels-and-resorts","https:\/\/www.youtube.com\/channel\/UCSmwGBz36kx2XALzeVAlKEg","https:\/\/twitter.com\/ApHotels"],"logo":{"@type":"ImageObject","@id":"https:\/\/ap-hotelsresorts.com\/#logo","inLanguage":"es","url":"https:\/\/ap-hotelsresorts.com\/wp-content\/uploads\/2021\/03\/logo-1.png","contentUrl":"https:\/\/ap-hotelsresorts.com\/wp-content\/uploads\/2021\/03\/logo-1.png","width":"3915","height":"1388","caption":"AP HOTELS & RESORTS"},"image":{"@id":"https:\/\/ap-hotelsresorts.com\/#logo"}},{"@type":"WebSite","@id":"https:\/\/ap-hotelsresorts.com\/#website","url":"https:\/\/ap-hotelsresorts.com\/","name":"AP HOTELS &amp; RESORTS .","description":"Albufeira . Faro . Portim\u00e3o . Tavira . Algarve","publisher":{"@id":"https:\/\/ap-hotelsresorts.com\/#organization"},"potentialAction":[{"@type":"SearchAction","target":{"@type":"EntryPoint","urlTemplate":"https:\/\/ap-hotelsresorts.com\/?s={search_term_string}"},"query-input":"required name=search_term_string"}],"inLanguage":"es"},{"@type":"ImageObject","@id":"https:\/\/ap-hotelsresorts.com\/es\/chef-milene-nobre-en-euroskills-gdansk-2023\/#primaryimage","inLanguage":"es","url":"https:\/\/ap-hotelsresorts.com\/wp-content\/uploads\/2021\/03\/Chef-Experience.jpg","contentUrl":"https:\/\/ap-hotelsresorts.com\/wp-content\/uploads\/2021\/03\/Chef-Experience.jpg","width":1365,"height":1365},{"@type":"WebPage","@id":"https:\/\/ap-hotelsresorts.com\/es\/chef-milene-nobre-en-euroskills-gdansk-2023\/#webpage","url":"https:\/\/ap-hotelsresorts.com\/es\/chef-milene-nobre-en-euroskills-gdansk-2023\/","name":"CHEF MILENE NOBRE EN EUROSKILLS GDANSK 2023 - AP HOTELS &amp; RESORTS .","isPartOf":{"@id":"https:\/\/ap-hotelsresorts.com\/#website"},"primaryImageOfPage":{"@id":"https:\/\/ap-hotelsresorts.com\/es\/chef-milene-nobre-en-euroskills-gdansk-2023\/#primaryimage"},"datePublished":"2023-09-20T08:48:21+00:00","dateModified":"2023-09-20T08:48:21+00:00","breadcrumb":{"@id":"https:\/\/ap-hotelsresorts.com\/es\/chef-milene-nobre-en-euroskills-gdansk-2023\/#breadcrumb"},"inLanguage":"es","potentialAction":[{"@type":"ReadAction","target":["https:\/\/ap-hotelsresorts.com\/es\/chef-milene-nobre-en-euroskills-gdansk-2023\/"]}]},{"@type":"BreadcrumbList","@id":"https:\/\/ap-hotelsresorts.com\/es\/chef-milene-nobre-en-euroskills-gdansk-2023\/#breadcrumb","itemListElement":[{"@type":"ListItem","position":1,"name":"Home","item":"https:\/\/ap-hotelsresorts.com\/es\/"},{"@type":"ListItem","position":2,"name":"CHEF MILENE NOBRE EN EUROSKILLS GDANSK 2023"}]},{"@type":"Article","@id":"https:\/\/ap-hotelsresorts.com\/es\/chef-milene-nobre-en-euroskills-gdansk-2023\/#article","isPartOf":{"@id":"https:\/\/ap-hotelsresorts.com\/es\/chef-milene-nobre-en-euroskills-gdansk-2023\/#webpage"},"author":{"@id":"https:\/\/ap-hotelsresorts.com\/#\/schema\/person\/39ea63a33316ff09e0a075ae0a4bed49"},"headline":"CHEF MILENE NOBRE EN EUROSKILLS GDANSK 2023","datePublished":"2023-09-20T08:48:21+00:00","dateModified":"2023-09-20T08:48:21+00:00","mainEntityOfPage":{"@id":"https:\/\/ap-hotelsresorts.com\/es\/chef-milene-nobre-en-euroskills-gdansk-2023\/#webpage"},"wordCount":260,"publisher":{"@id":"https:\/\/ap-hotelsresorts.com\/#organization"},"image":{"@id":"https:\/\/ap-hotelsresorts.com\/es\/chef-milene-nobre-en-euroskills-gdansk-2023\/#primaryimage"},"thumbnailUrl":"https:\/\/ap-hotelsresorts.com\/wp-content\/uploads\/2021\/03\/Chef-Experience.jpg","articleSection":["News (ES)"],"inLanguage":"es"},{"@type":"Person","@id":"https:\/\/ap-hotelsresorts.com\/#\/schema\/person\/39ea63a33316ff09e0a075ae0a4bed49","name":"marketing ap","image":{"@type":"ImageObject","@id":"https:\/\/ap-hotelsresorts.com\/#personlogo","inLanguage":"es","url":"https:\/\/secure.gravatar.com\/avatar\/80ea62fe6096f55fe36f17f2175dca2f?s=96&d=mm&r=g","contentUrl":"https:\/\/secure.gravatar.com\/avatar\/80ea62fe6096f55fe36f17f2175dca2f?s=96&d=mm&r=g","caption":"marketing ap"}}]}},"_links":{"self":[{"href":"https:\/\/ap-hotelsresorts.com\/es\/wp-json\/wp\/v2\/posts\/44476"}],"collection":[{"href":"https:\/\/ap-hotelsresorts.com\/es\/wp-json\/wp\/v2\/posts"}],"about":[{"href":"https:\/\/ap-hotelsresorts.com\/es\/wp-json\/wp\/v2\/types\/post"}],"author":[{"embeddable":true,"href":"https:\/\/ap-hotelsresorts.com\/es\/wp-json\/wp\/v2\/users\/11"}],"replies":[{"embeddable":true,"href":"https:\/\/ap-hotelsresorts.com\/es\/wp-json\/wp\/v2\/comments?post=44476"}],"version-history":[{"count":0,"href":"https:\/\/ap-hotelsresorts.com\/es\/wp-json\/wp\/v2\/posts\/44476\/revisions"}],"wp:featuredmedia":[{"embeddable":true,"href":"https:\/\/ap-hotelsresorts.com\/es\/wp-json\/wp\/v2\/media\/25094"}],"wp:attachment":[{"href":"https:\/\/ap-hotelsresorts.com\/es\/wp-json\/wp\/v2\/media?parent=44476"}],"wp:term":[{"taxonomy":"category","embeddable":true,"href":"https:\/\/ap-hotelsresorts.com\/es\/wp-json\/wp\/v2\/categories?post=44476"},{"taxonomy":"post_tag","embeddable":true,"href":"https:\/\/ap-hotelsresorts.com\/es\/wp-json\/wp\/v2\/tags?post=44476"}],"curies":[{"name":"wp","href":"https:\/\/api.w.org\/{rel}","templated":true}]}}