{"id":46304,"date":"2023-11-23T11:44:02","date_gmt":"2023-11-23T11:44:02","guid":{"rendered":"https:\/\/ap-hotelsresorts.com\/?p=46304"},"modified":"2023-11-23T11:44:02","modified_gmt":"2023-11-23T11:44:02","slug":"praia-do-cabedelo-recibe-la-bandera-azul-durante-20-anos-consecutivos","status":"publish","type":"post","link":"https:\/\/ap-hotelsresorts.com\/es\/praia-do-cabedelo-recibe-la-bandera-azul-durante-20-anos-consecutivos\/","title":{"rendered":"Praia do Cabedelo recibe la Bandera Azul durante 20 a\u00f1os consecutivos"},"content":{"rendered":"<p>La Asociaci\u00f3n Bandera Azul Medio Ambiente y Educaci\u00f3n otorg\u00f3 a la playa de Cabedelo el certificado Bandera Azul durante 20 a\u00f1os consecutivos, sin\u00f3nimo de calidad que distingue el esfuerzo de diversas entidades para hacer posible la convivencia del desarrollo local con el respeto al medio ambiente.<\/p>\n<p>Esta distinci\u00f3n otorgada al Ayuntamiento de Viana do Castelo tiene como objetivo aumentar el nivel de concienciaci\u00f3n de los ciudadanos en general, y de los responsables de la toma de decisiones en particular, sobre la necesidad de proteger el medio marino, costero y lacustre.<\/p>\n<p>El certificado fue entregado en Praia do Cabedelo en el marco de la Ceremonia de Bandera Azul 2023, que tuvo lugar en el Auditorio del Templo de la Poes\u00eda, en el Parque dos Poetas, en Oeiras. Este acto estuvo dirigido a Promotores de Bandera Azul, representantes del Jurado Nacional del Programa y todas las entidades implicadas en la gesti\u00f3n y mantenimiento de zonas de ba\u00f1o, puertos deportivos, puertos de recreo y embarcaciones ecotur\u00edsticas.<\/p>\n<p>Con el objetivo de finalizar la temporada Bandera Azul 2023, en este encuentro se entregaron los premios del concurso, se entregaron certificados a las playas, marinas y embarcaciones premiadas y se presentaron las conclusiones de los proyectos y colaboraciones que se han llevado a cabo a lo largo de este a\u00f1o. .<\/p>\n<p>Situada en la margen sur de la desembocadura del r\u00edo Lima, de arena fina y rodeada de dunas y bosques de pinos, la Praia do Cabedelo es una bah\u00eda en forma de media luna con extensos arenales abiertos, con condiciones que se presentan como verdaderamente extraordinarias para la pr\u00e1ctica del agua. Deportes.<\/p>\n<p>Teniendo en cuenta las condiciones del viento de la zona, la Praia do Cabedelo es excelente para practicantes de todos los niveles. Si los principiantes encuentran excelentes condiciones en las aguas m\u00e1s tranquilas junto a la bah\u00eda, los m\u00e1s experimentados podr\u00e1n disfrutar plenamente de condiciones m\u00e1s desafiantes, a solo unos metros de distancia.<\/p>\n<p>Cabedelo est\u00e1 formada por dos zonas de arena: una playa con un peque\u00f1o arenal en el lado norte del espol\u00f3n, caracterizado por fuertes vientos, ideal para la pr\u00e1ctica de deportes extremos y windsurf; En el lado sur del mismo espol\u00f3n tenemos una segunda playa, con un extenso sistema dunar, una franja de arena fina y dorada hasta donde alcanza la vista y un mar transparente, donde apetece \u201cdejar caer\u201d una ola y practicar surf. o kitesurf.<\/p>\n<p>Es la playa de Viana do Castelo m\u00e1s famosa para los deportes acu\u00e1ticos y, por ello, durante todo el a\u00f1o, su arena se pinta con los colores de deportistas de todo el mundo.<\/p>\n","protected":false},"excerpt":{"rendered":"<p>La Asociaci\u00f3n Bandera Azul Medio Ambiente y Educaci\u00f3n otorg\u00f3 a la playa de Cabedelo el certificado Bandera Azul durante 20 a\u00f1os consecutivos, sin\u00f3nimo de calidad que distingue el esfuerzo de diversas entidades para hacer posible la convivencia del desarrollo local [&hellip;]<\/p>\n","protected":false},"author":11,"featured_media":46300,"comment_status":"closed","ping_status":"closed","sticky":false,"template":"","format":"standard","meta":[],"categories":[465],"tags":[],"yoast_head":"<!-- This site is optimized with the Yoast SEO plugin v18.1 - https:\/\/yoast.com\/wordpress\/plugins\/seo\/ -->\n<title>Praia do Cabedelo recibe la Bandera Azul durante 20 a\u00f1os consecutivos - AP HOTELS &amp; RESORTS .<\/title>\n<meta name=\"robots\" content=\"index, follow, max-snippet:-1, max-image-preview:large, max-video-preview:-1\" \/>\n<link rel=\"canonical\" href=\"https:\/\/ap-hotelsresorts.com\/es\/praia-do-cabedelo-recibe-la-bandera-azul-durante-20-anos-consecutivos\/\" \/>\n<meta property=\"og:locale\" content=\"es_ES\" \/>\n<meta property=\"og:type\" content=\"article\" \/>\n<meta property=\"og:title\" content=\"Praia do Cabedelo recibe la Bandera Azul durante 20 a\u00f1os consecutivos - AP HOTELS &amp; RESORTS .\" \/>\n<meta property=\"og:description\" content=\"La Asociaci\u00f3n Bandera Azul Medio Ambiente y Educaci\u00f3n otorg\u00f3 a la playa de Cabedelo el certificado Bandera Azul durante 20 a\u00f1os consecutivos, sin\u00f3nimo de calidad que distingue el esfuerzo de diversas entidades para hacer posible la convivencia del desarrollo local [&hellip;]\" \/>\n<meta property=\"og:url\" content=\"https:\/\/ap-hotelsresorts.com\/es\/praia-do-cabedelo-recibe-la-bandera-azul-durante-20-anos-consecutivos\/\" \/>\n<meta property=\"og:site_name\" content=\"AP HOTELS &amp; RESORTS .\" \/>\n<meta property=\"article:publisher\" content=\"https:\/\/www.facebook.com\/aphotelsresorts\" \/>\n<meta property=\"article:published_time\" content=\"2023-11-23T11:44:02+00:00\" \/>\n<meta property=\"og:image\" content=\"https:\/\/ap-hotelsresorts.com\/wp-content\/uploads\/2023\/11\/Praia-do-Cabedelo.jpg\" \/>\n\t<meta property=\"og:image:width\" content=\"1949\" \/>\n\t<meta property=\"og:image:height\" content=\"1096\" \/>\n\t<meta property=\"og:image:type\" content=\"image\/jpeg\" \/>\n<meta name=\"twitter:card\" content=\"summary_large_image\" \/>\n<meta name=\"twitter:creator\" content=\"@ApHotels\" \/>\n<meta name=\"twitter:site\" content=\"@ApHotels\" \/>\n<meta name=\"twitter:label1\" content=\"Escrito por\" \/>\n\t<meta name=\"twitter:data1\" content=\"marketing ap\" \/>\n\t<meta name=\"twitter:label2\" content=\"Tiempo de lectura\" \/>\n\t<meta name=\"twitter:data2\" content=\"2 minutos\" \/>\n<script type=\"application\/ld+json\" class=\"yoast-schema-graph\">{\"@context\":\"https:\/\/schema.org\",\"@graph\":[{\"@type\":\"Organization\",\"@id\":\"https:\/\/ap-hotelsresorts.com\/#organization\",\"name\":\"AP HOTELS & RESORTS\",\"url\":\"https:\/\/ap-hotelsresorts.com\/\",\"sameAs\":[\"https:\/\/www.facebook.com\/aphotelsresorts\",\"https:\/\/www.instagram.com\/aphotelsresorts\/\",\"https:\/\/www.linkedin.com\/company\/ap-hotels-and-resorts\",\"https:\/\/www.youtube.com\/channel\/UCSmwGBz36kx2XALzeVAlKEg\",\"https:\/\/twitter.com\/ApHotels\"],\"logo\":{\"@type\":\"ImageObject\",\"@id\":\"https:\/\/ap-hotelsresorts.com\/#logo\",\"inLanguage\":\"es\",\"url\":\"https:\/\/ap-hotelsresorts.com\/wp-content\/uploads\/2021\/03\/logo-1.png\",\"contentUrl\":\"https:\/\/ap-hotelsresorts.com\/wp-content\/uploads\/2021\/03\/logo-1.png\",\"width\":\"3915\",\"height\":\"1388\",\"caption\":\"AP HOTELS & RESORTS\"},\"image\":{\"@id\":\"https:\/\/ap-hotelsresorts.com\/#logo\"}},{\"@type\":\"WebSite\",\"@id\":\"https:\/\/ap-hotelsresorts.com\/#website\",\"url\":\"https:\/\/ap-hotelsresorts.com\/\",\"name\":\"AP HOTELS &amp; RESORTS .\",\"description\":\"Albufeira . Faro . Portim\u00e3o . Tavira . Algarve\",\"publisher\":{\"@id\":\"https:\/\/ap-hotelsresorts.com\/#organization\"},\"potentialAction\":[{\"@type\":\"SearchAction\",\"target\":{\"@type\":\"EntryPoint\",\"urlTemplate\":\"https:\/\/ap-hotelsresorts.com\/?s={search_term_string}\"},\"query-input\":\"required name=search_term_string\"}],\"inLanguage\":\"es\"},{\"@type\":\"ImageObject\",\"@id\":\"https:\/\/ap-hotelsresorts.com\/es\/praia-do-cabedelo-recibe-la-bandera-azul-durante-20-anos-consecutivos\/#primaryimage\",\"inLanguage\":\"es\",\"url\":\"https:\/\/ap-hotelsresorts.com\/wp-content\/uploads\/2023\/11\/Praia-do-Cabedelo.jpg\",\"contentUrl\":\"https:\/\/ap-hotelsresorts.com\/wp-content\/uploads\/2023\/11\/Praia-do-Cabedelo.jpg\",\"width\":1949,\"height\":1096},{\"@type\":\"WebPage\",\"@id\":\"https:\/\/ap-hotelsresorts.com\/es\/praia-do-cabedelo-recibe-la-bandera-azul-durante-20-anos-consecutivos\/#webpage\",\"url\":\"https:\/\/ap-hotelsresorts.com\/es\/praia-do-cabedelo-recibe-la-bandera-azul-durante-20-anos-consecutivos\/\",\"name\":\"Praia do Cabedelo recibe la Bandera Azul durante 20 a\u00f1os consecutivos - AP HOTELS &amp; RESORTS .\",\"isPartOf\":{\"@id\":\"https:\/\/ap-hotelsresorts.com\/#website\"},\"primaryImageOfPage\":{\"@id\":\"https:\/\/ap-hotelsresorts.com\/es\/praia-do-cabedelo-recibe-la-bandera-azul-durante-20-anos-consecutivos\/#primaryimage\"},\"datePublished\":\"2023-11-23T11:44:02+00:00\",\"dateModified\":\"2023-11-23T11:44:02+00:00\",\"breadcrumb\":{\"@id\":\"https:\/\/ap-hotelsresorts.com\/es\/praia-do-cabedelo-recibe-la-bandera-azul-durante-20-anos-consecutivos\/#breadcrumb\"},\"inLanguage\":\"es\",\"potentialAction\":[{\"@type\":\"ReadAction\",\"target\":[\"https:\/\/ap-hotelsresorts.com\/es\/praia-do-cabedelo-recibe-la-bandera-azul-durante-20-anos-consecutivos\/\"]}]},{\"@type\":\"BreadcrumbList\",\"@id\":\"https:\/\/ap-hotelsresorts.com\/es\/praia-do-cabedelo-recibe-la-bandera-azul-durante-20-anos-consecutivos\/#breadcrumb\",\"itemListElement\":[{\"@type\":\"ListItem\",\"position\":1,\"name\":\"Home\",\"item\":\"https:\/\/ap-hotelsresorts.com\/es\/\"},{\"@type\":\"ListItem\",\"position\":2,\"name\":\"Praia do Cabedelo recibe la Bandera Azul durante 20 a\u00f1os consecutivos\"}]},{\"@type\":\"Article\",\"@id\":\"https:\/\/ap-hotelsresorts.com\/es\/praia-do-cabedelo-recibe-la-bandera-azul-durante-20-anos-consecutivos\/#article\",\"isPartOf\":{\"@id\":\"https:\/\/ap-hotelsresorts.com\/es\/praia-do-cabedelo-recibe-la-bandera-azul-durante-20-anos-consecutivos\/#webpage\"},\"author\":{\"@id\":\"https:\/\/ap-hotelsresorts.com\/#\/schema\/person\/39ea63a33316ff09e0a075ae0a4bed49\"},\"headline\":\"Praia do Cabedelo recibe la Bandera Azul durante 20 a\u00f1os consecutivos\",\"datePublished\":\"2023-11-23T11:44:02+00:00\",\"dateModified\":\"2023-11-23T11:44:02+00:00\",\"mainEntityOfPage\":{\"@id\":\"https:\/\/ap-hotelsresorts.com\/es\/praia-do-cabedelo-recibe-la-bandera-azul-durante-20-anos-consecutivos\/#webpage\"},\"wordCount\":462,\"publisher\":{\"@id\":\"https:\/\/ap-hotelsresorts.com\/#organization\"},\"image\":{\"@id\":\"https:\/\/ap-hotelsresorts.com\/es\/praia-do-cabedelo-recibe-la-bandera-azul-durante-20-anos-consecutivos\/#primaryimage\"},\"thumbnailUrl\":\"https:\/\/ap-hotelsresorts.com\/wp-content\/uploads\/2023\/11\/Praia-do-Cabedelo.jpg\",\"articleSection\":[\"News (ES)\"],\"inLanguage\":\"es\"},{\"@type\":\"Person\",\"@id\":\"https:\/\/ap-hotelsresorts.com\/#\/schema\/person\/39ea63a33316ff09e0a075ae0a4bed49\",\"name\":\"marketing ap\",\"image\":{\"@type\":\"ImageObject\",\"@id\":\"https:\/\/ap-hotelsresorts.com\/#personlogo\",\"inLanguage\":\"es\",\"url\":\"https:\/\/secure.gravatar.com\/avatar\/80ea62fe6096f55fe36f17f2175dca2f?s=96&d=mm&r=g\",\"contentUrl\":\"https:\/\/secure.gravatar.com\/avatar\/80ea62fe6096f55fe36f17f2175dca2f?s=96&d=mm&r=g\",\"caption\":\"marketing ap\"}}]}<\/script>\n<!-- \/ Yoast SEO plugin. -->","yoast_head_json":{"title":"Praia do Cabedelo recibe la Bandera Azul durante 20 a\u00f1os consecutivos - AP HOTELS &amp; RESORTS .","robots":{"index":"index","follow":"follow","max-snippet":"max-snippet:-1","max-image-preview":"max-image-preview:large","max-video-preview":"max-video-preview:-1"},"canonical":"https:\/\/ap-hotelsresorts.com\/es\/praia-do-cabedelo-recibe-la-bandera-azul-durante-20-anos-consecutivos\/","og_locale":"es_ES","og_type":"article","og_title":"Praia do Cabedelo recibe la Bandera Azul durante 20 a\u00f1os consecutivos - AP HOTELS &amp; RESORTS .","og_description":"La Asociaci\u00f3n Bandera Azul Medio Ambiente y Educaci\u00f3n otorg\u00f3 a la playa de Cabedelo el certificado Bandera Azul durante 20 a\u00f1os consecutivos, sin\u00f3nimo de calidad que distingue el esfuerzo de diversas entidades para hacer posible la convivencia del desarrollo local [&hellip;]","og_url":"https:\/\/ap-hotelsresorts.com\/es\/praia-do-cabedelo-recibe-la-bandera-azul-durante-20-anos-consecutivos\/","og_site_name":"AP HOTELS &amp; RESORTS .","article_publisher":"https:\/\/www.facebook.com\/aphotelsresorts","article_published_time":"2023-11-23T11:44:02+00:00","og_image":[{"width":1949,"height":1096,"url":"https:\/\/ap-hotelsresorts.com\/wp-content\/uploads\/2023\/11\/Praia-do-Cabedelo.jpg","type":"image\/jpeg"}],"twitter_card":"summary_large_image","twitter_creator":"@ApHotels","twitter_site":"@ApHotels","twitter_misc":{"Escrito por":"marketing ap","Tiempo de lectura":"2 minutos"},"schema":{"@context":"https:\/\/schema.org","@graph":[{"@type":"Organization","@id":"https:\/\/ap-hotelsresorts.com\/#organization","name":"AP HOTELS & RESORTS","url":"https:\/\/ap-hotelsresorts.com\/","sameAs":["https:\/\/www.facebook.com\/aphotelsresorts","https:\/\/www.instagram.com\/aphotelsresorts\/","https:\/\/www.linkedin.com\/company\/ap-hotels-and-resorts","https:\/\/www.youtube.com\/channel\/UCSmwGBz36kx2XALzeVAlKEg","https:\/\/twitter.com\/ApHotels"],"logo":{"@type":"ImageObject","@id":"https:\/\/ap-hotelsresorts.com\/#logo","inLanguage":"es","url":"https:\/\/ap-hotelsresorts.com\/wp-content\/uploads\/2021\/03\/logo-1.png","contentUrl":"https:\/\/ap-hotelsresorts.com\/wp-content\/uploads\/2021\/03\/logo-1.png","width":"3915","height":"1388","caption":"AP HOTELS & RESORTS"},"image":{"@id":"https:\/\/ap-hotelsresorts.com\/#logo"}},{"@type":"WebSite","@id":"https:\/\/ap-hotelsresorts.com\/#website","url":"https:\/\/ap-hotelsresorts.com\/","name":"AP HOTELS &amp; RESORTS .","description":"Albufeira . Faro . Portim\u00e3o . Tavira . Algarve","publisher":{"@id":"https:\/\/ap-hotelsresorts.com\/#organization"},"potentialAction":[{"@type":"SearchAction","target":{"@type":"EntryPoint","urlTemplate":"https:\/\/ap-hotelsresorts.com\/?s={search_term_string}"},"query-input":"required name=search_term_string"}],"inLanguage":"es"},{"@type":"ImageObject","@id":"https:\/\/ap-hotelsresorts.com\/es\/praia-do-cabedelo-recibe-la-bandera-azul-durante-20-anos-consecutivos\/#primaryimage","inLanguage":"es","url":"https:\/\/ap-hotelsresorts.com\/wp-content\/uploads\/2023\/11\/Praia-do-Cabedelo.jpg","contentUrl":"https:\/\/ap-hotelsresorts.com\/wp-content\/uploads\/2023\/11\/Praia-do-Cabedelo.jpg","width":1949,"height":1096},{"@type":"WebPage","@id":"https:\/\/ap-hotelsresorts.com\/es\/praia-do-cabedelo-recibe-la-bandera-azul-durante-20-anos-consecutivos\/#webpage","url":"https:\/\/ap-hotelsresorts.com\/es\/praia-do-cabedelo-recibe-la-bandera-azul-durante-20-anos-consecutivos\/","name":"Praia do Cabedelo recibe la Bandera Azul durante 20 a\u00f1os consecutivos - AP HOTELS &amp; RESORTS .","isPartOf":{"@id":"https:\/\/ap-hotelsresorts.com\/#website"},"primaryImageOfPage":{"@id":"https:\/\/ap-hotelsresorts.com\/es\/praia-do-cabedelo-recibe-la-bandera-azul-durante-20-anos-consecutivos\/#primaryimage"},"datePublished":"2023-11-23T11:44:02+00:00","dateModified":"2023-11-23T11:44:02+00:00","breadcrumb":{"@id":"https:\/\/ap-hotelsresorts.com\/es\/praia-do-cabedelo-recibe-la-bandera-azul-durante-20-anos-consecutivos\/#breadcrumb"},"inLanguage":"es","potentialAction":[{"@type":"ReadAction","target":["https:\/\/ap-hotelsresorts.com\/es\/praia-do-cabedelo-recibe-la-bandera-azul-durante-20-anos-consecutivos\/"]}]},{"@type":"BreadcrumbList","@id":"https:\/\/ap-hotelsresorts.com\/es\/praia-do-cabedelo-recibe-la-bandera-azul-durante-20-anos-consecutivos\/#breadcrumb","itemListElement":[{"@type":"ListItem","position":1,"name":"Home","item":"https:\/\/ap-hotelsresorts.com\/es\/"},{"@type":"ListItem","position":2,"name":"Praia do Cabedelo recibe la Bandera Azul durante 20 a\u00f1os consecutivos"}]},{"@type":"Article","@id":"https:\/\/ap-hotelsresorts.com\/es\/praia-do-cabedelo-recibe-la-bandera-azul-durante-20-anos-consecutivos\/#article","isPartOf":{"@id":"https:\/\/ap-hotelsresorts.com\/es\/praia-do-cabedelo-recibe-la-bandera-azul-durante-20-anos-consecutivos\/#webpage"},"author":{"@id":"https:\/\/ap-hotelsresorts.com\/#\/schema\/person\/39ea63a33316ff09e0a075ae0a4bed49"},"headline":"Praia do Cabedelo recibe la Bandera Azul durante 20 a\u00f1os consecutivos","datePublished":"2023-11-23T11:44:02+00:00","dateModified":"2023-11-23T11:44:02+00:00","mainEntityOfPage":{"@id":"https:\/\/ap-hotelsresorts.com\/es\/praia-do-cabedelo-recibe-la-bandera-azul-durante-20-anos-consecutivos\/#webpage"},"wordCount":462,"publisher":{"@id":"https:\/\/ap-hotelsresorts.com\/#organization"},"image":{"@id":"https:\/\/ap-hotelsresorts.com\/es\/praia-do-cabedelo-recibe-la-bandera-azul-durante-20-anos-consecutivos\/#primaryimage"},"thumbnailUrl":"https:\/\/ap-hotelsresorts.com\/wp-content\/uploads\/2023\/11\/Praia-do-Cabedelo.jpg","articleSection":["News (ES)"],"inLanguage":"es"},{"@type":"Person","@id":"https:\/\/ap-hotelsresorts.com\/#\/schema\/person\/39ea63a33316ff09e0a075ae0a4bed49","name":"marketing ap","image":{"@type":"ImageObject","@id":"https:\/\/ap-hotelsresorts.com\/#personlogo","inLanguage":"es","url":"https:\/\/secure.gravatar.com\/avatar\/80ea62fe6096f55fe36f17f2175dca2f?s=96&d=mm&r=g","contentUrl":"https:\/\/secure.gravatar.com\/avatar\/80ea62fe6096f55fe36f17f2175dca2f?s=96&d=mm&r=g","caption":"marketing ap"}}]}},"_links":{"self":[{"href":"https:\/\/ap-hotelsresorts.com\/es\/wp-json\/wp\/v2\/posts\/46304"}],"collection":[{"href":"https:\/\/ap-hotelsresorts.com\/es\/wp-json\/wp\/v2\/posts"}],"about":[{"href":"https:\/\/ap-hotelsresorts.com\/es\/wp-json\/wp\/v2\/types\/post"}],"author":[{"embeddable":true,"href":"https:\/\/ap-hotelsresorts.com\/es\/wp-json\/wp\/v2\/users\/11"}],"replies":[{"embeddable":true,"href":"https:\/\/ap-hotelsresorts.com\/es\/wp-json\/wp\/v2\/comments?post=46304"}],"version-history":[{"count":0,"href":"https:\/\/ap-hotelsresorts.com\/es\/wp-json\/wp\/v2\/posts\/46304\/revisions"}],"wp:featuredmedia":[{"embeddable":true,"href":"https:\/\/ap-hotelsresorts.com\/es\/wp-json\/wp\/v2\/media\/46300"}],"wp:attachment":[{"href":"https:\/\/ap-hotelsresorts.com\/es\/wp-json\/wp\/v2\/media?parent=46304"}],"wp:term":[{"taxonomy":"category","embeddable":true,"href":"https:\/\/ap-hotelsresorts.com\/es\/wp-json\/wp\/v2\/categories?post=46304"},{"taxonomy":"post_tag","embeddable":true,"href":"https:\/\/ap-hotelsresorts.com\/es\/wp-json\/wp\/v2\/tags?post=46304"}],"curies":[{"name":"wp","href":"https:\/\/api.w.org\/{rel}","templated":true}]}}