{"id":53182,"date":"2024-09-20T13:52:54","date_gmt":"2024-09-20T13:52:54","guid":{"rendered":"https:\/\/ap-hotelsresorts.com\/?p=53182"},"modified":"2024-09-20T13:52:54","modified_gmt":"2024-09-20T13:52:54","slug":"afro-nation-festival-en-portimao-lo-mejor-de-la-musica-afrobeat-y-mas-bajo-el-sol-del-algarve","status":"publish","type":"post","link":"https:\/\/ap-hotelsresorts.com\/es\/afro-nation-festival-en-portimao-lo-mejor-de-la-musica-afrobeat-y-mas-bajo-el-sol-del-algarve\/","title":{"rendered":"Afro Nation Festival en Portim\u00e3o: lo mejor de la m\u00fasica afrobeat y m\u00e1s bajo el sol del Algarve"},"content":{"rendered":"<p>El Algarve, ya conocido por sus impresionantes playas y su clima c\u00e1lido, se ha convertido en los \u00faltimos a\u00f1os en el escenario de uno de los mayores festivales de m\u00fasica afrobeat del mundo: <strong>Afro Nation<\/strong>. Celebrado anualmente en la vibrante ciudad de Portim\u00e3o, en Praia da Rocha, este evento atrae a miles de aficionados a la m\u00fasica de todo el mundo para celebrar la cultura africana, con un programa repleto de artistas de renombre internacional.<\/p>\n<p>&nbsp;<\/p>\n<h2><strong>\u00bfQu\u00e9 es Afro Nation?<\/strong><\/h2>\n<p>&nbsp;<\/p>\n<p>Lanzado en 2019, Afro Nation se ha consolidado r\u00e1pidamente como uno de los festivales m\u00e1s esperados del verano europeo. El evento est\u00e1 dedicado a g\u00e9neros musicales como <strong>el afrobeats, el dancehall, el reggae y el hip-hop<\/strong>, sonidos que han ganado adeptos en todos los rincones del planeta. M\u00e1s all\u00e1 de la m\u00fasica, el festival es una celebraci\u00f3n de la diversidad, que promueve el encuentro de diferentes culturas y comunidades.<\/p>\n<p>Portim\u00e3o, situada en el coraz\u00f3n del Algarve, ofrece un marco paradis\u00edaco para el festival, con la Praia da Rocha como escenario principal, donde durante tres d\u00edas se convierte en punto de encuentro para los amantes de la m\u00fasica y la cultura afro, en un ambiente lleno de buenas vibraciones.<\/p>\n<p>&nbsp;<\/p>\n<h2><strong>\u00bfCu\u00e1ndo se celebra Afronation?<\/strong><\/h2>\n<p><strong>\u00a0<\/strong><\/p>\n<p>En 2025, Afronation se celebrar\u00e1 del 9 al 11 de julio y las entradas ya est\u00e1n a la venta en los puntos habituales.<\/p>\n<p><strong>\u00a0<\/strong><\/p>\n<h2><strong>\u00bfPor qu\u00e9 debo ir a Afronation?<\/strong><\/h2>\n<p>&nbsp;<\/p>\n<p>Afro Nation es mucho m\u00e1s que m\u00fasica. Es una aut\u00e9ntica inmersi\u00f3n cultural, con un ambiente que mezcla lo mejor de la m\u00fasica africana con influencias caribe\u00f1as, latinas y occidentales. He aqu\u00ed algunas razones por las que el festival destaca:<\/p>\n<p>&nbsp;<\/p>\n<ol>\n<li><strong>Cartel de artistas de talla mundial:<\/strong> El festival trae grandes nombres de la escena musical mundial. Artistas como Burna Boy, Wizkid, Davido y Megan Thee Stallion ya se han subido al escenario de Afro Nation. En cada edici\u00f3n, los organizadores garantizan un cartel diverso y de gran calidad.<\/li>\n<li><strong>Ambiente inigualable:<\/strong> el festival se celebra en la Praia da Rocha de Portim\u00e3o, lo que proporciona una experiencia \u00fanica. Imagina escuchar los grandes \u00e9xitos del afrobeat mientras disfrutas de la puesta de sol en el horizonte o bailas hasta tarde con el mar como tel\u00f3n de fondo.<\/li>\n<li><strong>Actividades para todos los gustos:<\/strong> Adem\u00e1s de los conciertos, Afro Nation tambi\u00e9n ofrece fiestas en barco, after-parties y diversas actividades paralelas que mantienen alta la energ\u00eda del evento durante todo el d\u00eda y la noche.<\/li>\n<li><strong>Celebrar la cultura africana:<\/strong> Afro Nation es tambi\u00e9n una oportunidad para destacar y apreciar la riqueza de la cultura africana. Desde la m\u00fasica hasta la moda y la gastronom\u00eda, el festival promueve una celebraci\u00f3n inclusiva y vibrante que resuena entre los asistentes de todos los or\u00edgenes.<\/li>\n<\/ol>\n<p><strong>\u00a0<\/strong><\/p>\n<h2><strong>\u00bfD\u00f3nde alojarse durante Afronation?<\/strong><\/h2>\n<p>&nbsp;<\/p>\n<p><img decoding=\"async\" loading=\"lazy\" class=\"alignnone size-medium wp-image-22298\" src=\"https:\/\/ap-hotelsresorts.com\/wp-content\/uploads\/2021\/02\/slide-oriental-05-1-300x169.jpg\" alt=\"\" width=\"300\" height=\"169\" srcset=\"https:\/\/ap-hotelsresorts.com\/wp-content\/uploads\/2021\/02\/slide-oriental-05-1-300x169.jpg 300w, https:\/\/ap-hotelsresorts.com\/wp-content\/uploads\/2021\/02\/slide-oriental-05-1-1024x575.jpg 1024w, https:\/\/ap-hotelsresorts.com\/wp-content\/uploads\/2021\/02\/slide-oriental-05-1-768x431.jpg 768w, https:\/\/ap-hotelsresorts.com\/wp-content\/uploads\/2021\/02\/slide-oriental-05-1-1536x863.jpg 1536w, https:\/\/ap-hotelsresorts.com\/wp-content\/uploads\/2021\/02\/slide-oriental-05-1-600x337.jpg 600w\" sizes=\"(max-width: 300px) 100vw, 300px\" \/><\/p>\n<p>&nbsp;<\/p>\n<p>Una de las principales preocupaciones de los asistentes a Afro Nation es asegurarse un lugar c\u00f3modo y estrat\u00e9gico para descansar.<\/p>\n<p>Si desea estar cerca de la acci\u00f3n, pero al mismo tiempo disfrutar de tranquilidad y comodidad, el <span style=\"text-decoration: underline;\"><a href=\"https:\/\/ap-hotelsresorts.com\/es\/oriental\/\"><strong>AP Oriental Beach<\/strong><\/a><\/span> es una excelente opci\u00f3n. Este elegante hotel est\u00e1 situado en Praia da Rocha, con acceso directo al recinto del festival. El AP Oriental Beach ofrece modernas habitaciones con impresionantes vistas a Praia da Rocha, que proporcionan el equilibrio perfecto entre el ambiente festivo de Afro Nation y la relajaci\u00f3n necesaria tras horas de m\u00fasica y baile. Adem\u00e1s, el hotel cuenta con todas las instalaciones necesarias para una estancia confortable, incluida una piscina y un restaurante, ideales para recuperar energ\u00edas.<\/p>\n<p><a href=\"https:\/\/ap-oriental-dot-ap-hotels.appspot.com\/booking1?adultsRoom1=2\"><span style=\"text-decoration: underline;\">Reserve ya su estancia en el AP Oriental Beach<\/span><\/a> y disfrute al m\u00e1ximo de Afronation.<\/p>\n","protected":false},"excerpt":{"rendered":"<p>El Algarve, ya conocido por sus impresionantes playas y su clima c\u00e1lido, se ha convertido en los \u00faltimos a\u00f1os en el escenario de uno de los mayores festivales de m\u00fasica afrobeat del mundo: Afro Nation. Celebrado anualmente en la vibrante [&hellip;]<\/p>\n","protected":false},"author":11,"featured_media":45081,"comment_status":"closed","ping_status":"closed","sticky":false,"template":"","format":"standard","meta":[],"categories":[465],"tags":[],"yoast_head":"<!-- This site is optimized with the Yoast SEO plugin v18.1 - https:\/\/yoast.com\/wordpress\/plugins\/seo\/ -->\n<title>Afro Nation Festival en Portim\u00e3o: lo mejor de la m\u00fasica afrobeat y m\u00e1s bajo el sol del Algarve - AP HOTELS &amp; RESORTS .<\/title>\n<meta name=\"robots\" content=\"index, follow, max-snippet:-1, max-image-preview:large, max-video-preview:-1\" \/>\n<link rel=\"canonical\" href=\"https:\/\/ap-hotelsresorts.com\/es\/afro-nation-festival-en-portimao-lo-mejor-de-la-musica-afrobeat-y-mas-bajo-el-sol-del-algarve\/\" \/>\n<meta property=\"og:locale\" content=\"es_ES\" \/>\n<meta property=\"og:type\" content=\"article\" \/>\n<meta property=\"og:title\" content=\"Afro Nation Festival en Portim\u00e3o: lo mejor de la m\u00fasica afrobeat y m\u00e1s bajo el sol del Algarve - AP HOTELS &amp; RESORTS .\" \/>\n<meta property=\"og:description\" content=\"El Algarve, ya conocido por sus impresionantes playas y su clima c\u00e1lido, se ha convertido en los \u00faltimos a\u00f1os en el escenario de uno de los mayores festivales de m\u00fasica afrobeat del mundo: Afro Nation. Celebrado anualmente en la vibrante [&hellip;]\" \/>\n<meta property=\"og:url\" content=\"https:\/\/ap-hotelsresorts.com\/es\/afro-nation-festival-en-portimao-lo-mejor-de-la-musica-afrobeat-y-mas-bajo-el-sol-del-algarve\/\" \/>\n<meta property=\"og:site_name\" content=\"AP HOTELS &amp; RESORTS .\" \/>\n<meta property=\"article:publisher\" content=\"https:\/\/www.facebook.com\/aphotelsresorts\" \/>\n<meta property=\"article:published_time\" content=\"2024-09-20T13:52:54+00:00\" \/>\n<meta property=\"og:image\" content=\"https:\/\/ap-hotelsresorts.com\/wp-content\/uploads\/2023\/09\/Afronation-Festival.jpg\" \/>\n\t<meta property=\"og:image:width\" content=\"1920\" \/>\n\t<meta property=\"og:image:height\" content=\"1280\" \/>\n\t<meta property=\"og:image:type\" content=\"image\/jpeg\" \/>\n<meta name=\"twitter:card\" content=\"summary_large_image\" \/>\n<meta name=\"twitter:creator\" content=\"@ApHotels\" \/>\n<meta name=\"twitter:site\" content=\"@ApHotels\" \/>\n<meta name=\"twitter:label1\" content=\"Escrito por\" \/>\n\t<meta name=\"twitter:data1\" content=\"marketing ap\" \/>\n\t<meta name=\"twitter:label2\" content=\"Tiempo de lectura\" \/>\n\t<meta name=\"twitter:data2\" content=\"3 minutos\" \/>\n<script type=\"application\/ld+json\" class=\"yoast-schema-graph\">{\"@context\":\"https:\/\/schema.org\",\"@graph\":[{\"@type\":\"Organization\",\"@id\":\"https:\/\/ap-hotelsresorts.com\/#organization\",\"name\":\"AP HOTELS & RESORTS\",\"url\":\"https:\/\/ap-hotelsresorts.com\/\",\"sameAs\":[\"https:\/\/www.facebook.com\/aphotelsresorts\",\"https:\/\/www.instagram.com\/aphotelsresorts\/\",\"https:\/\/www.linkedin.com\/company\/ap-hotels-and-resorts\",\"https:\/\/www.youtube.com\/channel\/UCSmwGBz36kx2XALzeVAlKEg\",\"https:\/\/twitter.com\/ApHotels\"],\"logo\":{\"@type\":\"ImageObject\",\"@id\":\"https:\/\/ap-hotelsresorts.com\/#logo\",\"inLanguage\":\"es\",\"url\":\"https:\/\/ap-hotelsresorts.com\/wp-content\/uploads\/2021\/03\/logo-1.png\",\"contentUrl\":\"https:\/\/ap-hotelsresorts.com\/wp-content\/uploads\/2021\/03\/logo-1.png\",\"width\":\"3915\",\"height\":\"1388\",\"caption\":\"AP HOTELS & RESORTS\"},\"image\":{\"@id\":\"https:\/\/ap-hotelsresorts.com\/#logo\"}},{\"@type\":\"WebSite\",\"@id\":\"https:\/\/ap-hotelsresorts.com\/#website\",\"url\":\"https:\/\/ap-hotelsresorts.com\/\",\"name\":\"AP HOTELS &amp; RESORTS .\",\"description\":\"Albufeira . Faro . Portim\u00e3o . Tavira . Algarve\",\"publisher\":{\"@id\":\"https:\/\/ap-hotelsresorts.com\/#organization\"},\"potentialAction\":[{\"@type\":\"SearchAction\",\"target\":{\"@type\":\"EntryPoint\",\"urlTemplate\":\"https:\/\/ap-hotelsresorts.com\/?s={search_term_string}\"},\"query-input\":\"required name=search_term_string\"}],\"inLanguage\":\"es\"},{\"@type\":\"ImageObject\",\"@id\":\"https:\/\/ap-hotelsresorts.com\/es\/afro-nation-festival-en-portimao-lo-mejor-de-la-musica-afrobeat-y-mas-bajo-el-sol-del-algarve\/#primaryimage\",\"inLanguage\":\"es\",\"url\":\"https:\/\/ap-hotelsresorts.com\/wp-content\/uploads\/2023\/09\/Afronation-Festival.jpg\",\"contentUrl\":\"https:\/\/ap-hotelsresorts.com\/wp-content\/uploads\/2023\/09\/Afronation-Festival.jpg\",\"width\":1920,\"height\":1280,\"caption\":\"Artista a atuar no palco do festival Afronation em Portim\u00e3o\"},{\"@type\":\"WebPage\",\"@id\":\"https:\/\/ap-hotelsresorts.com\/es\/afro-nation-festival-en-portimao-lo-mejor-de-la-musica-afrobeat-y-mas-bajo-el-sol-del-algarve\/#webpage\",\"url\":\"https:\/\/ap-hotelsresorts.com\/es\/afro-nation-festival-en-portimao-lo-mejor-de-la-musica-afrobeat-y-mas-bajo-el-sol-del-algarve\/\",\"name\":\"Afro Nation Festival en Portim\u00e3o: lo mejor de la m\u00fasica afrobeat y m\u00e1s bajo el sol del Algarve - AP HOTELS &amp; RESORTS .\",\"isPartOf\":{\"@id\":\"https:\/\/ap-hotelsresorts.com\/#website\"},\"primaryImageOfPage\":{\"@id\":\"https:\/\/ap-hotelsresorts.com\/es\/afro-nation-festival-en-portimao-lo-mejor-de-la-musica-afrobeat-y-mas-bajo-el-sol-del-algarve\/#primaryimage\"},\"datePublished\":\"2024-09-20T13:52:54+00:00\",\"dateModified\":\"2024-09-20T13:52:54+00:00\",\"breadcrumb\":{\"@id\":\"https:\/\/ap-hotelsresorts.com\/es\/afro-nation-festival-en-portimao-lo-mejor-de-la-musica-afrobeat-y-mas-bajo-el-sol-del-algarve\/#breadcrumb\"},\"inLanguage\":\"es\",\"potentialAction\":[{\"@type\":\"ReadAction\",\"target\":[\"https:\/\/ap-hotelsresorts.com\/es\/afro-nation-festival-en-portimao-lo-mejor-de-la-musica-afrobeat-y-mas-bajo-el-sol-del-algarve\/\"]}]},{\"@type\":\"BreadcrumbList\",\"@id\":\"https:\/\/ap-hotelsresorts.com\/es\/afro-nation-festival-en-portimao-lo-mejor-de-la-musica-afrobeat-y-mas-bajo-el-sol-del-algarve\/#breadcrumb\",\"itemListElement\":[{\"@type\":\"ListItem\",\"position\":1,\"name\":\"Home\",\"item\":\"https:\/\/ap-hotelsresorts.com\/es\/\"},{\"@type\":\"ListItem\",\"position\":2,\"name\":\"Afro Nation Festival en Portim\u00e3o: lo mejor de la m\u00fasica afrobeat y m\u00e1s bajo el sol del Algarve\"}]},{\"@type\":\"Article\",\"@id\":\"https:\/\/ap-hotelsresorts.com\/es\/afro-nation-festival-en-portimao-lo-mejor-de-la-musica-afrobeat-y-mas-bajo-el-sol-del-algarve\/#article\",\"isPartOf\":{\"@id\":\"https:\/\/ap-hotelsresorts.com\/es\/afro-nation-festival-en-portimao-lo-mejor-de-la-musica-afrobeat-y-mas-bajo-el-sol-del-algarve\/#webpage\"},\"author\":{\"@id\":\"https:\/\/ap-hotelsresorts.com\/#\/schema\/person\/39ea63a33316ff09e0a075ae0a4bed49\"},\"headline\":\"Afro Nation Festival en Portim\u00e3o: lo mejor de la m\u00fasica afrobeat y m\u00e1s bajo el sol del Algarve\",\"datePublished\":\"2024-09-20T13:52:54+00:00\",\"dateModified\":\"2024-09-20T13:52:54+00:00\",\"mainEntityOfPage\":{\"@id\":\"https:\/\/ap-hotelsresorts.com\/es\/afro-nation-festival-en-portimao-lo-mejor-de-la-musica-afrobeat-y-mas-bajo-el-sol-del-algarve\/#webpage\"},\"wordCount\":653,\"publisher\":{\"@id\":\"https:\/\/ap-hotelsresorts.com\/#organization\"},\"image\":{\"@id\":\"https:\/\/ap-hotelsresorts.com\/es\/afro-nation-festival-en-portimao-lo-mejor-de-la-musica-afrobeat-y-mas-bajo-el-sol-del-algarve\/#primaryimage\"},\"thumbnailUrl\":\"https:\/\/ap-hotelsresorts.com\/wp-content\/uploads\/2023\/09\/Afronation-Festival.jpg\",\"articleSection\":[\"News (ES)\"],\"inLanguage\":\"es\"},{\"@type\":\"Person\",\"@id\":\"https:\/\/ap-hotelsresorts.com\/#\/schema\/person\/39ea63a33316ff09e0a075ae0a4bed49\",\"name\":\"marketing ap\",\"image\":{\"@type\":\"ImageObject\",\"@id\":\"https:\/\/ap-hotelsresorts.com\/#personlogo\",\"inLanguage\":\"es\",\"url\":\"https:\/\/secure.gravatar.com\/avatar\/80ea62fe6096f55fe36f17f2175dca2f?s=96&d=mm&r=g\",\"contentUrl\":\"https:\/\/secure.gravatar.com\/avatar\/80ea62fe6096f55fe36f17f2175dca2f?s=96&d=mm&r=g\",\"caption\":\"marketing ap\"}}]}<\/script>\n<!-- \/ Yoast SEO plugin. -->","yoast_head_json":{"title":"Afro Nation Festival en Portim\u00e3o: lo mejor de la m\u00fasica afrobeat y m\u00e1s bajo el sol del Algarve - AP HOTELS &amp; RESORTS .","robots":{"index":"index","follow":"follow","max-snippet":"max-snippet:-1","max-image-preview":"max-image-preview:large","max-video-preview":"max-video-preview:-1"},"canonical":"https:\/\/ap-hotelsresorts.com\/es\/afro-nation-festival-en-portimao-lo-mejor-de-la-musica-afrobeat-y-mas-bajo-el-sol-del-algarve\/","og_locale":"es_ES","og_type":"article","og_title":"Afro Nation Festival en Portim\u00e3o: lo mejor de la m\u00fasica afrobeat y m\u00e1s bajo el sol del Algarve - AP HOTELS &amp; RESORTS .","og_description":"El Algarve, ya conocido por sus impresionantes playas y su clima c\u00e1lido, se ha convertido en los \u00faltimos a\u00f1os en el escenario de uno de los mayores festivales de m\u00fasica afrobeat del mundo: Afro Nation. Celebrado anualmente en la vibrante [&hellip;]","og_url":"https:\/\/ap-hotelsresorts.com\/es\/afro-nation-festival-en-portimao-lo-mejor-de-la-musica-afrobeat-y-mas-bajo-el-sol-del-algarve\/","og_site_name":"AP HOTELS &amp; RESORTS .","article_publisher":"https:\/\/www.facebook.com\/aphotelsresorts","article_published_time":"2024-09-20T13:52:54+00:00","og_image":[{"width":1920,"height":1280,"url":"https:\/\/ap-hotelsresorts.com\/wp-content\/uploads\/2023\/09\/Afronation-Festival.jpg","type":"image\/jpeg"}],"twitter_card":"summary_large_image","twitter_creator":"@ApHotels","twitter_site":"@ApHotels","twitter_misc":{"Escrito por":"marketing ap","Tiempo de lectura":"3 minutos"},"schema":{"@context":"https:\/\/schema.org","@graph":[{"@type":"Organization","@id":"https:\/\/ap-hotelsresorts.com\/#organization","name":"AP HOTELS & RESORTS","url":"https:\/\/ap-hotelsresorts.com\/","sameAs":["https:\/\/www.facebook.com\/aphotelsresorts","https:\/\/www.instagram.com\/aphotelsresorts\/","https:\/\/www.linkedin.com\/company\/ap-hotels-and-resorts","https:\/\/www.youtube.com\/channel\/UCSmwGBz36kx2XALzeVAlKEg","https:\/\/twitter.com\/ApHotels"],"logo":{"@type":"ImageObject","@id":"https:\/\/ap-hotelsresorts.com\/#logo","inLanguage":"es","url":"https:\/\/ap-hotelsresorts.com\/wp-content\/uploads\/2021\/03\/logo-1.png","contentUrl":"https:\/\/ap-hotelsresorts.com\/wp-content\/uploads\/2021\/03\/logo-1.png","width":"3915","height":"1388","caption":"AP HOTELS & RESORTS"},"image":{"@id":"https:\/\/ap-hotelsresorts.com\/#logo"}},{"@type":"WebSite","@id":"https:\/\/ap-hotelsresorts.com\/#website","url":"https:\/\/ap-hotelsresorts.com\/","name":"AP HOTELS &amp; RESORTS .","description":"Albufeira . Faro . Portim\u00e3o . Tavira . Algarve","publisher":{"@id":"https:\/\/ap-hotelsresorts.com\/#organization"},"potentialAction":[{"@type":"SearchAction","target":{"@type":"EntryPoint","urlTemplate":"https:\/\/ap-hotelsresorts.com\/?s={search_term_string}"},"query-input":"required name=search_term_string"}],"inLanguage":"es"},{"@type":"ImageObject","@id":"https:\/\/ap-hotelsresorts.com\/es\/afro-nation-festival-en-portimao-lo-mejor-de-la-musica-afrobeat-y-mas-bajo-el-sol-del-algarve\/#primaryimage","inLanguage":"es","url":"https:\/\/ap-hotelsresorts.com\/wp-content\/uploads\/2023\/09\/Afronation-Festival.jpg","contentUrl":"https:\/\/ap-hotelsresorts.com\/wp-content\/uploads\/2023\/09\/Afronation-Festival.jpg","width":1920,"height":1280,"caption":"Artista a atuar no palco do festival Afronation em Portim\u00e3o"},{"@type":"WebPage","@id":"https:\/\/ap-hotelsresorts.com\/es\/afro-nation-festival-en-portimao-lo-mejor-de-la-musica-afrobeat-y-mas-bajo-el-sol-del-algarve\/#webpage","url":"https:\/\/ap-hotelsresorts.com\/es\/afro-nation-festival-en-portimao-lo-mejor-de-la-musica-afrobeat-y-mas-bajo-el-sol-del-algarve\/","name":"Afro Nation Festival en Portim\u00e3o: lo mejor de la m\u00fasica afrobeat y m\u00e1s bajo el sol del Algarve - AP HOTELS &amp; RESORTS .","isPartOf":{"@id":"https:\/\/ap-hotelsresorts.com\/#website"},"primaryImageOfPage":{"@id":"https:\/\/ap-hotelsresorts.com\/es\/afro-nation-festival-en-portimao-lo-mejor-de-la-musica-afrobeat-y-mas-bajo-el-sol-del-algarve\/#primaryimage"},"datePublished":"2024-09-20T13:52:54+00:00","dateModified":"2024-09-20T13:52:54+00:00","breadcrumb":{"@id":"https:\/\/ap-hotelsresorts.com\/es\/afro-nation-festival-en-portimao-lo-mejor-de-la-musica-afrobeat-y-mas-bajo-el-sol-del-algarve\/#breadcrumb"},"inLanguage":"es","potentialAction":[{"@type":"ReadAction","target":["https:\/\/ap-hotelsresorts.com\/es\/afro-nation-festival-en-portimao-lo-mejor-de-la-musica-afrobeat-y-mas-bajo-el-sol-del-algarve\/"]}]},{"@type":"BreadcrumbList","@id":"https:\/\/ap-hotelsresorts.com\/es\/afro-nation-festival-en-portimao-lo-mejor-de-la-musica-afrobeat-y-mas-bajo-el-sol-del-algarve\/#breadcrumb","itemListElement":[{"@type":"ListItem","position":1,"name":"Home","item":"https:\/\/ap-hotelsresorts.com\/es\/"},{"@type":"ListItem","position":2,"name":"Afro Nation Festival en Portim\u00e3o: lo mejor de la m\u00fasica afrobeat y m\u00e1s bajo el sol del Algarve"}]},{"@type":"Article","@id":"https:\/\/ap-hotelsresorts.com\/es\/afro-nation-festival-en-portimao-lo-mejor-de-la-musica-afrobeat-y-mas-bajo-el-sol-del-algarve\/#article","isPartOf":{"@id":"https:\/\/ap-hotelsresorts.com\/es\/afro-nation-festival-en-portimao-lo-mejor-de-la-musica-afrobeat-y-mas-bajo-el-sol-del-algarve\/#webpage"},"author":{"@id":"https:\/\/ap-hotelsresorts.com\/#\/schema\/person\/39ea63a33316ff09e0a075ae0a4bed49"},"headline":"Afro Nation Festival en Portim\u00e3o: lo mejor de la m\u00fasica afrobeat y m\u00e1s bajo el sol del Algarve","datePublished":"2024-09-20T13:52:54+00:00","dateModified":"2024-09-20T13:52:54+00:00","mainEntityOfPage":{"@id":"https:\/\/ap-hotelsresorts.com\/es\/afro-nation-festival-en-portimao-lo-mejor-de-la-musica-afrobeat-y-mas-bajo-el-sol-del-algarve\/#webpage"},"wordCount":653,"publisher":{"@id":"https:\/\/ap-hotelsresorts.com\/#organization"},"image":{"@id":"https:\/\/ap-hotelsresorts.com\/es\/afro-nation-festival-en-portimao-lo-mejor-de-la-musica-afrobeat-y-mas-bajo-el-sol-del-algarve\/#primaryimage"},"thumbnailUrl":"https:\/\/ap-hotelsresorts.com\/wp-content\/uploads\/2023\/09\/Afronation-Festival.jpg","articleSection":["News (ES)"],"inLanguage":"es"},{"@type":"Person","@id":"https:\/\/ap-hotelsresorts.com\/#\/schema\/person\/39ea63a33316ff09e0a075ae0a4bed49","name":"marketing ap","image":{"@type":"ImageObject","@id":"https:\/\/ap-hotelsresorts.com\/#personlogo","inLanguage":"es","url":"https:\/\/secure.gravatar.com\/avatar\/80ea62fe6096f55fe36f17f2175dca2f?s=96&d=mm&r=g","contentUrl":"https:\/\/secure.gravatar.com\/avatar\/80ea62fe6096f55fe36f17f2175dca2f?s=96&d=mm&r=g","caption":"marketing ap"}}]}},"_links":{"self":[{"href":"https:\/\/ap-hotelsresorts.com\/es\/wp-json\/wp\/v2\/posts\/53182"}],"collection":[{"href":"https:\/\/ap-hotelsresorts.com\/es\/wp-json\/wp\/v2\/posts"}],"about":[{"href":"https:\/\/ap-hotelsresorts.com\/es\/wp-json\/wp\/v2\/types\/post"}],"author":[{"embeddable":true,"href":"https:\/\/ap-hotelsresorts.com\/es\/wp-json\/wp\/v2\/users\/11"}],"replies":[{"embeddable":true,"href":"https:\/\/ap-hotelsresorts.com\/es\/wp-json\/wp\/v2\/comments?post=53182"}],"version-history":[{"count":0,"href":"https:\/\/ap-hotelsresorts.com\/es\/wp-json\/wp\/v2\/posts\/53182\/revisions"}],"wp:featuredmedia":[{"embeddable":true,"href":"https:\/\/ap-hotelsresorts.com\/es\/wp-json\/wp\/v2\/media\/45081"}],"wp:attachment":[{"href":"https:\/\/ap-hotelsresorts.com\/es\/wp-json\/wp\/v2\/media?parent=53182"}],"wp:term":[{"taxonomy":"category","embeddable":true,"href":"https:\/\/ap-hotelsresorts.com\/es\/wp-json\/wp\/v2\/categories?post=53182"},{"taxonomy":"post_tag","embeddable":true,"href":"https:\/\/ap-hotelsresorts.com\/es\/wp-json\/wp\/v2\/tags?post=53182"}],"curies":[{"name":"wp","href":"https:\/\/api.w.org\/{rel}","templated":true}]}}