{"id":53214,"date":"2024-09-23T11:02:07","date_gmt":"2024-09-23T11:02:07","guid":{"rendered":"https:\/\/ap-hotelsresorts.com\/?p=53214"},"modified":"2024-09-23T11:02:07","modified_gmt":"2024-09-23T11:02:07","slug":"nueva-temporada-de-la-orquesta-del-algarve-presentada-en-ap-eva-senses","status":"publish","type":"post","link":"https:\/\/ap-hotelsresorts.com\/es\/nueva-temporada-de-la-orquesta-del-algarve-presentada-en-ap-eva-senses\/","title":{"rendered":"NUEVA TEMPORADA DE LA ORQUESTA DEL ALGARVE PRESENTADA EN AP EVA SENSES"},"content":{"rendered":"<p>La Orquesta del Algarve present\u00f3 su nueva temporada en la AP Eva Senses, en un acto que cont\u00f3 con la presencia del presidente Ant\u00f3nio Branco, del director titular, Martim Sousa Tavares, as\u00ed como de m\u00fasicos, entidades colaboradoras y periodistas.<\/p>\n<p>La orquesta promete \u00abm\u00e1s m\u00fasica, m\u00e1s magia y momentos inolvidables\u00bb.<\/p>\n<p>La nueva temporada de la orquesta, de la que AP Eva Senses es socia, pretende \u00abno s\u00f3lo emocionar e inspirar, sino tambi\u00e9n mantener un ritmo constante de alt\u00edsimo rendimiento, con varios directores y solistas de renombre en la escena internacional\u00bb.<\/p>\n","protected":false},"excerpt":{"rendered":"<p>La Orquesta del Algarve present\u00f3 su nueva temporada en la AP Eva Senses, en un acto que cont\u00f3 con la presencia del presidente Ant\u00f3nio Branco, del director titular, Martim Sousa Tavares, as\u00ed como de m\u00fasicos, entidades colaboradoras y periodistas. La [&hellip;]<\/p>\n","protected":false},"author":11,"featured_media":53209,"comment_status":"closed","ping_status":"closed","sticky":false,"template":"","format":"standard","meta":[],"categories":[465],"tags":[],"yoast_head":"<!-- This site is optimized with the Yoast SEO plugin v18.1 - https:\/\/yoast.com\/wordpress\/plugins\/seo\/ -->\n<title>NUEVA TEMPORADA DE LA ORQUESTA DEL ALGARVE PRESENTADA EN AP EVA SENSES - AP HOTELS &amp; RESORTS .<\/title>\n<meta name=\"robots\" content=\"index, follow, max-snippet:-1, max-image-preview:large, max-video-preview:-1\" \/>\n<link rel=\"canonical\" href=\"https:\/\/ap-hotelsresorts.com\/es\/nueva-temporada-de-la-orquesta-del-algarve-presentada-en-ap-eva-senses\/\" \/>\n<meta property=\"og:locale\" content=\"es_ES\" \/>\n<meta property=\"og:type\" content=\"article\" \/>\n<meta property=\"og:title\" content=\"NUEVA TEMPORADA DE LA ORQUESTA DEL ALGARVE PRESENTADA EN AP EVA SENSES - AP HOTELS &amp; RESORTS .\" \/>\n<meta property=\"og:description\" content=\"La Orquesta del Algarve present\u00f3 su nueva temporada en la AP Eva Senses, en un acto que cont\u00f3 con la presencia del presidente Ant\u00f3nio Branco, del director titular, Martim Sousa Tavares, as\u00ed como de m\u00fasicos, entidades colaboradoras y periodistas. La [&hellip;]\" \/>\n<meta property=\"og:url\" content=\"https:\/\/ap-hotelsresorts.com\/es\/nueva-temporada-de-la-orquesta-del-algarve-presentada-en-ap-eva-senses\/\" \/>\n<meta property=\"og:site_name\" content=\"AP HOTELS &amp; RESORTS .\" \/>\n<meta property=\"article:publisher\" content=\"https:\/\/www.facebook.com\/aphotelsresorts\" \/>\n<meta property=\"article:published_time\" content=\"2024-09-23T11:02:07+00:00\" \/>\n<meta property=\"og:image\" content=\"https:\/\/ap-hotelsresorts.com\/wp-content\/uploads\/2024\/09\/460462972_1066405658824180_1835919975298627125_n.jpg\" \/>\n\t<meta property=\"og:image:width\" content=\"2048\" \/>\n\t<meta property=\"og:image:height\" content=\"1365\" \/>\n\t<meta property=\"og:image:type\" content=\"image\/jpeg\" \/>\n<meta name=\"twitter:card\" content=\"summary_large_image\" \/>\n<meta name=\"twitter:creator\" content=\"@ApHotels\" \/>\n<meta name=\"twitter:site\" content=\"@ApHotels\" \/>\n<meta name=\"twitter:label1\" content=\"Escrito por\" \/>\n\t<meta name=\"twitter:data1\" content=\"marketing ap\" \/>\n<script type=\"application\/ld+json\" class=\"yoast-schema-graph\">{\"@context\":\"https:\/\/schema.org\",\"@graph\":[{\"@type\":\"Organization\",\"@id\":\"https:\/\/ap-hotelsresorts.com\/#organization\",\"name\":\"AP HOTELS & RESORTS\",\"url\":\"https:\/\/ap-hotelsresorts.com\/\",\"sameAs\":[\"https:\/\/www.facebook.com\/aphotelsresorts\",\"https:\/\/www.instagram.com\/aphotelsresorts\/\",\"https:\/\/www.linkedin.com\/company\/ap-hotels-and-resorts\",\"https:\/\/www.youtube.com\/channel\/UCSmwGBz36kx2XALzeVAlKEg\",\"https:\/\/twitter.com\/ApHotels\"],\"logo\":{\"@type\":\"ImageObject\",\"@id\":\"https:\/\/ap-hotelsresorts.com\/#logo\",\"inLanguage\":\"es\",\"url\":\"https:\/\/ap-hotelsresorts.com\/wp-content\/uploads\/2021\/03\/logo-1.png\",\"contentUrl\":\"https:\/\/ap-hotelsresorts.com\/wp-content\/uploads\/2021\/03\/logo-1.png\",\"width\":\"3915\",\"height\":\"1388\",\"caption\":\"AP HOTELS & RESORTS\"},\"image\":{\"@id\":\"https:\/\/ap-hotelsresorts.com\/#logo\"}},{\"@type\":\"WebSite\",\"@id\":\"https:\/\/ap-hotelsresorts.com\/#website\",\"url\":\"https:\/\/ap-hotelsresorts.com\/\",\"name\":\"AP HOTELS &amp; RESORTS .\",\"description\":\"Albufeira . Faro . Portim\u00e3o . Tavira . Algarve\",\"publisher\":{\"@id\":\"https:\/\/ap-hotelsresorts.com\/#organization\"},\"potentialAction\":[{\"@type\":\"SearchAction\",\"target\":{\"@type\":\"EntryPoint\",\"urlTemplate\":\"https:\/\/ap-hotelsresorts.com\/?s={search_term_string}\"},\"query-input\":\"required name=search_term_string\"}],\"inLanguage\":\"es\"},{\"@type\":\"ImageObject\",\"@id\":\"https:\/\/ap-hotelsresorts.com\/es\/nueva-temporada-de-la-orquesta-del-algarve-presentada-en-ap-eva-senses\/#primaryimage\",\"inLanguage\":\"es\",\"url\":\"https:\/\/ap-hotelsresorts.com\/wp-content\/uploads\/2024\/09\/460462972_1066405658824180_1835919975298627125_n.jpg\",\"contentUrl\":\"https:\/\/ap-hotelsresorts.com\/wp-content\/uploads\/2024\/09\/460462972_1066405658824180_1835919975298627125_n.jpg\",\"width\":2048,\"height\":1365},{\"@type\":\"WebPage\",\"@id\":\"https:\/\/ap-hotelsresorts.com\/es\/nueva-temporada-de-la-orquesta-del-algarve-presentada-en-ap-eva-senses\/#webpage\",\"url\":\"https:\/\/ap-hotelsresorts.com\/es\/nueva-temporada-de-la-orquesta-del-algarve-presentada-en-ap-eva-senses\/\",\"name\":\"NUEVA TEMPORADA DE LA ORQUESTA DEL ALGARVE PRESENTADA EN AP EVA SENSES - AP HOTELS &amp; RESORTS .\",\"isPartOf\":{\"@id\":\"https:\/\/ap-hotelsresorts.com\/#website\"},\"primaryImageOfPage\":{\"@id\":\"https:\/\/ap-hotelsresorts.com\/es\/nueva-temporada-de-la-orquesta-del-algarve-presentada-en-ap-eva-senses\/#primaryimage\"},\"datePublished\":\"2024-09-23T11:02:07+00:00\",\"dateModified\":\"2024-09-23T11:02:07+00:00\",\"breadcrumb\":{\"@id\":\"https:\/\/ap-hotelsresorts.com\/es\/nueva-temporada-de-la-orquesta-del-algarve-presentada-en-ap-eva-senses\/#breadcrumb\"},\"inLanguage\":\"es\",\"potentialAction\":[{\"@type\":\"ReadAction\",\"target\":[\"https:\/\/ap-hotelsresorts.com\/es\/nueva-temporada-de-la-orquesta-del-algarve-presentada-en-ap-eva-senses\/\"]}]},{\"@type\":\"BreadcrumbList\",\"@id\":\"https:\/\/ap-hotelsresorts.com\/es\/nueva-temporada-de-la-orquesta-del-algarve-presentada-en-ap-eva-senses\/#breadcrumb\",\"itemListElement\":[{\"@type\":\"ListItem\",\"position\":1,\"name\":\"Home\",\"item\":\"https:\/\/ap-hotelsresorts.com\/es\/\"},{\"@type\":\"ListItem\",\"position\":2,\"name\":\"NUEVA TEMPORADA DE LA ORQUESTA DEL ALGARVE PRESENTADA EN AP EVA SENSES\"}]},{\"@type\":\"Article\",\"@id\":\"https:\/\/ap-hotelsresorts.com\/es\/nueva-temporada-de-la-orquesta-del-algarve-presentada-en-ap-eva-senses\/#article\",\"isPartOf\":{\"@id\":\"https:\/\/ap-hotelsresorts.com\/es\/nueva-temporada-de-la-orquesta-del-algarve-presentada-en-ap-eva-senses\/#webpage\"},\"author\":{\"@id\":\"https:\/\/ap-hotelsresorts.com\/#\/schema\/person\/39ea63a33316ff09e0a075ae0a4bed49\"},\"headline\":\"NUEVA TEMPORADA DE LA ORQUESTA DEL ALGARVE PRESENTADA EN AP EVA SENSES\",\"datePublished\":\"2024-09-23T11:02:07+00:00\",\"dateModified\":\"2024-09-23T11:02:07+00:00\",\"mainEntityOfPage\":{\"@id\":\"https:\/\/ap-hotelsresorts.com\/es\/nueva-temporada-de-la-orquesta-del-algarve-presentada-en-ap-eva-senses\/#webpage\"},\"wordCount\":109,\"publisher\":{\"@id\":\"https:\/\/ap-hotelsresorts.com\/#organization\"},\"image\":{\"@id\":\"https:\/\/ap-hotelsresorts.com\/es\/nueva-temporada-de-la-orquesta-del-algarve-presentada-en-ap-eva-senses\/#primaryimage\"},\"thumbnailUrl\":\"https:\/\/ap-hotelsresorts.com\/wp-content\/uploads\/2024\/09\/460462972_1066405658824180_1835919975298627125_n.jpg\",\"articleSection\":[\"News (ES)\"],\"inLanguage\":\"es\"},{\"@type\":\"Person\",\"@id\":\"https:\/\/ap-hotelsresorts.com\/#\/schema\/person\/39ea63a33316ff09e0a075ae0a4bed49\",\"name\":\"marketing ap\",\"image\":{\"@type\":\"ImageObject\",\"@id\":\"https:\/\/ap-hotelsresorts.com\/#personlogo\",\"inLanguage\":\"es\",\"url\":\"https:\/\/secure.gravatar.com\/avatar\/80ea62fe6096f55fe36f17f2175dca2f?s=96&d=mm&r=g\",\"contentUrl\":\"https:\/\/secure.gravatar.com\/avatar\/80ea62fe6096f55fe36f17f2175dca2f?s=96&d=mm&r=g\",\"caption\":\"marketing ap\"}}]}<\/script>\n<!-- \/ Yoast SEO plugin. -->","yoast_head_json":{"title":"NUEVA TEMPORADA DE LA ORQUESTA DEL ALGARVE PRESENTADA EN AP EVA SENSES - AP HOTELS &amp; RESORTS .","robots":{"index":"index","follow":"follow","max-snippet":"max-snippet:-1","max-image-preview":"max-image-preview:large","max-video-preview":"max-video-preview:-1"},"canonical":"https:\/\/ap-hotelsresorts.com\/es\/nueva-temporada-de-la-orquesta-del-algarve-presentada-en-ap-eva-senses\/","og_locale":"es_ES","og_type":"article","og_title":"NUEVA TEMPORADA DE LA ORQUESTA DEL ALGARVE PRESENTADA EN AP EVA SENSES - AP HOTELS &amp; RESORTS .","og_description":"La Orquesta del Algarve present\u00f3 su nueva temporada en la AP Eva Senses, en un acto que cont\u00f3 con la presencia del presidente Ant\u00f3nio Branco, del director titular, Martim Sousa Tavares, as\u00ed como de m\u00fasicos, entidades colaboradoras y periodistas. La [&hellip;]","og_url":"https:\/\/ap-hotelsresorts.com\/es\/nueva-temporada-de-la-orquesta-del-algarve-presentada-en-ap-eva-senses\/","og_site_name":"AP HOTELS &amp; RESORTS .","article_publisher":"https:\/\/www.facebook.com\/aphotelsresorts","article_published_time":"2024-09-23T11:02:07+00:00","og_image":[{"width":2048,"height":1365,"url":"https:\/\/ap-hotelsresorts.com\/wp-content\/uploads\/2024\/09\/460462972_1066405658824180_1835919975298627125_n.jpg","type":"image\/jpeg"}],"twitter_card":"summary_large_image","twitter_creator":"@ApHotels","twitter_site":"@ApHotels","twitter_misc":{"Escrito por":"marketing ap"},"schema":{"@context":"https:\/\/schema.org","@graph":[{"@type":"Organization","@id":"https:\/\/ap-hotelsresorts.com\/#organization","name":"AP HOTELS & RESORTS","url":"https:\/\/ap-hotelsresorts.com\/","sameAs":["https:\/\/www.facebook.com\/aphotelsresorts","https:\/\/www.instagram.com\/aphotelsresorts\/","https:\/\/www.linkedin.com\/company\/ap-hotels-and-resorts","https:\/\/www.youtube.com\/channel\/UCSmwGBz36kx2XALzeVAlKEg","https:\/\/twitter.com\/ApHotels"],"logo":{"@type":"ImageObject","@id":"https:\/\/ap-hotelsresorts.com\/#logo","inLanguage":"es","url":"https:\/\/ap-hotelsresorts.com\/wp-content\/uploads\/2021\/03\/logo-1.png","contentUrl":"https:\/\/ap-hotelsresorts.com\/wp-content\/uploads\/2021\/03\/logo-1.png","width":"3915","height":"1388","caption":"AP HOTELS & RESORTS"},"image":{"@id":"https:\/\/ap-hotelsresorts.com\/#logo"}},{"@type":"WebSite","@id":"https:\/\/ap-hotelsresorts.com\/#website","url":"https:\/\/ap-hotelsresorts.com\/","name":"AP HOTELS &amp; RESORTS .","description":"Albufeira . Faro . Portim\u00e3o . Tavira . Algarve","publisher":{"@id":"https:\/\/ap-hotelsresorts.com\/#organization"},"potentialAction":[{"@type":"SearchAction","target":{"@type":"EntryPoint","urlTemplate":"https:\/\/ap-hotelsresorts.com\/?s={search_term_string}"},"query-input":"required name=search_term_string"}],"inLanguage":"es"},{"@type":"ImageObject","@id":"https:\/\/ap-hotelsresorts.com\/es\/nueva-temporada-de-la-orquesta-del-algarve-presentada-en-ap-eva-senses\/#primaryimage","inLanguage":"es","url":"https:\/\/ap-hotelsresorts.com\/wp-content\/uploads\/2024\/09\/460462972_1066405658824180_1835919975298627125_n.jpg","contentUrl":"https:\/\/ap-hotelsresorts.com\/wp-content\/uploads\/2024\/09\/460462972_1066405658824180_1835919975298627125_n.jpg","width":2048,"height":1365},{"@type":"WebPage","@id":"https:\/\/ap-hotelsresorts.com\/es\/nueva-temporada-de-la-orquesta-del-algarve-presentada-en-ap-eva-senses\/#webpage","url":"https:\/\/ap-hotelsresorts.com\/es\/nueva-temporada-de-la-orquesta-del-algarve-presentada-en-ap-eva-senses\/","name":"NUEVA TEMPORADA DE LA ORQUESTA DEL ALGARVE PRESENTADA EN AP EVA SENSES - AP HOTELS &amp; RESORTS .","isPartOf":{"@id":"https:\/\/ap-hotelsresorts.com\/#website"},"primaryImageOfPage":{"@id":"https:\/\/ap-hotelsresorts.com\/es\/nueva-temporada-de-la-orquesta-del-algarve-presentada-en-ap-eva-senses\/#primaryimage"},"datePublished":"2024-09-23T11:02:07+00:00","dateModified":"2024-09-23T11:02:07+00:00","breadcrumb":{"@id":"https:\/\/ap-hotelsresorts.com\/es\/nueva-temporada-de-la-orquesta-del-algarve-presentada-en-ap-eva-senses\/#breadcrumb"},"inLanguage":"es","potentialAction":[{"@type":"ReadAction","target":["https:\/\/ap-hotelsresorts.com\/es\/nueva-temporada-de-la-orquesta-del-algarve-presentada-en-ap-eva-senses\/"]}]},{"@type":"BreadcrumbList","@id":"https:\/\/ap-hotelsresorts.com\/es\/nueva-temporada-de-la-orquesta-del-algarve-presentada-en-ap-eva-senses\/#breadcrumb","itemListElement":[{"@type":"ListItem","position":1,"name":"Home","item":"https:\/\/ap-hotelsresorts.com\/es\/"},{"@type":"ListItem","position":2,"name":"NUEVA TEMPORADA DE LA ORQUESTA DEL ALGARVE PRESENTADA EN AP EVA SENSES"}]},{"@type":"Article","@id":"https:\/\/ap-hotelsresorts.com\/es\/nueva-temporada-de-la-orquesta-del-algarve-presentada-en-ap-eva-senses\/#article","isPartOf":{"@id":"https:\/\/ap-hotelsresorts.com\/es\/nueva-temporada-de-la-orquesta-del-algarve-presentada-en-ap-eva-senses\/#webpage"},"author":{"@id":"https:\/\/ap-hotelsresorts.com\/#\/schema\/person\/39ea63a33316ff09e0a075ae0a4bed49"},"headline":"NUEVA TEMPORADA DE LA ORQUESTA DEL ALGARVE PRESENTADA EN AP EVA SENSES","datePublished":"2024-09-23T11:02:07+00:00","dateModified":"2024-09-23T11:02:07+00:00","mainEntityOfPage":{"@id":"https:\/\/ap-hotelsresorts.com\/es\/nueva-temporada-de-la-orquesta-del-algarve-presentada-en-ap-eva-senses\/#webpage"},"wordCount":109,"publisher":{"@id":"https:\/\/ap-hotelsresorts.com\/#organization"},"image":{"@id":"https:\/\/ap-hotelsresorts.com\/es\/nueva-temporada-de-la-orquesta-del-algarve-presentada-en-ap-eva-senses\/#primaryimage"},"thumbnailUrl":"https:\/\/ap-hotelsresorts.com\/wp-content\/uploads\/2024\/09\/460462972_1066405658824180_1835919975298627125_n.jpg","articleSection":["News (ES)"],"inLanguage":"es"},{"@type":"Person","@id":"https:\/\/ap-hotelsresorts.com\/#\/schema\/person\/39ea63a33316ff09e0a075ae0a4bed49","name":"marketing ap","image":{"@type":"ImageObject","@id":"https:\/\/ap-hotelsresorts.com\/#personlogo","inLanguage":"es","url":"https:\/\/secure.gravatar.com\/avatar\/80ea62fe6096f55fe36f17f2175dca2f?s=96&d=mm&r=g","contentUrl":"https:\/\/secure.gravatar.com\/avatar\/80ea62fe6096f55fe36f17f2175dca2f?s=96&d=mm&r=g","caption":"marketing ap"}}]}},"_links":{"self":[{"href":"https:\/\/ap-hotelsresorts.com\/es\/wp-json\/wp\/v2\/posts\/53214"}],"collection":[{"href":"https:\/\/ap-hotelsresorts.com\/es\/wp-json\/wp\/v2\/posts"}],"about":[{"href":"https:\/\/ap-hotelsresorts.com\/es\/wp-json\/wp\/v2\/types\/post"}],"author":[{"embeddable":true,"href":"https:\/\/ap-hotelsresorts.com\/es\/wp-json\/wp\/v2\/users\/11"}],"replies":[{"embeddable":true,"href":"https:\/\/ap-hotelsresorts.com\/es\/wp-json\/wp\/v2\/comments?post=53214"}],"version-history":[{"count":0,"href":"https:\/\/ap-hotelsresorts.com\/es\/wp-json\/wp\/v2\/posts\/53214\/revisions"}],"wp:featuredmedia":[{"embeddable":true,"href":"https:\/\/ap-hotelsresorts.com\/es\/wp-json\/wp\/v2\/media\/53209"}],"wp:attachment":[{"href":"https:\/\/ap-hotelsresorts.com\/es\/wp-json\/wp\/v2\/media?parent=53214"}],"wp:term":[{"taxonomy":"category","embeddable":true,"href":"https:\/\/ap-hotelsresorts.com\/es\/wp-json\/wp\/v2\/categories?post=53214"},{"taxonomy":"post_tag","embeddable":true,"href":"https:\/\/ap-hotelsresorts.com\/es\/wp-json\/wp\/v2\/tags?post=53214"}],"curies":[{"name":"wp","href":"https:\/\/api.w.org\/{rel}","templated":true}]}}