{"id":55111,"date":"2024-12-06T10:42:41","date_gmt":"2024-12-06T10:42:41","guid":{"rendered":"https:\/\/ap-hotelsresorts.com\/?p=55111"},"modified":"2024-12-06T10:42:41","modified_gmt":"2024-12-06T10:42:41","slug":"el-mercado-navideno-tiene-lugar-entre-praca-da-liberdade-largo-maestro-jose-pedro-y-porta-mexia-galvao","status":"publish","type":"post","link":"https:\/\/ap-hotelsresorts.com\/es\/el-mercado-navideno-tiene-lugar-entre-praca-da-liberdade-largo-maestro-jose-pedro-y-porta-mexia-galvao\/","title":{"rendered":"El mercado navide\u00f1o tiene lugar entre Pra\u00e7a da Liberdade, Largo Maestro Jos\u00e9 Pedro y Porta Mexia Galv\u00e3o"},"content":{"rendered":"<p>Entre el 6 y el 23 de diciembre, Viana do Castelo cuenta con un Mercado de Navidad que se desarrolla entre la carpa instalada en la Pra\u00e7a da Liberdade, Largo Maestro Jos\u00e9 Pedro y Porta Mexia Galv\u00e3o. Ser\u00e1n 31 expositores que se repartir\u00e1n por los tres espacios a lo largo de dos semanas presentando propuestas para todos los gustos.<\/p>\n<p>El Mercado de Navidad se promueve en el marco del programa \u201cViana Coraz\u00f3n de Natal\u201d, impulsado por el Ayuntamiento de Viana do Castelo y la Asociaci\u00f3n Empresarial del Distrito de Viana do Castelo, en colaboraci\u00f3n con Vianafestas, y se realiza los viernes y s\u00e1bados, en las tres localidades. , de 12 a 23 horas, y de domingo a jueves, de 15 a 20 horas.<\/p>\n<p>En la Pra\u00e7a da Liberdade se vender\u00e1 una amplia gama de art\u00edculos, entre regalos, decoraci\u00f3n, artesan\u00eda y dulces de temporada. As\u00ed, las dos docenas de comerciantes tendr\u00e1n a su disposici\u00f3n cuadros sobre lienzo pintado, cuadros sobre calabazas con motivos navide\u00f1os y de Minho, objetos de madera, figuras certificadas, jabones artesanales, joyas art\u00edsticas en arcilla polim\u00e9rica, art\u00edculos de galletas, belenes y mu\u00f1ecos inspirados en Minho, objetos decorativos. piezas y accesorios de crochet, arreglos y velas navide\u00f1as, adornos diversos para fiestas navide\u00f1as, mu\u00f1ecos de tela y figuras de pulpa de papel, entre otros.<\/p>\n<p>En la carpa de la Pra\u00e7a da Liberdade tambi\u00e9n podr\u00e1s encontrar tartas, brigadeiros, snacks salados, gelatinas, frutos secos, licores, granolas, miel y derivados, macarons, bonbocas, chocolates, &#8216;cookies americanas&#8217;, postres de temporada, chocolate caliente, tostadas francesas, vino, entre mucho m\u00e1s.<\/p>\n<p>Crepes y gofres, licores y jaleas artesanales, t\u00e9s, vino caliente y chocolates, belenes, textiles y juguetes, adem\u00e1s de diversos adornos navide\u00f1os estar\u00e1n disponibles en Largo Maestro Jos\u00e9 Pedro.<\/p>\n<p>En Porta Mexia Galv\u00e3o, locales y visitantes pueden encontrar juegos de mesa de madera, art\u00edculos de decoraci\u00f3n, mermeladas y licores caseros, postres, vino caliente y chocolate caliente, carnes ahumadas y quesos tradicionales.<\/p>\n","protected":false},"excerpt":{"rendered":"<p>Entre el 6 y el 23 de diciembre, Viana do Castelo cuenta con un Mercado de Navidad que se desarrolla entre la carpa instalada en la Pra\u00e7a da Liberdade, Largo Maestro Jos\u00e9 Pedro y Porta Mexia Galv\u00e3o. Ser\u00e1n 31 expositores [&hellip;]<\/p>\n","protected":false},"author":11,"featured_media":55106,"comment_status":"closed","ping_status":"closed","sticky":false,"template":"","format":"standard","meta":[],"categories":[672],"tags":[],"yoast_head":"<!-- This site is optimized with the Yoast SEO plugin v18.1 - https:\/\/yoast.com\/wordpress\/plugins\/seo\/ -->\n<title>El mercado navide\u00f1o tiene lugar entre Pra\u00e7a da Liberdade, Largo Maestro Jos\u00e9 Pedro y Porta Mexia Galv\u00e3o - AP HOTELS &amp; RESORTS .<\/title>\n<meta name=\"robots\" content=\"index, follow, max-snippet:-1, max-image-preview:large, max-video-preview:-1\" \/>\n<link rel=\"canonical\" href=\"https:\/\/ap-hotelsresorts.com\/es\/el-mercado-navideno-tiene-lugar-entre-praca-da-liberdade-largo-maestro-jose-pedro-y-porta-mexia-galvao\/\" \/>\n<meta property=\"og:locale\" content=\"es_ES\" \/>\n<meta property=\"og:type\" content=\"article\" \/>\n<meta property=\"og:title\" content=\"El mercado navide\u00f1o tiene lugar entre Pra\u00e7a da Liberdade, Largo Maestro Jos\u00e9 Pedro y Porta Mexia Galv\u00e3o - AP HOTELS &amp; RESORTS .\" \/>\n<meta property=\"og:description\" content=\"Entre el 6 y el 23 de diciembre, Viana do Castelo cuenta con un Mercado de Navidad que se desarrolla entre la carpa instalada en la Pra\u00e7a da Liberdade, Largo Maestro Jos\u00e9 Pedro y Porta Mexia Galv\u00e3o. Ser\u00e1n 31 expositores [&hellip;]\" \/>\n<meta property=\"og:url\" content=\"https:\/\/ap-hotelsresorts.com\/es\/el-mercado-navideno-tiene-lugar-entre-praca-da-liberdade-largo-maestro-jose-pedro-y-porta-mexia-galvao\/\" \/>\n<meta property=\"og:site_name\" content=\"AP HOTELS &amp; RESORTS .\" \/>\n<meta property=\"article:publisher\" content=\"https:\/\/www.facebook.com\/aphotelsresorts\" \/>\n<meta property=\"article:published_time\" content=\"2024-12-06T10:42:41+00:00\" \/>\n<meta property=\"og:image\" content=\"https:\/\/ap-hotelsresorts.com\/wp-content\/uploads\/2024\/12\/GCI_4848-scaled.jpg\" \/>\n\t<meta property=\"og:image:width\" content=\"2560\" \/>\n\t<meta property=\"og:image:height\" content=\"1705\" \/>\n\t<meta property=\"og:image:type\" content=\"image\/jpeg\" \/>\n<meta name=\"twitter:card\" content=\"summary_large_image\" \/>\n<meta name=\"twitter:creator\" content=\"@ApHotels\" \/>\n<meta name=\"twitter:site\" content=\"@ApHotels\" \/>\n<meta name=\"twitter:label1\" content=\"Escrito por\" \/>\n\t<meta name=\"twitter:data1\" content=\"marketing ap\" \/>\n\t<meta name=\"twitter:label2\" content=\"Tiempo de lectura\" \/>\n\t<meta name=\"twitter:data2\" content=\"2 minutos\" \/>\n<script type=\"application\/ld+json\" class=\"yoast-schema-graph\">{\"@context\":\"https:\/\/schema.org\",\"@graph\":[{\"@type\":\"Organization\",\"@id\":\"https:\/\/ap-hotelsresorts.com\/#organization\",\"name\":\"AP HOTELS & RESORTS\",\"url\":\"https:\/\/ap-hotelsresorts.com\/\",\"sameAs\":[\"https:\/\/www.facebook.com\/aphotelsresorts\",\"https:\/\/www.instagram.com\/aphotelsresorts\/\",\"https:\/\/www.linkedin.com\/company\/ap-hotels-and-resorts\",\"https:\/\/www.youtube.com\/channel\/UCSmwGBz36kx2XALzeVAlKEg\",\"https:\/\/twitter.com\/ApHotels\"],\"logo\":{\"@type\":\"ImageObject\",\"@id\":\"https:\/\/ap-hotelsresorts.com\/#logo\",\"inLanguage\":\"es\",\"url\":\"https:\/\/ap-hotelsresorts.com\/wp-content\/uploads\/2021\/03\/logo-1.png\",\"contentUrl\":\"https:\/\/ap-hotelsresorts.com\/wp-content\/uploads\/2021\/03\/logo-1.png\",\"width\":\"3915\",\"height\":\"1388\",\"caption\":\"AP HOTELS & RESORTS\"},\"image\":{\"@id\":\"https:\/\/ap-hotelsresorts.com\/#logo\"}},{\"@type\":\"WebSite\",\"@id\":\"https:\/\/ap-hotelsresorts.com\/#website\",\"url\":\"https:\/\/ap-hotelsresorts.com\/\",\"name\":\"AP HOTELS &amp; RESORTS .\",\"description\":\"Albufeira . Faro . Portim\u00e3o . Tavira . Algarve\",\"publisher\":{\"@id\":\"https:\/\/ap-hotelsresorts.com\/#organization\"},\"potentialAction\":[{\"@type\":\"SearchAction\",\"target\":{\"@type\":\"EntryPoint\",\"urlTemplate\":\"https:\/\/ap-hotelsresorts.com\/?s={search_term_string}\"},\"query-input\":\"required name=search_term_string\"}],\"inLanguage\":\"es\"},{\"@type\":\"ImageObject\",\"@id\":\"https:\/\/ap-hotelsresorts.com\/es\/el-mercado-navideno-tiene-lugar-entre-praca-da-liberdade-largo-maestro-jose-pedro-y-porta-mexia-galvao\/#primaryimage\",\"inLanguage\":\"es\",\"url\":\"https:\/\/ap-hotelsresorts.com\/wp-content\/uploads\/2024\/12\/GCI_4848-scaled.jpg\",\"contentUrl\":\"https:\/\/ap-hotelsresorts.com\/wp-content\/uploads\/2024\/12\/GCI_4848-scaled.jpg\",\"width\":2560,\"height\":1705},{\"@type\":\"WebPage\",\"@id\":\"https:\/\/ap-hotelsresorts.com\/es\/el-mercado-navideno-tiene-lugar-entre-praca-da-liberdade-largo-maestro-jose-pedro-y-porta-mexia-galvao\/#webpage\",\"url\":\"https:\/\/ap-hotelsresorts.com\/es\/el-mercado-navideno-tiene-lugar-entre-praca-da-liberdade-largo-maestro-jose-pedro-y-porta-mexia-galvao\/\",\"name\":\"El mercado navide\u00f1o tiene lugar entre Pra\u00e7a da Liberdade, Largo Maestro Jos\u00e9 Pedro y Porta Mexia Galv\u00e3o - AP HOTELS &amp; RESORTS .\",\"isPartOf\":{\"@id\":\"https:\/\/ap-hotelsresorts.com\/#website\"},\"primaryImageOfPage\":{\"@id\":\"https:\/\/ap-hotelsresorts.com\/es\/el-mercado-navideno-tiene-lugar-entre-praca-da-liberdade-largo-maestro-jose-pedro-y-porta-mexia-galvao\/#primaryimage\"},\"datePublished\":\"2024-12-06T10:42:41+00:00\",\"dateModified\":\"2024-12-06T10:42:41+00:00\",\"breadcrumb\":{\"@id\":\"https:\/\/ap-hotelsresorts.com\/es\/el-mercado-navideno-tiene-lugar-entre-praca-da-liberdade-largo-maestro-jose-pedro-y-porta-mexia-galvao\/#breadcrumb\"},\"inLanguage\":\"es\",\"potentialAction\":[{\"@type\":\"ReadAction\",\"target\":[\"https:\/\/ap-hotelsresorts.com\/es\/el-mercado-navideno-tiene-lugar-entre-praca-da-liberdade-largo-maestro-jose-pedro-y-porta-mexia-galvao\/\"]}]},{\"@type\":\"BreadcrumbList\",\"@id\":\"https:\/\/ap-hotelsresorts.com\/es\/el-mercado-navideno-tiene-lugar-entre-praca-da-liberdade-largo-maestro-jose-pedro-y-porta-mexia-galvao\/#breadcrumb\",\"itemListElement\":[{\"@type\":\"ListItem\",\"position\":1,\"name\":\"Home\",\"item\":\"https:\/\/ap-hotelsresorts.com\/es\/\"},{\"@type\":\"ListItem\",\"position\":2,\"name\":\"El mercado navide\u00f1o tiene lugar entre Pra\u00e7a da Liberdade, Largo Maestro Jos\u00e9 Pedro y Porta Mexia Galv\u00e3o\"}]},{\"@type\":\"Article\",\"@id\":\"https:\/\/ap-hotelsresorts.com\/es\/el-mercado-navideno-tiene-lugar-entre-praca-da-liberdade-largo-maestro-jose-pedro-y-porta-mexia-galvao\/#article\",\"isPartOf\":{\"@id\":\"https:\/\/ap-hotelsresorts.com\/es\/el-mercado-navideno-tiene-lugar-entre-praca-da-liberdade-largo-maestro-jose-pedro-y-porta-mexia-galvao\/#webpage\"},\"author\":{\"@id\":\"https:\/\/ap-hotelsresorts.com\/#\/schema\/person\/39ea63a33316ff09e0a075ae0a4bed49\"},\"headline\":\"El mercado navide\u00f1o tiene lugar entre Pra\u00e7a da Liberdade, Largo Maestro Jos\u00e9 Pedro y Porta Mexia Galv\u00e3o\",\"datePublished\":\"2024-12-06T10:42:41+00:00\",\"dateModified\":\"2024-12-06T10:42:41+00:00\",\"mainEntityOfPage\":{\"@id\":\"https:\/\/ap-hotelsresorts.com\/es\/el-mercado-navideno-tiene-lugar-entre-praca-da-liberdade-largo-maestro-jose-pedro-y-porta-mexia-galvao\/#webpage\"},\"wordCount\":358,\"publisher\":{\"@id\":\"https:\/\/ap-hotelsresorts.com\/#organization\"},\"image\":{\"@id\":\"https:\/\/ap-hotelsresorts.com\/es\/el-mercado-navideno-tiene-lugar-entre-praca-da-liberdade-largo-maestro-jose-pedro-y-porta-mexia-galvao\/#primaryimage\"},\"thumbnailUrl\":\"https:\/\/ap-hotelsresorts.com\/wp-content\/uploads\/2024\/12\/GCI_4848-scaled.jpg\",\"articleSection\":[\"Descubre Viana do Castelo\"],\"inLanguage\":\"es\"},{\"@type\":\"Person\",\"@id\":\"https:\/\/ap-hotelsresorts.com\/#\/schema\/person\/39ea63a33316ff09e0a075ae0a4bed49\",\"name\":\"marketing ap\",\"image\":{\"@type\":\"ImageObject\",\"@id\":\"https:\/\/ap-hotelsresorts.com\/#personlogo\",\"inLanguage\":\"es\",\"url\":\"https:\/\/secure.gravatar.com\/avatar\/80ea62fe6096f55fe36f17f2175dca2f?s=96&d=mm&r=g\",\"contentUrl\":\"https:\/\/secure.gravatar.com\/avatar\/80ea62fe6096f55fe36f17f2175dca2f?s=96&d=mm&r=g\",\"caption\":\"marketing ap\"}}]}<\/script>\n<!-- \/ Yoast SEO plugin. -->","yoast_head_json":{"title":"El mercado navide\u00f1o tiene lugar entre Pra\u00e7a da Liberdade, Largo Maestro Jos\u00e9 Pedro y Porta Mexia Galv\u00e3o - AP HOTELS &amp; RESORTS .","robots":{"index":"index","follow":"follow","max-snippet":"max-snippet:-1","max-image-preview":"max-image-preview:large","max-video-preview":"max-video-preview:-1"},"canonical":"https:\/\/ap-hotelsresorts.com\/es\/el-mercado-navideno-tiene-lugar-entre-praca-da-liberdade-largo-maestro-jose-pedro-y-porta-mexia-galvao\/","og_locale":"es_ES","og_type":"article","og_title":"El mercado navide\u00f1o tiene lugar entre Pra\u00e7a da Liberdade, Largo Maestro Jos\u00e9 Pedro y Porta Mexia Galv\u00e3o - AP HOTELS &amp; RESORTS .","og_description":"Entre el 6 y el 23 de diciembre, Viana do Castelo cuenta con un Mercado de Navidad que se desarrolla entre la carpa instalada en la Pra\u00e7a da Liberdade, Largo Maestro Jos\u00e9 Pedro y Porta Mexia Galv\u00e3o. Ser\u00e1n 31 expositores [&hellip;]","og_url":"https:\/\/ap-hotelsresorts.com\/es\/el-mercado-navideno-tiene-lugar-entre-praca-da-liberdade-largo-maestro-jose-pedro-y-porta-mexia-galvao\/","og_site_name":"AP HOTELS &amp; RESORTS .","article_publisher":"https:\/\/www.facebook.com\/aphotelsresorts","article_published_time":"2024-12-06T10:42:41+00:00","og_image":[{"width":2560,"height":1705,"url":"https:\/\/ap-hotelsresorts.com\/wp-content\/uploads\/2024\/12\/GCI_4848-scaled.jpg","type":"image\/jpeg"}],"twitter_card":"summary_large_image","twitter_creator":"@ApHotels","twitter_site":"@ApHotels","twitter_misc":{"Escrito por":"marketing ap","Tiempo de lectura":"2 minutos"},"schema":{"@context":"https:\/\/schema.org","@graph":[{"@type":"Organization","@id":"https:\/\/ap-hotelsresorts.com\/#organization","name":"AP HOTELS & RESORTS","url":"https:\/\/ap-hotelsresorts.com\/","sameAs":["https:\/\/www.facebook.com\/aphotelsresorts","https:\/\/www.instagram.com\/aphotelsresorts\/","https:\/\/www.linkedin.com\/company\/ap-hotels-and-resorts","https:\/\/www.youtube.com\/channel\/UCSmwGBz36kx2XALzeVAlKEg","https:\/\/twitter.com\/ApHotels"],"logo":{"@type":"ImageObject","@id":"https:\/\/ap-hotelsresorts.com\/#logo","inLanguage":"es","url":"https:\/\/ap-hotelsresorts.com\/wp-content\/uploads\/2021\/03\/logo-1.png","contentUrl":"https:\/\/ap-hotelsresorts.com\/wp-content\/uploads\/2021\/03\/logo-1.png","width":"3915","height":"1388","caption":"AP HOTELS & RESORTS"},"image":{"@id":"https:\/\/ap-hotelsresorts.com\/#logo"}},{"@type":"WebSite","@id":"https:\/\/ap-hotelsresorts.com\/#website","url":"https:\/\/ap-hotelsresorts.com\/","name":"AP HOTELS &amp; RESORTS .","description":"Albufeira . Faro . Portim\u00e3o . Tavira . Algarve","publisher":{"@id":"https:\/\/ap-hotelsresorts.com\/#organization"},"potentialAction":[{"@type":"SearchAction","target":{"@type":"EntryPoint","urlTemplate":"https:\/\/ap-hotelsresorts.com\/?s={search_term_string}"},"query-input":"required name=search_term_string"}],"inLanguage":"es"},{"@type":"ImageObject","@id":"https:\/\/ap-hotelsresorts.com\/es\/el-mercado-navideno-tiene-lugar-entre-praca-da-liberdade-largo-maestro-jose-pedro-y-porta-mexia-galvao\/#primaryimage","inLanguage":"es","url":"https:\/\/ap-hotelsresorts.com\/wp-content\/uploads\/2024\/12\/GCI_4848-scaled.jpg","contentUrl":"https:\/\/ap-hotelsresorts.com\/wp-content\/uploads\/2024\/12\/GCI_4848-scaled.jpg","width":2560,"height":1705},{"@type":"WebPage","@id":"https:\/\/ap-hotelsresorts.com\/es\/el-mercado-navideno-tiene-lugar-entre-praca-da-liberdade-largo-maestro-jose-pedro-y-porta-mexia-galvao\/#webpage","url":"https:\/\/ap-hotelsresorts.com\/es\/el-mercado-navideno-tiene-lugar-entre-praca-da-liberdade-largo-maestro-jose-pedro-y-porta-mexia-galvao\/","name":"El mercado navide\u00f1o tiene lugar entre Pra\u00e7a da Liberdade, Largo Maestro Jos\u00e9 Pedro y Porta Mexia Galv\u00e3o - AP HOTELS &amp; RESORTS .","isPartOf":{"@id":"https:\/\/ap-hotelsresorts.com\/#website"},"primaryImageOfPage":{"@id":"https:\/\/ap-hotelsresorts.com\/es\/el-mercado-navideno-tiene-lugar-entre-praca-da-liberdade-largo-maestro-jose-pedro-y-porta-mexia-galvao\/#primaryimage"},"datePublished":"2024-12-06T10:42:41+00:00","dateModified":"2024-12-06T10:42:41+00:00","breadcrumb":{"@id":"https:\/\/ap-hotelsresorts.com\/es\/el-mercado-navideno-tiene-lugar-entre-praca-da-liberdade-largo-maestro-jose-pedro-y-porta-mexia-galvao\/#breadcrumb"},"inLanguage":"es","potentialAction":[{"@type":"ReadAction","target":["https:\/\/ap-hotelsresorts.com\/es\/el-mercado-navideno-tiene-lugar-entre-praca-da-liberdade-largo-maestro-jose-pedro-y-porta-mexia-galvao\/"]}]},{"@type":"BreadcrumbList","@id":"https:\/\/ap-hotelsresorts.com\/es\/el-mercado-navideno-tiene-lugar-entre-praca-da-liberdade-largo-maestro-jose-pedro-y-porta-mexia-galvao\/#breadcrumb","itemListElement":[{"@type":"ListItem","position":1,"name":"Home","item":"https:\/\/ap-hotelsresorts.com\/es\/"},{"@type":"ListItem","position":2,"name":"El mercado navide\u00f1o tiene lugar entre Pra\u00e7a da Liberdade, Largo Maestro Jos\u00e9 Pedro y Porta Mexia Galv\u00e3o"}]},{"@type":"Article","@id":"https:\/\/ap-hotelsresorts.com\/es\/el-mercado-navideno-tiene-lugar-entre-praca-da-liberdade-largo-maestro-jose-pedro-y-porta-mexia-galvao\/#article","isPartOf":{"@id":"https:\/\/ap-hotelsresorts.com\/es\/el-mercado-navideno-tiene-lugar-entre-praca-da-liberdade-largo-maestro-jose-pedro-y-porta-mexia-galvao\/#webpage"},"author":{"@id":"https:\/\/ap-hotelsresorts.com\/#\/schema\/person\/39ea63a33316ff09e0a075ae0a4bed49"},"headline":"El mercado navide\u00f1o tiene lugar entre Pra\u00e7a da Liberdade, Largo Maestro Jos\u00e9 Pedro y Porta Mexia Galv\u00e3o","datePublished":"2024-12-06T10:42:41+00:00","dateModified":"2024-12-06T10:42:41+00:00","mainEntityOfPage":{"@id":"https:\/\/ap-hotelsresorts.com\/es\/el-mercado-navideno-tiene-lugar-entre-praca-da-liberdade-largo-maestro-jose-pedro-y-porta-mexia-galvao\/#webpage"},"wordCount":358,"publisher":{"@id":"https:\/\/ap-hotelsresorts.com\/#organization"},"image":{"@id":"https:\/\/ap-hotelsresorts.com\/es\/el-mercado-navideno-tiene-lugar-entre-praca-da-liberdade-largo-maestro-jose-pedro-y-porta-mexia-galvao\/#primaryimage"},"thumbnailUrl":"https:\/\/ap-hotelsresorts.com\/wp-content\/uploads\/2024\/12\/GCI_4848-scaled.jpg","articleSection":["Descubre Viana do Castelo"],"inLanguage":"es"},{"@type":"Person","@id":"https:\/\/ap-hotelsresorts.com\/#\/schema\/person\/39ea63a33316ff09e0a075ae0a4bed49","name":"marketing ap","image":{"@type":"ImageObject","@id":"https:\/\/ap-hotelsresorts.com\/#personlogo","inLanguage":"es","url":"https:\/\/secure.gravatar.com\/avatar\/80ea62fe6096f55fe36f17f2175dca2f?s=96&d=mm&r=g","contentUrl":"https:\/\/secure.gravatar.com\/avatar\/80ea62fe6096f55fe36f17f2175dca2f?s=96&d=mm&r=g","caption":"marketing ap"}}]}},"_links":{"self":[{"href":"https:\/\/ap-hotelsresorts.com\/es\/wp-json\/wp\/v2\/posts\/55111"}],"collection":[{"href":"https:\/\/ap-hotelsresorts.com\/es\/wp-json\/wp\/v2\/posts"}],"about":[{"href":"https:\/\/ap-hotelsresorts.com\/es\/wp-json\/wp\/v2\/types\/post"}],"author":[{"embeddable":true,"href":"https:\/\/ap-hotelsresorts.com\/es\/wp-json\/wp\/v2\/users\/11"}],"replies":[{"embeddable":true,"href":"https:\/\/ap-hotelsresorts.com\/es\/wp-json\/wp\/v2\/comments?post=55111"}],"version-history":[{"count":0,"href":"https:\/\/ap-hotelsresorts.com\/es\/wp-json\/wp\/v2\/posts\/55111\/revisions"}],"wp:featuredmedia":[{"embeddable":true,"href":"https:\/\/ap-hotelsresorts.com\/es\/wp-json\/wp\/v2\/media\/55106"}],"wp:attachment":[{"href":"https:\/\/ap-hotelsresorts.com\/es\/wp-json\/wp\/v2\/media?parent=55111"}],"wp:term":[{"taxonomy":"category","embeddable":true,"href":"https:\/\/ap-hotelsresorts.com\/es\/wp-json\/wp\/v2\/categories?post=55111"},{"taxonomy":"post_tag","embeddable":true,"href":"https:\/\/ap-hotelsresorts.com\/es\/wp-json\/wp\/v2\/tags?post=55111"}],"curies":[{"name":"wp","href":"https:\/\/api.w.org\/{rel}","templated":true}]}}