{"id":57597,"date":"2025-05-21T17:13:08","date_gmt":"2025-05-21T17:13:08","guid":{"rendered":"https:\/\/ap-hotelsresorts.com\/?p=57597"},"modified":"2025-05-21T17:13:30","modified_gmt":"2025-05-21T17:13:30","slug":"los-mayores-eventos-en-el-algarve-en-2025","status":"publish","type":"post","link":"https:\/\/ap-hotelsresorts.com\/es\/los-mayores-eventos-en-el-algarve-en-2025\/","title":{"rendered":"LOS MAYORES EVENTOS EN EL ALGARVE EN 2025"},"content":{"rendered":"<p data-start=\"0\" data-end=\"141\">En 2025, el Algarve acoger\u00e1 grandes eventos, especialmente festivales, que traer\u00e1n nombres nacionales e internacionales que merecen destaque.<\/p>\n<p data-start=\"143\" data-end=\"207\" data-is-last-node=\"\" data-is-only-node=\"\">En este art\u00edculo, vamos a dar a conocer cu\u00e1les son esos eventos.<\/p>\n<p><strong>\u00a0<\/strong><\/p>\n<h2><strong>Festival Med<\/strong><\/h2>\n<p>&nbsp;<\/p>\n<p data-start=\"0\" data-end=\"149\">El festival Med se celebra en el Centro Hist\u00f3rico de Loul\u00e9 el \u00faltimo fin de semana de junio, siendo la edici\u00f3n de 2025 los d\u00edas 26, 27 y 28 de junio.<\/p>\n<p data-start=\"151\" data-end=\"325\">Es un festival reconocido por apostar en la \u201cworld music\u201d, con bandas y artistas de los cuatro rincones del mundo que vienen al festival a tocar m\u00fasica t\u00edpica de sus tierras.<\/p>\n<p data-start=\"327\" data-end=\"522\">Adem\u00e1s de la m\u00fasica, Med tambi\u00e9n apuesta por animaciones callejeras, literatura, artesan\u00eda, artes pl\u00e1sticas, cine, actividades para ni\u00f1os y, por supuesto, una gastronom\u00eda diversa y multicultural.<\/p>\n<p data-start=\"524\" data-end=\"843\" data-is-last-node=\"\" data-is-only-node=\"\">Este festival, que explora la diversidad cultural, tiene un coste bastante bajo para tanta oferta que promete. La entrada diaria cuesta solo 10\u20ac y el pase de 3 d\u00edas cuesta 30\u20ac hasta el 23 de junio. Despu\u00e9s, los precios suben un poco. Por lo tanto, si quieres asistir a este festival, compra tus entradas con antelaci\u00f3n.<\/p>\n<h2><strong>Afronation<\/strong><\/h2>\n<p>&nbsp;<\/p>\n<p data-start=\"0\" data-end=\"114\">Si te gustan el Afrobeats, Dancehall, Reggae y Hip-Hop, entonces Afronation se convertir\u00e1 en tu festival favorito.<\/p>\n<p data-start=\"116\" data-end=\"267\">Se celebra del 9 al 11 de julio en Praia da Rocha, en Portim\u00e3o, justo frente al hotel <span style=\"text-decoration: underline;\"><a href=\"https:\/\/ap-hotelsresorts.com\/es\/oriental\/\">AP Oriental Beach<\/a><\/span>, y su principal enfoque es la cultura africana.<\/p>\n<p data-start=\"269\" data-end=\"356\">Entre los artistas confirmados est\u00e1n Burna Boy, Chris Brown, Davido, Tems y muchos m\u00e1s.<\/p>\n<p data-start=\"358\" data-end=\"507\" data-is-last-node=\"\" data-is-only-node=\"\">El precio de las entradas var\u00eda entre 349\u20ac y 599\u20ac, y puedes consultar m\u00e1s informaci\u00f3n sobre el festival en nuestro <span style=\"text-decoration: underline;\"><a href=\"https:\/\/ap-hotelsresorts.com\/es\/afro-nation-festival-en-portimao-lo-mejor-de-la-musica-afrobeat-y-mas-bajo-el-sol-del-algarve\/\">art\u00edculo de blog sobre Afronation<\/a><\/span>.<\/p>\n<p><strong>\u00a0<\/strong><\/p>\n<h2><strong>Concentraci\u00f3n Motera de Faro<\/strong><\/h2>\n<p>&nbsp;<\/p>\n<p data-start=\"0\" data-end=\"144\">La Concentraci\u00f3n Motera de Faro es una aut\u00e9ntica celebraci\u00f3n del amor por las motos. Pero, adem\u00e1s, tambi\u00e9n es una verdadera fiesta de la m\u00fasica.<\/p>\n<p data-start=\"146\" data-end=\"384\">Se celebra en Faro, en Vale das Almas, entre los d\u00edas 17 y 20 de julio, y durante estos d\u00edas contar\u00e1 con artistas como Hybrid Theory, The Waterboys, Moonspell, Sara Correia, The Black Mamba, Blasted Mechanism, Bubba Brothers y muchos m\u00e1s.<\/p>\n<p data-start=\"386\" data-end=\"684\">El evento est\u00e1 dividido en dos escenarios: el escenario principal y el escenario Oasis. En el escenario principal act\u00faan las bandas de mayor renombre nacional e internacional, mientras que en el escenario Oasis hay DJ\u2019s, bandas tributo y versiones para celebrar los grandes \u00e9xitos del rock n\u2019 roll.<\/p>\n<p data-start=\"686\" data-end=\"945\">Adem\u00e1s de los espect\u00e1culos musicales, se celebran los concursos de <strong data-start=\"753\" data-end=\"766\">Miss Faro<\/strong> y el <strong data-start=\"772\" data-end=\"785\">Bike Show<\/strong> (dedicado a las motos personalizadas), as\u00ed como el gran desfile de despedida por las calles de Faro, que prometen hacer de este evento algo \u00e9pico a\u00f1o tras a\u00f1o.<\/p>\n<p data-start=\"947\" data-end=\"1088\">Si te gustar\u00eda asistir a este evento y no sabes d\u00f3nde alojarte, el hotel<a href=\"https:\/\/ap-hotelsresorts.com\/es\/eva\"><span style=\"text-decoration: underline;\"> <strong data-start=\"1020\" data-end=\"1037\">AP Eva Senses<\/strong><\/span><\/a> est\u00e1 muy cerca de la Concentraci\u00f3n Motera de Faro.<\/p>\n<p data-start=\"1090\" data-end=\"1154\" data-is-last-node=\"\" data-is-only-node=\"\"><a href=\"https:\/\/ap-hotelsresorts.com\/es\/concentracion-motard-de-faro-2025\/\"><span style=\"text-decoration: underline;\">Lee m\u00e1s informaci\u00f3n en nuestro art\u00edculo de blog sobre el evento<\/span><\/a>.<\/p>\n<p><strong>\u00a0<\/strong><\/p>\n<h2><strong>Festival Mar Me Quer<\/strong><\/h2>\n<p>&nbsp;<\/p>\n<p data-start=\"0\" data-end=\"171\">Del 13 al 15 de agosto, en la Zona Ribeirinha de Portim\u00e3o, tiene lugar el festival <strong data-start=\"83\" data-end=\"98\">Mar Me Quer<\/strong>, un evento que apuesta por la m\u00fasica nacional como su principal bandera.<\/p>\n<p data-start=\"173\" data-end=\"301\">Artistas como <strong data-start=\"187\" data-end=\"200\">Da Weasel<\/strong>, <strong data-start=\"202\" data-end=\"214\">Plut\u00f3nio<\/strong>, <strong data-start=\"216\" data-end=\"225\">Bispo<\/strong> o <strong data-start=\"228\" data-end=\"238\">Dillaz<\/strong> son algunas de las confirmaciones para la edici\u00f3n de este a\u00f1o.<\/p>\n<p data-start=\"303\" data-end=\"427\" data-is-last-node=\"\" data-is-only-node=\"\">Es un festival que atrae tanto a j\u00f3venes como a familias, y los precios de las entradas oscilan entre los <strong data-start=\"409\" data-end=\"426\">15\u20ac y los 60\u20ac<\/strong>.<\/p>\n<p>&nbsp;<\/p>\n<h2><strong>Festival F<\/strong><\/h2>\n<p>&nbsp;<\/p>\n<p data-start=\"0\" data-end=\"106\">En Faro, a principios de septiembre \u2014m\u00e1s concretamente los d\u00edas 4, 5, 6 y 7\u2014 se celebra el <strong data-start=\"91\" data-end=\"105\">Festival F<\/strong>.<\/p>\n<p data-start=\"108\" data-end=\"260\">Este festival tambi\u00e9n es una fuerte apuesta por la m\u00fasica nacional, con m\u00e1s de cinco escenarios donde se desarrollan varias actuaciones simult\u00e1neamente.<\/p>\n<p data-start=\"262\" data-end=\"400\">En el Festival F hay una mezcla de diversos estilos musicales, donde se puede escuchar desde <strong data-start=\"355\" data-end=\"374\">fado hasta rock<\/strong>, desde <strong data-start=\"382\" data-end=\"399\">pop hasta rap<\/strong>.<\/p>\n<p data-start=\"402\" data-end=\"504\" data-is-last-node=\"\" data-is-only-node=\"\">Para este a\u00f1o todav\u00eda no se han anunciado los artistas, lo cual se espera que ocurra en junio o julio.<\/p>\n<p>&nbsp;<\/p>\n","protected":false},"excerpt":{"rendered":"<p>En 2025, el Algarve acoger\u00e1 grandes eventos, especialmente festivales, que traer\u00e1n nombres nacionales e internacionales que merecen destaque. En este art\u00edculo, vamos a dar a conocer cu\u00e1les son esos eventos. \u00a0 Festival Med &nbsp; El festival Med se celebra en [&hellip;]<\/p>\n","protected":false},"author":11,"featured_media":53225,"comment_status":"closed","ping_status":"closed","sticky":false,"template":"","format":"standard","meta":[],"categories":[465],"tags":[],"yoast_head":"<!-- This site is optimized with the Yoast SEO plugin v18.1 - https:\/\/yoast.com\/wordpress\/plugins\/seo\/ -->\n<title>LOS MAYORES EVENTOS EN EL ALGARVE EN 2025 - AP HOTELS &amp; RESORTS .<\/title>\n<meta name=\"robots\" content=\"index, follow, max-snippet:-1, max-image-preview:large, max-video-preview:-1\" \/>\n<link rel=\"canonical\" href=\"https:\/\/ap-hotelsresorts.com\/es\/los-mayores-eventos-en-el-algarve-en-2025\/\" \/>\n<meta property=\"og:locale\" content=\"es_ES\" \/>\n<meta property=\"og:type\" content=\"article\" \/>\n<meta property=\"og:title\" content=\"LOS MAYORES EVENTOS EN EL ALGARVE EN 2025 - AP HOTELS &amp; RESORTS .\" \/>\n<meta property=\"og:description\" content=\"En 2025, el Algarve acoger\u00e1 grandes eventos, especialmente festivales, que traer\u00e1n nombres nacionales e internacionales que merecen destaque. En este art\u00edculo, vamos a dar a conocer cu\u00e1les son esos eventos. \u00a0 Festival Med &nbsp; El festival Med se celebra en [&hellip;]\" \/>\n<meta property=\"og:url\" content=\"https:\/\/ap-hotelsresorts.com\/es\/los-mayores-eventos-en-el-algarve-en-2025\/\" \/>\n<meta property=\"og:site_name\" content=\"AP HOTELS &amp; RESORTS .\" \/>\n<meta property=\"article:publisher\" content=\"https:\/\/www.facebook.com\/aphotelsresorts\" \/>\n<meta property=\"article:published_time\" content=\"2025-05-21T17:13:08+00:00\" \/>\n<meta property=\"article:modified_time\" content=\"2025-05-21T17:13:30+00:00\" \/>\n<meta property=\"og:image\" content=\"https:\/\/ap-hotelsresorts.com\/wp-content\/uploads\/2024\/09\/Publico-Eventos-scaled-1.jpg\" \/>\n\t<meta property=\"og:image:width\" content=\"2560\" \/>\n\t<meta property=\"og:image:height\" content=\"1707\" \/>\n\t<meta property=\"og:image:type\" content=\"image\/jpeg\" \/>\n<meta name=\"twitter:card\" content=\"summary_large_image\" \/>\n<meta name=\"twitter:creator\" content=\"@ApHotels\" \/>\n<meta name=\"twitter:site\" content=\"@ApHotels\" \/>\n<meta name=\"twitter:label1\" content=\"Escrito por\" \/>\n\t<meta name=\"twitter:data1\" content=\"marketing ap\" \/>\n\t<meta name=\"twitter:label2\" content=\"Tiempo de lectura\" \/>\n\t<meta name=\"twitter:data2\" content=\"3 minutos\" \/>\n<script type=\"application\/ld+json\" class=\"yoast-schema-graph\">{\"@context\":\"https:\/\/schema.org\",\"@graph\":[{\"@type\":\"Organization\",\"@id\":\"https:\/\/ap-hotelsresorts.com\/#organization\",\"name\":\"AP HOTELS & RESORTS\",\"url\":\"https:\/\/ap-hotelsresorts.com\/\",\"sameAs\":[\"https:\/\/www.facebook.com\/aphotelsresorts\",\"https:\/\/www.instagram.com\/aphotelsresorts\/\",\"https:\/\/www.linkedin.com\/company\/ap-hotels-and-resorts\",\"https:\/\/www.youtube.com\/channel\/UCSmwGBz36kx2XALzeVAlKEg\",\"https:\/\/twitter.com\/ApHotels\"],\"logo\":{\"@type\":\"ImageObject\",\"@id\":\"https:\/\/ap-hotelsresorts.com\/#logo\",\"inLanguage\":\"es\",\"url\":\"https:\/\/ap-hotelsresorts.com\/wp-content\/uploads\/2021\/03\/logo-1.png\",\"contentUrl\":\"https:\/\/ap-hotelsresorts.com\/wp-content\/uploads\/2021\/03\/logo-1.png\",\"width\":\"3915\",\"height\":\"1388\",\"caption\":\"AP HOTELS & RESORTS\"},\"image\":{\"@id\":\"https:\/\/ap-hotelsresorts.com\/#logo\"}},{\"@type\":\"WebSite\",\"@id\":\"https:\/\/ap-hotelsresorts.com\/#website\",\"url\":\"https:\/\/ap-hotelsresorts.com\/\",\"name\":\"AP HOTELS &amp; RESORTS .\",\"description\":\"Albufeira . Faro . Portim\u00e3o . Tavira . Algarve\",\"publisher\":{\"@id\":\"https:\/\/ap-hotelsresorts.com\/#organization\"},\"potentialAction\":[{\"@type\":\"SearchAction\",\"target\":{\"@type\":\"EntryPoint\",\"urlTemplate\":\"https:\/\/ap-hotelsresorts.com\/?s={search_term_string}\"},\"query-input\":\"required name=search_term_string\"}],\"inLanguage\":\"es\"},{\"@type\":\"ImageObject\",\"@id\":\"https:\/\/ap-hotelsresorts.com\/es\/los-mayores-eventos-en-el-algarve-en-2025\/#primaryimage\",\"inLanguage\":\"es\",\"url\":\"https:\/\/ap-hotelsresorts.com\/wp-content\/uploads\/2024\/09\/Publico-Eventos-scaled-1.jpg\",\"contentUrl\":\"https:\/\/ap-hotelsresorts.com\/wp-content\/uploads\/2024\/09\/Publico-Eventos-scaled-1.jpg\",\"width\":2560,\"height\":1707},{\"@type\":\"WebPage\",\"@id\":\"https:\/\/ap-hotelsresorts.com\/es\/los-mayores-eventos-en-el-algarve-en-2025\/#webpage\",\"url\":\"https:\/\/ap-hotelsresorts.com\/es\/los-mayores-eventos-en-el-algarve-en-2025\/\",\"name\":\"LOS MAYORES EVENTOS EN EL ALGARVE EN 2025 - AP HOTELS &amp; RESORTS .\",\"isPartOf\":{\"@id\":\"https:\/\/ap-hotelsresorts.com\/#website\"},\"primaryImageOfPage\":{\"@id\":\"https:\/\/ap-hotelsresorts.com\/es\/los-mayores-eventos-en-el-algarve-en-2025\/#primaryimage\"},\"datePublished\":\"2025-05-21T17:13:08+00:00\",\"dateModified\":\"2025-05-21T17:13:30+00:00\",\"breadcrumb\":{\"@id\":\"https:\/\/ap-hotelsresorts.com\/es\/los-mayores-eventos-en-el-algarve-en-2025\/#breadcrumb\"},\"inLanguage\":\"es\",\"potentialAction\":[{\"@type\":\"ReadAction\",\"target\":[\"https:\/\/ap-hotelsresorts.com\/es\/los-mayores-eventos-en-el-algarve-en-2025\/\"]}]},{\"@type\":\"BreadcrumbList\",\"@id\":\"https:\/\/ap-hotelsresorts.com\/es\/los-mayores-eventos-en-el-algarve-en-2025\/#breadcrumb\",\"itemListElement\":[{\"@type\":\"ListItem\",\"position\":1,\"name\":\"Home\",\"item\":\"https:\/\/ap-hotelsresorts.com\/es\/\"},{\"@type\":\"ListItem\",\"position\":2,\"name\":\"LOS MAYORES EVENTOS EN EL ALGARVE EN 2025\"}]},{\"@type\":\"Article\",\"@id\":\"https:\/\/ap-hotelsresorts.com\/es\/los-mayores-eventos-en-el-algarve-en-2025\/#article\",\"isPartOf\":{\"@id\":\"https:\/\/ap-hotelsresorts.com\/es\/los-mayores-eventos-en-el-algarve-en-2025\/#webpage\"},\"author\":{\"@id\":\"https:\/\/ap-hotelsresorts.com\/#\/schema\/person\/39ea63a33316ff09e0a075ae0a4bed49\"},\"headline\":\"LOS MAYORES EVENTOS EN EL ALGARVE EN 2025\",\"datePublished\":\"2025-05-21T17:13:08+00:00\",\"dateModified\":\"2025-05-21T17:13:30+00:00\",\"mainEntityOfPage\":{\"@id\":\"https:\/\/ap-hotelsresorts.com\/es\/los-mayores-eventos-en-el-algarve-en-2025\/#webpage\"},\"wordCount\":677,\"publisher\":{\"@id\":\"https:\/\/ap-hotelsresorts.com\/#organization\"},\"image\":{\"@id\":\"https:\/\/ap-hotelsresorts.com\/es\/los-mayores-eventos-en-el-algarve-en-2025\/#primaryimage\"},\"thumbnailUrl\":\"https:\/\/ap-hotelsresorts.com\/wp-content\/uploads\/2024\/09\/Publico-Eventos-scaled-1.jpg\",\"articleSection\":[\"News (ES)\"],\"inLanguage\":\"es\"},{\"@type\":\"Person\",\"@id\":\"https:\/\/ap-hotelsresorts.com\/#\/schema\/person\/39ea63a33316ff09e0a075ae0a4bed49\",\"name\":\"marketing ap\",\"image\":{\"@type\":\"ImageObject\",\"@id\":\"https:\/\/ap-hotelsresorts.com\/#personlogo\",\"inLanguage\":\"es\",\"url\":\"https:\/\/secure.gravatar.com\/avatar\/80ea62fe6096f55fe36f17f2175dca2f?s=96&d=mm&r=g\",\"contentUrl\":\"https:\/\/secure.gravatar.com\/avatar\/80ea62fe6096f55fe36f17f2175dca2f?s=96&d=mm&r=g\",\"caption\":\"marketing ap\"}}]}<\/script>\n<!-- \/ Yoast SEO plugin. -->","yoast_head_json":{"title":"LOS MAYORES EVENTOS EN EL ALGARVE EN 2025 - AP HOTELS &amp; RESORTS .","robots":{"index":"index","follow":"follow","max-snippet":"max-snippet:-1","max-image-preview":"max-image-preview:large","max-video-preview":"max-video-preview:-1"},"canonical":"https:\/\/ap-hotelsresorts.com\/es\/los-mayores-eventos-en-el-algarve-en-2025\/","og_locale":"es_ES","og_type":"article","og_title":"LOS MAYORES EVENTOS EN EL ALGARVE EN 2025 - AP HOTELS &amp; RESORTS .","og_description":"En 2025, el Algarve acoger\u00e1 grandes eventos, especialmente festivales, que traer\u00e1n nombres nacionales e internacionales que merecen destaque. En este art\u00edculo, vamos a dar a conocer cu\u00e1les son esos eventos. \u00a0 Festival Med &nbsp; El festival Med se celebra en [&hellip;]","og_url":"https:\/\/ap-hotelsresorts.com\/es\/los-mayores-eventos-en-el-algarve-en-2025\/","og_site_name":"AP HOTELS &amp; RESORTS .","article_publisher":"https:\/\/www.facebook.com\/aphotelsresorts","article_published_time":"2025-05-21T17:13:08+00:00","article_modified_time":"2025-05-21T17:13:30+00:00","og_image":[{"width":2560,"height":1707,"url":"https:\/\/ap-hotelsresorts.com\/wp-content\/uploads\/2024\/09\/Publico-Eventos-scaled-1.jpg","type":"image\/jpeg"}],"twitter_card":"summary_large_image","twitter_creator":"@ApHotels","twitter_site":"@ApHotels","twitter_misc":{"Escrito por":"marketing ap","Tiempo de lectura":"3 minutos"},"schema":{"@context":"https:\/\/schema.org","@graph":[{"@type":"Organization","@id":"https:\/\/ap-hotelsresorts.com\/#organization","name":"AP HOTELS & RESORTS","url":"https:\/\/ap-hotelsresorts.com\/","sameAs":["https:\/\/www.facebook.com\/aphotelsresorts","https:\/\/www.instagram.com\/aphotelsresorts\/","https:\/\/www.linkedin.com\/company\/ap-hotels-and-resorts","https:\/\/www.youtube.com\/channel\/UCSmwGBz36kx2XALzeVAlKEg","https:\/\/twitter.com\/ApHotels"],"logo":{"@type":"ImageObject","@id":"https:\/\/ap-hotelsresorts.com\/#logo","inLanguage":"es","url":"https:\/\/ap-hotelsresorts.com\/wp-content\/uploads\/2021\/03\/logo-1.png","contentUrl":"https:\/\/ap-hotelsresorts.com\/wp-content\/uploads\/2021\/03\/logo-1.png","width":"3915","height":"1388","caption":"AP HOTELS & RESORTS"},"image":{"@id":"https:\/\/ap-hotelsresorts.com\/#logo"}},{"@type":"WebSite","@id":"https:\/\/ap-hotelsresorts.com\/#website","url":"https:\/\/ap-hotelsresorts.com\/","name":"AP HOTELS &amp; RESORTS .","description":"Albufeira . Faro . Portim\u00e3o . Tavira . Algarve","publisher":{"@id":"https:\/\/ap-hotelsresorts.com\/#organization"},"potentialAction":[{"@type":"SearchAction","target":{"@type":"EntryPoint","urlTemplate":"https:\/\/ap-hotelsresorts.com\/?s={search_term_string}"},"query-input":"required name=search_term_string"}],"inLanguage":"es"},{"@type":"ImageObject","@id":"https:\/\/ap-hotelsresorts.com\/es\/los-mayores-eventos-en-el-algarve-en-2025\/#primaryimage","inLanguage":"es","url":"https:\/\/ap-hotelsresorts.com\/wp-content\/uploads\/2024\/09\/Publico-Eventos-scaled-1.jpg","contentUrl":"https:\/\/ap-hotelsresorts.com\/wp-content\/uploads\/2024\/09\/Publico-Eventos-scaled-1.jpg","width":2560,"height":1707},{"@type":"WebPage","@id":"https:\/\/ap-hotelsresorts.com\/es\/los-mayores-eventos-en-el-algarve-en-2025\/#webpage","url":"https:\/\/ap-hotelsresorts.com\/es\/los-mayores-eventos-en-el-algarve-en-2025\/","name":"LOS MAYORES EVENTOS EN EL ALGARVE EN 2025 - AP HOTELS &amp; RESORTS .","isPartOf":{"@id":"https:\/\/ap-hotelsresorts.com\/#website"},"primaryImageOfPage":{"@id":"https:\/\/ap-hotelsresorts.com\/es\/los-mayores-eventos-en-el-algarve-en-2025\/#primaryimage"},"datePublished":"2025-05-21T17:13:08+00:00","dateModified":"2025-05-21T17:13:30+00:00","breadcrumb":{"@id":"https:\/\/ap-hotelsresorts.com\/es\/los-mayores-eventos-en-el-algarve-en-2025\/#breadcrumb"},"inLanguage":"es","potentialAction":[{"@type":"ReadAction","target":["https:\/\/ap-hotelsresorts.com\/es\/los-mayores-eventos-en-el-algarve-en-2025\/"]}]},{"@type":"BreadcrumbList","@id":"https:\/\/ap-hotelsresorts.com\/es\/los-mayores-eventos-en-el-algarve-en-2025\/#breadcrumb","itemListElement":[{"@type":"ListItem","position":1,"name":"Home","item":"https:\/\/ap-hotelsresorts.com\/es\/"},{"@type":"ListItem","position":2,"name":"LOS MAYORES EVENTOS EN EL ALGARVE EN 2025"}]},{"@type":"Article","@id":"https:\/\/ap-hotelsresorts.com\/es\/los-mayores-eventos-en-el-algarve-en-2025\/#article","isPartOf":{"@id":"https:\/\/ap-hotelsresorts.com\/es\/los-mayores-eventos-en-el-algarve-en-2025\/#webpage"},"author":{"@id":"https:\/\/ap-hotelsresorts.com\/#\/schema\/person\/39ea63a33316ff09e0a075ae0a4bed49"},"headline":"LOS MAYORES EVENTOS EN EL ALGARVE EN 2025","datePublished":"2025-05-21T17:13:08+00:00","dateModified":"2025-05-21T17:13:30+00:00","mainEntityOfPage":{"@id":"https:\/\/ap-hotelsresorts.com\/es\/los-mayores-eventos-en-el-algarve-en-2025\/#webpage"},"wordCount":677,"publisher":{"@id":"https:\/\/ap-hotelsresorts.com\/#organization"},"image":{"@id":"https:\/\/ap-hotelsresorts.com\/es\/los-mayores-eventos-en-el-algarve-en-2025\/#primaryimage"},"thumbnailUrl":"https:\/\/ap-hotelsresorts.com\/wp-content\/uploads\/2024\/09\/Publico-Eventos-scaled-1.jpg","articleSection":["News (ES)"],"inLanguage":"es"},{"@type":"Person","@id":"https:\/\/ap-hotelsresorts.com\/#\/schema\/person\/39ea63a33316ff09e0a075ae0a4bed49","name":"marketing ap","image":{"@type":"ImageObject","@id":"https:\/\/ap-hotelsresorts.com\/#personlogo","inLanguage":"es","url":"https:\/\/secure.gravatar.com\/avatar\/80ea62fe6096f55fe36f17f2175dca2f?s=96&d=mm&r=g","contentUrl":"https:\/\/secure.gravatar.com\/avatar\/80ea62fe6096f55fe36f17f2175dca2f?s=96&d=mm&r=g","caption":"marketing ap"}}]}},"_links":{"self":[{"href":"https:\/\/ap-hotelsresorts.com\/es\/wp-json\/wp\/v2\/posts\/57597"}],"collection":[{"href":"https:\/\/ap-hotelsresorts.com\/es\/wp-json\/wp\/v2\/posts"}],"about":[{"href":"https:\/\/ap-hotelsresorts.com\/es\/wp-json\/wp\/v2\/types\/post"}],"author":[{"embeddable":true,"href":"https:\/\/ap-hotelsresorts.com\/es\/wp-json\/wp\/v2\/users\/11"}],"replies":[{"embeddable":true,"href":"https:\/\/ap-hotelsresorts.com\/es\/wp-json\/wp\/v2\/comments?post=57597"}],"version-history":[{"count":0,"href":"https:\/\/ap-hotelsresorts.com\/es\/wp-json\/wp\/v2\/posts\/57597\/revisions"}],"wp:featuredmedia":[{"embeddable":true,"href":"https:\/\/ap-hotelsresorts.com\/es\/wp-json\/wp\/v2\/media\/53225"}],"wp:attachment":[{"href":"https:\/\/ap-hotelsresorts.com\/es\/wp-json\/wp\/v2\/media?parent=57597"}],"wp:term":[{"taxonomy":"category","embeddable":true,"href":"https:\/\/ap-hotelsresorts.com\/es\/wp-json\/wp\/v2\/categories?post=57597"},{"taxonomy":"post_tag","embeddable":true,"href":"https:\/\/ap-hotelsresorts.com\/es\/wp-json\/wp\/v2\/tags?post=57597"}],"curies":[{"name":"wp","href":"https:\/\/api.w.org\/{rel}","templated":true}]}}