{"id":58737,"date":"2025-07-08T14:02:39","date_gmt":"2025-07-08T14:02:39","guid":{"rendered":"https:\/\/ap-hotelsresorts.com\/?p=58737"},"modified":"2025-07-08T14:02:39","modified_gmt":"2025-07-08T14:02:39","slug":"que-hacer-en-albufeira-en-invierno","status":"publish","type":"post","link":"https:\/\/ap-hotelsresorts.com\/es\/que-hacer-en-albufeira-en-invierno\/","title":{"rendered":"Qu\u00e9 hacer en Albufeira en invierno"},"content":{"rendered":"<p data-start=\"46\" data-end=\"141\">Equivocarse quien piensa que Albufeira y el Algarve solo valen la pena visitar en verano.<\/p>\n<p data-start=\"148\" data-end=\"343\">Es cierto que en verano las temperaturas son m\u00e1s altas y invitan a darse un ba\u00f1o en las maravillosas playas de la regi\u00f3n. Pero el invierno tambi\u00e9n es una excelente \u00e9poca para visitar Albufeira.<\/p>\n<p data-start=\"350\" data-end=\"478\">Esto se debe a que Albufeira en invierno ofrece eventos y actividades interesantes y poco conocidos por el p\u00fablico en general.<\/p>\n<p data-start=\"485\" data-end=\"601\">Hoy revelamos algunos de estos eventos desconocidos y te invitamos a descubrir qu\u00e9 hacer en Albufeira en invierno.<\/p>\n<p data-start=\"608\" data-end=\"751\">Adem\u00e1s, debes saber que Albufeira tiene temperaturas suaves en invierno, siendo una de las ciudades m\u00e1s c\u00e1lidas de Portugal en esta estaci\u00f3n.<\/p>\n<p>&nbsp;<\/p>\n<h2 data-start=\"174\" data-end=\"212\"><strong data-start=\"174\" data-end=\"210\">Feira Franca (feria tradicional)<\/strong><\/h2>\n<p>&nbsp;<\/p>\n<p><img decoding=\"async\" loading=\"lazy\" class=\"alignnone size-medium wp-image-58704\" src=\"https:\/\/ap-hotelsresorts.com\/wp-content\/uploads\/2025\/07\/Feira-Franca-Albufeira-300x200.jpg\" alt=\"\" width=\"300\" height=\"200\" srcset=\"https:\/\/ap-hotelsresorts.com\/wp-content\/uploads\/2025\/07\/Feira-Franca-Albufeira-300x200.jpg 300w, https:\/\/ap-hotelsresorts.com\/wp-content\/uploads\/2025\/07\/Feira-Franca-Albufeira.jpg 471w\" sizes=\"(max-width: 300px) 100vw, 300px\" \/><\/p>\n<p>&nbsp;<\/p>\n<p data-start=\"44\" data-end=\"146\">En noviembre se celebra la <strong data-start=\"71\" data-end=\"87\">Feira Franca<\/strong> en Albufeira, una feria con m\u00e1s de 300 a\u00f1os de historia.<\/p>\n<p data-start=\"148\" data-end=\"285\">Esta feria tiene todo para que te diviertas al m\u00e1ximo: carruseles, coches de choque, churros, algod\u00f3n de az\u00facar y productos regionales.<\/p>\n<p data-start=\"287\" data-end=\"396\">Adem\u00e1s, aqu\u00ed puedes encontrar a la venta productos tradicionales, desde ropa hasta art\u00edculos para el hogar.<\/p>\n<p data-start=\"398\" data-end=\"556\">La <strong data-start=\"401\" data-end=\"417\">Feira Franca<\/strong> es, por tanto, el evento ideal para todas las edades, perfecto para ir con toda la familia y con entretenimiento garantizado para todos.<\/p>\n<p>&nbsp;<\/p>\n<h2 data-start=\"94\" data-end=\"143\"><strong data-start=\"94\" data-end=\"141\">Museo Municipal de Arqueolog\u00eda de Albufeira<\/strong><\/h2>\n<p>&nbsp;<\/p>\n<p><img decoding=\"async\" loading=\"lazy\" class=\"alignnone size-medium wp-image-58712\" src=\"https:\/\/ap-hotelsresorts.com\/wp-content\/uploads\/2025\/07\/Museu-Municipal-de-Arqueologia-de-Albufeira-300x200.jpg\" alt=\"\" width=\"300\" height=\"200\" srcset=\"https:\/\/ap-hotelsresorts.com\/wp-content\/uploads\/2025\/07\/Museu-Municipal-de-Arqueologia-de-Albufeira-300x200.jpg 300w, https:\/\/ap-hotelsresorts.com\/wp-content\/uploads\/2025\/07\/Museu-Municipal-de-Arqueologia-de-Albufeira-768x512.jpg 768w, https:\/\/ap-hotelsresorts.com\/wp-content\/uploads\/2025\/07\/Museu-Municipal-de-Arqueologia-de-Albufeira.jpg 950w\" sizes=\"(max-width: 300px) 100vw, 300px\" \/><\/p>\n<p>&nbsp;<\/p>\n<p data-start=\"64\" data-end=\"156\">El invierno es la \u00e9poca ideal para visitar el Museo Municipal de Arqueolog\u00eda de Albufeira.<\/p>\n<p data-start=\"158\" data-end=\"270\">Esto se debe a que en invierno el museo tiene menos afluencia, lo que permite verlo todo con m\u00e1s tranquilidad.<\/p>\n<p data-start=\"272\" data-end=\"486\">Ubicado en el centro de Albufeira, el museo exhibe hallazgos arqueol\u00f3gicos que muestran la evoluci\u00f3n de la regi\u00f3n desde la prehistoria hasta la \u00e9poca romana. Toda la evoluci\u00f3n de la ciudad est\u00e1 representada aqu\u00ed.<\/p>\n<p>&nbsp;<\/p>\n<h2><strong>Algarve Harp Festival<\/strong><\/h2>\n<p>&nbsp;<\/p>\n<p><img decoding=\"async\" loading=\"lazy\" class=\"alignnone size-full wp-image-58717\" src=\"https:\/\/ap-hotelsresorts.com\/wp-content\/uploads\/2025\/07\/images.jpeg\" alt=\"\" width=\"275\" height=\"183\" \/><\/p>\n<p>&nbsp;<\/p>\n<p data-start=\"44\" data-end=\"196\">Si te gusta el arpa, este festival es para ti. Se celebra en noviembre, en Albufeira, y re\u00fane a varios artistas talentosos que tocan este instrumento.<\/p>\n<p data-start=\"198\" data-end=\"373\">Es un festival gratuito y tambi\u00e9n tiene un car\u00e1cter solidario, ya que durante el evento se recogen donativos que se destinan a organizaciones sin fines de lucro del Algarve.<\/p>\n<p data-start=\"375\" data-end=\"469\">Es, por tanto, una actividad perfecta para quienes disfrutan de combinar arte y solidaridad.<\/p>\n<p>&nbsp;<\/p>\n<h2 data-start=\"85\" data-end=\"119\"><strong data-start=\"85\" data-end=\"117\">Mercado Municipal de Cali\u00e7os<\/strong><\/h2>\n<p>&nbsp;<\/p>\n<p><img decoding=\"async\" loading=\"lazy\" class=\"alignnone size-medium wp-image-58722\" src=\"https:\/\/ap-hotelsresorts.com\/wp-content\/uploads\/2025\/07\/16214-6a8899eac17a411c924494b6aec60198-300x200.jpg\" alt=\"\" width=\"300\" height=\"200\" srcset=\"https:\/\/ap-hotelsresorts.com\/wp-content\/uploads\/2025\/07\/16214-6a8899eac17a411c924494b6aec60198-300x200.jpg 300w, https:\/\/ap-hotelsresorts.com\/wp-content\/uploads\/2025\/07\/16214-6a8899eac17a411c924494b6aec60198-768x512.jpg 768w, https:\/\/ap-hotelsresorts.com\/wp-content\/uploads\/2025\/07\/16214-6a8899eac17a411c924494b6aec60198.jpg 1024w\" sizes=\"(max-width: 300px) 100vw, 300px\" \/><\/p>\n<p>&nbsp;<\/p>\n<p data-start=\"44\" data-end=\"239\">En el coraz\u00f3n de Albufeira se encuentra el Mercado Municipal de Cali\u00e7os, donde puedes encontrar una gran variedad de productos frescos locales, desde frutas y verduras hasta pescado y mariscos.<\/p>\n<p data-start=\"241\" data-end=\"384\">Adem\u00e1s, hay d\u00edas en los que se celebran eventos especiales en el mercado, como la feria de productores y agricultores o el mercado de pulgas.<\/p>\n<p>&nbsp;<\/p>\n<h2 data-start=\"39\" data-end=\"72\"><strong data-start=\"39\" data-end=\"70\">D\u00f3nde alojarse en Albufeira<\/strong><\/h2>\n<p>&nbsp;<\/p>\n<p><img decoding=\"async\" loading=\"lazy\" class=\"alignnone size-medium wp-image-32347\" src=\"https:\/\/ap-hotelsresorts.com\/wp-content\/uploads\/2022\/05\/ap-victoria-sports-and-beach-web-300x174.jpg\" alt=\"homogolacao AP Victoria\" width=\"300\" height=\"174\" srcset=\"https:\/\/ap-hotelsresorts.com\/wp-content\/uploads\/2022\/05\/ap-victoria-sports-and-beach-web-300x174.jpg 300w, https:\/\/ap-hotelsresorts.com\/wp-content\/uploads\/2022\/05\/ap-victoria-sports-and-beach-web-1024x594.jpg 1024w, https:\/\/ap-hotelsresorts.com\/wp-content\/uploads\/2022\/05\/ap-victoria-sports-and-beach-web-768x445.jpg 768w, https:\/\/ap-hotelsresorts.com\/wp-content\/uploads\/2022\/05\/ap-victoria-sports-and-beach-web-1536x891.jpg 1536w\" sizes=\"(max-width: 300px) 100vw, 300px\" \/><\/p>\n<p>&nbsp;<\/p>\n<p data-start=\"44\" data-end=\"171\">En Albufeira hay dos excelentes hoteles para tu estancia: el <a href=\"https:\/\/ap-hotelsresorts.com\/es\/adriana\/\"><span style=\"text-decoration: underline;\"><strong data-start=\"105\" data-end=\"132\">AP Adriana Beach Resort<\/strong><\/span> <\/a>y el <a href=\"https:\/\/ap-hotelsresorts.com\/es\/victoria\/\"><span style=\"text-decoration: underline;\"><strong data-start=\"138\" data-end=\"168\">AP Victoria Sports &amp; Beach<\/strong><\/span><\/a>.<\/p>\n<p data-start=\"173\" data-end=\"298\">Ambos est\u00e1n ubicados cerca de la Playa de Fal\u00e9sia, ofrecen r\u00e9gimen todo incluido y muchas actividades para toda la familia.<\/p>\n<p data-start=\"300\" data-end=\"364\">Explora cada uno de ellos y haz tu reserva para este invierno.<\/p>\n","protected":false},"excerpt":{"rendered":"<p>Equivocarse quien piensa que Albufeira y el Algarve solo valen la pena visitar en verano. Es cierto que en verano las temperaturas son m\u00e1s altas y invitan a darse un ba\u00f1o en las maravillosas playas de la regi\u00f3n. Pero el [&hellip;]<\/p>\n","protected":false},"author":11,"featured_media":58731,"comment_status":"closed","ping_status":"closed","sticky":false,"template":"","format":"standard","meta":[],"categories":[465],"tags":[],"yoast_head":"<!-- This site is optimized with the Yoast SEO plugin v18.1 - https:\/\/yoast.com\/wordpress\/plugins\/seo\/ -->\n<title>Qu\u00e9 hacer en Albufeira en invierno - AP HOTELS &amp; RESORTS .<\/title>\n<meta name=\"robots\" content=\"index, follow, max-snippet:-1, max-image-preview:large, max-video-preview:-1\" \/>\n<link rel=\"canonical\" href=\"https:\/\/ap-hotelsresorts.com\/es\/que-hacer-en-albufeira-en-invierno\/\" \/>\n<meta property=\"og:locale\" content=\"es_ES\" \/>\n<meta property=\"og:type\" content=\"article\" \/>\n<meta property=\"og:title\" content=\"Qu\u00e9 hacer en Albufeira en invierno - AP HOTELS &amp; RESORTS .\" \/>\n<meta property=\"og:description\" content=\"Equivocarse quien piensa que Albufeira y el Algarve solo valen la pena visitar en verano. Es cierto que en verano las temperaturas son m\u00e1s altas y invitan a darse un ba\u00f1o en las maravillosas playas de la regi\u00f3n. Pero el [&hellip;]\" \/>\n<meta property=\"og:url\" content=\"https:\/\/ap-hotelsresorts.com\/es\/que-hacer-en-albufeira-en-invierno\/\" \/>\n<meta property=\"og:site_name\" content=\"AP HOTELS &amp; RESORTS .\" \/>\n<meta property=\"article:publisher\" content=\"https:\/\/www.facebook.com\/aphotelsresorts\" \/>\n<meta property=\"article:published_time\" content=\"2025-07-08T14:02:39+00:00\" \/>\n<meta property=\"og:image\" content=\"https:\/\/ap-hotelsresorts.com\/wp-content\/uploads\/2025\/07\/istockphoto-955186632-612x612-1.jpg\" \/>\n\t<meta property=\"og:image:width\" content=\"612\" \/>\n\t<meta property=\"og:image:height\" content=\"449\" \/>\n\t<meta property=\"og:image:type\" content=\"image\/jpeg\" \/>\n<meta name=\"twitter:card\" content=\"summary_large_image\" \/>\n<meta name=\"twitter:creator\" content=\"@ApHotels\" \/>\n<meta name=\"twitter:site\" content=\"@ApHotels\" \/>\n<meta name=\"twitter:label1\" content=\"Escrito por\" \/>\n\t<meta name=\"twitter:data1\" content=\"marketing ap\" \/>\n\t<meta name=\"twitter:label2\" content=\"Tiempo de lectura\" \/>\n\t<meta name=\"twitter:data2\" content=\"3 minutos\" \/>\n<script type=\"application\/ld+json\" class=\"yoast-schema-graph\">{\"@context\":\"https:\/\/schema.org\",\"@graph\":[{\"@type\":\"Organization\",\"@id\":\"https:\/\/ap-hotelsresorts.com\/#organization\",\"name\":\"AP HOTELS & RESORTS\",\"url\":\"https:\/\/ap-hotelsresorts.com\/\",\"sameAs\":[\"https:\/\/www.facebook.com\/aphotelsresorts\",\"https:\/\/www.instagram.com\/aphotelsresorts\/\",\"https:\/\/www.linkedin.com\/company\/ap-hotels-and-resorts\",\"https:\/\/www.youtube.com\/channel\/UCSmwGBz36kx2XALzeVAlKEg\",\"https:\/\/twitter.com\/ApHotels\"],\"logo\":{\"@type\":\"ImageObject\",\"@id\":\"https:\/\/ap-hotelsresorts.com\/#logo\",\"inLanguage\":\"es\",\"url\":\"https:\/\/ap-hotelsresorts.com\/wp-content\/uploads\/2021\/03\/logo-1.png\",\"contentUrl\":\"https:\/\/ap-hotelsresorts.com\/wp-content\/uploads\/2021\/03\/logo-1.png\",\"width\":\"3915\",\"height\":\"1388\",\"caption\":\"AP HOTELS & RESORTS\"},\"image\":{\"@id\":\"https:\/\/ap-hotelsresorts.com\/#logo\"}},{\"@type\":\"WebSite\",\"@id\":\"https:\/\/ap-hotelsresorts.com\/#website\",\"url\":\"https:\/\/ap-hotelsresorts.com\/\",\"name\":\"AP HOTELS &amp; RESORTS .\",\"description\":\"Albufeira . Faro . Portim\u00e3o . Tavira . Algarve\",\"publisher\":{\"@id\":\"https:\/\/ap-hotelsresorts.com\/#organization\"},\"potentialAction\":[{\"@type\":\"SearchAction\",\"target\":{\"@type\":\"EntryPoint\",\"urlTemplate\":\"https:\/\/ap-hotelsresorts.com\/?s={search_term_string}\"},\"query-input\":\"required name=search_term_string\"}],\"inLanguage\":\"es\"},{\"@type\":\"ImageObject\",\"@id\":\"https:\/\/ap-hotelsresorts.com\/es\/que-hacer-en-albufeira-en-invierno\/#primaryimage\",\"inLanguage\":\"es\",\"url\":\"https:\/\/ap-hotelsresorts.com\/wp-content\/uploads\/2025\/07\/istockphoto-955186632-612x612-1.jpg\",\"contentUrl\":\"https:\/\/ap-hotelsresorts.com\/wp-content\/uploads\/2025\/07\/istockphoto-955186632-612x612-1.jpg\",\"width\":612,\"height\":449,\"caption\":\"Aerial view of marina and white architecture above cliffs in Albufeira, Algarve, Portugal\"},{\"@type\":\"WebPage\",\"@id\":\"https:\/\/ap-hotelsresorts.com\/es\/que-hacer-en-albufeira-en-invierno\/#webpage\",\"url\":\"https:\/\/ap-hotelsresorts.com\/es\/que-hacer-en-albufeira-en-invierno\/\",\"name\":\"Qu\u00e9 hacer en Albufeira en invierno - AP HOTELS &amp; RESORTS .\",\"isPartOf\":{\"@id\":\"https:\/\/ap-hotelsresorts.com\/#website\"},\"primaryImageOfPage\":{\"@id\":\"https:\/\/ap-hotelsresorts.com\/es\/que-hacer-en-albufeira-en-invierno\/#primaryimage\"},\"datePublished\":\"2025-07-08T14:02:39+00:00\",\"dateModified\":\"2025-07-08T14:02:39+00:00\",\"breadcrumb\":{\"@id\":\"https:\/\/ap-hotelsresorts.com\/es\/que-hacer-en-albufeira-en-invierno\/#breadcrumb\"},\"inLanguage\":\"es\",\"potentialAction\":[{\"@type\":\"ReadAction\",\"target\":[\"https:\/\/ap-hotelsresorts.com\/es\/que-hacer-en-albufeira-en-invierno\/\"]}]},{\"@type\":\"BreadcrumbList\",\"@id\":\"https:\/\/ap-hotelsresorts.com\/es\/que-hacer-en-albufeira-en-invierno\/#breadcrumb\",\"itemListElement\":[{\"@type\":\"ListItem\",\"position\":1,\"name\":\"Home\",\"item\":\"https:\/\/ap-hotelsresorts.com\/es\/\"},{\"@type\":\"ListItem\",\"position\":2,\"name\":\"Qu\u00e9 hacer en Albufeira en invierno\"}]},{\"@type\":\"Article\",\"@id\":\"https:\/\/ap-hotelsresorts.com\/es\/que-hacer-en-albufeira-en-invierno\/#article\",\"isPartOf\":{\"@id\":\"https:\/\/ap-hotelsresorts.com\/es\/que-hacer-en-albufeira-en-invierno\/#webpage\"},\"author\":{\"@id\":\"https:\/\/ap-hotelsresorts.com\/#\/schema\/person\/39ea63a33316ff09e0a075ae0a4bed49\"},\"headline\":\"Qu\u00e9 hacer en Albufeira en invierno\",\"datePublished\":\"2025-07-08T14:02:39+00:00\",\"dateModified\":\"2025-07-08T14:02:39+00:00\",\"mainEntityOfPage\":{\"@id\":\"https:\/\/ap-hotelsresorts.com\/es\/que-hacer-en-albufeira-en-invierno\/#webpage\"},\"wordCount\":513,\"publisher\":{\"@id\":\"https:\/\/ap-hotelsresorts.com\/#organization\"},\"image\":{\"@id\":\"https:\/\/ap-hotelsresorts.com\/es\/que-hacer-en-albufeira-en-invierno\/#primaryimage\"},\"thumbnailUrl\":\"https:\/\/ap-hotelsresorts.com\/wp-content\/uploads\/2025\/07\/istockphoto-955186632-612x612-1.jpg\",\"articleSection\":[\"News (ES)\"],\"inLanguage\":\"es\"},{\"@type\":\"Person\",\"@id\":\"https:\/\/ap-hotelsresorts.com\/#\/schema\/person\/39ea63a33316ff09e0a075ae0a4bed49\",\"name\":\"marketing ap\",\"image\":{\"@type\":\"ImageObject\",\"@id\":\"https:\/\/ap-hotelsresorts.com\/#personlogo\",\"inLanguage\":\"es\",\"url\":\"https:\/\/secure.gravatar.com\/avatar\/80ea62fe6096f55fe36f17f2175dca2f?s=96&d=mm&r=g\",\"contentUrl\":\"https:\/\/secure.gravatar.com\/avatar\/80ea62fe6096f55fe36f17f2175dca2f?s=96&d=mm&r=g\",\"caption\":\"marketing ap\"}}]}<\/script>\n<!-- \/ Yoast SEO plugin. -->","yoast_head_json":{"title":"Qu\u00e9 hacer en Albufeira en invierno - AP HOTELS &amp; RESORTS .","robots":{"index":"index","follow":"follow","max-snippet":"max-snippet:-1","max-image-preview":"max-image-preview:large","max-video-preview":"max-video-preview:-1"},"canonical":"https:\/\/ap-hotelsresorts.com\/es\/que-hacer-en-albufeira-en-invierno\/","og_locale":"es_ES","og_type":"article","og_title":"Qu\u00e9 hacer en Albufeira en invierno - AP HOTELS &amp; RESORTS .","og_description":"Equivocarse quien piensa que Albufeira y el Algarve solo valen la pena visitar en verano. Es cierto que en verano las temperaturas son m\u00e1s altas y invitan a darse un ba\u00f1o en las maravillosas playas de la regi\u00f3n. Pero el [&hellip;]","og_url":"https:\/\/ap-hotelsresorts.com\/es\/que-hacer-en-albufeira-en-invierno\/","og_site_name":"AP HOTELS &amp; RESORTS .","article_publisher":"https:\/\/www.facebook.com\/aphotelsresorts","article_published_time":"2025-07-08T14:02:39+00:00","og_image":[{"width":612,"height":449,"url":"https:\/\/ap-hotelsresorts.com\/wp-content\/uploads\/2025\/07\/istockphoto-955186632-612x612-1.jpg","type":"image\/jpeg"}],"twitter_card":"summary_large_image","twitter_creator":"@ApHotels","twitter_site":"@ApHotels","twitter_misc":{"Escrito por":"marketing ap","Tiempo de lectura":"3 minutos"},"schema":{"@context":"https:\/\/schema.org","@graph":[{"@type":"Organization","@id":"https:\/\/ap-hotelsresorts.com\/#organization","name":"AP HOTELS & RESORTS","url":"https:\/\/ap-hotelsresorts.com\/","sameAs":["https:\/\/www.facebook.com\/aphotelsresorts","https:\/\/www.instagram.com\/aphotelsresorts\/","https:\/\/www.linkedin.com\/company\/ap-hotels-and-resorts","https:\/\/www.youtube.com\/channel\/UCSmwGBz36kx2XALzeVAlKEg","https:\/\/twitter.com\/ApHotels"],"logo":{"@type":"ImageObject","@id":"https:\/\/ap-hotelsresorts.com\/#logo","inLanguage":"es","url":"https:\/\/ap-hotelsresorts.com\/wp-content\/uploads\/2021\/03\/logo-1.png","contentUrl":"https:\/\/ap-hotelsresorts.com\/wp-content\/uploads\/2021\/03\/logo-1.png","width":"3915","height":"1388","caption":"AP HOTELS & RESORTS"},"image":{"@id":"https:\/\/ap-hotelsresorts.com\/#logo"}},{"@type":"WebSite","@id":"https:\/\/ap-hotelsresorts.com\/#website","url":"https:\/\/ap-hotelsresorts.com\/","name":"AP HOTELS &amp; RESORTS .","description":"Albufeira . Faro . Portim\u00e3o . Tavira . Algarve","publisher":{"@id":"https:\/\/ap-hotelsresorts.com\/#organization"},"potentialAction":[{"@type":"SearchAction","target":{"@type":"EntryPoint","urlTemplate":"https:\/\/ap-hotelsresorts.com\/?s={search_term_string}"},"query-input":"required name=search_term_string"}],"inLanguage":"es"},{"@type":"ImageObject","@id":"https:\/\/ap-hotelsresorts.com\/es\/que-hacer-en-albufeira-en-invierno\/#primaryimage","inLanguage":"es","url":"https:\/\/ap-hotelsresorts.com\/wp-content\/uploads\/2025\/07\/istockphoto-955186632-612x612-1.jpg","contentUrl":"https:\/\/ap-hotelsresorts.com\/wp-content\/uploads\/2025\/07\/istockphoto-955186632-612x612-1.jpg","width":612,"height":449,"caption":"Aerial view of marina and white architecture above cliffs in Albufeira, Algarve, Portugal"},{"@type":"WebPage","@id":"https:\/\/ap-hotelsresorts.com\/es\/que-hacer-en-albufeira-en-invierno\/#webpage","url":"https:\/\/ap-hotelsresorts.com\/es\/que-hacer-en-albufeira-en-invierno\/","name":"Qu\u00e9 hacer en Albufeira en invierno - AP HOTELS &amp; RESORTS .","isPartOf":{"@id":"https:\/\/ap-hotelsresorts.com\/#website"},"primaryImageOfPage":{"@id":"https:\/\/ap-hotelsresorts.com\/es\/que-hacer-en-albufeira-en-invierno\/#primaryimage"},"datePublished":"2025-07-08T14:02:39+00:00","dateModified":"2025-07-08T14:02:39+00:00","breadcrumb":{"@id":"https:\/\/ap-hotelsresorts.com\/es\/que-hacer-en-albufeira-en-invierno\/#breadcrumb"},"inLanguage":"es","potentialAction":[{"@type":"ReadAction","target":["https:\/\/ap-hotelsresorts.com\/es\/que-hacer-en-albufeira-en-invierno\/"]}]},{"@type":"BreadcrumbList","@id":"https:\/\/ap-hotelsresorts.com\/es\/que-hacer-en-albufeira-en-invierno\/#breadcrumb","itemListElement":[{"@type":"ListItem","position":1,"name":"Home","item":"https:\/\/ap-hotelsresorts.com\/es\/"},{"@type":"ListItem","position":2,"name":"Qu\u00e9 hacer en Albufeira en invierno"}]},{"@type":"Article","@id":"https:\/\/ap-hotelsresorts.com\/es\/que-hacer-en-albufeira-en-invierno\/#article","isPartOf":{"@id":"https:\/\/ap-hotelsresorts.com\/es\/que-hacer-en-albufeira-en-invierno\/#webpage"},"author":{"@id":"https:\/\/ap-hotelsresorts.com\/#\/schema\/person\/39ea63a33316ff09e0a075ae0a4bed49"},"headline":"Qu\u00e9 hacer en Albufeira en invierno","datePublished":"2025-07-08T14:02:39+00:00","dateModified":"2025-07-08T14:02:39+00:00","mainEntityOfPage":{"@id":"https:\/\/ap-hotelsresorts.com\/es\/que-hacer-en-albufeira-en-invierno\/#webpage"},"wordCount":513,"publisher":{"@id":"https:\/\/ap-hotelsresorts.com\/#organization"},"image":{"@id":"https:\/\/ap-hotelsresorts.com\/es\/que-hacer-en-albufeira-en-invierno\/#primaryimage"},"thumbnailUrl":"https:\/\/ap-hotelsresorts.com\/wp-content\/uploads\/2025\/07\/istockphoto-955186632-612x612-1.jpg","articleSection":["News (ES)"],"inLanguage":"es"},{"@type":"Person","@id":"https:\/\/ap-hotelsresorts.com\/#\/schema\/person\/39ea63a33316ff09e0a075ae0a4bed49","name":"marketing ap","image":{"@type":"ImageObject","@id":"https:\/\/ap-hotelsresorts.com\/#personlogo","inLanguage":"es","url":"https:\/\/secure.gravatar.com\/avatar\/80ea62fe6096f55fe36f17f2175dca2f?s=96&d=mm&r=g","contentUrl":"https:\/\/secure.gravatar.com\/avatar\/80ea62fe6096f55fe36f17f2175dca2f?s=96&d=mm&r=g","caption":"marketing ap"}}]}},"_links":{"self":[{"href":"https:\/\/ap-hotelsresorts.com\/es\/wp-json\/wp\/v2\/posts\/58737"}],"collection":[{"href":"https:\/\/ap-hotelsresorts.com\/es\/wp-json\/wp\/v2\/posts"}],"about":[{"href":"https:\/\/ap-hotelsresorts.com\/es\/wp-json\/wp\/v2\/types\/post"}],"author":[{"embeddable":true,"href":"https:\/\/ap-hotelsresorts.com\/es\/wp-json\/wp\/v2\/users\/11"}],"replies":[{"embeddable":true,"href":"https:\/\/ap-hotelsresorts.com\/es\/wp-json\/wp\/v2\/comments?post=58737"}],"version-history":[{"count":0,"href":"https:\/\/ap-hotelsresorts.com\/es\/wp-json\/wp\/v2\/posts\/58737\/revisions"}],"wp:featuredmedia":[{"embeddable":true,"href":"https:\/\/ap-hotelsresorts.com\/es\/wp-json\/wp\/v2\/media\/58731"}],"wp:attachment":[{"href":"https:\/\/ap-hotelsresorts.com\/es\/wp-json\/wp\/v2\/media?parent=58737"}],"wp:term":[{"taxonomy":"category","embeddable":true,"href":"https:\/\/ap-hotelsresorts.com\/es\/wp-json\/wp\/v2\/categories?post=58737"},{"taxonomy":"post_tag","embeddable":true,"href":"https:\/\/ap-hotelsresorts.com\/es\/wp-json\/wp\/v2\/tags?post=58737"}],"curies":[{"name":"wp","href":"https:\/\/api.w.org\/{rel}","templated":true}]}}