{"id":27389,"date":"2021-07-19T12:52:38","date_gmt":"2021-07-19T12:52:38","guid":{"rendered":"https:\/\/ap-hotelsresorts.com\/nuno-salvador-takes-over-the-management-of-the-recently-opened-ap-cabanas-beach-nature\/"},"modified":"2021-07-22T17:50:52","modified_gmt":"2021-07-22T17:50:52","slug":"nuno-salvador-takes-over-the-management-of-the-recently-opened-ap-cabanas-beach-nature","status":"publish","type":"post","link":"https:\/\/ap-hotelsresorts.com\/pt-pt\/nuno-salvador-takes-over-the-management-of-the-recently-opened-ap-cabanas-beach-nature\/","title":{"rendered":"Nuno Salvador assume gest\u00e3o do rec\u00e9m-inaugurado AP Cabanas Beach &#038; Nature"},"content":{"rendered":"<p>Nuno Salvador \u00e9 o diretor-geral do mais recente hotel do grupo AP Hotels &amp; Resorts, da MADRE TURISMO: AP Cabanas Beach &amp; Nature, em Cabanas de Tavira.<br \/>\nNuno Salvador iniciou a sua carreira como assistente de F&amp;B em locais como a Suite Hotel Praia Verde e o Real Hotels Group onde, quatro anos depois, se tornou diretor executivo. Em 2016 assumiu o cargo de Diretor de Opera\u00e7\u00f5es do VidaMar Hotels &amp; Resorts e em fevereiro de 2018 mudou-se para a Stratego, no mesmo cargo.<br \/>\nPara Nuno Salvador, ser diretor-geral do mais recente hotel do grupo AP Hotels &amp; Resorts \u00e9 um orgulho, adicionando que \u201co AP Cabanas Beach &amp; Nature tem tudo para receber os h\u00f3spedes na perfei\u00e7\u00e3o, com uma localiza\u00e7\u00e3o soberba, instala\u00e7\u00f5es incr\u00edveis e uma equipa altamente qualificada. N\u00e3o poderia estar mais contente com este novo desafio\u201d.<br \/>\nRecentemente inaugurado em regime de soft opening, o AP Cabanas Beach &amp; Nature oferece um conceito inovador no mercado portugu\u00eas e sobretudo no Algarve, sendo um hotel adults friendly, recomendado para adultos e para pessoas acima dos 14 anos, que disponibiliza estadias em regime de alojamento e pequeno-almo\u00e7o ou em regime de tudo inclu\u00eddo com uma forte liga\u00e7\u00e3o \u00e0 natureza e sustentabilidade.<\/p>\n","protected":false},"excerpt":{"rendered":"<p>Nuno Salvador \u00e9 o diretor-geral do mais recente hotel do grupo AP Hotels &amp; Resorts, da MADRE TURISMO: AP Cabanas Beach &amp; Nature, em Cabanas de Tavira. Nuno Salvador iniciou a sua carreira como assistente de F&amp;B em locais como [&hellip;]<\/p>\n","protected":false},"author":11,"featured_media":27381,"comment_status":"closed","ping_status":"closed","sticky":false,"template":"","format":"standard","meta":[],"categories":[392],"tags":[],"yoast_head":"<!-- This site is optimized with the Yoast SEO plugin v18.1 - https:\/\/yoast.com\/wordpress\/plugins\/seo\/ -->\n<title>Nuno Salvador assume gest\u00e3o do rec\u00e9m-inaugurado AP Cabanas Beach &amp; Nature - AP HOTELS &amp; RESORTS .<\/title>\n<meta name=\"robots\" content=\"index, follow, max-snippet:-1, max-image-preview:large, max-video-preview:-1\" \/>\n<link rel=\"canonical\" href=\"https:\/\/ap-hotelsresorts.com\/pt-pt\/nuno-salvador-takes-over-the-management-of-the-recently-opened-ap-cabanas-beach-nature\/\" \/>\n<meta property=\"og:locale\" content=\"pt_PT\" \/>\n<meta property=\"og:type\" content=\"article\" \/>\n<meta property=\"og:title\" content=\"Nuno Salvador assume gest\u00e3o do rec\u00e9m-inaugurado AP Cabanas Beach &amp; Nature - AP HOTELS &amp; RESORTS .\" \/>\n<meta property=\"og:description\" content=\"Nuno Salvador \u00e9 o diretor-geral do mais recente hotel do grupo AP Hotels &amp; Resorts, da MADRE TURISMO: AP Cabanas Beach &amp; Nature, em Cabanas de Tavira. Nuno Salvador iniciou a sua carreira como assistente de F&amp;B em locais como [&hellip;]\" \/>\n<meta property=\"og:url\" content=\"https:\/\/ap-hotelsresorts.com\/pt-pt\/nuno-salvador-takes-over-the-management-of-the-recently-opened-ap-cabanas-beach-nature\/\" \/>\n<meta property=\"og:site_name\" content=\"AP HOTELS &amp; RESORTS .\" \/>\n<meta property=\"article:publisher\" content=\"https:\/\/www.facebook.com\/aphotelsresorts\" \/>\n<meta property=\"article:published_time\" content=\"2021-07-19T12:52:38+00:00\" \/>\n<meta property=\"article:modified_time\" content=\"2021-07-22T17:50:52+00:00\" \/>\n<meta property=\"og:image\" content=\"https:\/\/ap-hotelsresorts.com\/wp-content\/uploads\/2021\/07\/2021-nuno-salvador.jpg\" \/>\n\t<meta property=\"og:image:width\" content=\"1980\" \/>\n\t<meta property=\"og:image:height\" content=\"450\" \/>\n\t<meta property=\"og:image:type\" content=\"image\/jpeg\" \/>\n<meta name=\"twitter:card\" content=\"summary_large_image\" \/>\n<meta name=\"twitter:creator\" content=\"@ApHotels\" \/>\n<meta name=\"twitter:site\" content=\"@ApHotels\" \/>\n<meta name=\"twitter:label1\" content=\"Escrito por\" \/>\n\t<meta name=\"twitter:data1\" content=\"marketing ap\" \/>\n\t<meta name=\"twitter:label2\" content=\"Tempo estimado de leitura\" \/>\n\t<meta name=\"twitter:data2\" content=\"1 minuto\" \/>\n<script type=\"application\/ld+json\" class=\"yoast-schema-graph\">{\"@context\":\"https:\/\/schema.org\",\"@graph\":[{\"@type\":\"Organization\",\"@id\":\"https:\/\/ap-hotelsresorts.com\/#organization\",\"name\":\"AP HOTELS & RESORTS\",\"url\":\"https:\/\/ap-hotelsresorts.com\/\",\"sameAs\":[\"https:\/\/www.facebook.com\/aphotelsresorts\",\"https:\/\/www.instagram.com\/aphotelsresorts\/\",\"https:\/\/www.linkedin.com\/company\/ap-hotels-and-resorts\",\"https:\/\/www.youtube.com\/channel\/UCSmwGBz36kx2XALzeVAlKEg\",\"https:\/\/twitter.com\/ApHotels\"],\"logo\":{\"@type\":\"ImageObject\",\"@id\":\"https:\/\/ap-hotelsresorts.com\/#logo\",\"inLanguage\":\"pt-PT\",\"url\":\"https:\/\/ap-hotelsresorts.com\/wp-content\/uploads\/2021\/03\/logo-1.png\",\"contentUrl\":\"https:\/\/ap-hotelsresorts.com\/wp-content\/uploads\/2021\/03\/logo-1.png\",\"width\":\"3915\",\"height\":\"1388\",\"caption\":\"AP HOTELS & RESORTS\"},\"image\":{\"@id\":\"https:\/\/ap-hotelsresorts.com\/#logo\"}},{\"@type\":\"WebSite\",\"@id\":\"https:\/\/ap-hotelsresorts.com\/#website\",\"url\":\"https:\/\/ap-hotelsresorts.com\/\",\"name\":\"AP HOTELS &amp; RESORTS .\",\"description\":\"Albufeira . Faro . Portim\u00e3o . Tavira . Algarve\",\"publisher\":{\"@id\":\"https:\/\/ap-hotelsresorts.com\/#organization\"},\"potentialAction\":[{\"@type\":\"SearchAction\",\"target\":{\"@type\":\"EntryPoint\",\"urlTemplate\":\"https:\/\/ap-hotelsresorts.com\/?s={search_term_string}\"},\"query-input\":\"required name=search_term_string\"}],\"inLanguage\":\"pt-PT\"},{\"@type\":\"ImageObject\",\"@id\":\"https:\/\/ap-hotelsresorts.com\/pt-pt\/nuno-salvador-takes-over-the-management-of-the-recently-opened-ap-cabanas-beach-nature\/#primaryimage\",\"inLanguage\":\"pt-PT\",\"url\":\"https:\/\/ap-hotelsresorts.com\/wp-content\/uploads\/2021\/07\/2021-nuno-salvador.jpg\",\"contentUrl\":\"https:\/\/ap-hotelsresorts.com\/wp-content\/uploads\/2021\/07\/2021-nuno-salvador.jpg\",\"width\":1980,\"height\":450,\"caption\":\"Nuno Salvador AP Cabanas\"},{\"@type\":\"WebPage\",\"@id\":\"https:\/\/ap-hotelsresorts.com\/pt-pt\/nuno-salvador-takes-over-the-management-of-the-recently-opened-ap-cabanas-beach-nature\/#webpage\",\"url\":\"https:\/\/ap-hotelsresorts.com\/pt-pt\/nuno-salvador-takes-over-the-management-of-the-recently-opened-ap-cabanas-beach-nature\/\",\"name\":\"Nuno Salvador assume gest\u00e3o do rec\u00e9m-inaugurado AP Cabanas Beach & Nature - AP HOTELS &amp; RESORTS .\",\"isPartOf\":{\"@id\":\"https:\/\/ap-hotelsresorts.com\/#website\"},\"primaryImageOfPage\":{\"@id\":\"https:\/\/ap-hotelsresorts.com\/pt-pt\/nuno-salvador-takes-over-the-management-of-the-recently-opened-ap-cabanas-beach-nature\/#primaryimage\"},\"datePublished\":\"2021-07-19T12:52:38+00:00\",\"dateModified\":\"2021-07-22T17:50:52+00:00\",\"breadcrumb\":{\"@id\":\"https:\/\/ap-hotelsresorts.com\/pt-pt\/nuno-salvador-takes-over-the-management-of-the-recently-opened-ap-cabanas-beach-nature\/#breadcrumb\"},\"inLanguage\":\"pt-PT\",\"potentialAction\":[{\"@type\":\"ReadAction\",\"target\":[\"https:\/\/ap-hotelsresorts.com\/pt-pt\/nuno-salvador-takes-over-the-management-of-the-recently-opened-ap-cabanas-beach-nature\/\"]}]},{\"@type\":\"BreadcrumbList\",\"@id\":\"https:\/\/ap-hotelsresorts.com\/pt-pt\/nuno-salvador-takes-over-the-management-of-the-recently-opened-ap-cabanas-beach-nature\/#breadcrumb\",\"itemListElement\":[{\"@type\":\"ListItem\",\"position\":1,\"name\":\"Home\",\"item\":\"https:\/\/ap-hotelsresorts.com\/pt-pt\/\"},{\"@type\":\"ListItem\",\"position\":2,\"name\":\"Nuno Salvador assume gest\u00e3o do rec\u00e9m-inaugurado AP Cabanas Beach &#038; Nature\"}]},{\"@type\":\"Article\",\"@id\":\"https:\/\/ap-hotelsresorts.com\/pt-pt\/nuno-salvador-takes-over-the-management-of-the-recently-opened-ap-cabanas-beach-nature\/#article\",\"isPartOf\":{\"@id\":\"https:\/\/ap-hotelsresorts.com\/pt-pt\/nuno-salvador-takes-over-the-management-of-the-recently-opened-ap-cabanas-beach-nature\/#webpage\"},\"author\":{\"@id\":\"https:\/\/ap-hotelsresorts.com\/#\/schema\/person\/39ea63a33316ff09e0a075ae0a4bed49\"},\"headline\":\"Nuno Salvador assume gest\u00e3o do rec\u00e9m-inaugurado AP Cabanas Beach &#038; Nature\",\"datePublished\":\"2021-07-19T12:52:38+00:00\",\"dateModified\":\"2021-07-22T17:50:52+00:00\",\"mainEntityOfPage\":{\"@id\":\"https:\/\/ap-hotelsresorts.com\/pt-pt\/nuno-salvador-takes-over-the-management-of-the-recently-opened-ap-cabanas-beach-nature\/#webpage\"},\"wordCount\":219,\"publisher\":{\"@id\":\"https:\/\/ap-hotelsresorts.com\/#organization\"},\"image\":{\"@id\":\"https:\/\/ap-hotelsresorts.com\/pt-pt\/nuno-salvador-takes-over-the-management-of-the-recently-opened-ap-cabanas-beach-nature\/#primaryimage\"},\"thumbnailUrl\":\"https:\/\/ap-hotelsresorts.com\/wp-content\/uploads\/2021\/07\/2021-nuno-salvador.jpg\",\"articleSection\":[\"Not\u00edcias\"],\"inLanguage\":\"pt-PT\"},{\"@type\":\"Person\",\"@id\":\"https:\/\/ap-hotelsresorts.com\/#\/schema\/person\/39ea63a33316ff09e0a075ae0a4bed49\",\"name\":\"marketing ap\",\"image\":{\"@type\":\"ImageObject\",\"@id\":\"https:\/\/ap-hotelsresorts.com\/#personlogo\",\"inLanguage\":\"pt-PT\",\"url\":\"https:\/\/secure.gravatar.com\/avatar\/80ea62fe6096f55fe36f17f2175dca2f?s=96&d=mm&r=g\",\"contentUrl\":\"https:\/\/secure.gravatar.com\/avatar\/80ea62fe6096f55fe36f17f2175dca2f?s=96&d=mm&r=g\",\"caption\":\"marketing ap\"}}]}<\/script>\n<!-- \/ Yoast SEO plugin. -->","yoast_head_json":{"title":"Nuno Salvador assume gest\u00e3o do rec\u00e9m-inaugurado AP Cabanas Beach & Nature - AP HOTELS &amp; RESORTS .","robots":{"index":"index","follow":"follow","max-snippet":"max-snippet:-1","max-image-preview":"max-image-preview:large","max-video-preview":"max-video-preview:-1"},"canonical":"https:\/\/ap-hotelsresorts.com\/pt-pt\/nuno-salvador-takes-over-the-management-of-the-recently-opened-ap-cabanas-beach-nature\/","og_locale":"pt_PT","og_type":"article","og_title":"Nuno Salvador assume gest\u00e3o do rec\u00e9m-inaugurado AP Cabanas Beach & Nature - AP HOTELS &amp; RESORTS .","og_description":"Nuno Salvador \u00e9 o diretor-geral do mais recente hotel do grupo AP Hotels &amp; Resorts, da MADRE TURISMO: AP Cabanas Beach &amp; Nature, em Cabanas de Tavira. Nuno Salvador iniciou a sua carreira como assistente de F&amp;B em locais como [&hellip;]","og_url":"https:\/\/ap-hotelsresorts.com\/pt-pt\/nuno-salvador-takes-over-the-management-of-the-recently-opened-ap-cabanas-beach-nature\/","og_site_name":"AP HOTELS &amp; RESORTS .","article_publisher":"https:\/\/www.facebook.com\/aphotelsresorts","article_published_time":"2021-07-19T12:52:38+00:00","article_modified_time":"2021-07-22T17:50:52+00:00","og_image":[{"width":1980,"height":450,"url":"https:\/\/ap-hotelsresorts.com\/wp-content\/uploads\/2021\/07\/2021-nuno-salvador.jpg","type":"image\/jpeg"}],"twitter_card":"summary_large_image","twitter_creator":"@ApHotels","twitter_site":"@ApHotels","twitter_misc":{"Escrito por":"marketing ap","Tempo estimado de leitura":"1 minuto"},"schema":{"@context":"https:\/\/schema.org","@graph":[{"@type":"Organization","@id":"https:\/\/ap-hotelsresorts.com\/#organization","name":"AP HOTELS & RESORTS","url":"https:\/\/ap-hotelsresorts.com\/","sameAs":["https:\/\/www.facebook.com\/aphotelsresorts","https:\/\/www.instagram.com\/aphotelsresorts\/","https:\/\/www.linkedin.com\/company\/ap-hotels-and-resorts","https:\/\/www.youtube.com\/channel\/UCSmwGBz36kx2XALzeVAlKEg","https:\/\/twitter.com\/ApHotels"],"logo":{"@type":"ImageObject","@id":"https:\/\/ap-hotelsresorts.com\/#logo","inLanguage":"pt-PT","url":"https:\/\/ap-hotelsresorts.com\/wp-content\/uploads\/2021\/03\/logo-1.png","contentUrl":"https:\/\/ap-hotelsresorts.com\/wp-content\/uploads\/2021\/03\/logo-1.png","width":"3915","height":"1388","caption":"AP HOTELS & RESORTS"},"image":{"@id":"https:\/\/ap-hotelsresorts.com\/#logo"}},{"@type":"WebSite","@id":"https:\/\/ap-hotelsresorts.com\/#website","url":"https:\/\/ap-hotelsresorts.com\/","name":"AP HOTELS &amp; RESORTS .","description":"Albufeira . Faro . Portim\u00e3o . Tavira . Algarve","publisher":{"@id":"https:\/\/ap-hotelsresorts.com\/#organization"},"potentialAction":[{"@type":"SearchAction","target":{"@type":"EntryPoint","urlTemplate":"https:\/\/ap-hotelsresorts.com\/?s={search_term_string}"},"query-input":"required name=search_term_string"}],"inLanguage":"pt-PT"},{"@type":"ImageObject","@id":"https:\/\/ap-hotelsresorts.com\/pt-pt\/nuno-salvador-takes-over-the-management-of-the-recently-opened-ap-cabanas-beach-nature\/#primaryimage","inLanguage":"pt-PT","url":"https:\/\/ap-hotelsresorts.com\/wp-content\/uploads\/2021\/07\/2021-nuno-salvador.jpg","contentUrl":"https:\/\/ap-hotelsresorts.com\/wp-content\/uploads\/2021\/07\/2021-nuno-salvador.jpg","width":1980,"height":450,"caption":"Nuno Salvador AP Cabanas"},{"@type":"WebPage","@id":"https:\/\/ap-hotelsresorts.com\/pt-pt\/nuno-salvador-takes-over-the-management-of-the-recently-opened-ap-cabanas-beach-nature\/#webpage","url":"https:\/\/ap-hotelsresorts.com\/pt-pt\/nuno-salvador-takes-over-the-management-of-the-recently-opened-ap-cabanas-beach-nature\/","name":"Nuno Salvador assume gest\u00e3o do rec\u00e9m-inaugurado AP Cabanas Beach & Nature - AP HOTELS &amp; RESORTS .","isPartOf":{"@id":"https:\/\/ap-hotelsresorts.com\/#website"},"primaryImageOfPage":{"@id":"https:\/\/ap-hotelsresorts.com\/pt-pt\/nuno-salvador-takes-over-the-management-of-the-recently-opened-ap-cabanas-beach-nature\/#primaryimage"},"datePublished":"2021-07-19T12:52:38+00:00","dateModified":"2021-07-22T17:50:52+00:00","breadcrumb":{"@id":"https:\/\/ap-hotelsresorts.com\/pt-pt\/nuno-salvador-takes-over-the-management-of-the-recently-opened-ap-cabanas-beach-nature\/#breadcrumb"},"inLanguage":"pt-PT","potentialAction":[{"@type":"ReadAction","target":["https:\/\/ap-hotelsresorts.com\/pt-pt\/nuno-salvador-takes-over-the-management-of-the-recently-opened-ap-cabanas-beach-nature\/"]}]},{"@type":"BreadcrumbList","@id":"https:\/\/ap-hotelsresorts.com\/pt-pt\/nuno-salvador-takes-over-the-management-of-the-recently-opened-ap-cabanas-beach-nature\/#breadcrumb","itemListElement":[{"@type":"ListItem","position":1,"name":"Home","item":"https:\/\/ap-hotelsresorts.com\/pt-pt\/"},{"@type":"ListItem","position":2,"name":"Nuno Salvador assume gest\u00e3o do rec\u00e9m-inaugurado AP Cabanas Beach &#038; Nature"}]},{"@type":"Article","@id":"https:\/\/ap-hotelsresorts.com\/pt-pt\/nuno-salvador-takes-over-the-management-of-the-recently-opened-ap-cabanas-beach-nature\/#article","isPartOf":{"@id":"https:\/\/ap-hotelsresorts.com\/pt-pt\/nuno-salvador-takes-over-the-management-of-the-recently-opened-ap-cabanas-beach-nature\/#webpage"},"author":{"@id":"https:\/\/ap-hotelsresorts.com\/#\/schema\/person\/39ea63a33316ff09e0a075ae0a4bed49"},"headline":"Nuno Salvador assume gest\u00e3o do rec\u00e9m-inaugurado AP Cabanas Beach &#038; Nature","datePublished":"2021-07-19T12:52:38+00:00","dateModified":"2021-07-22T17:50:52+00:00","mainEntityOfPage":{"@id":"https:\/\/ap-hotelsresorts.com\/pt-pt\/nuno-salvador-takes-over-the-management-of-the-recently-opened-ap-cabanas-beach-nature\/#webpage"},"wordCount":219,"publisher":{"@id":"https:\/\/ap-hotelsresorts.com\/#organization"},"image":{"@id":"https:\/\/ap-hotelsresorts.com\/pt-pt\/nuno-salvador-takes-over-the-management-of-the-recently-opened-ap-cabanas-beach-nature\/#primaryimage"},"thumbnailUrl":"https:\/\/ap-hotelsresorts.com\/wp-content\/uploads\/2021\/07\/2021-nuno-salvador.jpg","articleSection":["Not\u00edcias"],"inLanguage":"pt-PT"},{"@type":"Person","@id":"https:\/\/ap-hotelsresorts.com\/#\/schema\/person\/39ea63a33316ff09e0a075ae0a4bed49","name":"marketing ap","image":{"@type":"ImageObject","@id":"https:\/\/ap-hotelsresorts.com\/#personlogo","inLanguage":"pt-PT","url":"https:\/\/secure.gravatar.com\/avatar\/80ea62fe6096f55fe36f17f2175dca2f?s=96&d=mm&r=g","contentUrl":"https:\/\/secure.gravatar.com\/avatar\/80ea62fe6096f55fe36f17f2175dca2f?s=96&d=mm&r=g","caption":"marketing ap"}}]}},"_links":{"self":[{"href":"https:\/\/ap-hotelsresorts.com\/pt-pt\/wp-json\/wp\/v2\/posts\/27389"}],"collection":[{"href":"https:\/\/ap-hotelsresorts.com\/pt-pt\/wp-json\/wp\/v2\/posts"}],"about":[{"href":"https:\/\/ap-hotelsresorts.com\/pt-pt\/wp-json\/wp\/v2\/types\/post"}],"author":[{"embeddable":true,"href":"https:\/\/ap-hotelsresorts.com\/pt-pt\/wp-json\/wp\/v2\/users\/11"}],"replies":[{"embeddable":true,"href":"https:\/\/ap-hotelsresorts.com\/pt-pt\/wp-json\/wp\/v2\/comments?post=27389"}],"version-history":[{"count":0,"href":"https:\/\/ap-hotelsresorts.com\/pt-pt\/wp-json\/wp\/v2\/posts\/27389\/revisions"}],"wp:featuredmedia":[{"embeddable":true,"href":"https:\/\/ap-hotelsresorts.com\/pt-pt\/wp-json\/wp\/v2\/media\/27381"}],"wp:attachment":[{"href":"https:\/\/ap-hotelsresorts.com\/pt-pt\/wp-json\/wp\/v2\/media?parent=27389"}],"wp:term":[{"taxonomy":"category","embeddable":true,"href":"https:\/\/ap-hotelsresorts.com\/pt-pt\/wp-json\/wp\/v2\/categories?post=27389"},{"taxonomy":"post_tag","embeddable":true,"href":"https:\/\/ap-hotelsresorts.com\/pt-pt\/wp-json\/wp\/v2\/tags?post=27389"}],"curies":[{"name":"wp","href":"https:\/\/api.w.org\/{rel}","templated":true}]}}