{"id":27635,"date":"2021-08-10T13:24:36","date_gmt":"2021-08-10T13:24:36","guid":{"rendered":"https:\/\/ap-hotelsresorts.com\/dinner-and-live-show-with-cuca-roseta-at-rooftop-ap-eva-senses-12th-of-august-at-1930\/"},"modified":"2021-08-10T13:31:01","modified_gmt":"2021-08-10T13:31:01","slug":"dinner-and-live-show-with-cuca-roseta-at-rooftop-ap-eva-senses-12th-of-august-at-1930","status":"publish","type":"post","link":"https:\/\/ap-hotelsresorts.com\/pt-pt\/dinner-and-live-show-with-cuca-roseta-at-rooftop-ap-eva-senses-12th-of-august-at-1930\/","title":{"rendered":"Jantar e espet\u00e1culo ao Vivo com Cuca Roseta no Rooftop AP Eva Senses | 12 de Agosto \u00e0s 19:30"},"content":{"rendered":"<p>Jantar e espet\u00e1culo ao Vivo com Cuca Roseta, Quinta-Feira, no Rooftop AP Eva Senses \u00e0s 19:30.<br \/>\nCuca Roseta \u00e9 uma das mais aclamadas e reconhecidas vozes da atualidade do Fado. Com sete discos editados, grande parte deles com assinatura de premiados produtores mundiais, tem tido uma carreira de m\u00faltiplos sucessos e de grande reconhecimento do p\u00fablico.<br \/>\nNo \u00faltimo ano, Cuca Roseta editou dois discos, um deles de homenagem a Am\u00e1lia Rodrigues (Am\u00e1lia por Cuca Roseta) e outro, o mais recente \u201cMeu\u201d, um trabalho em que assume a totalidade da escrita e composi\u00e7\u00e3o de todos os temas.<br \/>\nE \u00e9 justamente o repert\u00f3rio do concerto \u201cMeu\u201d que traz ao<br \/>\nROOFTOP AP Eva Senses em Faro, mostrando toda a sua verdade, mas nunca esquecendo os cl\u00e1ssicos do fado que a conduziram at\u00e9 ao lugar onde se encontra. \u201cMeu\u201d \u00e9 o disco mais verdadeiro e pessoal de Cuca Roseta. Mas o \u201cMeu\u201d de Cuca Roseta \u00e9 um disco que a fadista quer que seja de todos, feito exclusivamente a pensar na cumplicidade e partilha que tem com o seu p\u00fablico, que tantas alegrias e emo\u00e7\u00f5es lhe tem dado.<br \/>\nJantar sujeito a pr\u00e9-reservas. Lota\u00e7\u00e3o limitada ao espa\u00e7o.<br \/>\n+ INFO:<br \/>\nInstagram direct @ROOFTOP_EVA<br \/>\nFacebook ROOFTOP Eva<br \/>\n+351 924 372 837<\/p>\n","protected":false},"excerpt":{"rendered":"<p>Jantar e espet\u00e1culo ao Vivo com Cuca Roseta, Quinta-Feira, no Rooftop AP Eva Senses \u00e0s 19:30. Cuca Roseta \u00e9 uma das mais aclamadas e reconhecidas vozes da atualidade do Fado. Com sete discos editados, grande parte deles com assinatura de [&hellip;]<\/p>\n","protected":false},"author":11,"featured_media":27631,"comment_status":"closed","ping_status":"closed","sticky":false,"template":"","format":"standard","meta":[],"categories":[392],"tags":[],"yoast_head":"<!-- This site is optimized with the Yoast SEO plugin v18.1 - https:\/\/yoast.com\/wordpress\/plugins\/seo\/ -->\n<title>Jantar e espet\u00e1culo ao Vivo com Cuca Roseta no Rooftop AP Eva Senses | 12 de Agosto \u00e0s 19:30 - AP HOTELS &amp; RESORTS .<\/title>\n<meta name=\"robots\" content=\"index, follow, max-snippet:-1, max-image-preview:large, max-video-preview:-1\" \/>\n<link rel=\"canonical\" href=\"https:\/\/ap-hotelsresorts.com\/pt-pt\/dinner-and-live-show-with-cuca-roseta-at-rooftop-ap-eva-senses-12th-of-august-at-1930\/\" \/>\n<meta property=\"og:locale\" content=\"pt_PT\" \/>\n<meta property=\"og:type\" content=\"article\" \/>\n<meta property=\"og:title\" content=\"Jantar e espet\u00e1culo ao Vivo com Cuca Roseta no Rooftop AP Eva Senses | 12 de Agosto \u00e0s 19:30 - AP HOTELS &amp; RESORTS .\" \/>\n<meta property=\"og:description\" content=\"Jantar e espet\u00e1culo ao Vivo com Cuca Roseta, Quinta-Feira, no Rooftop AP Eva Senses \u00e0s 19:30. Cuca Roseta \u00e9 uma das mais aclamadas e reconhecidas vozes da atualidade do Fado. Com sete discos editados, grande parte deles com assinatura de [&hellip;]\" \/>\n<meta property=\"og:url\" content=\"https:\/\/ap-hotelsresorts.com\/pt-pt\/dinner-and-live-show-with-cuca-roseta-at-rooftop-ap-eva-senses-12th-of-august-at-1930\/\" \/>\n<meta property=\"og:site_name\" content=\"AP HOTELS &amp; RESORTS .\" \/>\n<meta property=\"article:publisher\" content=\"https:\/\/www.facebook.com\/aphotelsresorts\" \/>\n<meta property=\"article:published_time\" content=\"2021-08-10T13:24:36+00:00\" \/>\n<meta property=\"article:modified_time\" content=\"2021-08-10T13:31:01+00:00\" \/>\n<meta property=\"og:image\" content=\"https:\/\/ap-hotelsresorts.com\/wp-content\/uploads\/2021\/08\/cuca-roseta.jpg\" \/>\n\t<meta property=\"og:image:width\" content=\"1776\" \/>\n\t<meta property=\"og:image:height\" content=\"960\" \/>\n\t<meta property=\"og:image:type\" content=\"image\/jpeg\" \/>\n<meta name=\"twitter:card\" content=\"summary_large_image\" \/>\n<meta name=\"twitter:creator\" content=\"@ApHotels\" \/>\n<meta name=\"twitter:site\" content=\"@ApHotels\" \/>\n<meta name=\"twitter:label1\" content=\"Escrito por\" \/>\n\t<meta name=\"twitter:data1\" content=\"marketing ap\" \/>\n\t<meta name=\"twitter:label2\" content=\"Tempo estimado de leitura\" \/>\n\t<meta name=\"twitter:data2\" content=\"1 minuto\" \/>\n<script type=\"application\/ld+json\" class=\"yoast-schema-graph\">{\"@context\":\"https:\/\/schema.org\",\"@graph\":[{\"@type\":\"Organization\",\"@id\":\"https:\/\/ap-hotelsresorts.com\/#organization\",\"name\":\"AP HOTELS & RESORTS\",\"url\":\"https:\/\/ap-hotelsresorts.com\/\",\"sameAs\":[\"https:\/\/www.facebook.com\/aphotelsresorts\",\"https:\/\/www.instagram.com\/aphotelsresorts\/\",\"https:\/\/www.linkedin.com\/company\/ap-hotels-and-resorts\",\"https:\/\/www.youtube.com\/channel\/UCSmwGBz36kx2XALzeVAlKEg\",\"https:\/\/twitter.com\/ApHotels\"],\"logo\":{\"@type\":\"ImageObject\",\"@id\":\"https:\/\/ap-hotelsresorts.com\/#logo\",\"inLanguage\":\"pt-PT\",\"url\":\"https:\/\/ap-hotelsresorts.com\/wp-content\/uploads\/2021\/03\/logo-1.png\",\"contentUrl\":\"https:\/\/ap-hotelsresorts.com\/wp-content\/uploads\/2021\/03\/logo-1.png\",\"width\":\"3915\",\"height\":\"1388\",\"caption\":\"AP HOTELS & RESORTS\"},\"image\":{\"@id\":\"https:\/\/ap-hotelsresorts.com\/#logo\"}},{\"@type\":\"WebSite\",\"@id\":\"https:\/\/ap-hotelsresorts.com\/#website\",\"url\":\"https:\/\/ap-hotelsresorts.com\/\",\"name\":\"AP HOTELS &amp; RESORTS .\",\"description\":\"Albufeira . Faro . Portim\u00e3o . Tavira . Algarve\",\"publisher\":{\"@id\":\"https:\/\/ap-hotelsresorts.com\/#organization\"},\"potentialAction\":[{\"@type\":\"SearchAction\",\"target\":{\"@type\":\"EntryPoint\",\"urlTemplate\":\"https:\/\/ap-hotelsresorts.com\/?s={search_term_string}\"},\"query-input\":\"required name=search_term_string\"}],\"inLanguage\":\"pt-PT\"},{\"@type\":\"ImageObject\",\"@id\":\"https:\/\/ap-hotelsresorts.com\/pt-pt\/dinner-and-live-show-with-cuca-roseta-at-rooftop-ap-eva-senses-12th-of-august-at-1930\/#primaryimage\",\"inLanguage\":\"pt-PT\",\"url\":\"https:\/\/ap-hotelsresorts.com\/wp-content\/uploads\/2021\/08\/cuca-roseta.jpg\",\"contentUrl\":\"https:\/\/ap-hotelsresorts.com\/wp-content\/uploads\/2021\/08\/cuca-roseta.jpg\",\"width\":1776,\"height\":960,\"caption\":\"Cuca Roseta AP Eva Senses\"},{\"@type\":\"WebPage\",\"@id\":\"https:\/\/ap-hotelsresorts.com\/pt-pt\/dinner-and-live-show-with-cuca-roseta-at-rooftop-ap-eva-senses-12th-of-august-at-1930\/#webpage\",\"url\":\"https:\/\/ap-hotelsresorts.com\/pt-pt\/dinner-and-live-show-with-cuca-roseta-at-rooftop-ap-eva-senses-12th-of-august-at-1930\/\",\"name\":\"Jantar e espet\u00e1culo ao Vivo com Cuca Roseta no Rooftop AP Eva Senses | 12 de Agosto \u00e0s 19:30 - AP HOTELS &amp; RESORTS .\",\"isPartOf\":{\"@id\":\"https:\/\/ap-hotelsresorts.com\/#website\"},\"primaryImageOfPage\":{\"@id\":\"https:\/\/ap-hotelsresorts.com\/pt-pt\/dinner-and-live-show-with-cuca-roseta-at-rooftop-ap-eva-senses-12th-of-august-at-1930\/#primaryimage\"},\"datePublished\":\"2021-08-10T13:24:36+00:00\",\"dateModified\":\"2021-08-10T13:31:01+00:00\",\"breadcrumb\":{\"@id\":\"https:\/\/ap-hotelsresorts.com\/pt-pt\/dinner-and-live-show-with-cuca-roseta-at-rooftop-ap-eva-senses-12th-of-august-at-1930\/#breadcrumb\"},\"inLanguage\":\"pt-PT\",\"potentialAction\":[{\"@type\":\"ReadAction\",\"target\":[\"https:\/\/ap-hotelsresorts.com\/pt-pt\/dinner-and-live-show-with-cuca-roseta-at-rooftop-ap-eva-senses-12th-of-august-at-1930\/\"]}]},{\"@type\":\"BreadcrumbList\",\"@id\":\"https:\/\/ap-hotelsresorts.com\/pt-pt\/dinner-and-live-show-with-cuca-roseta-at-rooftop-ap-eva-senses-12th-of-august-at-1930\/#breadcrumb\",\"itemListElement\":[{\"@type\":\"ListItem\",\"position\":1,\"name\":\"Home\",\"item\":\"https:\/\/ap-hotelsresorts.com\/pt-pt\/\"},{\"@type\":\"ListItem\",\"position\":2,\"name\":\"Jantar e espet\u00e1culo ao Vivo com Cuca Roseta no Rooftop AP Eva Senses | 12 de Agosto \u00e0s 19:30\"}]},{\"@type\":\"Article\",\"@id\":\"https:\/\/ap-hotelsresorts.com\/pt-pt\/dinner-and-live-show-with-cuca-roseta-at-rooftop-ap-eva-senses-12th-of-august-at-1930\/#article\",\"isPartOf\":{\"@id\":\"https:\/\/ap-hotelsresorts.com\/pt-pt\/dinner-and-live-show-with-cuca-roseta-at-rooftop-ap-eva-senses-12th-of-august-at-1930\/#webpage\"},\"author\":{\"@id\":\"https:\/\/ap-hotelsresorts.com\/#\/schema\/person\/39ea63a33316ff09e0a075ae0a4bed49\"},\"headline\":\"Jantar e espet\u00e1culo ao Vivo com Cuca Roseta no Rooftop AP Eva Senses | 12 de Agosto \u00e0s 19:30\",\"datePublished\":\"2021-08-10T13:24:36+00:00\",\"dateModified\":\"2021-08-10T13:31:01+00:00\",\"mainEntityOfPage\":{\"@id\":\"https:\/\/ap-hotelsresorts.com\/pt-pt\/dinner-and-live-show-with-cuca-roseta-at-rooftop-ap-eva-senses-12th-of-august-at-1930\/#webpage\"},\"wordCount\":225,\"publisher\":{\"@id\":\"https:\/\/ap-hotelsresorts.com\/#organization\"},\"image\":{\"@id\":\"https:\/\/ap-hotelsresorts.com\/pt-pt\/dinner-and-live-show-with-cuca-roseta-at-rooftop-ap-eva-senses-12th-of-august-at-1930\/#primaryimage\"},\"thumbnailUrl\":\"https:\/\/ap-hotelsresorts.com\/wp-content\/uploads\/2021\/08\/cuca-roseta.jpg\",\"articleSection\":[\"Not\u00edcias\"],\"inLanguage\":\"pt-PT\"},{\"@type\":\"Person\",\"@id\":\"https:\/\/ap-hotelsresorts.com\/#\/schema\/person\/39ea63a33316ff09e0a075ae0a4bed49\",\"name\":\"marketing ap\",\"image\":{\"@type\":\"ImageObject\",\"@id\":\"https:\/\/ap-hotelsresorts.com\/#personlogo\",\"inLanguage\":\"pt-PT\",\"url\":\"https:\/\/secure.gravatar.com\/avatar\/80ea62fe6096f55fe36f17f2175dca2f?s=96&d=mm&r=g\",\"contentUrl\":\"https:\/\/secure.gravatar.com\/avatar\/80ea62fe6096f55fe36f17f2175dca2f?s=96&d=mm&r=g\",\"caption\":\"marketing ap\"}}]}<\/script>\n<!-- \/ Yoast SEO plugin. -->","yoast_head_json":{"title":"Jantar e espet\u00e1culo ao Vivo com Cuca Roseta no Rooftop AP Eva Senses | 12 de Agosto \u00e0s 19:30 - AP HOTELS &amp; RESORTS .","robots":{"index":"index","follow":"follow","max-snippet":"max-snippet:-1","max-image-preview":"max-image-preview:large","max-video-preview":"max-video-preview:-1"},"canonical":"https:\/\/ap-hotelsresorts.com\/pt-pt\/dinner-and-live-show-with-cuca-roseta-at-rooftop-ap-eva-senses-12th-of-august-at-1930\/","og_locale":"pt_PT","og_type":"article","og_title":"Jantar e espet\u00e1culo ao Vivo com Cuca Roseta no Rooftop AP Eva Senses | 12 de Agosto \u00e0s 19:30 - AP HOTELS &amp; RESORTS .","og_description":"Jantar e espet\u00e1culo ao Vivo com Cuca Roseta, Quinta-Feira, no Rooftop AP Eva Senses \u00e0s 19:30. Cuca Roseta \u00e9 uma das mais aclamadas e reconhecidas vozes da atualidade do Fado. Com sete discos editados, grande parte deles com assinatura de [&hellip;]","og_url":"https:\/\/ap-hotelsresorts.com\/pt-pt\/dinner-and-live-show-with-cuca-roseta-at-rooftop-ap-eva-senses-12th-of-august-at-1930\/","og_site_name":"AP HOTELS &amp; RESORTS .","article_publisher":"https:\/\/www.facebook.com\/aphotelsresorts","article_published_time":"2021-08-10T13:24:36+00:00","article_modified_time":"2021-08-10T13:31:01+00:00","og_image":[{"width":1776,"height":960,"url":"https:\/\/ap-hotelsresorts.com\/wp-content\/uploads\/2021\/08\/cuca-roseta.jpg","type":"image\/jpeg"}],"twitter_card":"summary_large_image","twitter_creator":"@ApHotels","twitter_site":"@ApHotels","twitter_misc":{"Escrito por":"marketing ap","Tempo estimado de leitura":"1 minuto"},"schema":{"@context":"https:\/\/schema.org","@graph":[{"@type":"Organization","@id":"https:\/\/ap-hotelsresorts.com\/#organization","name":"AP HOTELS & RESORTS","url":"https:\/\/ap-hotelsresorts.com\/","sameAs":["https:\/\/www.facebook.com\/aphotelsresorts","https:\/\/www.instagram.com\/aphotelsresorts\/","https:\/\/www.linkedin.com\/company\/ap-hotels-and-resorts","https:\/\/www.youtube.com\/channel\/UCSmwGBz36kx2XALzeVAlKEg","https:\/\/twitter.com\/ApHotels"],"logo":{"@type":"ImageObject","@id":"https:\/\/ap-hotelsresorts.com\/#logo","inLanguage":"pt-PT","url":"https:\/\/ap-hotelsresorts.com\/wp-content\/uploads\/2021\/03\/logo-1.png","contentUrl":"https:\/\/ap-hotelsresorts.com\/wp-content\/uploads\/2021\/03\/logo-1.png","width":"3915","height":"1388","caption":"AP HOTELS & RESORTS"},"image":{"@id":"https:\/\/ap-hotelsresorts.com\/#logo"}},{"@type":"WebSite","@id":"https:\/\/ap-hotelsresorts.com\/#website","url":"https:\/\/ap-hotelsresorts.com\/","name":"AP HOTELS &amp; RESORTS .","description":"Albufeira . Faro . Portim\u00e3o . Tavira . Algarve","publisher":{"@id":"https:\/\/ap-hotelsresorts.com\/#organization"},"potentialAction":[{"@type":"SearchAction","target":{"@type":"EntryPoint","urlTemplate":"https:\/\/ap-hotelsresorts.com\/?s={search_term_string}"},"query-input":"required name=search_term_string"}],"inLanguage":"pt-PT"},{"@type":"ImageObject","@id":"https:\/\/ap-hotelsresorts.com\/pt-pt\/dinner-and-live-show-with-cuca-roseta-at-rooftop-ap-eva-senses-12th-of-august-at-1930\/#primaryimage","inLanguage":"pt-PT","url":"https:\/\/ap-hotelsresorts.com\/wp-content\/uploads\/2021\/08\/cuca-roseta.jpg","contentUrl":"https:\/\/ap-hotelsresorts.com\/wp-content\/uploads\/2021\/08\/cuca-roseta.jpg","width":1776,"height":960,"caption":"Cuca Roseta AP Eva Senses"},{"@type":"WebPage","@id":"https:\/\/ap-hotelsresorts.com\/pt-pt\/dinner-and-live-show-with-cuca-roseta-at-rooftop-ap-eva-senses-12th-of-august-at-1930\/#webpage","url":"https:\/\/ap-hotelsresorts.com\/pt-pt\/dinner-and-live-show-with-cuca-roseta-at-rooftop-ap-eva-senses-12th-of-august-at-1930\/","name":"Jantar e espet\u00e1culo ao Vivo com Cuca Roseta no Rooftop AP Eva Senses | 12 de Agosto \u00e0s 19:30 - AP HOTELS &amp; RESORTS .","isPartOf":{"@id":"https:\/\/ap-hotelsresorts.com\/#website"},"primaryImageOfPage":{"@id":"https:\/\/ap-hotelsresorts.com\/pt-pt\/dinner-and-live-show-with-cuca-roseta-at-rooftop-ap-eva-senses-12th-of-august-at-1930\/#primaryimage"},"datePublished":"2021-08-10T13:24:36+00:00","dateModified":"2021-08-10T13:31:01+00:00","breadcrumb":{"@id":"https:\/\/ap-hotelsresorts.com\/pt-pt\/dinner-and-live-show-with-cuca-roseta-at-rooftop-ap-eva-senses-12th-of-august-at-1930\/#breadcrumb"},"inLanguage":"pt-PT","potentialAction":[{"@type":"ReadAction","target":["https:\/\/ap-hotelsresorts.com\/pt-pt\/dinner-and-live-show-with-cuca-roseta-at-rooftop-ap-eva-senses-12th-of-august-at-1930\/"]}]},{"@type":"BreadcrumbList","@id":"https:\/\/ap-hotelsresorts.com\/pt-pt\/dinner-and-live-show-with-cuca-roseta-at-rooftop-ap-eva-senses-12th-of-august-at-1930\/#breadcrumb","itemListElement":[{"@type":"ListItem","position":1,"name":"Home","item":"https:\/\/ap-hotelsresorts.com\/pt-pt\/"},{"@type":"ListItem","position":2,"name":"Jantar e espet\u00e1culo ao Vivo com Cuca Roseta no Rooftop AP Eva Senses | 12 de Agosto \u00e0s 19:30"}]},{"@type":"Article","@id":"https:\/\/ap-hotelsresorts.com\/pt-pt\/dinner-and-live-show-with-cuca-roseta-at-rooftop-ap-eva-senses-12th-of-august-at-1930\/#article","isPartOf":{"@id":"https:\/\/ap-hotelsresorts.com\/pt-pt\/dinner-and-live-show-with-cuca-roseta-at-rooftop-ap-eva-senses-12th-of-august-at-1930\/#webpage"},"author":{"@id":"https:\/\/ap-hotelsresorts.com\/#\/schema\/person\/39ea63a33316ff09e0a075ae0a4bed49"},"headline":"Jantar e espet\u00e1culo ao Vivo com Cuca Roseta no Rooftop AP Eva Senses | 12 de Agosto \u00e0s 19:30","datePublished":"2021-08-10T13:24:36+00:00","dateModified":"2021-08-10T13:31:01+00:00","mainEntityOfPage":{"@id":"https:\/\/ap-hotelsresorts.com\/pt-pt\/dinner-and-live-show-with-cuca-roseta-at-rooftop-ap-eva-senses-12th-of-august-at-1930\/#webpage"},"wordCount":225,"publisher":{"@id":"https:\/\/ap-hotelsresorts.com\/#organization"},"image":{"@id":"https:\/\/ap-hotelsresorts.com\/pt-pt\/dinner-and-live-show-with-cuca-roseta-at-rooftop-ap-eva-senses-12th-of-august-at-1930\/#primaryimage"},"thumbnailUrl":"https:\/\/ap-hotelsresorts.com\/wp-content\/uploads\/2021\/08\/cuca-roseta.jpg","articleSection":["Not\u00edcias"],"inLanguage":"pt-PT"},{"@type":"Person","@id":"https:\/\/ap-hotelsresorts.com\/#\/schema\/person\/39ea63a33316ff09e0a075ae0a4bed49","name":"marketing ap","image":{"@type":"ImageObject","@id":"https:\/\/ap-hotelsresorts.com\/#personlogo","inLanguage":"pt-PT","url":"https:\/\/secure.gravatar.com\/avatar\/80ea62fe6096f55fe36f17f2175dca2f?s=96&d=mm&r=g","contentUrl":"https:\/\/secure.gravatar.com\/avatar\/80ea62fe6096f55fe36f17f2175dca2f?s=96&d=mm&r=g","caption":"marketing ap"}}]}},"_links":{"self":[{"href":"https:\/\/ap-hotelsresorts.com\/pt-pt\/wp-json\/wp\/v2\/posts\/27635"}],"collection":[{"href":"https:\/\/ap-hotelsresorts.com\/pt-pt\/wp-json\/wp\/v2\/posts"}],"about":[{"href":"https:\/\/ap-hotelsresorts.com\/pt-pt\/wp-json\/wp\/v2\/types\/post"}],"author":[{"embeddable":true,"href":"https:\/\/ap-hotelsresorts.com\/pt-pt\/wp-json\/wp\/v2\/users\/11"}],"replies":[{"embeddable":true,"href":"https:\/\/ap-hotelsresorts.com\/pt-pt\/wp-json\/wp\/v2\/comments?post=27635"}],"version-history":[{"count":0,"href":"https:\/\/ap-hotelsresorts.com\/pt-pt\/wp-json\/wp\/v2\/posts\/27635\/revisions"}],"wp:featuredmedia":[{"embeddable":true,"href":"https:\/\/ap-hotelsresorts.com\/pt-pt\/wp-json\/wp\/v2\/media\/27631"}],"wp:attachment":[{"href":"https:\/\/ap-hotelsresorts.com\/pt-pt\/wp-json\/wp\/v2\/media?parent=27635"}],"wp:term":[{"taxonomy":"category","embeddable":true,"href":"https:\/\/ap-hotelsresorts.com\/pt-pt\/wp-json\/wp\/v2\/categories?post=27635"},{"taxonomy":"post_tag","embeddable":true,"href":"https:\/\/ap-hotelsresorts.com\/pt-pt\/wp-json\/wp\/v2\/tags?post=27635"}],"curies":[{"name":"wp","href":"https:\/\/api.w.org\/{rel}","templated":true}]}}