{"id":29809,"date":"2021-12-07T20:23:28","date_gmt":"2021-12-07T20:23:28","guid":{"rendered":"https:\/\/ap-hotelsresorts.com\/ap-eva-senses-hotel-celebrates-55-years-and-launches-book-a-landmark-in-the-city-of-faro\/"},"modified":"2021-12-07T20:27:15","modified_gmt":"2021-12-07T20:27:15","slug":"ap-eva-senses-hotel-celebrates-55-years-and-launches-book-a-landmark-in-the-city-of-faro","status":"publish","type":"post","link":"https:\/\/ap-hotelsresorts.com\/pt-pt\/ap-eva-senses-hotel-celebrates-55-years-and-launches-book-a-landmark-in-the-city-of-faro\/","title":{"rendered":"Hotel AP Eva Senses comemora 55 anos e lan\u00e7a livro \u201cUm Marco na Cidade de Faro\u201d"},"content":{"rendered":"<p>O grupo AP Hotels &amp; Resorts, pertencente \u00e0 MADRE TURISMO, celebra os 55 anos de vida do seu hotel AP Eva Senses e, para celebrar, realizou uma festa privada repleta de anima\u00e7\u00e3o que contou com as atua\u00e7\u00f5es do pianista Fernando Newton, Bossa Nova, L\u00eddia Brand\u00e3o, Cris Julian e Cuca Roseta.<br \/>\nUm welcome drink com vinhos da Quinta de S\u00e3o Sebasti\u00e3o, seguido de um jantar no restaurante Harune, com direito a bolo de anivers\u00e1rio, foram pano de fundo para a apresenta\u00e7\u00e3o do livro \u201cUm Marco na Cidade de Faro\u201d, editado pela Guerra e Paz e escrito por Cristina Baptista \u2013 este livro conta-nos a hist\u00f3ria de uma figura hist\u00f3rica da regi\u00e3o algarvia: o hotel AP Eva Senses, em Faro, um organismo vivo, em constante evolu\u00e7\u00e3o e rejuvenescimento, que celebra 55 anos de vida.<br \/>\nMais do que assinalar e celebrar os 55 anos do hotel AP Eva Senses, o livro \u201cUm Marco na Cidade de Faro\u201d, apresenta-se como um documento hist\u00f3rico bilingue (portugu\u00eas\/ingl\u00eas), que nos leva a acompanhar a evolu\u00e7\u00e3o exponencial do turismo do Algarve, desde a d\u00e9cada de 60 at\u00e9 aos dias de hoje. Nas fotografias e documentos que a obra inclui, recordam-se os eventos festivos e os h\u00f3spedes ilustres nacionais, entre os quais se encontra Am\u00e1lia Rodrigues, e internacionais, como Luciano Pavarotti, que visitaram o hotel e que s\u00e3o assinal\u00e1vel marca da sua paisagem humana.<br \/>\nO livro \u201cUm Marco na Cidade de Faro\u201d, que celebra os 55 anos do AP Eva Senses \u00e9 uma edi\u00e7\u00e3o de luxo, em capa dura, a cores, bilingue e repleto de fotografias e documentos, e pode ser adquirido desde o dia 7 de dezembro, na rede livreira nacional e no site da editora.<br \/>\nSendo um organismo vivo em constante evolu\u00e7\u00e3o e moderniza\u00e7\u00e3o, o AP Eva Senses cresceu com a cidade e conta com 134 quartos, quatro restaurantes, entre os quais o restaurante Harune, um espa\u00e7o que oferece uma vista privilegiada sobre a Ria Formosa e que disp\u00f5e de buffets ao almo\u00e7o e ao jantar, uma piscina exterior e um rooftop bar. Al\u00e9m disso, \u00e9 tamb\u00e9m um espa\u00e7o de dinamiza\u00e7\u00e3o da agenda regional e a sua a\u00e7\u00e3o n\u00e3o se esgota na chamada \u00ab\u00e9poca alta\u00bb. Promove a descoberta da natureza, atividades culturais e do patrim\u00f3nio, modalidades desportivas, anima\u00e7\u00e3o noturna e o entretenimento em geral.<\/p>\n<p>&nbsp;<\/p>\n<p>&nbsp;<\/p>\n<p>&nbsp;<\/p>\n<p>&nbsp;<\/p>\n","protected":false},"excerpt":{"rendered":"<p>O grupo AP Hotels &amp; Resorts, pertencente \u00e0 MADRE TURISMO, celebra os 55 anos de vida do seu hotel AP Eva Senses e, para celebrar, realizou uma festa privada repleta de anima\u00e7\u00e3o que contou com as atua\u00e7\u00f5es do pianista Fernando [&hellip;]<\/p>\n","protected":false},"author":11,"featured_media":29805,"comment_status":"closed","ping_status":"closed","sticky":false,"template":"","format":"standard","meta":[],"categories":[392],"tags":[],"yoast_head":"<!-- This site is optimized with the Yoast SEO plugin v18.1 - https:\/\/yoast.com\/wordpress\/plugins\/seo\/ -->\n<title>Hotel AP Eva Senses comemora 55 anos e lan\u00e7a livro \u201cUm Marco na Cidade de Faro\u201d - AP HOTELS &amp; RESORTS .<\/title>\n<meta name=\"description\" content=\"O grupo AP Hotels &amp; Resorts, pertencente \u00e0 MADRE TURISMO, celebra os 55 anos de vida do seu hotel AP Eva Senses e, para celebrar, realizou uma festa privada repleta de anima\u00e7\u00e3o que contou com as atua\u00e7\u00f5es do pianista Fernando Newton, Bossa Nova, L\u00eddia Brand\u00e3o, Cris Julian e Cuca Roseta.\" \/>\n<meta name=\"robots\" content=\"index, follow, max-snippet:-1, max-image-preview:large, max-video-preview:-1\" \/>\n<link rel=\"canonical\" href=\"https:\/\/ap-hotelsresorts.com\/pt-pt\/ap-eva-senses-hotel-celebrates-55-years-and-launches-book-a-landmark-in-the-city-of-faro\/\" \/>\n<meta property=\"og:locale\" content=\"pt_PT\" \/>\n<meta property=\"og:type\" content=\"article\" \/>\n<meta property=\"og:title\" content=\"Hotel AP Eva Senses comemora 55 anos e lan\u00e7a livro \u201cUm Marco na Cidade de Faro\u201d - AP HOTELS &amp; RESORTS .\" \/>\n<meta property=\"og:description\" content=\"O grupo AP Hotels &amp; Resorts, pertencente \u00e0 MADRE TURISMO, celebra os 55 anos de vida do seu hotel AP Eva Senses e, para celebrar, realizou uma festa privada repleta de anima\u00e7\u00e3o que contou com as atua\u00e7\u00f5es do pianista Fernando Newton, Bossa Nova, L\u00eddia Brand\u00e3o, Cris Julian e Cuca Roseta.\" \/>\n<meta property=\"og:url\" content=\"https:\/\/ap-hotelsresorts.com\/pt-pt\/ap-eva-senses-hotel-celebrates-55-years-and-launches-book-a-landmark-in-the-city-of-faro\/\" \/>\n<meta property=\"og:site_name\" content=\"AP HOTELS &amp; RESORTS .\" \/>\n<meta property=\"article:publisher\" content=\"https:\/\/www.facebook.com\/aphotelsresorts\" \/>\n<meta property=\"article:published_time\" content=\"2021-12-07T20:23:28+00:00\" \/>\n<meta property=\"article:modified_time\" content=\"2021-12-07T20:27:15+00:00\" \/>\n<meta property=\"og:image\" content=\"https:\/\/ap-hotelsresorts.com\/wp-content\/uploads\/2021\/12\/2021-55-anos.jpg\" \/>\n\t<meta property=\"og:image:width\" content=\"2362\" \/>\n\t<meta property=\"og:image:height\" content=\"1575\" \/>\n\t<meta property=\"og:image:type\" content=\"image\/jpeg\" \/>\n<meta name=\"twitter:card\" content=\"summary_large_image\" \/>\n<meta name=\"twitter:creator\" content=\"@ApHotels\" \/>\n<meta name=\"twitter:site\" content=\"@ApHotels\" \/>\n<meta name=\"twitter:label1\" content=\"Escrito por\" \/>\n\t<meta name=\"twitter:data1\" content=\"marketing ap\" \/>\n\t<meta name=\"twitter:label2\" content=\"Tempo estimado de leitura\" \/>\n\t<meta name=\"twitter:data2\" content=\"2 minutos\" \/>\n<script type=\"application\/ld+json\" class=\"yoast-schema-graph\">{\"@context\":\"https:\/\/schema.org\",\"@graph\":[{\"@type\":\"Organization\",\"@id\":\"https:\/\/ap-hotelsresorts.com\/#organization\",\"name\":\"AP HOTELS & RESORTS\",\"url\":\"https:\/\/ap-hotelsresorts.com\/\",\"sameAs\":[\"https:\/\/www.facebook.com\/aphotelsresorts\",\"https:\/\/www.instagram.com\/aphotelsresorts\/\",\"https:\/\/www.linkedin.com\/company\/ap-hotels-and-resorts\",\"https:\/\/www.youtube.com\/channel\/UCSmwGBz36kx2XALzeVAlKEg\",\"https:\/\/twitter.com\/ApHotels\"],\"logo\":{\"@type\":\"ImageObject\",\"@id\":\"https:\/\/ap-hotelsresorts.com\/#logo\",\"inLanguage\":\"pt-PT\",\"url\":\"https:\/\/ap-hotelsresorts.com\/wp-content\/uploads\/2021\/03\/logo-1.png\",\"contentUrl\":\"https:\/\/ap-hotelsresorts.com\/wp-content\/uploads\/2021\/03\/logo-1.png\",\"width\":\"3915\",\"height\":\"1388\",\"caption\":\"AP HOTELS & RESORTS\"},\"image\":{\"@id\":\"https:\/\/ap-hotelsresorts.com\/#logo\"}},{\"@type\":\"WebSite\",\"@id\":\"https:\/\/ap-hotelsresorts.com\/#website\",\"url\":\"https:\/\/ap-hotelsresorts.com\/\",\"name\":\"AP HOTELS &amp; RESORTS .\",\"description\":\"Albufeira . Faro . Portim\u00e3o . Tavira . Algarve\",\"publisher\":{\"@id\":\"https:\/\/ap-hotelsresorts.com\/#organization\"},\"potentialAction\":[{\"@type\":\"SearchAction\",\"target\":{\"@type\":\"EntryPoint\",\"urlTemplate\":\"https:\/\/ap-hotelsresorts.com\/?s={search_term_string}\"},\"query-input\":\"required name=search_term_string\"}],\"inLanguage\":\"pt-PT\"},{\"@type\":\"ImageObject\",\"@id\":\"https:\/\/ap-hotelsresorts.com\/pt-pt\/ap-eva-senses-hotel-celebrates-55-years-and-launches-book-a-landmark-in-the-city-of-faro\/#primaryimage\",\"inLanguage\":\"pt-PT\",\"url\":\"https:\/\/ap-hotelsresorts.com\/wp-content\/uploads\/2021\/12\/2021-55-anos.jpg\",\"contentUrl\":\"https:\/\/ap-hotelsresorts.com\/wp-content\/uploads\/2021\/12\/2021-55-anos.jpg\",\"width\":2362,\"height\":1575,\"caption\":\"55 anos AP Eva Senses\"},{\"@type\":\"WebPage\",\"@id\":\"https:\/\/ap-hotelsresorts.com\/pt-pt\/ap-eva-senses-hotel-celebrates-55-years-and-launches-book-a-landmark-in-the-city-of-faro\/#webpage\",\"url\":\"https:\/\/ap-hotelsresorts.com\/pt-pt\/ap-eva-senses-hotel-celebrates-55-years-and-launches-book-a-landmark-in-the-city-of-faro\/\",\"name\":\"Hotel AP Eva Senses comemora 55 anos e lan\u00e7a livro \u201cUm Marco na Cidade de Faro\u201d - AP HOTELS &amp; RESORTS .\",\"isPartOf\":{\"@id\":\"https:\/\/ap-hotelsresorts.com\/#website\"},\"primaryImageOfPage\":{\"@id\":\"https:\/\/ap-hotelsresorts.com\/pt-pt\/ap-eva-senses-hotel-celebrates-55-years-and-launches-book-a-landmark-in-the-city-of-faro\/#primaryimage\"},\"datePublished\":\"2021-12-07T20:23:28+00:00\",\"dateModified\":\"2021-12-07T20:27:15+00:00\",\"description\":\"O grupo AP Hotels & Resorts, pertencente \u00e0 MADRE TURISMO, celebra os 55 anos de vida do seu hotel AP Eva Senses e, para celebrar, realizou uma festa privada repleta de anima\u00e7\u00e3o que contou com as atua\u00e7\u00f5es do pianista Fernando Newton, Bossa Nova, L\u00eddia Brand\u00e3o, Cris Julian e Cuca Roseta.\",\"breadcrumb\":{\"@id\":\"https:\/\/ap-hotelsresorts.com\/pt-pt\/ap-eva-senses-hotel-celebrates-55-years-and-launches-book-a-landmark-in-the-city-of-faro\/#breadcrumb\"},\"inLanguage\":\"pt-PT\",\"potentialAction\":[{\"@type\":\"ReadAction\",\"target\":[\"https:\/\/ap-hotelsresorts.com\/pt-pt\/ap-eva-senses-hotel-celebrates-55-years-and-launches-book-a-landmark-in-the-city-of-faro\/\"]}]},{\"@type\":\"BreadcrumbList\",\"@id\":\"https:\/\/ap-hotelsresorts.com\/pt-pt\/ap-eva-senses-hotel-celebrates-55-years-and-launches-book-a-landmark-in-the-city-of-faro\/#breadcrumb\",\"itemListElement\":[{\"@type\":\"ListItem\",\"position\":1,\"name\":\"Home\",\"item\":\"https:\/\/ap-hotelsresorts.com\/pt-pt\/\"},{\"@type\":\"ListItem\",\"position\":2,\"name\":\"Hotel AP Eva Senses comemora 55 anos e lan\u00e7a livro \u201cUm Marco na Cidade de Faro\u201d\"}]},{\"@type\":\"Article\",\"@id\":\"https:\/\/ap-hotelsresorts.com\/pt-pt\/ap-eva-senses-hotel-celebrates-55-years-and-launches-book-a-landmark-in-the-city-of-faro\/#article\",\"isPartOf\":{\"@id\":\"https:\/\/ap-hotelsresorts.com\/pt-pt\/ap-eva-senses-hotel-celebrates-55-years-and-launches-book-a-landmark-in-the-city-of-faro\/#webpage\"},\"author\":{\"@id\":\"https:\/\/ap-hotelsresorts.com\/#\/schema\/person\/39ea63a33316ff09e0a075ae0a4bed49\"},\"headline\":\"Hotel AP Eva Senses comemora 55 anos e lan\u00e7a livro \u201cUm Marco na Cidade de Faro\u201d\",\"datePublished\":\"2021-12-07T20:23:28+00:00\",\"dateModified\":\"2021-12-07T20:27:15+00:00\",\"mainEntityOfPage\":{\"@id\":\"https:\/\/ap-hotelsresorts.com\/pt-pt\/ap-eva-senses-hotel-celebrates-55-years-and-launches-book-a-landmark-in-the-city-of-faro\/#webpage\"},\"wordCount\":422,\"publisher\":{\"@id\":\"https:\/\/ap-hotelsresorts.com\/#organization\"},\"image\":{\"@id\":\"https:\/\/ap-hotelsresorts.com\/pt-pt\/ap-eva-senses-hotel-celebrates-55-years-and-launches-book-a-landmark-in-the-city-of-faro\/#primaryimage\"},\"thumbnailUrl\":\"https:\/\/ap-hotelsresorts.com\/wp-content\/uploads\/2021\/12\/2021-55-anos.jpg\",\"articleSection\":[\"Not\u00edcias\"],\"inLanguage\":\"pt-PT\"},{\"@type\":\"Person\",\"@id\":\"https:\/\/ap-hotelsresorts.com\/#\/schema\/person\/39ea63a33316ff09e0a075ae0a4bed49\",\"name\":\"marketing ap\",\"image\":{\"@type\":\"ImageObject\",\"@id\":\"https:\/\/ap-hotelsresorts.com\/#personlogo\",\"inLanguage\":\"pt-PT\",\"url\":\"https:\/\/secure.gravatar.com\/avatar\/80ea62fe6096f55fe36f17f2175dca2f?s=96&d=mm&r=g\",\"contentUrl\":\"https:\/\/secure.gravatar.com\/avatar\/80ea62fe6096f55fe36f17f2175dca2f?s=96&d=mm&r=g\",\"caption\":\"marketing ap\"}}]}<\/script>\n<!-- \/ Yoast SEO plugin. -->","yoast_head_json":{"title":"Hotel AP Eva Senses comemora 55 anos e lan\u00e7a livro \u201cUm Marco na Cidade de Faro\u201d - AP HOTELS &amp; RESORTS .","description":"O grupo AP Hotels & Resorts, pertencente \u00e0 MADRE TURISMO, celebra os 55 anos de vida do seu hotel AP Eva Senses e, para celebrar, realizou uma festa privada repleta de anima\u00e7\u00e3o que contou com as atua\u00e7\u00f5es do pianista Fernando Newton, Bossa Nova, L\u00eddia Brand\u00e3o, Cris Julian e Cuca Roseta.","robots":{"index":"index","follow":"follow","max-snippet":"max-snippet:-1","max-image-preview":"max-image-preview:large","max-video-preview":"max-video-preview:-1"},"canonical":"https:\/\/ap-hotelsresorts.com\/pt-pt\/ap-eva-senses-hotel-celebrates-55-years-and-launches-book-a-landmark-in-the-city-of-faro\/","og_locale":"pt_PT","og_type":"article","og_title":"Hotel AP Eva Senses comemora 55 anos e lan\u00e7a livro \u201cUm Marco na Cidade de Faro\u201d - AP HOTELS &amp; RESORTS .","og_description":"O grupo AP Hotels & Resorts, pertencente \u00e0 MADRE TURISMO, celebra os 55 anos de vida do seu hotel AP Eva Senses e, para celebrar, realizou uma festa privada repleta de anima\u00e7\u00e3o que contou com as atua\u00e7\u00f5es do pianista Fernando Newton, Bossa Nova, L\u00eddia Brand\u00e3o, Cris Julian e Cuca Roseta.","og_url":"https:\/\/ap-hotelsresorts.com\/pt-pt\/ap-eva-senses-hotel-celebrates-55-years-and-launches-book-a-landmark-in-the-city-of-faro\/","og_site_name":"AP HOTELS &amp; RESORTS .","article_publisher":"https:\/\/www.facebook.com\/aphotelsresorts","article_published_time":"2021-12-07T20:23:28+00:00","article_modified_time":"2021-12-07T20:27:15+00:00","og_image":[{"width":2362,"height":1575,"url":"https:\/\/ap-hotelsresorts.com\/wp-content\/uploads\/2021\/12\/2021-55-anos.jpg","type":"image\/jpeg"}],"twitter_card":"summary_large_image","twitter_creator":"@ApHotels","twitter_site":"@ApHotels","twitter_misc":{"Escrito por":"marketing ap","Tempo estimado de leitura":"2 minutos"},"schema":{"@context":"https:\/\/schema.org","@graph":[{"@type":"Organization","@id":"https:\/\/ap-hotelsresorts.com\/#organization","name":"AP HOTELS & RESORTS","url":"https:\/\/ap-hotelsresorts.com\/","sameAs":["https:\/\/www.facebook.com\/aphotelsresorts","https:\/\/www.instagram.com\/aphotelsresorts\/","https:\/\/www.linkedin.com\/company\/ap-hotels-and-resorts","https:\/\/www.youtube.com\/channel\/UCSmwGBz36kx2XALzeVAlKEg","https:\/\/twitter.com\/ApHotels"],"logo":{"@type":"ImageObject","@id":"https:\/\/ap-hotelsresorts.com\/#logo","inLanguage":"pt-PT","url":"https:\/\/ap-hotelsresorts.com\/wp-content\/uploads\/2021\/03\/logo-1.png","contentUrl":"https:\/\/ap-hotelsresorts.com\/wp-content\/uploads\/2021\/03\/logo-1.png","width":"3915","height":"1388","caption":"AP HOTELS & RESORTS"},"image":{"@id":"https:\/\/ap-hotelsresorts.com\/#logo"}},{"@type":"WebSite","@id":"https:\/\/ap-hotelsresorts.com\/#website","url":"https:\/\/ap-hotelsresorts.com\/","name":"AP HOTELS &amp; RESORTS .","description":"Albufeira . Faro . Portim\u00e3o . Tavira . Algarve","publisher":{"@id":"https:\/\/ap-hotelsresorts.com\/#organization"},"potentialAction":[{"@type":"SearchAction","target":{"@type":"EntryPoint","urlTemplate":"https:\/\/ap-hotelsresorts.com\/?s={search_term_string}"},"query-input":"required name=search_term_string"}],"inLanguage":"pt-PT"},{"@type":"ImageObject","@id":"https:\/\/ap-hotelsresorts.com\/pt-pt\/ap-eva-senses-hotel-celebrates-55-years-and-launches-book-a-landmark-in-the-city-of-faro\/#primaryimage","inLanguage":"pt-PT","url":"https:\/\/ap-hotelsresorts.com\/wp-content\/uploads\/2021\/12\/2021-55-anos.jpg","contentUrl":"https:\/\/ap-hotelsresorts.com\/wp-content\/uploads\/2021\/12\/2021-55-anos.jpg","width":2362,"height":1575,"caption":"55 anos AP Eva Senses"},{"@type":"WebPage","@id":"https:\/\/ap-hotelsresorts.com\/pt-pt\/ap-eva-senses-hotel-celebrates-55-years-and-launches-book-a-landmark-in-the-city-of-faro\/#webpage","url":"https:\/\/ap-hotelsresorts.com\/pt-pt\/ap-eva-senses-hotel-celebrates-55-years-and-launches-book-a-landmark-in-the-city-of-faro\/","name":"Hotel AP Eva Senses comemora 55 anos e lan\u00e7a livro \u201cUm Marco na Cidade de Faro\u201d - AP HOTELS &amp; RESORTS .","isPartOf":{"@id":"https:\/\/ap-hotelsresorts.com\/#website"},"primaryImageOfPage":{"@id":"https:\/\/ap-hotelsresorts.com\/pt-pt\/ap-eva-senses-hotel-celebrates-55-years-and-launches-book-a-landmark-in-the-city-of-faro\/#primaryimage"},"datePublished":"2021-12-07T20:23:28+00:00","dateModified":"2021-12-07T20:27:15+00:00","description":"O grupo AP Hotels & Resorts, pertencente \u00e0 MADRE TURISMO, celebra os 55 anos de vida do seu hotel AP Eva Senses e, para celebrar, realizou uma festa privada repleta de anima\u00e7\u00e3o que contou com as atua\u00e7\u00f5es do pianista Fernando Newton, Bossa Nova, L\u00eddia Brand\u00e3o, Cris Julian e Cuca Roseta.","breadcrumb":{"@id":"https:\/\/ap-hotelsresorts.com\/pt-pt\/ap-eva-senses-hotel-celebrates-55-years-and-launches-book-a-landmark-in-the-city-of-faro\/#breadcrumb"},"inLanguage":"pt-PT","potentialAction":[{"@type":"ReadAction","target":["https:\/\/ap-hotelsresorts.com\/pt-pt\/ap-eva-senses-hotel-celebrates-55-years-and-launches-book-a-landmark-in-the-city-of-faro\/"]}]},{"@type":"BreadcrumbList","@id":"https:\/\/ap-hotelsresorts.com\/pt-pt\/ap-eva-senses-hotel-celebrates-55-years-and-launches-book-a-landmark-in-the-city-of-faro\/#breadcrumb","itemListElement":[{"@type":"ListItem","position":1,"name":"Home","item":"https:\/\/ap-hotelsresorts.com\/pt-pt\/"},{"@type":"ListItem","position":2,"name":"Hotel AP Eva Senses comemora 55 anos e lan\u00e7a livro \u201cUm Marco na Cidade de Faro\u201d"}]},{"@type":"Article","@id":"https:\/\/ap-hotelsresorts.com\/pt-pt\/ap-eva-senses-hotel-celebrates-55-years-and-launches-book-a-landmark-in-the-city-of-faro\/#article","isPartOf":{"@id":"https:\/\/ap-hotelsresorts.com\/pt-pt\/ap-eva-senses-hotel-celebrates-55-years-and-launches-book-a-landmark-in-the-city-of-faro\/#webpage"},"author":{"@id":"https:\/\/ap-hotelsresorts.com\/#\/schema\/person\/39ea63a33316ff09e0a075ae0a4bed49"},"headline":"Hotel AP Eva Senses comemora 55 anos e lan\u00e7a livro \u201cUm Marco na Cidade de Faro\u201d","datePublished":"2021-12-07T20:23:28+00:00","dateModified":"2021-12-07T20:27:15+00:00","mainEntityOfPage":{"@id":"https:\/\/ap-hotelsresorts.com\/pt-pt\/ap-eva-senses-hotel-celebrates-55-years-and-launches-book-a-landmark-in-the-city-of-faro\/#webpage"},"wordCount":422,"publisher":{"@id":"https:\/\/ap-hotelsresorts.com\/#organization"},"image":{"@id":"https:\/\/ap-hotelsresorts.com\/pt-pt\/ap-eva-senses-hotel-celebrates-55-years-and-launches-book-a-landmark-in-the-city-of-faro\/#primaryimage"},"thumbnailUrl":"https:\/\/ap-hotelsresorts.com\/wp-content\/uploads\/2021\/12\/2021-55-anos.jpg","articleSection":["Not\u00edcias"],"inLanguage":"pt-PT"},{"@type":"Person","@id":"https:\/\/ap-hotelsresorts.com\/#\/schema\/person\/39ea63a33316ff09e0a075ae0a4bed49","name":"marketing ap","image":{"@type":"ImageObject","@id":"https:\/\/ap-hotelsresorts.com\/#personlogo","inLanguage":"pt-PT","url":"https:\/\/secure.gravatar.com\/avatar\/80ea62fe6096f55fe36f17f2175dca2f?s=96&d=mm&r=g","contentUrl":"https:\/\/secure.gravatar.com\/avatar\/80ea62fe6096f55fe36f17f2175dca2f?s=96&d=mm&r=g","caption":"marketing ap"}}]}},"_links":{"self":[{"href":"https:\/\/ap-hotelsresorts.com\/pt-pt\/wp-json\/wp\/v2\/posts\/29809"}],"collection":[{"href":"https:\/\/ap-hotelsresorts.com\/pt-pt\/wp-json\/wp\/v2\/posts"}],"about":[{"href":"https:\/\/ap-hotelsresorts.com\/pt-pt\/wp-json\/wp\/v2\/types\/post"}],"author":[{"embeddable":true,"href":"https:\/\/ap-hotelsresorts.com\/pt-pt\/wp-json\/wp\/v2\/users\/11"}],"replies":[{"embeddable":true,"href":"https:\/\/ap-hotelsresorts.com\/pt-pt\/wp-json\/wp\/v2\/comments?post=29809"}],"version-history":[{"count":0,"href":"https:\/\/ap-hotelsresorts.com\/pt-pt\/wp-json\/wp\/v2\/posts\/29809\/revisions"}],"wp:featuredmedia":[{"embeddable":true,"href":"https:\/\/ap-hotelsresorts.com\/pt-pt\/wp-json\/wp\/v2\/media\/29805"}],"wp:attachment":[{"href":"https:\/\/ap-hotelsresorts.com\/pt-pt\/wp-json\/wp\/v2\/media?parent=29809"}],"wp:term":[{"taxonomy":"category","embeddable":true,"href":"https:\/\/ap-hotelsresorts.com\/pt-pt\/wp-json\/wp\/v2\/categories?post=29809"},{"taxonomy":"post_tag","embeddable":true,"href":"https:\/\/ap-hotelsresorts.com\/pt-pt\/wp-json\/wp\/v2\/tags?post=29809"}],"curies":[{"name":"wp","href":"https:\/\/api.w.org\/{rel}","templated":true}]}}