{"id":32099,"date":"2022-04-07T15:57:11","date_gmt":"2022-04-07T15:57:11","guid":{"rendered":"https:\/\/ap-hotelsresorts.com\/dancarte\/"},"modified":"2022-04-07T16:03:48","modified_gmt":"2022-04-07T16:03:48","slug":"dancarte","status":"publish","type":"post","link":"https:\/\/ap-hotelsresorts.com\/pt-pt\/dancarte\/","title":{"rendered":"Dan\u00e7arte"},"content":{"rendered":"<p>A competi\u00e7\u00e3o Dan\u00e7arte est\u00e1 de volta de 9 a 12 de abril, para mais um ano dedicado \u00e0 dan\u00e7a. Este concurso que ocorre desde 2004, em Faro, \u00e9 dedicado aos jovens bailarinos de escolas nacionais e estrangeiras e que abrange estilos de dan\u00e7a cl\u00e1ssica, dan\u00e7a contempor\u00e2nea, dan\u00e7a de car\u00e1cter, dan\u00e7a jazz, hip hop e sapateado.<br \/>\nO AP Eva Senses, a unidade hoteleira pertencente ao grupo AP Hotels &amp; Resorts, \u00e9 parceira deste evento que tem como objetivos a possibilidade de oferecer a alunos de dan\u00e7a, professores de dan\u00e7a e core\u00f3grafos a oportunidade de demonstrarem o seu n\u00edvel de desempenho nesta \u00e1rea, atrav\u00e9s da promo\u00e7\u00e3o e divulga\u00e7\u00e3o do ensino e da aprendizagem de dan\u00e7a.<br \/>\nTodos os participantes podem trocar as suas experi\u00eancias e promove-se assim desta forma desenvolvimento cultural e art\u00edstico dos jovens e contribuir para a forma\u00e7\u00e3o de novos p\u00fablicos.<br \/>\nTodas as informa\u00e7\u00f5es sobre o concurso aqui:<br \/>\n<a href=\"https:\/\/www.dancarte.org\/\">https:\/\/www.dancarte.org\/<\/a><\/p>\n","protected":false},"excerpt":{"rendered":"<p>A competi\u00e7\u00e3o Dan\u00e7arte est\u00e1 de volta de 9 a 12 de abril, para mais um ano dedicado \u00e0 dan\u00e7a. Este concurso que ocorre desde 2004, em Faro, \u00e9 dedicado aos jovens bailarinos de escolas nacionais e estrangeiras e que abrange [&hellip;]<\/p>\n","protected":false},"author":11,"featured_media":32095,"comment_status":"closed","ping_status":"closed","sticky":false,"template":"","format":"standard","meta":[],"categories":[392],"tags":[],"yoast_head":"<!-- This site is optimized with the Yoast SEO plugin v18.1 - https:\/\/yoast.com\/wordpress\/plugins\/seo\/ -->\n<title>Dan\u00e7arte - AP HOTELS &amp; RESORTS .<\/title>\n<meta name=\"description\" content=\"A competi\u00e7\u00e3o Dan\u00e7arte est\u00e1 de volta de 9 a 12 de abril, para mais um ano dedicado \u00e0 dan\u00e7a. Este concurso que ocorre desde 2004, em Faro, \u00e9 dedicado aos jovens bailarinos de escolas nacionais e estrangeiras e que abrange estilos de dan\u00e7a cl\u00e1ssica, dan\u00e7a contempor\u00e2nea, dan\u00e7a de car\u00e1cter, dan\u00e7a jazz, hip hop e sapateado.\u00a0O AP Eva Senses, a unidade hoteleira pertencente ao grupo AP Hotels &amp; Resorts, \u00e9 parceira deste evento que tem como objetivos a possibilidade de oferecer a alunos de dan\u00e7a, professores de dan\u00e7a e core\u00f3grafos a oportunidade de demonstrarem o seu n\u00edvel de desempenho nesta \u00e1rea, atrav\u00e9s da promo\u00e7\u00e3o e divulga\u00e7\u00e3o do ensino e da aprendizagem de dan\u00e7a.\u00a0Todos os participantes podem trocar as suas experi\u00eancias e promove-se assim desta forma desenvolvimento cultural e art\u00edstico dos jovens e contribuir para a forma\u00e7\u00e3o de novos p\u00fablicos.\" \/>\n<meta name=\"robots\" content=\"index, follow, max-snippet:-1, max-image-preview:large, max-video-preview:-1\" \/>\n<link rel=\"canonical\" href=\"https:\/\/ap-hotelsresorts.com\/pt-pt\/dancarte\/\" \/>\n<meta property=\"og:locale\" content=\"pt_PT\" \/>\n<meta property=\"og:type\" content=\"article\" \/>\n<meta property=\"og:title\" content=\"Dan\u00e7arte - AP HOTELS &amp; RESORTS .\" \/>\n<meta property=\"og:description\" content=\"A competi\u00e7\u00e3o Dan\u00e7arte est\u00e1 de volta de 9 a 12 de abril, para mais um ano dedicado \u00e0 dan\u00e7a. Este concurso que ocorre desde 2004, em Faro, \u00e9 dedicado aos jovens bailarinos de escolas nacionais e estrangeiras e que abrange estilos de dan\u00e7a cl\u00e1ssica, dan\u00e7a contempor\u00e2nea, dan\u00e7a de car\u00e1cter, dan\u00e7a jazz, hip hop e sapateado.\u00a0O AP Eva Senses, a unidade hoteleira pertencente ao grupo AP Hotels &amp; Resorts, \u00e9 parceira deste evento que tem como objetivos a possibilidade de oferecer a alunos de dan\u00e7a, professores de dan\u00e7a e core\u00f3grafos a oportunidade de demonstrarem o seu n\u00edvel de desempenho nesta \u00e1rea, atrav\u00e9s da promo\u00e7\u00e3o e divulga\u00e7\u00e3o do ensino e da aprendizagem de dan\u00e7a.\u00a0Todos os participantes podem trocar as suas experi\u00eancias e promove-se assim desta forma desenvolvimento cultural e art\u00edstico dos jovens e contribuir para a forma\u00e7\u00e3o de novos p\u00fablicos.\" \/>\n<meta property=\"og:url\" content=\"https:\/\/ap-hotelsresorts.com\/pt-pt\/dancarte\/\" \/>\n<meta property=\"og:site_name\" content=\"AP HOTELS &amp; RESORTS .\" \/>\n<meta property=\"article:publisher\" content=\"https:\/\/www.facebook.com\/aphotelsresorts\" \/>\n<meta property=\"article:published_time\" content=\"2022-04-07T15:57:11+00:00\" \/>\n<meta property=\"article:modified_time\" content=\"2022-04-07T16:03:48+00:00\" \/>\n<meta property=\"og:image\" content=\"https:\/\/ap-hotelsresorts.com\/wp-content\/uploads\/2022\/04\/dancarte.jpg\" \/>\n\t<meta property=\"og:image:width\" content=\"2304\" \/>\n\t<meta property=\"og:image:height\" content=\"1536\" \/>\n\t<meta property=\"og:image:type\" content=\"image\/jpeg\" \/>\n<meta name=\"twitter:card\" content=\"summary_large_image\" \/>\n<meta name=\"twitter:creator\" content=\"@ApHotels\" \/>\n<meta name=\"twitter:site\" content=\"@ApHotels\" \/>\n<meta name=\"twitter:label1\" content=\"Escrito por\" \/>\n\t<meta name=\"twitter:data1\" content=\"marketing ap\" \/>\n\t<meta name=\"twitter:label2\" content=\"Tempo estimado de leitura\" \/>\n\t<meta name=\"twitter:data2\" content=\"1 minuto\" \/>\n<script type=\"application\/ld+json\" class=\"yoast-schema-graph\">{\"@context\":\"https:\/\/schema.org\",\"@graph\":[{\"@type\":\"Organization\",\"@id\":\"https:\/\/ap-hotelsresorts.com\/#organization\",\"name\":\"AP HOTELS & RESORTS\",\"url\":\"https:\/\/ap-hotelsresorts.com\/\",\"sameAs\":[\"https:\/\/www.facebook.com\/aphotelsresorts\",\"https:\/\/www.instagram.com\/aphotelsresorts\/\",\"https:\/\/www.linkedin.com\/company\/ap-hotels-and-resorts\",\"https:\/\/www.youtube.com\/channel\/UCSmwGBz36kx2XALzeVAlKEg\",\"https:\/\/twitter.com\/ApHotels\"],\"logo\":{\"@type\":\"ImageObject\",\"@id\":\"https:\/\/ap-hotelsresorts.com\/#logo\",\"inLanguage\":\"pt-PT\",\"url\":\"https:\/\/ap-hotelsresorts.com\/wp-content\/uploads\/2021\/03\/logo-1.png\",\"contentUrl\":\"https:\/\/ap-hotelsresorts.com\/wp-content\/uploads\/2021\/03\/logo-1.png\",\"width\":\"3915\",\"height\":\"1388\",\"caption\":\"AP HOTELS & RESORTS\"},\"image\":{\"@id\":\"https:\/\/ap-hotelsresorts.com\/#logo\"}},{\"@type\":\"WebSite\",\"@id\":\"https:\/\/ap-hotelsresorts.com\/#website\",\"url\":\"https:\/\/ap-hotelsresorts.com\/\",\"name\":\"AP HOTELS &amp; RESORTS .\",\"description\":\"Albufeira . Faro . Portim\u00e3o . Tavira . Algarve\",\"publisher\":{\"@id\":\"https:\/\/ap-hotelsresorts.com\/#organization\"},\"potentialAction\":[{\"@type\":\"SearchAction\",\"target\":{\"@type\":\"EntryPoint\",\"urlTemplate\":\"https:\/\/ap-hotelsresorts.com\/?s={search_term_string}\"},\"query-input\":\"required name=search_term_string\"}],\"inLanguage\":\"pt-PT\"},{\"@type\":\"ImageObject\",\"@id\":\"https:\/\/ap-hotelsresorts.com\/pt-pt\/dancarte\/#primaryimage\",\"inLanguage\":\"pt-PT\",\"url\":\"https:\/\/ap-hotelsresorts.com\/wp-content\/uploads\/2022\/04\/dancarte.jpg\",\"contentUrl\":\"https:\/\/ap-hotelsresorts.com\/wp-content\/uploads\/2022\/04\/dancarte.jpg\",\"width\":2304,\"height\":1536,\"caption\":\"Dancarte\"},{\"@type\":\"WebPage\",\"@id\":\"https:\/\/ap-hotelsresorts.com\/pt-pt\/dancarte\/#webpage\",\"url\":\"https:\/\/ap-hotelsresorts.com\/pt-pt\/dancarte\/\",\"name\":\"Dan\u00e7arte - AP HOTELS &amp; RESORTS .\",\"isPartOf\":{\"@id\":\"https:\/\/ap-hotelsresorts.com\/#website\"},\"primaryImageOfPage\":{\"@id\":\"https:\/\/ap-hotelsresorts.com\/pt-pt\/dancarte\/#primaryimage\"},\"datePublished\":\"2022-04-07T15:57:11+00:00\",\"dateModified\":\"2022-04-07T16:03:48+00:00\",\"description\":\"A competi\u00e7\u00e3o Dan\u00e7arte est\u00e1 de volta de 9 a 12 de abril, para mais um ano dedicado \u00e0 dan\u00e7a. Este concurso que ocorre desde 2004, em Faro, \u00e9 dedicado aos jovens bailarinos de escolas nacionais e estrangeiras e que abrange estilos de dan\u00e7a cl\u00e1ssica, dan\u00e7a contempor\u00e2nea, dan\u00e7a de car\u00e1cter, dan\u00e7a jazz, hip hop e sapateado.\u00a0O AP Eva Senses, a unidade hoteleira pertencente ao grupo AP Hotels & Resorts, \u00e9 parceira deste evento que tem como objetivos a possibilidade de oferecer a alunos de dan\u00e7a, professores de dan\u00e7a e core\u00f3grafos a oportunidade de demonstrarem o seu n\u00edvel de desempenho nesta \u00e1rea, atrav\u00e9s da promo\u00e7\u00e3o e divulga\u00e7\u00e3o do ensino e da aprendizagem de dan\u00e7a.\u00a0Todos os participantes podem trocar as suas experi\u00eancias e promove-se assim desta forma desenvolvimento cultural e art\u00edstico dos jovens e contribuir para a forma\u00e7\u00e3o de novos p\u00fablicos.\",\"breadcrumb\":{\"@id\":\"https:\/\/ap-hotelsresorts.com\/pt-pt\/dancarte\/#breadcrumb\"},\"inLanguage\":\"pt-PT\",\"potentialAction\":[{\"@type\":\"ReadAction\",\"target\":[\"https:\/\/ap-hotelsresorts.com\/pt-pt\/dancarte\/\"]}]},{\"@type\":\"BreadcrumbList\",\"@id\":\"https:\/\/ap-hotelsresorts.com\/pt-pt\/dancarte\/#breadcrumb\",\"itemListElement\":[{\"@type\":\"ListItem\",\"position\":1,\"name\":\"Home\",\"item\":\"https:\/\/ap-hotelsresorts.com\/pt-pt\/\"},{\"@type\":\"ListItem\",\"position\":2,\"name\":\"Dan\u00e7arte\"}]},{\"@type\":\"Article\",\"@id\":\"https:\/\/ap-hotelsresorts.com\/pt-pt\/dancarte\/#article\",\"isPartOf\":{\"@id\":\"https:\/\/ap-hotelsresorts.com\/pt-pt\/dancarte\/#webpage\"},\"author\":{\"@id\":\"https:\/\/ap-hotelsresorts.com\/#\/schema\/person\/39ea63a33316ff09e0a075ae0a4bed49\"},\"headline\":\"Dan\u00e7arte\",\"datePublished\":\"2022-04-07T15:57:11+00:00\",\"dateModified\":\"2022-04-07T16:03:48+00:00\",\"mainEntityOfPage\":{\"@id\":\"https:\/\/ap-hotelsresorts.com\/pt-pt\/dancarte\/#webpage\"},\"wordCount\":170,\"publisher\":{\"@id\":\"https:\/\/ap-hotelsresorts.com\/#organization\"},\"image\":{\"@id\":\"https:\/\/ap-hotelsresorts.com\/pt-pt\/dancarte\/#primaryimage\"},\"thumbnailUrl\":\"https:\/\/ap-hotelsresorts.com\/wp-content\/uploads\/2022\/04\/dancarte.jpg\",\"articleSection\":[\"Not\u00edcias\"],\"inLanguage\":\"pt-PT\"},{\"@type\":\"Person\",\"@id\":\"https:\/\/ap-hotelsresorts.com\/#\/schema\/person\/39ea63a33316ff09e0a075ae0a4bed49\",\"name\":\"marketing ap\",\"image\":{\"@type\":\"ImageObject\",\"@id\":\"https:\/\/ap-hotelsresorts.com\/#personlogo\",\"inLanguage\":\"pt-PT\",\"url\":\"https:\/\/secure.gravatar.com\/avatar\/80ea62fe6096f55fe36f17f2175dca2f?s=96&d=mm&r=g\",\"contentUrl\":\"https:\/\/secure.gravatar.com\/avatar\/80ea62fe6096f55fe36f17f2175dca2f?s=96&d=mm&r=g\",\"caption\":\"marketing ap\"}}]}<\/script>\n<!-- \/ Yoast SEO plugin. -->","yoast_head_json":{"title":"Dan\u00e7arte - AP HOTELS &amp; RESORTS .","description":"A competi\u00e7\u00e3o Dan\u00e7arte est\u00e1 de volta de 9 a 12 de abril, para mais um ano dedicado \u00e0 dan\u00e7a. Este concurso que ocorre desde 2004, em Faro, \u00e9 dedicado aos jovens bailarinos de escolas nacionais e estrangeiras e que abrange estilos de dan\u00e7a cl\u00e1ssica, dan\u00e7a contempor\u00e2nea, dan\u00e7a de car\u00e1cter, dan\u00e7a jazz, hip hop e sapateado.\u00a0O AP Eva Senses, a unidade hoteleira pertencente ao grupo AP Hotels & Resorts, \u00e9 parceira deste evento que tem como objetivos a possibilidade de oferecer a alunos de dan\u00e7a, professores de dan\u00e7a e core\u00f3grafos a oportunidade de demonstrarem o seu n\u00edvel de desempenho nesta \u00e1rea, atrav\u00e9s da promo\u00e7\u00e3o e divulga\u00e7\u00e3o do ensino e da aprendizagem de dan\u00e7a.\u00a0Todos os participantes podem trocar as suas experi\u00eancias e promove-se assim desta forma desenvolvimento cultural e art\u00edstico dos jovens e contribuir para a forma\u00e7\u00e3o de novos p\u00fablicos.","robots":{"index":"index","follow":"follow","max-snippet":"max-snippet:-1","max-image-preview":"max-image-preview:large","max-video-preview":"max-video-preview:-1"},"canonical":"https:\/\/ap-hotelsresorts.com\/pt-pt\/dancarte\/","og_locale":"pt_PT","og_type":"article","og_title":"Dan\u00e7arte - AP HOTELS &amp; RESORTS .","og_description":"A competi\u00e7\u00e3o Dan\u00e7arte est\u00e1 de volta de 9 a 12 de abril, para mais um ano dedicado \u00e0 dan\u00e7a. Este concurso que ocorre desde 2004, em Faro, \u00e9 dedicado aos jovens bailarinos de escolas nacionais e estrangeiras e que abrange estilos de dan\u00e7a cl\u00e1ssica, dan\u00e7a contempor\u00e2nea, dan\u00e7a de car\u00e1cter, dan\u00e7a jazz, hip hop e sapateado.\u00a0O AP Eva Senses, a unidade hoteleira pertencente ao grupo AP Hotels & Resorts, \u00e9 parceira deste evento que tem como objetivos a possibilidade de oferecer a alunos de dan\u00e7a, professores de dan\u00e7a e core\u00f3grafos a oportunidade de demonstrarem o seu n\u00edvel de desempenho nesta \u00e1rea, atrav\u00e9s da promo\u00e7\u00e3o e divulga\u00e7\u00e3o do ensino e da aprendizagem de dan\u00e7a.\u00a0Todos os participantes podem trocar as suas experi\u00eancias e promove-se assim desta forma desenvolvimento cultural e art\u00edstico dos jovens e contribuir para a forma\u00e7\u00e3o de novos p\u00fablicos.","og_url":"https:\/\/ap-hotelsresorts.com\/pt-pt\/dancarte\/","og_site_name":"AP HOTELS &amp; RESORTS .","article_publisher":"https:\/\/www.facebook.com\/aphotelsresorts","article_published_time":"2022-04-07T15:57:11+00:00","article_modified_time":"2022-04-07T16:03:48+00:00","og_image":[{"width":2304,"height":1536,"url":"https:\/\/ap-hotelsresorts.com\/wp-content\/uploads\/2022\/04\/dancarte.jpg","type":"image\/jpeg"}],"twitter_card":"summary_large_image","twitter_creator":"@ApHotels","twitter_site":"@ApHotels","twitter_misc":{"Escrito por":"marketing ap","Tempo estimado de leitura":"1 minuto"},"schema":{"@context":"https:\/\/schema.org","@graph":[{"@type":"Organization","@id":"https:\/\/ap-hotelsresorts.com\/#organization","name":"AP HOTELS & RESORTS","url":"https:\/\/ap-hotelsresorts.com\/","sameAs":["https:\/\/www.facebook.com\/aphotelsresorts","https:\/\/www.instagram.com\/aphotelsresorts\/","https:\/\/www.linkedin.com\/company\/ap-hotels-and-resorts","https:\/\/www.youtube.com\/channel\/UCSmwGBz36kx2XALzeVAlKEg","https:\/\/twitter.com\/ApHotels"],"logo":{"@type":"ImageObject","@id":"https:\/\/ap-hotelsresorts.com\/#logo","inLanguage":"pt-PT","url":"https:\/\/ap-hotelsresorts.com\/wp-content\/uploads\/2021\/03\/logo-1.png","contentUrl":"https:\/\/ap-hotelsresorts.com\/wp-content\/uploads\/2021\/03\/logo-1.png","width":"3915","height":"1388","caption":"AP HOTELS & RESORTS"},"image":{"@id":"https:\/\/ap-hotelsresorts.com\/#logo"}},{"@type":"WebSite","@id":"https:\/\/ap-hotelsresorts.com\/#website","url":"https:\/\/ap-hotelsresorts.com\/","name":"AP HOTELS &amp; RESORTS .","description":"Albufeira . Faro . Portim\u00e3o . Tavira . Algarve","publisher":{"@id":"https:\/\/ap-hotelsresorts.com\/#organization"},"potentialAction":[{"@type":"SearchAction","target":{"@type":"EntryPoint","urlTemplate":"https:\/\/ap-hotelsresorts.com\/?s={search_term_string}"},"query-input":"required name=search_term_string"}],"inLanguage":"pt-PT"},{"@type":"ImageObject","@id":"https:\/\/ap-hotelsresorts.com\/pt-pt\/dancarte\/#primaryimage","inLanguage":"pt-PT","url":"https:\/\/ap-hotelsresorts.com\/wp-content\/uploads\/2022\/04\/dancarte.jpg","contentUrl":"https:\/\/ap-hotelsresorts.com\/wp-content\/uploads\/2022\/04\/dancarte.jpg","width":2304,"height":1536,"caption":"Dancarte"},{"@type":"WebPage","@id":"https:\/\/ap-hotelsresorts.com\/pt-pt\/dancarte\/#webpage","url":"https:\/\/ap-hotelsresorts.com\/pt-pt\/dancarte\/","name":"Dan\u00e7arte - AP HOTELS &amp; RESORTS .","isPartOf":{"@id":"https:\/\/ap-hotelsresorts.com\/#website"},"primaryImageOfPage":{"@id":"https:\/\/ap-hotelsresorts.com\/pt-pt\/dancarte\/#primaryimage"},"datePublished":"2022-04-07T15:57:11+00:00","dateModified":"2022-04-07T16:03:48+00:00","description":"A competi\u00e7\u00e3o Dan\u00e7arte est\u00e1 de volta de 9 a 12 de abril, para mais um ano dedicado \u00e0 dan\u00e7a. Este concurso que ocorre desde 2004, em Faro, \u00e9 dedicado aos jovens bailarinos de escolas nacionais e estrangeiras e que abrange estilos de dan\u00e7a cl\u00e1ssica, dan\u00e7a contempor\u00e2nea, dan\u00e7a de car\u00e1cter, dan\u00e7a jazz, hip hop e sapateado.\u00a0O AP Eva Senses, a unidade hoteleira pertencente ao grupo AP Hotels & Resorts, \u00e9 parceira deste evento que tem como objetivos a possibilidade de oferecer a alunos de dan\u00e7a, professores de dan\u00e7a e core\u00f3grafos a oportunidade de demonstrarem o seu n\u00edvel de desempenho nesta \u00e1rea, atrav\u00e9s da promo\u00e7\u00e3o e divulga\u00e7\u00e3o do ensino e da aprendizagem de dan\u00e7a.\u00a0Todos os participantes podem trocar as suas experi\u00eancias e promove-se assim desta forma desenvolvimento cultural e art\u00edstico dos jovens e contribuir para a forma\u00e7\u00e3o de novos p\u00fablicos.","breadcrumb":{"@id":"https:\/\/ap-hotelsresorts.com\/pt-pt\/dancarte\/#breadcrumb"},"inLanguage":"pt-PT","potentialAction":[{"@type":"ReadAction","target":["https:\/\/ap-hotelsresorts.com\/pt-pt\/dancarte\/"]}]},{"@type":"BreadcrumbList","@id":"https:\/\/ap-hotelsresorts.com\/pt-pt\/dancarte\/#breadcrumb","itemListElement":[{"@type":"ListItem","position":1,"name":"Home","item":"https:\/\/ap-hotelsresorts.com\/pt-pt\/"},{"@type":"ListItem","position":2,"name":"Dan\u00e7arte"}]},{"@type":"Article","@id":"https:\/\/ap-hotelsresorts.com\/pt-pt\/dancarte\/#article","isPartOf":{"@id":"https:\/\/ap-hotelsresorts.com\/pt-pt\/dancarte\/#webpage"},"author":{"@id":"https:\/\/ap-hotelsresorts.com\/#\/schema\/person\/39ea63a33316ff09e0a075ae0a4bed49"},"headline":"Dan\u00e7arte","datePublished":"2022-04-07T15:57:11+00:00","dateModified":"2022-04-07T16:03:48+00:00","mainEntityOfPage":{"@id":"https:\/\/ap-hotelsresorts.com\/pt-pt\/dancarte\/#webpage"},"wordCount":170,"publisher":{"@id":"https:\/\/ap-hotelsresorts.com\/#organization"},"image":{"@id":"https:\/\/ap-hotelsresorts.com\/pt-pt\/dancarte\/#primaryimage"},"thumbnailUrl":"https:\/\/ap-hotelsresorts.com\/wp-content\/uploads\/2022\/04\/dancarte.jpg","articleSection":["Not\u00edcias"],"inLanguage":"pt-PT"},{"@type":"Person","@id":"https:\/\/ap-hotelsresorts.com\/#\/schema\/person\/39ea63a33316ff09e0a075ae0a4bed49","name":"marketing ap","image":{"@type":"ImageObject","@id":"https:\/\/ap-hotelsresorts.com\/#personlogo","inLanguage":"pt-PT","url":"https:\/\/secure.gravatar.com\/avatar\/80ea62fe6096f55fe36f17f2175dca2f?s=96&d=mm&r=g","contentUrl":"https:\/\/secure.gravatar.com\/avatar\/80ea62fe6096f55fe36f17f2175dca2f?s=96&d=mm&r=g","caption":"marketing ap"}}]}},"_links":{"self":[{"href":"https:\/\/ap-hotelsresorts.com\/pt-pt\/wp-json\/wp\/v2\/posts\/32099"}],"collection":[{"href":"https:\/\/ap-hotelsresorts.com\/pt-pt\/wp-json\/wp\/v2\/posts"}],"about":[{"href":"https:\/\/ap-hotelsresorts.com\/pt-pt\/wp-json\/wp\/v2\/types\/post"}],"author":[{"embeddable":true,"href":"https:\/\/ap-hotelsresorts.com\/pt-pt\/wp-json\/wp\/v2\/users\/11"}],"replies":[{"embeddable":true,"href":"https:\/\/ap-hotelsresorts.com\/pt-pt\/wp-json\/wp\/v2\/comments?post=32099"}],"version-history":[{"count":0,"href":"https:\/\/ap-hotelsresorts.com\/pt-pt\/wp-json\/wp\/v2\/posts\/32099\/revisions"}],"wp:featuredmedia":[{"embeddable":true,"href":"https:\/\/ap-hotelsresorts.com\/pt-pt\/wp-json\/wp\/v2\/media\/32095"}],"wp:attachment":[{"href":"https:\/\/ap-hotelsresorts.com\/pt-pt\/wp-json\/wp\/v2\/media?parent=32099"}],"wp:term":[{"taxonomy":"category","embeddable":true,"href":"https:\/\/ap-hotelsresorts.com\/pt-pt\/wp-json\/wp\/v2\/categories?post=32099"},{"taxonomy":"post_tag","embeddable":true,"href":"https:\/\/ap-hotelsresorts.com\/pt-pt\/wp-json\/wp\/v2\/tags?post=32099"}],"curies":[{"name":"wp","href":"https:\/\/api.w.org\/{rel}","templated":true}]}}