{"id":33296,"date":"2022-06-29T08:53:16","date_gmt":"2022-06-29T08:53:16","guid":{"rendered":"https:\/\/ap-hotelsresorts.com\/adao-bar-2\/"},"modified":"2022-06-29T08:57:14","modified_gmt":"2022-06-29T08:57:14","slug":"bar-adao-celebracao","status":"publish","type":"post","link":"https:\/\/ap-hotelsresorts.com\/pt-pt\/bar-adao-celebracao\/","title":{"rendered":"\u00a0BAR AD\u00c3O DO AP EVA SENSES COMEMORA DOIS ANOS DE SUCESSO"},"content":{"rendered":"<p>O Bar Ad\u00e3o do AP Eva Senses, um espa\u00e7o aberto \u00e0 cidade, com uma esplanada com vista privilegiada para a Marina, assinala o seu segundo anivers\u00e1rio, num percurso de dois anos em que se afirmou como um local de refer\u00eancia na cidade de Faro.<br \/>\nO conceito original, criado por uma fam\u00edlia natural de Faro, apresenta um menu com produtos da regi\u00e3o, onde se destaca o pok\u00e9, confecionado com diferentes ingredientes de grande qualidade, como a gamba, polvo, cavala, salm\u00e3o ou atum.<br \/>\nOs excelentes vinhos QSS acompanham os pratos, elaborados com eleg\u00e2ncia, juntando o sabor requintado \u00e0 est\u00e9tica visual, garantindo uma refei\u00e7\u00e3o equilibrada, num local apraz\u00edvel.<br \/>\nO Bar Ad\u00e3o \u00e9 hoje um local de paragem obrigat\u00f3ria, quer para os habitantes de Faro, quer para os turistas.<\/p>\n","protected":false},"excerpt":{"rendered":"<p>O Bar Ad\u00e3o do AP Eva Senses, um espa\u00e7o aberto \u00e0 cidade, com uma esplanada com vista privilegiada para a Marina, assinala o seu segundo anivers\u00e1rio, num percurso de dois anos em que se afirmou como um local de refer\u00eancia [&hellip;]<\/p>\n","protected":false},"author":11,"featured_media":0,"comment_status":"closed","ping_status":"closed","sticky":false,"template":"","format":"standard","meta":[],"categories":[392],"tags":[],"yoast_head":"<!-- This site is optimized with the Yoast SEO plugin v18.1 - https:\/\/yoast.com\/wordpress\/plugins\/seo\/ -->\n<title>\u00a0BAR AD\u00c3O DO AP EVA SENSES COMEMORA DOIS ANOS DE SUCESSO - AP HOTELS &amp; RESORTS .<\/title>\n<meta name=\"description\" content=\"O Bar Ad\u00e3o do AP Eva Senses, um espa\u00e7o aberto \u00e0 cidade, com uma esplanada com vista privilegiada para a Marina, assinala o seu segundo anivers\u00e1rio, num percurso de dois anos em que se afirmou como um local de refer\u00eancia na cidade de Faro.O conceito original, criado por uma fam\u00edlia natural de Faro, apresenta um menu com produtos da regi\u00e3o, onde se destaca o pok\u00e9, confecionado com diferentes ingredientes de grande qualidade, como a gamba, polvo, cavala, salm\u00e3o ou atum.Os excelentes vinhos QSS acompanham os pratos, elaborados com eleg\u00e2ncia, juntando o sabor requintado \u00e0 est\u00e9tica visual, garantindo uma refei\u00e7\u00e3o equilibrada, num local apraz\u00edvel.O Bar Ad\u00e3o \u00e9 hoje um local de paragem obrigat\u00f3ria, quer para os habitantes de Faro, quer para os turistas.\" \/>\n<meta name=\"robots\" content=\"index, follow, max-snippet:-1, max-image-preview:large, max-video-preview:-1\" \/>\n<link rel=\"canonical\" href=\"https:\/\/ap-hotelsresorts.com\/pt-pt\/bar-adao-celebracao\/\" \/>\n<meta property=\"og:locale\" content=\"pt_PT\" \/>\n<meta property=\"og:type\" content=\"article\" \/>\n<meta property=\"og:title\" content=\"\u00a0BAR AD\u00c3O DO AP EVA SENSES COMEMORA DOIS ANOS DE SUCESSO - AP HOTELS &amp; RESORTS .\" \/>\n<meta property=\"og:description\" content=\"O Bar Ad\u00e3o do AP Eva Senses, um espa\u00e7o aberto \u00e0 cidade, com uma esplanada com vista privilegiada para a Marina, assinala o seu segundo anivers\u00e1rio, num percurso de dois anos em que se afirmou como um local de refer\u00eancia na cidade de Faro.O conceito original, criado por uma fam\u00edlia natural de Faro, apresenta um menu com produtos da regi\u00e3o, onde se destaca o pok\u00e9, confecionado com diferentes ingredientes de grande qualidade, como a gamba, polvo, cavala, salm\u00e3o ou atum.Os excelentes vinhos QSS acompanham os pratos, elaborados com eleg\u00e2ncia, juntando o sabor requintado \u00e0 est\u00e9tica visual, garantindo uma refei\u00e7\u00e3o equilibrada, num local apraz\u00edvel.O Bar Ad\u00e3o \u00e9 hoje um local de paragem obrigat\u00f3ria, quer para os habitantes de Faro, quer para os turistas.\" \/>\n<meta property=\"og:url\" content=\"https:\/\/ap-hotelsresorts.com\/pt-pt\/bar-adao-celebracao\/\" \/>\n<meta property=\"og:site_name\" content=\"AP HOTELS &amp; RESORTS .\" \/>\n<meta property=\"article:publisher\" content=\"https:\/\/www.facebook.com\/aphotelsresorts\" \/>\n<meta property=\"article:published_time\" content=\"2022-06-29T08:53:16+00:00\" \/>\n<meta property=\"article:modified_time\" content=\"2022-06-29T08:57:14+00:00\" \/>\n<meta property=\"og:image\" content=\"https:\/\/ap-hotelsresorts.com\/wp-content\/uploads\/2020\/09\/241342727_216235170527381_7445395601994545917_n-1.jpg\" \/>\n\t<meta property=\"og:image:width\" content=\"1875\" \/>\n\t<meta property=\"og:image:height\" content=\"1250\" \/>\n\t<meta property=\"og:image:type\" content=\"image\/jpeg\" \/>\n<meta name=\"twitter:card\" content=\"summary_large_image\" \/>\n<meta name=\"twitter:creator\" content=\"@ApHotels\" \/>\n<meta name=\"twitter:site\" content=\"@ApHotels\" \/>\n<meta name=\"twitter:label1\" content=\"Escrito por\" \/>\n\t<meta name=\"twitter:data1\" content=\"marketing ap\" \/>\n\t<meta name=\"twitter:label2\" content=\"Tempo estimado de leitura\" \/>\n\t<meta name=\"twitter:data2\" content=\"1 minuto\" \/>\n<script type=\"application\/ld+json\" class=\"yoast-schema-graph\">{\"@context\":\"https:\/\/schema.org\",\"@graph\":[{\"@type\":\"Organization\",\"@id\":\"https:\/\/ap-hotelsresorts.com\/#organization\",\"name\":\"AP HOTELS & RESORTS\",\"url\":\"https:\/\/ap-hotelsresorts.com\/\",\"sameAs\":[\"https:\/\/www.facebook.com\/aphotelsresorts\",\"https:\/\/www.instagram.com\/aphotelsresorts\/\",\"https:\/\/www.linkedin.com\/company\/ap-hotels-and-resorts\",\"https:\/\/www.youtube.com\/channel\/UCSmwGBz36kx2XALzeVAlKEg\",\"https:\/\/twitter.com\/ApHotels\"],\"logo\":{\"@type\":\"ImageObject\",\"@id\":\"https:\/\/ap-hotelsresorts.com\/#logo\",\"inLanguage\":\"pt-PT\",\"url\":\"https:\/\/ap-hotelsresorts.com\/wp-content\/uploads\/2021\/03\/logo-1.png\",\"contentUrl\":\"https:\/\/ap-hotelsresorts.com\/wp-content\/uploads\/2021\/03\/logo-1.png\",\"width\":\"3915\",\"height\":\"1388\",\"caption\":\"AP HOTELS & RESORTS\"},\"image\":{\"@id\":\"https:\/\/ap-hotelsresorts.com\/#logo\"}},{\"@type\":\"WebSite\",\"@id\":\"https:\/\/ap-hotelsresorts.com\/#website\",\"url\":\"https:\/\/ap-hotelsresorts.com\/\",\"name\":\"AP HOTELS &amp; RESORTS .\",\"description\":\"Albufeira . Faro . Portim\u00e3o . Tavira . Algarve\",\"publisher\":{\"@id\":\"https:\/\/ap-hotelsresorts.com\/#organization\"},\"potentialAction\":[{\"@type\":\"SearchAction\",\"target\":{\"@type\":\"EntryPoint\",\"urlTemplate\":\"https:\/\/ap-hotelsresorts.com\/?s={search_term_string}\"},\"query-input\":\"required name=search_term_string\"}],\"inLanguage\":\"pt-PT\"},{\"@type\":\"WebPage\",\"@id\":\"https:\/\/ap-hotelsresorts.com\/pt-pt\/bar-adao-celebracao\/#webpage\",\"url\":\"https:\/\/ap-hotelsresorts.com\/pt-pt\/bar-adao-celebracao\/\",\"name\":\"\u00a0BAR AD\u00c3O DO AP EVA SENSES COMEMORA DOIS ANOS DE SUCESSO - AP HOTELS &amp; RESORTS .\",\"isPartOf\":{\"@id\":\"https:\/\/ap-hotelsresorts.com\/#website\"},\"datePublished\":\"2022-06-29T08:53:16+00:00\",\"dateModified\":\"2022-06-29T08:57:14+00:00\",\"description\":\"O Bar Ad\u00e3o do AP Eva Senses, um espa\u00e7o aberto \u00e0 cidade, com uma esplanada com vista privilegiada para a Marina, assinala o seu segundo anivers\u00e1rio, num percurso de dois anos em que se afirmou como um local de refer\u00eancia na cidade de Faro.O conceito original, criado por uma fam\u00edlia natural de Faro, apresenta um menu com produtos da regi\u00e3o, onde se destaca o pok\u00e9, confecionado com diferentes ingredientes de grande qualidade, como a gamba, polvo, cavala, salm\u00e3o ou atum.Os excelentes vinhos QSS acompanham os pratos, elaborados com eleg\u00e2ncia, juntando o sabor requintado \u00e0 est\u00e9tica visual, garantindo uma refei\u00e7\u00e3o equilibrada, num local apraz\u00edvel.O Bar Ad\u00e3o \u00e9 hoje um local de paragem obrigat\u00f3ria, quer para os habitantes de Faro, quer para os turistas.\",\"breadcrumb\":{\"@id\":\"https:\/\/ap-hotelsresorts.com\/pt-pt\/bar-adao-celebracao\/#breadcrumb\"},\"inLanguage\":\"pt-PT\",\"potentialAction\":[{\"@type\":\"ReadAction\",\"target\":[\"https:\/\/ap-hotelsresorts.com\/pt-pt\/bar-adao-celebracao\/\"]}]},{\"@type\":\"BreadcrumbList\",\"@id\":\"https:\/\/ap-hotelsresorts.com\/pt-pt\/bar-adao-celebracao\/#breadcrumb\",\"itemListElement\":[{\"@type\":\"ListItem\",\"position\":1,\"name\":\"Home\",\"item\":\"https:\/\/ap-hotelsresorts.com\/pt-pt\/\"},{\"@type\":\"ListItem\",\"position\":2,\"name\":\"\u00a0BAR AD\u00c3O DO AP EVA SENSES COMEMORA DOIS ANOS DE SUCESSO\"}]},{\"@type\":\"Article\",\"@id\":\"https:\/\/ap-hotelsresorts.com\/pt-pt\/bar-adao-celebracao\/#article\",\"isPartOf\":{\"@id\":\"https:\/\/ap-hotelsresorts.com\/pt-pt\/bar-adao-celebracao\/#webpage\"},\"author\":{\"@id\":\"https:\/\/ap-hotelsresorts.com\/#\/schema\/person\/39ea63a33316ff09e0a075ae0a4bed49\"},\"headline\":\"\u00a0BAR AD\u00c3O DO AP EVA SENSES COMEMORA DOIS ANOS DE SUCESSO\",\"datePublished\":\"2022-06-29T08:53:16+00:00\",\"dateModified\":\"2022-06-29T08:57:14+00:00\",\"mainEntityOfPage\":{\"@id\":\"https:\/\/ap-hotelsresorts.com\/pt-pt\/bar-adao-celebracao\/#webpage\"},\"wordCount\":147,\"publisher\":{\"@id\":\"https:\/\/ap-hotelsresorts.com\/#organization\"},\"articleSection\":[\"Not\u00edcias\"],\"inLanguage\":\"pt-PT\"},{\"@type\":\"Person\",\"@id\":\"https:\/\/ap-hotelsresorts.com\/#\/schema\/person\/39ea63a33316ff09e0a075ae0a4bed49\",\"name\":\"marketing ap\",\"image\":{\"@type\":\"ImageObject\",\"@id\":\"https:\/\/ap-hotelsresorts.com\/#personlogo\",\"inLanguage\":\"pt-PT\",\"url\":\"https:\/\/secure.gravatar.com\/avatar\/80ea62fe6096f55fe36f17f2175dca2f?s=96&d=mm&r=g\",\"contentUrl\":\"https:\/\/secure.gravatar.com\/avatar\/80ea62fe6096f55fe36f17f2175dca2f?s=96&d=mm&r=g\",\"caption\":\"marketing ap\"}}]}<\/script>\n<!-- \/ Yoast SEO plugin. -->","yoast_head_json":{"title":"\u00a0BAR AD\u00c3O DO AP EVA SENSES COMEMORA DOIS ANOS DE SUCESSO - AP HOTELS &amp; RESORTS .","description":"O Bar Ad\u00e3o do AP Eva Senses, um espa\u00e7o aberto \u00e0 cidade, com uma esplanada com vista privilegiada para a Marina, assinala o seu segundo anivers\u00e1rio, num percurso de dois anos em que se afirmou como um local de refer\u00eancia na cidade de Faro.O conceito original, criado por uma fam\u00edlia natural de Faro, apresenta um menu com produtos da regi\u00e3o, onde se destaca o pok\u00e9, confecionado com diferentes ingredientes de grande qualidade, como a gamba, polvo, cavala, salm\u00e3o ou atum.Os excelentes vinhos QSS acompanham os pratos, elaborados com eleg\u00e2ncia, juntando o sabor requintado \u00e0 est\u00e9tica visual, garantindo uma refei\u00e7\u00e3o equilibrada, num local apraz\u00edvel.O Bar Ad\u00e3o \u00e9 hoje um local de paragem obrigat\u00f3ria, quer para os habitantes de Faro, quer para os turistas.","robots":{"index":"index","follow":"follow","max-snippet":"max-snippet:-1","max-image-preview":"max-image-preview:large","max-video-preview":"max-video-preview:-1"},"canonical":"https:\/\/ap-hotelsresorts.com\/pt-pt\/bar-adao-celebracao\/","og_locale":"pt_PT","og_type":"article","og_title":"\u00a0BAR AD\u00c3O DO AP EVA SENSES COMEMORA DOIS ANOS DE SUCESSO - AP HOTELS &amp; RESORTS .","og_description":"O Bar Ad\u00e3o do AP Eva Senses, um espa\u00e7o aberto \u00e0 cidade, com uma esplanada com vista privilegiada para a Marina, assinala o seu segundo anivers\u00e1rio, num percurso de dois anos em que se afirmou como um local de refer\u00eancia na cidade de Faro.O conceito original, criado por uma fam\u00edlia natural de Faro, apresenta um menu com produtos da regi\u00e3o, onde se destaca o pok\u00e9, confecionado com diferentes ingredientes de grande qualidade, como a gamba, polvo, cavala, salm\u00e3o ou atum.Os excelentes vinhos QSS acompanham os pratos, elaborados com eleg\u00e2ncia, juntando o sabor requintado \u00e0 est\u00e9tica visual, garantindo uma refei\u00e7\u00e3o equilibrada, num local apraz\u00edvel.O Bar Ad\u00e3o \u00e9 hoje um local de paragem obrigat\u00f3ria, quer para os habitantes de Faro, quer para os turistas.","og_url":"https:\/\/ap-hotelsresorts.com\/pt-pt\/bar-adao-celebracao\/","og_site_name":"AP HOTELS &amp; RESORTS .","article_publisher":"https:\/\/www.facebook.com\/aphotelsresorts","article_published_time":"2022-06-29T08:53:16+00:00","article_modified_time":"2022-06-29T08:57:14+00:00","og_image":[{"width":1875,"height":1250,"url":"https:\/\/ap-hotelsresorts.com\/wp-content\/uploads\/2020\/09\/241342727_216235170527381_7445395601994545917_n-1.jpg","type":"image\/jpeg"}],"twitter_card":"summary_large_image","twitter_creator":"@ApHotels","twitter_site":"@ApHotels","twitter_misc":{"Escrito por":"marketing ap","Tempo estimado de leitura":"1 minuto"},"schema":{"@context":"https:\/\/schema.org","@graph":[{"@type":"Organization","@id":"https:\/\/ap-hotelsresorts.com\/#organization","name":"AP HOTELS & RESORTS","url":"https:\/\/ap-hotelsresorts.com\/","sameAs":["https:\/\/www.facebook.com\/aphotelsresorts","https:\/\/www.instagram.com\/aphotelsresorts\/","https:\/\/www.linkedin.com\/company\/ap-hotels-and-resorts","https:\/\/www.youtube.com\/channel\/UCSmwGBz36kx2XALzeVAlKEg","https:\/\/twitter.com\/ApHotels"],"logo":{"@type":"ImageObject","@id":"https:\/\/ap-hotelsresorts.com\/#logo","inLanguage":"pt-PT","url":"https:\/\/ap-hotelsresorts.com\/wp-content\/uploads\/2021\/03\/logo-1.png","contentUrl":"https:\/\/ap-hotelsresorts.com\/wp-content\/uploads\/2021\/03\/logo-1.png","width":"3915","height":"1388","caption":"AP HOTELS & RESORTS"},"image":{"@id":"https:\/\/ap-hotelsresorts.com\/#logo"}},{"@type":"WebSite","@id":"https:\/\/ap-hotelsresorts.com\/#website","url":"https:\/\/ap-hotelsresorts.com\/","name":"AP HOTELS &amp; RESORTS .","description":"Albufeira . Faro . Portim\u00e3o . Tavira . Algarve","publisher":{"@id":"https:\/\/ap-hotelsresorts.com\/#organization"},"potentialAction":[{"@type":"SearchAction","target":{"@type":"EntryPoint","urlTemplate":"https:\/\/ap-hotelsresorts.com\/?s={search_term_string}"},"query-input":"required name=search_term_string"}],"inLanguage":"pt-PT"},{"@type":"WebPage","@id":"https:\/\/ap-hotelsresorts.com\/pt-pt\/bar-adao-celebracao\/#webpage","url":"https:\/\/ap-hotelsresorts.com\/pt-pt\/bar-adao-celebracao\/","name":"\u00a0BAR AD\u00c3O DO AP EVA SENSES COMEMORA DOIS ANOS DE SUCESSO - AP HOTELS &amp; RESORTS .","isPartOf":{"@id":"https:\/\/ap-hotelsresorts.com\/#website"},"datePublished":"2022-06-29T08:53:16+00:00","dateModified":"2022-06-29T08:57:14+00:00","description":"O Bar Ad\u00e3o do AP Eva Senses, um espa\u00e7o aberto \u00e0 cidade, com uma esplanada com vista privilegiada para a Marina, assinala o seu segundo anivers\u00e1rio, num percurso de dois anos em que se afirmou como um local de refer\u00eancia na cidade de Faro.O conceito original, criado por uma fam\u00edlia natural de Faro, apresenta um menu com produtos da regi\u00e3o, onde se destaca o pok\u00e9, confecionado com diferentes ingredientes de grande qualidade, como a gamba, polvo, cavala, salm\u00e3o ou atum.Os excelentes vinhos QSS acompanham os pratos, elaborados com eleg\u00e2ncia, juntando o sabor requintado \u00e0 est\u00e9tica visual, garantindo uma refei\u00e7\u00e3o equilibrada, num local apraz\u00edvel.O Bar Ad\u00e3o \u00e9 hoje um local de paragem obrigat\u00f3ria, quer para os habitantes de Faro, quer para os turistas.","breadcrumb":{"@id":"https:\/\/ap-hotelsresorts.com\/pt-pt\/bar-adao-celebracao\/#breadcrumb"},"inLanguage":"pt-PT","potentialAction":[{"@type":"ReadAction","target":["https:\/\/ap-hotelsresorts.com\/pt-pt\/bar-adao-celebracao\/"]}]},{"@type":"BreadcrumbList","@id":"https:\/\/ap-hotelsresorts.com\/pt-pt\/bar-adao-celebracao\/#breadcrumb","itemListElement":[{"@type":"ListItem","position":1,"name":"Home","item":"https:\/\/ap-hotelsresorts.com\/pt-pt\/"},{"@type":"ListItem","position":2,"name":"\u00a0BAR AD\u00c3O DO AP EVA SENSES COMEMORA DOIS ANOS DE SUCESSO"}]},{"@type":"Article","@id":"https:\/\/ap-hotelsresorts.com\/pt-pt\/bar-adao-celebracao\/#article","isPartOf":{"@id":"https:\/\/ap-hotelsresorts.com\/pt-pt\/bar-adao-celebracao\/#webpage"},"author":{"@id":"https:\/\/ap-hotelsresorts.com\/#\/schema\/person\/39ea63a33316ff09e0a075ae0a4bed49"},"headline":"\u00a0BAR AD\u00c3O DO AP EVA SENSES COMEMORA DOIS ANOS DE SUCESSO","datePublished":"2022-06-29T08:53:16+00:00","dateModified":"2022-06-29T08:57:14+00:00","mainEntityOfPage":{"@id":"https:\/\/ap-hotelsresorts.com\/pt-pt\/bar-adao-celebracao\/#webpage"},"wordCount":147,"publisher":{"@id":"https:\/\/ap-hotelsresorts.com\/#organization"},"articleSection":["Not\u00edcias"],"inLanguage":"pt-PT"},{"@type":"Person","@id":"https:\/\/ap-hotelsresorts.com\/#\/schema\/person\/39ea63a33316ff09e0a075ae0a4bed49","name":"marketing ap","image":{"@type":"ImageObject","@id":"https:\/\/ap-hotelsresorts.com\/#personlogo","inLanguage":"pt-PT","url":"https:\/\/secure.gravatar.com\/avatar\/80ea62fe6096f55fe36f17f2175dca2f?s=96&d=mm&r=g","contentUrl":"https:\/\/secure.gravatar.com\/avatar\/80ea62fe6096f55fe36f17f2175dca2f?s=96&d=mm&r=g","caption":"marketing ap"}}]}},"_links":{"self":[{"href":"https:\/\/ap-hotelsresorts.com\/pt-pt\/wp-json\/wp\/v2\/posts\/33296"}],"collection":[{"href":"https:\/\/ap-hotelsresorts.com\/pt-pt\/wp-json\/wp\/v2\/posts"}],"about":[{"href":"https:\/\/ap-hotelsresorts.com\/pt-pt\/wp-json\/wp\/v2\/types\/post"}],"author":[{"embeddable":true,"href":"https:\/\/ap-hotelsresorts.com\/pt-pt\/wp-json\/wp\/v2\/users\/11"}],"replies":[{"embeddable":true,"href":"https:\/\/ap-hotelsresorts.com\/pt-pt\/wp-json\/wp\/v2\/comments?post=33296"}],"version-history":[{"count":0,"href":"https:\/\/ap-hotelsresorts.com\/pt-pt\/wp-json\/wp\/v2\/posts\/33296\/revisions"}],"wp:attachment":[{"href":"https:\/\/ap-hotelsresorts.com\/pt-pt\/wp-json\/wp\/v2\/media?parent=33296"}],"wp:term":[{"taxonomy":"category","embeddable":true,"href":"https:\/\/ap-hotelsresorts.com\/pt-pt\/wp-json\/wp\/v2\/categories?post=33296"},{"taxonomy":"post_tag","embeddable":true,"href":"https:\/\/ap-hotelsresorts.com\/pt-pt\/wp-json\/wp\/v2\/tags?post=33296"}],"curies":[{"name":"wp","href":"https:\/\/api.w.org\/{rel}","templated":true}]}}