{"id":33512,"date":"2022-07-18T13:22:23","date_gmt":"2022-07-18T13:22:23","guid":{"rendered":"https:\/\/ap-hotelsresorts.com\/cafe-filosofico-culture\/"},"modified":"2022-07-18T13:24:00","modified_gmt":"2022-07-18T13:24:00","slug":"cafe-filosofico-cultura","status":"publish","type":"post","link":"https:\/\/ap-hotelsresorts.com\/pt-pt\/cafe-filosofico-cultura\/","title":{"rendered":"AP Maria Nova promove conversas sobre os temas mais importantes da nossa sociedade"},"content":{"rendered":"<p>AP Maria Nova Lounge recebe na terceira quinta-feira de cada m\u00eas, \u00e0s 18h30, o Caf\u00e9 Filos\u00f3fico com a Doutora Maria Jo\u00e3o Neves, uma conversa sobre cultura e a import\u00e2ncia da mesma nos dias de hoje.<br \/>\nO pr\u00f3ximo Caf\u00e9 Filos\u00f3fico acontece no dia 21 de julho e tem como o tema o Empoderamento Radical e a Anna Pixner, a skater mais r\u00e1pida da \u00c1ustria e n\u00famero 10 no ranking mundial.<br \/>\nResidente na Ericeira j\u00e1 h\u00e1 dois anos, depois de uma visita que seria apenas de um m\u00eas, a cidade tornou-se a sua casa. Anna mant\u00e9m a sua paix\u00e3o no skate, mas dedica-se a v\u00e1rios temas importantes na sociedade como as diferen\u00e7as culturais que experienciamos nos dias de hoje.<br \/>\nInserida no mundo do skate desde os 15 anos, tem testemunhado, ao longo do seu percurso, as diferen\u00e7as t\u00e3o presentes entre os homens e as mulheres neste desporto. No Caf\u00e9 Filos\u00f3fico deste m\u00eas veremos o que faz Anna Pixner para contrariar esta situa\u00e7\u00e3o.<br \/>\nA hist\u00f3ria de Anna Pixner \u00e9 uma hist\u00f3ria de empoderamento e \u00e9 sobre isso que se ir\u00e1 discutir no AP Maria Nova Lounge.<br \/>\nA Doutora Maria Jo\u00e3o Neves, que modera esta conversa filos\u00f3fica \u00e9 doutorada em Filosofia Contempor\u00e2nea, t\u00eam v\u00e1rios livros e artigos cient\u00edficos publicados e em 2006 come\u00e7ou o seu consult\u00f3rio filos\u00f3fico. Desde da\u00ed que organiza v\u00e1rios \u201cCaf\u00e9s Filos\u00f3ficos&#8221; em diversas cidades do Algarve.<br \/>\nPara se inscrever: filosofiamjn@gmail.com<\/p>\n","protected":false},"excerpt":{"rendered":"<p>AP Maria Nova Lounge recebe na terceira quinta-feira de cada m\u00eas, \u00e0s 18h30, o Caf\u00e9 Filos\u00f3fico com a Doutora Maria Jo\u00e3o Neves, uma conversa sobre cultura e a import\u00e2ncia da mesma nos dias de hoje. O pr\u00f3ximo Caf\u00e9 Filos\u00f3fico acontece [&hellip;]<\/p>\n","protected":false},"author":11,"featured_media":33508,"comment_status":"closed","ping_status":"closed","sticky":false,"template":"","format":"standard","meta":[],"categories":[392],"tags":[],"yoast_head":"<!-- This site is optimized with the Yoast SEO plugin v18.1 - https:\/\/yoast.com\/wordpress\/plugins\/seo\/ -->\n<title>AP Maria Nova promove conversas sobre os temas mais importantes da nossa sociedade - AP HOTELS &amp; RESORTS .<\/title>\n<meta name=\"description\" content=\"AP Maria Nova Lounge recebe na terceira quinta-feira de cada m\u00eas, \u00e0s 18h30, o Caf\u00e9 Filos\u00f3fico com a Doutora Maria Jo\u00e3o Neves, uma conversa sobre cultura e a import\u00e2ncia da mesma nos dias de hoje.O pr\u00f3ximo Caf\u00e9 Filos\u00f3fico acontece no dia 21 de julho e tem como o tema o Empoderamento Radical e a Anna Pixner, a skater mais r\u00e1pida da \u00c1ustria e n\u00famero 10 no ranking mundial.Residente na Ericeira j\u00e1 h\u00e1 dois anos, depois de uma visita que seria apenas de um m\u00eas, a cidade tornou-se a sua casa. Anna mant\u00e9m a sua paix\u00e3o no skate, mas dedica-se a v\u00e1rios temas importantes na sociedade como as diferen\u00e7as culturais que experienciamos nos dias de hoje.Inserida no mundo do skate desde os 15 anos, tem testemunhado, ao longo do seu percurso, as diferen\u00e7as t\u00e3o presentes entre os homens e as mulheres neste desporto. No Caf\u00e9 Filos\u00f3fico deste m\u00eas veremos o que faz Anna Pixner para contrariar esta situa\u00e7\u00e3o.A hist\u00f3ria de Anna Pixner \u00e9 uma hist\u00f3ria de empoderamento e \u00e9 sobre isso que se ir\u00e1 discutir no AP Maria Nova Lounge.A Doutora Maria Jo\u00e3o Neves, que modera esta conversa filos\u00f3fica \u00e9 doutorada em Filosofia Contempor\u00e2nea, t\u00eam v\u00e1rios livros e artigos cient\u00edficos publicados e em 2006 come\u00e7ou o seu consult\u00f3rio filos\u00f3fico. Desde da\u00ed que organiza v\u00e1rios \u201cCaf\u00e9s Filos\u00f3ficos&quot; em diversas cidades do Algarve.Para se inscrever: filosofiamjn@gmail.com\" \/>\n<meta name=\"robots\" content=\"index, follow, max-snippet:-1, max-image-preview:large, max-video-preview:-1\" \/>\n<link rel=\"canonical\" href=\"https:\/\/ap-hotelsresorts.com\/pt-pt\/cafe-filosofico-cultura\/\" \/>\n<meta property=\"og:locale\" content=\"pt_PT\" \/>\n<meta property=\"og:type\" content=\"article\" \/>\n<meta property=\"og:title\" content=\"AP Maria Nova promove conversas sobre os temas mais importantes da nossa sociedade - AP HOTELS &amp; RESORTS .\" \/>\n<meta property=\"og:description\" content=\"AP Maria Nova Lounge recebe na terceira quinta-feira de cada m\u00eas, \u00e0s 18h30, o Caf\u00e9 Filos\u00f3fico com a Doutora Maria Jo\u00e3o Neves, uma conversa sobre cultura e a import\u00e2ncia da mesma nos dias de hoje.O pr\u00f3ximo Caf\u00e9 Filos\u00f3fico acontece no dia 21 de julho e tem como o tema o Empoderamento Radical e a Anna Pixner, a skater mais r\u00e1pida da \u00c1ustria e n\u00famero 10 no ranking mundial.Residente na Ericeira j\u00e1 h\u00e1 dois anos, depois de uma visita que seria apenas de um m\u00eas, a cidade tornou-se a sua casa. Anna mant\u00e9m a sua paix\u00e3o no skate, mas dedica-se a v\u00e1rios temas importantes na sociedade como as diferen\u00e7as culturais que experienciamos nos dias de hoje.Inserida no mundo do skate desde os 15 anos, tem testemunhado, ao longo do seu percurso, as diferen\u00e7as t\u00e3o presentes entre os homens e as mulheres neste desporto. No Caf\u00e9 Filos\u00f3fico deste m\u00eas veremos o que faz Anna Pixner para contrariar esta situa\u00e7\u00e3o.A hist\u00f3ria de Anna Pixner \u00e9 uma hist\u00f3ria de empoderamento e \u00e9 sobre isso que se ir\u00e1 discutir no AP Maria Nova Lounge.A Doutora Maria Jo\u00e3o Neves, que modera esta conversa filos\u00f3fica \u00e9 doutorada em Filosofia Contempor\u00e2nea, t\u00eam v\u00e1rios livros e artigos cient\u00edficos publicados e em 2006 come\u00e7ou o seu consult\u00f3rio filos\u00f3fico. Desde da\u00ed que organiza v\u00e1rios \u201cCaf\u00e9s Filos\u00f3ficos&quot; em diversas cidades do Algarve.Para se inscrever: filosofiamjn@gmail.com\" \/>\n<meta property=\"og:url\" content=\"https:\/\/ap-hotelsresorts.com\/pt-pt\/cafe-filosofico-cultura\/\" \/>\n<meta property=\"og:site_name\" content=\"AP HOTELS &amp; RESORTS .\" \/>\n<meta property=\"article:publisher\" content=\"https:\/\/www.facebook.com\/aphotelsresorts\" \/>\n<meta property=\"article:published_time\" content=\"2022-07-18T13:22:23+00:00\" \/>\n<meta property=\"article:modified_time\" content=\"2022-07-18T13:24:00+00:00\" \/>\n<meta property=\"og:image\" content=\"https:\/\/ap-hotelsresorts.com\/wp-content\/uploads\/2022\/07\/web-cafe-filosofico.jpg\" \/>\n\t<meta property=\"og:image:width\" content=\"2000\" \/>\n\t<meta property=\"og:image:height\" content=\"979\" \/>\n\t<meta property=\"og:image:type\" content=\"image\/jpeg\" \/>\n<meta name=\"twitter:card\" content=\"summary_large_image\" \/>\n<meta name=\"twitter:creator\" content=\"@ApHotels\" \/>\n<meta name=\"twitter:site\" content=\"@ApHotels\" \/>\n<meta name=\"twitter:label1\" content=\"Escrito por\" \/>\n\t<meta name=\"twitter:data1\" content=\"marketing ap\" \/>\n\t<meta name=\"twitter:label2\" content=\"Tempo estimado de leitura\" \/>\n\t<meta name=\"twitter:data2\" content=\"2 minutos\" \/>\n<script type=\"application\/ld+json\" class=\"yoast-schema-graph\">{\"@context\":\"https:\/\/schema.org\",\"@graph\":[{\"@type\":\"Organization\",\"@id\":\"https:\/\/ap-hotelsresorts.com\/#organization\",\"name\":\"AP HOTELS & RESORTS\",\"url\":\"https:\/\/ap-hotelsresorts.com\/\",\"sameAs\":[\"https:\/\/www.facebook.com\/aphotelsresorts\",\"https:\/\/www.instagram.com\/aphotelsresorts\/\",\"https:\/\/www.linkedin.com\/company\/ap-hotels-and-resorts\",\"https:\/\/www.youtube.com\/channel\/UCSmwGBz36kx2XALzeVAlKEg\",\"https:\/\/twitter.com\/ApHotels\"],\"logo\":{\"@type\":\"ImageObject\",\"@id\":\"https:\/\/ap-hotelsresorts.com\/#logo\",\"inLanguage\":\"pt-PT\",\"url\":\"https:\/\/ap-hotelsresorts.com\/wp-content\/uploads\/2021\/03\/logo-1.png\",\"contentUrl\":\"https:\/\/ap-hotelsresorts.com\/wp-content\/uploads\/2021\/03\/logo-1.png\",\"width\":\"3915\",\"height\":\"1388\",\"caption\":\"AP HOTELS & RESORTS\"},\"image\":{\"@id\":\"https:\/\/ap-hotelsresorts.com\/#logo\"}},{\"@type\":\"WebSite\",\"@id\":\"https:\/\/ap-hotelsresorts.com\/#website\",\"url\":\"https:\/\/ap-hotelsresorts.com\/\",\"name\":\"AP HOTELS &amp; RESORTS .\",\"description\":\"Albufeira . Faro . Portim\u00e3o . Tavira . Algarve\",\"publisher\":{\"@id\":\"https:\/\/ap-hotelsresorts.com\/#organization\"},\"potentialAction\":[{\"@type\":\"SearchAction\",\"target\":{\"@type\":\"EntryPoint\",\"urlTemplate\":\"https:\/\/ap-hotelsresorts.com\/?s={search_term_string}\"},\"query-input\":\"required name=search_term_string\"}],\"inLanguage\":\"pt-PT\"},{\"@type\":\"ImageObject\",\"@id\":\"https:\/\/ap-hotelsresorts.com\/pt-pt\/cafe-filosofico-cultura\/#primaryimage\",\"inLanguage\":\"pt-PT\",\"url\":\"https:\/\/ap-hotelsresorts.com\/wp-content\/uploads\/2022\/07\/web-cafe-filosofico.jpg\",\"contentUrl\":\"https:\/\/ap-hotelsresorts.com\/wp-content\/uploads\/2022\/07\/web-cafe-filosofico.jpg\",\"width\":2000,\"height\":979,\"caption\":\"Caf\u00e9 Filos\u00f3fico\"},{\"@type\":\"WebPage\",\"@id\":\"https:\/\/ap-hotelsresorts.com\/pt-pt\/cafe-filosofico-cultura\/#webpage\",\"url\":\"https:\/\/ap-hotelsresorts.com\/pt-pt\/cafe-filosofico-cultura\/\",\"name\":\"AP Maria Nova promove conversas sobre os temas mais importantes da nossa sociedade - AP HOTELS &amp; RESORTS .\",\"isPartOf\":{\"@id\":\"https:\/\/ap-hotelsresorts.com\/#website\"},\"primaryImageOfPage\":{\"@id\":\"https:\/\/ap-hotelsresorts.com\/pt-pt\/cafe-filosofico-cultura\/#primaryimage\"},\"datePublished\":\"2022-07-18T13:22:23+00:00\",\"dateModified\":\"2022-07-18T13:24:00+00:00\",\"description\":\"AP Maria Nova Lounge recebe na terceira quinta-feira de cada m\u00eas, \u00e0s 18h30, o Caf\u00e9 Filos\u00f3fico com a Doutora Maria Jo\u00e3o Neves, uma conversa sobre cultura e a import\u00e2ncia da mesma nos dias de hoje.O pr\u00f3ximo Caf\u00e9 Filos\u00f3fico acontece no dia 21 de julho e tem como o tema o Empoderamento Radical e a Anna Pixner, a skater mais r\u00e1pida da \u00c1ustria e n\u00famero 10 no ranking mundial.Residente na Ericeira j\u00e1 h\u00e1 dois anos, depois de uma visita que seria apenas de um m\u00eas, a cidade tornou-se a sua casa. Anna mant\u00e9m a sua paix\u00e3o no skate, mas dedica-se a v\u00e1rios temas importantes na sociedade como as diferen\u00e7as culturais que experienciamos nos dias de hoje.Inserida no mundo do skate desde os 15 anos, tem testemunhado, ao longo do seu percurso, as diferen\u00e7as t\u00e3o presentes entre os homens e as mulheres neste desporto. No Caf\u00e9 Filos\u00f3fico deste m\u00eas veremos o que faz Anna Pixner para contrariar esta situa\u00e7\u00e3o.A hist\u00f3ria de Anna Pixner \u00e9 uma hist\u00f3ria de empoderamento e \u00e9 sobre isso que se ir\u00e1 discutir no AP Maria Nova Lounge.A Doutora Maria Jo\u00e3o Neves, que modera esta conversa filos\u00f3fica \u00e9 doutorada em Filosofia Contempor\u00e2nea, t\u00eam v\u00e1rios livros e artigos cient\u00edficos publicados e em 2006 come\u00e7ou o seu consult\u00f3rio filos\u00f3fico. Desde da\u00ed que organiza v\u00e1rios \u201cCaf\u00e9s Filos\u00f3ficos\\\" em diversas cidades do Algarve.Para se inscrever: filosofiamjn@gmail.com\",\"breadcrumb\":{\"@id\":\"https:\/\/ap-hotelsresorts.com\/pt-pt\/cafe-filosofico-cultura\/#breadcrumb\"},\"inLanguage\":\"pt-PT\",\"potentialAction\":[{\"@type\":\"ReadAction\",\"target\":[\"https:\/\/ap-hotelsresorts.com\/pt-pt\/cafe-filosofico-cultura\/\"]}]},{\"@type\":\"BreadcrumbList\",\"@id\":\"https:\/\/ap-hotelsresorts.com\/pt-pt\/cafe-filosofico-cultura\/#breadcrumb\",\"itemListElement\":[{\"@type\":\"ListItem\",\"position\":1,\"name\":\"Home\",\"item\":\"https:\/\/ap-hotelsresorts.com\/pt-pt\/\"},{\"@type\":\"ListItem\",\"position\":2,\"name\":\"AP Maria Nova promove conversas sobre os temas mais importantes da nossa sociedade\"}]},{\"@type\":\"Article\",\"@id\":\"https:\/\/ap-hotelsresorts.com\/pt-pt\/cafe-filosofico-cultura\/#article\",\"isPartOf\":{\"@id\":\"https:\/\/ap-hotelsresorts.com\/pt-pt\/cafe-filosofico-cultura\/#webpage\"},\"author\":{\"@id\":\"https:\/\/ap-hotelsresorts.com\/#\/schema\/person\/39ea63a33316ff09e0a075ae0a4bed49\"},\"headline\":\"AP Maria Nova promove conversas sobre os temas mais importantes da nossa sociedade\",\"datePublished\":\"2022-07-18T13:22:23+00:00\",\"dateModified\":\"2022-07-18T13:24:00+00:00\",\"mainEntityOfPage\":{\"@id\":\"https:\/\/ap-hotelsresorts.com\/pt-pt\/cafe-filosofico-cultura\/#webpage\"},\"wordCount\":269,\"publisher\":{\"@id\":\"https:\/\/ap-hotelsresorts.com\/#organization\"},\"image\":{\"@id\":\"https:\/\/ap-hotelsresorts.com\/pt-pt\/cafe-filosofico-cultura\/#primaryimage\"},\"thumbnailUrl\":\"https:\/\/ap-hotelsresorts.com\/wp-content\/uploads\/2022\/07\/web-cafe-filosofico.jpg\",\"articleSection\":[\"Not\u00edcias\"],\"inLanguage\":\"pt-PT\"},{\"@type\":\"Person\",\"@id\":\"https:\/\/ap-hotelsresorts.com\/#\/schema\/person\/39ea63a33316ff09e0a075ae0a4bed49\",\"name\":\"marketing ap\",\"image\":{\"@type\":\"ImageObject\",\"@id\":\"https:\/\/ap-hotelsresorts.com\/#personlogo\",\"inLanguage\":\"pt-PT\",\"url\":\"https:\/\/secure.gravatar.com\/avatar\/80ea62fe6096f55fe36f17f2175dca2f?s=96&d=mm&r=g\",\"contentUrl\":\"https:\/\/secure.gravatar.com\/avatar\/80ea62fe6096f55fe36f17f2175dca2f?s=96&d=mm&r=g\",\"caption\":\"marketing ap\"}}]}<\/script>\n<!-- \/ Yoast SEO plugin. -->","yoast_head_json":{"title":"AP Maria Nova promove conversas sobre os temas mais importantes da nossa sociedade - AP HOTELS &amp; RESORTS .","description":"AP Maria Nova Lounge recebe na terceira quinta-feira de cada m\u00eas, \u00e0s 18h30, o Caf\u00e9 Filos\u00f3fico com a Doutora Maria Jo\u00e3o Neves, uma conversa sobre cultura e a import\u00e2ncia da mesma nos dias de hoje.O pr\u00f3ximo Caf\u00e9 Filos\u00f3fico acontece no dia 21 de julho e tem como o tema o Empoderamento Radical e a Anna Pixner, a skater mais r\u00e1pida da \u00c1ustria e n\u00famero 10 no ranking mundial.Residente na Ericeira j\u00e1 h\u00e1 dois anos, depois de uma visita que seria apenas de um m\u00eas, a cidade tornou-se a sua casa. Anna mant\u00e9m a sua paix\u00e3o no skate, mas dedica-se a v\u00e1rios temas importantes na sociedade como as diferen\u00e7as culturais que experienciamos nos dias de hoje.Inserida no mundo do skate desde os 15 anos, tem testemunhado, ao longo do seu percurso, as diferen\u00e7as t\u00e3o presentes entre os homens e as mulheres neste desporto. No Caf\u00e9 Filos\u00f3fico deste m\u00eas veremos o que faz Anna Pixner para contrariar esta situa\u00e7\u00e3o.A hist\u00f3ria de Anna Pixner \u00e9 uma hist\u00f3ria de empoderamento e \u00e9 sobre isso que se ir\u00e1 discutir no AP Maria Nova Lounge.A Doutora Maria Jo\u00e3o Neves, que modera esta conversa filos\u00f3fica \u00e9 doutorada em Filosofia Contempor\u00e2nea, t\u00eam v\u00e1rios livros e artigos cient\u00edficos publicados e em 2006 come\u00e7ou o seu consult\u00f3rio filos\u00f3fico. Desde da\u00ed que organiza v\u00e1rios \u201cCaf\u00e9s Filos\u00f3ficos\" em diversas cidades do Algarve.Para se inscrever: filosofiamjn@gmail.com","robots":{"index":"index","follow":"follow","max-snippet":"max-snippet:-1","max-image-preview":"max-image-preview:large","max-video-preview":"max-video-preview:-1"},"canonical":"https:\/\/ap-hotelsresorts.com\/pt-pt\/cafe-filosofico-cultura\/","og_locale":"pt_PT","og_type":"article","og_title":"AP Maria Nova promove conversas sobre os temas mais importantes da nossa sociedade - AP HOTELS &amp; RESORTS .","og_description":"AP Maria Nova Lounge recebe na terceira quinta-feira de cada m\u00eas, \u00e0s 18h30, o Caf\u00e9 Filos\u00f3fico com a Doutora Maria Jo\u00e3o Neves, uma conversa sobre cultura e a import\u00e2ncia da mesma nos dias de hoje.O pr\u00f3ximo Caf\u00e9 Filos\u00f3fico acontece no dia 21 de julho e tem como o tema o Empoderamento Radical e a Anna Pixner, a skater mais r\u00e1pida da \u00c1ustria e n\u00famero 10 no ranking mundial.Residente na Ericeira j\u00e1 h\u00e1 dois anos, depois de uma visita que seria apenas de um m\u00eas, a cidade tornou-se a sua casa. Anna mant\u00e9m a sua paix\u00e3o no skate, mas dedica-se a v\u00e1rios temas importantes na sociedade como as diferen\u00e7as culturais que experienciamos nos dias de hoje.Inserida no mundo do skate desde os 15 anos, tem testemunhado, ao longo do seu percurso, as diferen\u00e7as t\u00e3o presentes entre os homens e as mulheres neste desporto. No Caf\u00e9 Filos\u00f3fico deste m\u00eas veremos o que faz Anna Pixner para contrariar esta situa\u00e7\u00e3o.A hist\u00f3ria de Anna Pixner \u00e9 uma hist\u00f3ria de empoderamento e \u00e9 sobre isso que se ir\u00e1 discutir no AP Maria Nova Lounge.A Doutora Maria Jo\u00e3o Neves, que modera esta conversa filos\u00f3fica \u00e9 doutorada em Filosofia Contempor\u00e2nea, t\u00eam v\u00e1rios livros e artigos cient\u00edficos publicados e em 2006 come\u00e7ou o seu consult\u00f3rio filos\u00f3fico. Desde da\u00ed que organiza v\u00e1rios \u201cCaf\u00e9s Filos\u00f3ficos\" em diversas cidades do Algarve.Para se inscrever: filosofiamjn@gmail.com","og_url":"https:\/\/ap-hotelsresorts.com\/pt-pt\/cafe-filosofico-cultura\/","og_site_name":"AP HOTELS &amp; RESORTS .","article_publisher":"https:\/\/www.facebook.com\/aphotelsresorts","article_published_time":"2022-07-18T13:22:23+00:00","article_modified_time":"2022-07-18T13:24:00+00:00","og_image":[{"width":2000,"height":979,"url":"https:\/\/ap-hotelsresorts.com\/wp-content\/uploads\/2022\/07\/web-cafe-filosofico.jpg","type":"image\/jpeg"}],"twitter_card":"summary_large_image","twitter_creator":"@ApHotels","twitter_site":"@ApHotels","twitter_misc":{"Escrito por":"marketing ap","Tempo estimado de leitura":"2 minutos"},"schema":{"@context":"https:\/\/schema.org","@graph":[{"@type":"Organization","@id":"https:\/\/ap-hotelsresorts.com\/#organization","name":"AP HOTELS & RESORTS","url":"https:\/\/ap-hotelsresorts.com\/","sameAs":["https:\/\/www.facebook.com\/aphotelsresorts","https:\/\/www.instagram.com\/aphotelsresorts\/","https:\/\/www.linkedin.com\/company\/ap-hotels-and-resorts","https:\/\/www.youtube.com\/channel\/UCSmwGBz36kx2XALzeVAlKEg","https:\/\/twitter.com\/ApHotels"],"logo":{"@type":"ImageObject","@id":"https:\/\/ap-hotelsresorts.com\/#logo","inLanguage":"pt-PT","url":"https:\/\/ap-hotelsresorts.com\/wp-content\/uploads\/2021\/03\/logo-1.png","contentUrl":"https:\/\/ap-hotelsresorts.com\/wp-content\/uploads\/2021\/03\/logo-1.png","width":"3915","height":"1388","caption":"AP HOTELS & RESORTS"},"image":{"@id":"https:\/\/ap-hotelsresorts.com\/#logo"}},{"@type":"WebSite","@id":"https:\/\/ap-hotelsresorts.com\/#website","url":"https:\/\/ap-hotelsresorts.com\/","name":"AP HOTELS &amp; RESORTS .","description":"Albufeira . Faro . Portim\u00e3o . Tavira . Algarve","publisher":{"@id":"https:\/\/ap-hotelsresorts.com\/#organization"},"potentialAction":[{"@type":"SearchAction","target":{"@type":"EntryPoint","urlTemplate":"https:\/\/ap-hotelsresorts.com\/?s={search_term_string}"},"query-input":"required name=search_term_string"}],"inLanguage":"pt-PT"},{"@type":"ImageObject","@id":"https:\/\/ap-hotelsresorts.com\/pt-pt\/cafe-filosofico-cultura\/#primaryimage","inLanguage":"pt-PT","url":"https:\/\/ap-hotelsresorts.com\/wp-content\/uploads\/2022\/07\/web-cafe-filosofico.jpg","contentUrl":"https:\/\/ap-hotelsresorts.com\/wp-content\/uploads\/2022\/07\/web-cafe-filosofico.jpg","width":2000,"height":979,"caption":"Caf\u00e9 Filos\u00f3fico"},{"@type":"WebPage","@id":"https:\/\/ap-hotelsresorts.com\/pt-pt\/cafe-filosofico-cultura\/#webpage","url":"https:\/\/ap-hotelsresorts.com\/pt-pt\/cafe-filosofico-cultura\/","name":"AP Maria Nova promove conversas sobre os temas mais importantes da nossa sociedade - AP HOTELS &amp; RESORTS .","isPartOf":{"@id":"https:\/\/ap-hotelsresorts.com\/#website"},"primaryImageOfPage":{"@id":"https:\/\/ap-hotelsresorts.com\/pt-pt\/cafe-filosofico-cultura\/#primaryimage"},"datePublished":"2022-07-18T13:22:23+00:00","dateModified":"2022-07-18T13:24:00+00:00","description":"AP Maria Nova Lounge recebe na terceira quinta-feira de cada m\u00eas, \u00e0s 18h30, o Caf\u00e9 Filos\u00f3fico com a Doutora Maria Jo\u00e3o Neves, uma conversa sobre cultura e a import\u00e2ncia da mesma nos dias de hoje.O pr\u00f3ximo Caf\u00e9 Filos\u00f3fico acontece no dia 21 de julho e tem como o tema o Empoderamento Radical e a Anna Pixner, a skater mais r\u00e1pida da \u00c1ustria e n\u00famero 10 no ranking mundial.Residente na Ericeira j\u00e1 h\u00e1 dois anos, depois de uma visita que seria apenas de um m\u00eas, a cidade tornou-se a sua casa. Anna mant\u00e9m a sua paix\u00e3o no skate, mas dedica-se a v\u00e1rios temas importantes na sociedade como as diferen\u00e7as culturais que experienciamos nos dias de hoje.Inserida no mundo do skate desde os 15 anos, tem testemunhado, ao longo do seu percurso, as diferen\u00e7as t\u00e3o presentes entre os homens e as mulheres neste desporto. No Caf\u00e9 Filos\u00f3fico deste m\u00eas veremos o que faz Anna Pixner para contrariar esta situa\u00e7\u00e3o.A hist\u00f3ria de Anna Pixner \u00e9 uma hist\u00f3ria de empoderamento e \u00e9 sobre isso que se ir\u00e1 discutir no AP Maria Nova Lounge.A Doutora Maria Jo\u00e3o Neves, que modera esta conversa filos\u00f3fica \u00e9 doutorada em Filosofia Contempor\u00e2nea, t\u00eam v\u00e1rios livros e artigos cient\u00edficos publicados e em 2006 come\u00e7ou o seu consult\u00f3rio filos\u00f3fico. Desde da\u00ed que organiza v\u00e1rios \u201cCaf\u00e9s Filos\u00f3ficos\" em diversas cidades do Algarve.Para se inscrever: filosofiamjn@gmail.com","breadcrumb":{"@id":"https:\/\/ap-hotelsresorts.com\/pt-pt\/cafe-filosofico-cultura\/#breadcrumb"},"inLanguage":"pt-PT","potentialAction":[{"@type":"ReadAction","target":["https:\/\/ap-hotelsresorts.com\/pt-pt\/cafe-filosofico-cultura\/"]}]},{"@type":"BreadcrumbList","@id":"https:\/\/ap-hotelsresorts.com\/pt-pt\/cafe-filosofico-cultura\/#breadcrumb","itemListElement":[{"@type":"ListItem","position":1,"name":"Home","item":"https:\/\/ap-hotelsresorts.com\/pt-pt\/"},{"@type":"ListItem","position":2,"name":"AP Maria Nova promove conversas sobre os temas mais importantes da nossa sociedade"}]},{"@type":"Article","@id":"https:\/\/ap-hotelsresorts.com\/pt-pt\/cafe-filosofico-cultura\/#article","isPartOf":{"@id":"https:\/\/ap-hotelsresorts.com\/pt-pt\/cafe-filosofico-cultura\/#webpage"},"author":{"@id":"https:\/\/ap-hotelsresorts.com\/#\/schema\/person\/39ea63a33316ff09e0a075ae0a4bed49"},"headline":"AP Maria Nova promove conversas sobre os temas mais importantes da nossa sociedade","datePublished":"2022-07-18T13:22:23+00:00","dateModified":"2022-07-18T13:24:00+00:00","mainEntityOfPage":{"@id":"https:\/\/ap-hotelsresorts.com\/pt-pt\/cafe-filosofico-cultura\/#webpage"},"wordCount":269,"publisher":{"@id":"https:\/\/ap-hotelsresorts.com\/#organization"},"image":{"@id":"https:\/\/ap-hotelsresorts.com\/pt-pt\/cafe-filosofico-cultura\/#primaryimage"},"thumbnailUrl":"https:\/\/ap-hotelsresorts.com\/wp-content\/uploads\/2022\/07\/web-cafe-filosofico.jpg","articleSection":["Not\u00edcias"],"inLanguage":"pt-PT"},{"@type":"Person","@id":"https:\/\/ap-hotelsresorts.com\/#\/schema\/person\/39ea63a33316ff09e0a075ae0a4bed49","name":"marketing ap","image":{"@type":"ImageObject","@id":"https:\/\/ap-hotelsresorts.com\/#personlogo","inLanguage":"pt-PT","url":"https:\/\/secure.gravatar.com\/avatar\/80ea62fe6096f55fe36f17f2175dca2f?s=96&d=mm&r=g","contentUrl":"https:\/\/secure.gravatar.com\/avatar\/80ea62fe6096f55fe36f17f2175dca2f?s=96&d=mm&r=g","caption":"marketing ap"}}]}},"_links":{"self":[{"href":"https:\/\/ap-hotelsresorts.com\/pt-pt\/wp-json\/wp\/v2\/posts\/33512"}],"collection":[{"href":"https:\/\/ap-hotelsresorts.com\/pt-pt\/wp-json\/wp\/v2\/posts"}],"about":[{"href":"https:\/\/ap-hotelsresorts.com\/pt-pt\/wp-json\/wp\/v2\/types\/post"}],"author":[{"embeddable":true,"href":"https:\/\/ap-hotelsresorts.com\/pt-pt\/wp-json\/wp\/v2\/users\/11"}],"replies":[{"embeddable":true,"href":"https:\/\/ap-hotelsresorts.com\/pt-pt\/wp-json\/wp\/v2\/comments?post=33512"}],"version-history":[{"count":0,"href":"https:\/\/ap-hotelsresorts.com\/pt-pt\/wp-json\/wp\/v2\/posts\/33512\/revisions"}],"wp:featuredmedia":[{"embeddable":true,"href":"https:\/\/ap-hotelsresorts.com\/pt-pt\/wp-json\/wp\/v2\/media\/33508"}],"wp:attachment":[{"href":"https:\/\/ap-hotelsresorts.com\/pt-pt\/wp-json\/wp\/v2\/media?parent=33512"}],"wp:term":[{"taxonomy":"category","embeddable":true,"href":"https:\/\/ap-hotelsresorts.com\/pt-pt\/wp-json\/wp\/v2\/categories?post=33512"},{"taxonomy":"post_tag","embeddable":true,"href":"https:\/\/ap-hotelsresorts.com\/pt-pt\/wp-json\/wp\/v2\/tags?post=33512"}],"curies":[{"name":"wp","href":"https:\/\/api.w.org\/{rel}","templated":true}]}}