{"id":33616,"date":"2022-07-22T15:26:18","date_gmt":"2022-07-22T15:26:18","guid":{"rendered":"https:\/\/ap-hotelsresorts.com\/motorbike-rally-faro\/"},"modified":"2022-07-22T15:27:42","modified_gmt":"2022-07-22T15:27:42","slug":"motorbike-rally-faro","status":"publish","type":"post","link":"https:\/\/ap-hotelsresorts.com\/pt-pt\/motorbike-rally-faro\/","title":{"rendered":"AP EVA SENSES SA\u00daDA ORGANIZA\u00c7\u00c3O DA 40\u00aa CONCENTRA\u00c7\u00c3O MOTARD DE FARO"},"content":{"rendered":"<p>A 40\u00aa Concentra\u00e7\u00e3o Motard de Faro, organizada pelo Moto Clube da cidade, constituiu mais um sucesso, com mais de 25 mil participantes, atingindo a lota\u00e7\u00e3o m\u00e1xima.<br \/>\nDepois de dois anos de aus\u00eancia, devido \u00e0 pandemia de Covid 19, os motards regressaram em for\u00e7a a Faro, para mais uma festa de 4 dias, naquela que \u00e9 a \u00fanica \u201cConcentra\u00e7\u00e3o Internacional de Motos\u201d realizada em Portugal, com estatuto oficial desde 1991.<br \/>\nO AP Eva Senses foi, como sempre, um local privilegiado para assistir ao desfile final, na despedida dos motars \u00e0 cidade de Faro.<br \/>\nAos motards que escolheram o AP Eva Senses para se instalarem foi oferecido o pin da EN2, como forma de divulga\u00e7\u00e3o da liga\u00e7\u00e3o do hotel \u00e0 estrada mais famosa de Portugal.<br \/>\nA Organiza\u00e7\u00e3o da 40\u00aa Concentra\u00e7\u00e3o Motard de Faro est\u00e1 de parab\u00e9ns!<\/p>\n","protected":false},"excerpt":{"rendered":"<p>A 40\u00aa Concentra\u00e7\u00e3o Motard de Faro, organizada pelo Moto Clube da cidade, constituiu mais um sucesso, com mais de 25 mil participantes, atingindo a lota\u00e7\u00e3o m\u00e1xima. Depois de dois anos de aus\u00eancia, devido \u00e0 pandemia de Covid 19, os motards [&hellip;]<\/p>\n","protected":false},"author":11,"featured_media":33613,"comment_status":"closed","ping_status":"closed","sticky":false,"template":"","format":"standard","meta":[],"categories":[392],"tags":[],"yoast_head":"<!-- This site is optimized with the Yoast SEO plugin v18.1 - https:\/\/yoast.com\/wordpress\/plugins\/seo\/ -->\n<title>AP EVA SENSES SA\u00daDA ORGANIZA\u00c7\u00c3O DA 40\u00aa CONCENTRA\u00c7\u00c3O MOTARD DE FARO - AP HOTELS &amp; RESORTS .<\/title>\n<meta name=\"description\" content=\"A 40\u00aa Concentra\u00e7\u00e3o Motard de Faro, organizada pelo Moto Clube da cidade, constituiu mais um sucesso, com mais de 25 mil participantes, atingindo a lota\u00e7\u00e3o m\u00e1xima.Depois de dois anos de aus\u00eancia, devido \u00e0 pandemia de Covid 19, os motards regressaram em for\u00e7a a Faro, para mais uma festa de 4 dias, naquela que \u00e9 a \u00fanica \u201cConcentra\u00e7\u00e3o Internacional de Motos\u201d realizada em Portugal, com estatuto oficial desde 1991.O AP Eva Senses foi, como sempre, um local privilegiado para assistir ao desfile final, na despedida dos motars \u00e0 cidade de Faro.Aos motards que escolheram o AP Eva Senses para se instalarem foi oferecido o pin da EN2, como forma de divulga\u00e7\u00e3o da liga\u00e7\u00e3o do hotel \u00e0 estrada mais famosa de Portugal.A Organiza\u00e7\u00e3o da 40\u00aa Concentra\u00e7\u00e3o Motard de Faro est\u00e1 de parab\u00e9ns!\" \/>\n<meta name=\"robots\" content=\"index, follow, max-snippet:-1, max-image-preview:large, max-video-preview:-1\" \/>\n<link rel=\"canonical\" href=\"https:\/\/ap-hotelsresorts.com\/pt-pt\/motorbike-rally-faro\/\" \/>\n<meta property=\"og:locale\" content=\"pt_PT\" \/>\n<meta property=\"og:type\" content=\"article\" \/>\n<meta property=\"og:title\" content=\"AP EVA SENSES SA\u00daDA ORGANIZA\u00c7\u00c3O DA 40\u00aa CONCENTRA\u00c7\u00c3O MOTARD DE FARO - AP HOTELS &amp; RESORTS .\" \/>\n<meta property=\"og:description\" content=\"A 40\u00aa Concentra\u00e7\u00e3o Motard de Faro, organizada pelo Moto Clube da cidade, constituiu mais um sucesso, com mais de 25 mil participantes, atingindo a lota\u00e7\u00e3o m\u00e1xima.Depois de dois anos de aus\u00eancia, devido \u00e0 pandemia de Covid 19, os motards regressaram em for\u00e7a a Faro, para mais uma festa de 4 dias, naquela que \u00e9 a \u00fanica \u201cConcentra\u00e7\u00e3o Internacional de Motos\u201d realizada em Portugal, com estatuto oficial desde 1991.O AP Eva Senses foi, como sempre, um local privilegiado para assistir ao desfile final, na despedida dos motars \u00e0 cidade de Faro.Aos motards que escolheram o AP Eva Senses para se instalarem foi oferecido o pin da EN2, como forma de divulga\u00e7\u00e3o da liga\u00e7\u00e3o do hotel \u00e0 estrada mais famosa de Portugal.A Organiza\u00e7\u00e3o da 40\u00aa Concentra\u00e7\u00e3o Motard de Faro est\u00e1 de parab\u00e9ns!\" \/>\n<meta property=\"og:url\" content=\"https:\/\/ap-hotelsresorts.com\/pt-pt\/motorbike-rally-faro\/\" \/>\n<meta property=\"og:site_name\" content=\"AP HOTELS &amp; RESORTS .\" \/>\n<meta property=\"article:publisher\" content=\"https:\/\/www.facebook.com\/aphotelsresorts\" \/>\n<meta property=\"article:published_time\" content=\"2022-07-22T15:26:18+00:00\" \/>\n<meta property=\"article:modified_time\" content=\"2022-07-22T15:27:42+00:00\" \/>\n<meta property=\"og:image\" content=\"https:\/\/ap-hotelsresorts.com\/wp-content\/uploads\/2022\/07\/motards-web.jpg\" \/>\n\t<meta property=\"og:image:width\" content=\"1530\" \/>\n\t<meta property=\"og:image:height\" content=\"1210\" \/>\n\t<meta property=\"og:image:type\" content=\"image\/jpeg\" \/>\n<meta name=\"twitter:card\" content=\"summary_large_image\" \/>\n<meta name=\"twitter:creator\" content=\"@ApHotels\" \/>\n<meta name=\"twitter:site\" content=\"@ApHotels\" \/>\n<meta name=\"twitter:label1\" content=\"Escrito por\" \/>\n\t<meta name=\"twitter:data1\" content=\"marketing ap\" \/>\n\t<meta name=\"twitter:label2\" content=\"Tempo estimado de leitura\" \/>\n\t<meta name=\"twitter:data2\" content=\"1 minuto\" \/>\n<script type=\"application\/ld+json\" class=\"yoast-schema-graph\">{\"@context\":\"https:\/\/schema.org\",\"@graph\":[{\"@type\":\"Organization\",\"@id\":\"https:\/\/ap-hotelsresorts.com\/#organization\",\"name\":\"AP HOTELS & RESORTS\",\"url\":\"https:\/\/ap-hotelsresorts.com\/\",\"sameAs\":[\"https:\/\/www.facebook.com\/aphotelsresorts\",\"https:\/\/www.instagram.com\/aphotelsresorts\/\",\"https:\/\/www.linkedin.com\/company\/ap-hotels-and-resorts\",\"https:\/\/www.youtube.com\/channel\/UCSmwGBz36kx2XALzeVAlKEg\",\"https:\/\/twitter.com\/ApHotels\"],\"logo\":{\"@type\":\"ImageObject\",\"@id\":\"https:\/\/ap-hotelsresorts.com\/#logo\",\"inLanguage\":\"pt-PT\",\"url\":\"https:\/\/ap-hotelsresorts.com\/wp-content\/uploads\/2021\/03\/logo-1.png\",\"contentUrl\":\"https:\/\/ap-hotelsresorts.com\/wp-content\/uploads\/2021\/03\/logo-1.png\",\"width\":\"3915\",\"height\":\"1388\",\"caption\":\"AP HOTELS & RESORTS\"},\"image\":{\"@id\":\"https:\/\/ap-hotelsresorts.com\/#logo\"}},{\"@type\":\"WebSite\",\"@id\":\"https:\/\/ap-hotelsresorts.com\/#website\",\"url\":\"https:\/\/ap-hotelsresorts.com\/\",\"name\":\"AP HOTELS &amp; RESORTS .\",\"description\":\"Albufeira . Faro . Portim\u00e3o . Tavira . Algarve\",\"publisher\":{\"@id\":\"https:\/\/ap-hotelsresorts.com\/#organization\"},\"potentialAction\":[{\"@type\":\"SearchAction\",\"target\":{\"@type\":\"EntryPoint\",\"urlTemplate\":\"https:\/\/ap-hotelsresorts.com\/?s={search_term_string}\"},\"query-input\":\"required name=search_term_string\"}],\"inLanguage\":\"pt-PT\"},{\"@type\":\"ImageObject\",\"@id\":\"https:\/\/ap-hotelsresorts.com\/pt-pt\/motorbike-rally-faro\/#primaryimage\",\"inLanguage\":\"pt-PT\",\"url\":\"https:\/\/ap-hotelsresorts.com\/wp-content\/uploads\/2022\/07\/motards-web.jpg\",\"contentUrl\":\"https:\/\/ap-hotelsresorts.com\/wp-content\/uploads\/2022\/07\/motards-web.jpg\",\"width\":1530,\"height\":1210,\"caption\":\"Motards AP Eva Senses\"},{\"@type\":\"WebPage\",\"@id\":\"https:\/\/ap-hotelsresorts.com\/pt-pt\/motorbike-rally-faro\/#webpage\",\"url\":\"https:\/\/ap-hotelsresorts.com\/pt-pt\/motorbike-rally-faro\/\",\"name\":\"AP EVA SENSES SA\u00daDA ORGANIZA\u00c7\u00c3O DA 40\u00aa CONCENTRA\u00c7\u00c3O MOTARD DE FARO - AP HOTELS &amp; RESORTS .\",\"isPartOf\":{\"@id\":\"https:\/\/ap-hotelsresorts.com\/#website\"},\"primaryImageOfPage\":{\"@id\":\"https:\/\/ap-hotelsresorts.com\/pt-pt\/motorbike-rally-faro\/#primaryimage\"},\"datePublished\":\"2022-07-22T15:26:18+00:00\",\"dateModified\":\"2022-07-22T15:27:42+00:00\",\"description\":\"A 40\u00aa Concentra\u00e7\u00e3o Motard de Faro, organizada pelo Moto Clube da cidade, constituiu mais um sucesso, com mais de 25 mil participantes, atingindo a lota\u00e7\u00e3o m\u00e1xima.Depois de dois anos de aus\u00eancia, devido \u00e0 pandemia de Covid 19, os motards regressaram em for\u00e7a a Faro, para mais uma festa de 4 dias, naquela que \u00e9 a \u00fanica \u201cConcentra\u00e7\u00e3o Internacional de Motos\u201d realizada em Portugal, com estatuto oficial desde 1991.O AP Eva Senses foi, como sempre, um local privilegiado para assistir ao desfile final, na despedida dos motars \u00e0 cidade de Faro.Aos motards que escolheram o AP Eva Senses para se instalarem foi oferecido o pin da EN2, como forma de divulga\u00e7\u00e3o da liga\u00e7\u00e3o do hotel \u00e0 estrada mais famosa de Portugal.A Organiza\u00e7\u00e3o da 40\u00aa Concentra\u00e7\u00e3o Motard de Faro est\u00e1 de parab\u00e9ns!\",\"breadcrumb\":{\"@id\":\"https:\/\/ap-hotelsresorts.com\/pt-pt\/motorbike-rally-faro\/#breadcrumb\"},\"inLanguage\":\"pt-PT\",\"potentialAction\":[{\"@type\":\"ReadAction\",\"target\":[\"https:\/\/ap-hotelsresorts.com\/pt-pt\/motorbike-rally-faro\/\"]}]},{\"@type\":\"BreadcrumbList\",\"@id\":\"https:\/\/ap-hotelsresorts.com\/pt-pt\/motorbike-rally-faro\/#breadcrumb\",\"itemListElement\":[{\"@type\":\"ListItem\",\"position\":1,\"name\":\"Home\",\"item\":\"https:\/\/ap-hotelsresorts.com\/pt-pt\/\"},{\"@type\":\"ListItem\",\"position\":2,\"name\":\"AP EVA SENSES SA\u00daDA ORGANIZA\u00c7\u00c3O DA 40\u00aa CONCENTRA\u00c7\u00c3O MOTARD DE FARO\"}]},{\"@type\":\"Article\",\"@id\":\"https:\/\/ap-hotelsresorts.com\/pt-pt\/motorbike-rally-faro\/#article\",\"isPartOf\":{\"@id\":\"https:\/\/ap-hotelsresorts.com\/pt-pt\/motorbike-rally-faro\/#webpage\"},\"author\":{\"@id\":\"https:\/\/ap-hotelsresorts.com\/#\/schema\/person\/39ea63a33316ff09e0a075ae0a4bed49\"},\"headline\":\"AP EVA SENSES SA\u00daDA ORGANIZA\u00c7\u00c3O DA 40\u00aa CONCENTRA\u00c7\u00c3O MOTARD DE FARO\",\"datePublished\":\"2022-07-22T15:26:18+00:00\",\"dateModified\":\"2022-07-22T15:27:42+00:00\",\"mainEntityOfPage\":{\"@id\":\"https:\/\/ap-hotelsresorts.com\/pt-pt\/motorbike-rally-faro\/#webpage\"},\"wordCount\":148,\"publisher\":{\"@id\":\"https:\/\/ap-hotelsresorts.com\/#organization\"},\"image\":{\"@id\":\"https:\/\/ap-hotelsresorts.com\/pt-pt\/motorbike-rally-faro\/#primaryimage\"},\"thumbnailUrl\":\"https:\/\/ap-hotelsresorts.com\/wp-content\/uploads\/2022\/07\/motards-web.jpg\",\"articleSection\":[\"Not\u00edcias\"],\"inLanguage\":\"pt-PT\"},{\"@type\":\"Person\",\"@id\":\"https:\/\/ap-hotelsresorts.com\/#\/schema\/person\/39ea63a33316ff09e0a075ae0a4bed49\",\"name\":\"marketing ap\",\"image\":{\"@type\":\"ImageObject\",\"@id\":\"https:\/\/ap-hotelsresorts.com\/#personlogo\",\"inLanguage\":\"pt-PT\",\"url\":\"https:\/\/secure.gravatar.com\/avatar\/80ea62fe6096f55fe36f17f2175dca2f?s=96&d=mm&r=g\",\"contentUrl\":\"https:\/\/secure.gravatar.com\/avatar\/80ea62fe6096f55fe36f17f2175dca2f?s=96&d=mm&r=g\",\"caption\":\"marketing ap\"}}]}<\/script>\n<!-- \/ Yoast SEO plugin. -->","yoast_head_json":{"title":"AP EVA SENSES SA\u00daDA ORGANIZA\u00c7\u00c3O DA 40\u00aa CONCENTRA\u00c7\u00c3O MOTARD DE FARO - AP HOTELS &amp; RESORTS .","description":"A 40\u00aa Concentra\u00e7\u00e3o Motard de Faro, organizada pelo Moto Clube da cidade, constituiu mais um sucesso, com mais de 25 mil participantes, atingindo a lota\u00e7\u00e3o m\u00e1xima.Depois de dois anos de aus\u00eancia, devido \u00e0 pandemia de Covid 19, os motards regressaram em for\u00e7a a Faro, para mais uma festa de 4 dias, naquela que \u00e9 a \u00fanica \u201cConcentra\u00e7\u00e3o Internacional de Motos\u201d realizada em Portugal, com estatuto oficial desde 1991.O AP Eva Senses foi, como sempre, um local privilegiado para assistir ao desfile final, na despedida dos motars \u00e0 cidade de Faro.Aos motards que escolheram o AP Eva Senses para se instalarem foi oferecido o pin da EN2, como forma de divulga\u00e7\u00e3o da liga\u00e7\u00e3o do hotel \u00e0 estrada mais famosa de Portugal.A Organiza\u00e7\u00e3o da 40\u00aa Concentra\u00e7\u00e3o Motard de Faro est\u00e1 de parab\u00e9ns!","robots":{"index":"index","follow":"follow","max-snippet":"max-snippet:-1","max-image-preview":"max-image-preview:large","max-video-preview":"max-video-preview:-1"},"canonical":"https:\/\/ap-hotelsresorts.com\/pt-pt\/motorbike-rally-faro\/","og_locale":"pt_PT","og_type":"article","og_title":"AP EVA SENSES SA\u00daDA ORGANIZA\u00c7\u00c3O DA 40\u00aa CONCENTRA\u00c7\u00c3O MOTARD DE FARO - AP HOTELS &amp; RESORTS .","og_description":"A 40\u00aa Concentra\u00e7\u00e3o Motard de Faro, organizada pelo Moto Clube da cidade, constituiu mais um sucesso, com mais de 25 mil participantes, atingindo a lota\u00e7\u00e3o m\u00e1xima.Depois de dois anos de aus\u00eancia, devido \u00e0 pandemia de Covid 19, os motards regressaram em for\u00e7a a Faro, para mais uma festa de 4 dias, naquela que \u00e9 a \u00fanica \u201cConcentra\u00e7\u00e3o Internacional de Motos\u201d realizada em Portugal, com estatuto oficial desde 1991.O AP Eva Senses foi, como sempre, um local privilegiado para assistir ao desfile final, na despedida dos motars \u00e0 cidade de Faro.Aos motards que escolheram o AP Eva Senses para se instalarem foi oferecido o pin da EN2, como forma de divulga\u00e7\u00e3o da liga\u00e7\u00e3o do hotel \u00e0 estrada mais famosa de Portugal.A Organiza\u00e7\u00e3o da 40\u00aa Concentra\u00e7\u00e3o Motard de Faro est\u00e1 de parab\u00e9ns!","og_url":"https:\/\/ap-hotelsresorts.com\/pt-pt\/motorbike-rally-faro\/","og_site_name":"AP HOTELS &amp; RESORTS .","article_publisher":"https:\/\/www.facebook.com\/aphotelsresorts","article_published_time":"2022-07-22T15:26:18+00:00","article_modified_time":"2022-07-22T15:27:42+00:00","og_image":[{"width":1530,"height":1210,"url":"https:\/\/ap-hotelsresorts.com\/wp-content\/uploads\/2022\/07\/motards-web.jpg","type":"image\/jpeg"}],"twitter_card":"summary_large_image","twitter_creator":"@ApHotels","twitter_site":"@ApHotels","twitter_misc":{"Escrito por":"marketing ap","Tempo estimado de leitura":"1 minuto"},"schema":{"@context":"https:\/\/schema.org","@graph":[{"@type":"Organization","@id":"https:\/\/ap-hotelsresorts.com\/#organization","name":"AP HOTELS & RESORTS","url":"https:\/\/ap-hotelsresorts.com\/","sameAs":["https:\/\/www.facebook.com\/aphotelsresorts","https:\/\/www.instagram.com\/aphotelsresorts\/","https:\/\/www.linkedin.com\/company\/ap-hotels-and-resorts","https:\/\/www.youtube.com\/channel\/UCSmwGBz36kx2XALzeVAlKEg","https:\/\/twitter.com\/ApHotels"],"logo":{"@type":"ImageObject","@id":"https:\/\/ap-hotelsresorts.com\/#logo","inLanguage":"pt-PT","url":"https:\/\/ap-hotelsresorts.com\/wp-content\/uploads\/2021\/03\/logo-1.png","contentUrl":"https:\/\/ap-hotelsresorts.com\/wp-content\/uploads\/2021\/03\/logo-1.png","width":"3915","height":"1388","caption":"AP HOTELS & RESORTS"},"image":{"@id":"https:\/\/ap-hotelsresorts.com\/#logo"}},{"@type":"WebSite","@id":"https:\/\/ap-hotelsresorts.com\/#website","url":"https:\/\/ap-hotelsresorts.com\/","name":"AP HOTELS &amp; RESORTS .","description":"Albufeira . Faro . Portim\u00e3o . Tavira . Algarve","publisher":{"@id":"https:\/\/ap-hotelsresorts.com\/#organization"},"potentialAction":[{"@type":"SearchAction","target":{"@type":"EntryPoint","urlTemplate":"https:\/\/ap-hotelsresorts.com\/?s={search_term_string}"},"query-input":"required name=search_term_string"}],"inLanguage":"pt-PT"},{"@type":"ImageObject","@id":"https:\/\/ap-hotelsresorts.com\/pt-pt\/motorbike-rally-faro\/#primaryimage","inLanguage":"pt-PT","url":"https:\/\/ap-hotelsresorts.com\/wp-content\/uploads\/2022\/07\/motards-web.jpg","contentUrl":"https:\/\/ap-hotelsresorts.com\/wp-content\/uploads\/2022\/07\/motards-web.jpg","width":1530,"height":1210,"caption":"Motards AP Eva Senses"},{"@type":"WebPage","@id":"https:\/\/ap-hotelsresorts.com\/pt-pt\/motorbike-rally-faro\/#webpage","url":"https:\/\/ap-hotelsresorts.com\/pt-pt\/motorbike-rally-faro\/","name":"AP EVA SENSES SA\u00daDA ORGANIZA\u00c7\u00c3O DA 40\u00aa CONCENTRA\u00c7\u00c3O MOTARD DE FARO - AP HOTELS &amp; RESORTS .","isPartOf":{"@id":"https:\/\/ap-hotelsresorts.com\/#website"},"primaryImageOfPage":{"@id":"https:\/\/ap-hotelsresorts.com\/pt-pt\/motorbike-rally-faro\/#primaryimage"},"datePublished":"2022-07-22T15:26:18+00:00","dateModified":"2022-07-22T15:27:42+00:00","description":"A 40\u00aa Concentra\u00e7\u00e3o Motard de Faro, organizada pelo Moto Clube da cidade, constituiu mais um sucesso, com mais de 25 mil participantes, atingindo a lota\u00e7\u00e3o m\u00e1xima.Depois de dois anos de aus\u00eancia, devido \u00e0 pandemia de Covid 19, os motards regressaram em for\u00e7a a Faro, para mais uma festa de 4 dias, naquela que \u00e9 a \u00fanica \u201cConcentra\u00e7\u00e3o Internacional de Motos\u201d realizada em Portugal, com estatuto oficial desde 1991.O AP Eva Senses foi, como sempre, um local privilegiado para assistir ao desfile final, na despedida dos motars \u00e0 cidade de Faro.Aos motards que escolheram o AP Eva Senses para se instalarem foi oferecido o pin da EN2, como forma de divulga\u00e7\u00e3o da liga\u00e7\u00e3o do hotel \u00e0 estrada mais famosa de Portugal.A Organiza\u00e7\u00e3o da 40\u00aa Concentra\u00e7\u00e3o Motard de Faro est\u00e1 de parab\u00e9ns!","breadcrumb":{"@id":"https:\/\/ap-hotelsresorts.com\/pt-pt\/motorbike-rally-faro\/#breadcrumb"},"inLanguage":"pt-PT","potentialAction":[{"@type":"ReadAction","target":["https:\/\/ap-hotelsresorts.com\/pt-pt\/motorbike-rally-faro\/"]}]},{"@type":"BreadcrumbList","@id":"https:\/\/ap-hotelsresorts.com\/pt-pt\/motorbike-rally-faro\/#breadcrumb","itemListElement":[{"@type":"ListItem","position":1,"name":"Home","item":"https:\/\/ap-hotelsresorts.com\/pt-pt\/"},{"@type":"ListItem","position":2,"name":"AP EVA SENSES SA\u00daDA ORGANIZA\u00c7\u00c3O DA 40\u00aa CONCENTRA\u00c7\u00c3O MOTARD DE FARO"}]},{"@type":"Article","@id":"https:\/\/ap-hotelsresorts.com\/pt-pt\/motorbike-rally-faro\/#article","isPartOf":{"@id":"https:\/\/ap-hotelsresorts.com\/pt-pt\/motorbike-rally-faro\/#webpage"},"author":{"@id":"https:\/\/ap-hotelsresorts.com\/#\/schema\/person\/39ea63a33316ff09e0a075ae0a4bed49"},"headline":"AP EVA SENSES SA\u00daDA ORGANIZA\u00c7\u00c3O DA 40\u00aa CONCENTRA\u00c7\u00c3O MOTARD DE FARO","datePublished":"2022-07-22T15:26:18+00:00","dateModified":"2022-07-22T15:27:42+00:00","mainEntityOfPage":{"@id":"https:\/\/ap-hotelsresorts.com\/pt-pt\/motorbike-rally-faro\/#webpage"},"wordCount":148,"publisher":{"@id":"https:\/\/ap-hotelsresorts.com\/#organization"},"image":{"@id":"https:\/\/ap-hotelsresorts.com\/pt-pt\/motorbike-rally-faro\/#primaryimage"},"thumbnailUrl":"https:\/\/ap-hotelsresorts.com\/wp-content\/uploads\/2022\/07\/motards-web.jpg","articleSection":["Not\u00edcias"],"inLanguage":"pt-PT"},{"@type":"Person","@id":"https:\/\/ap-hotelsresorts.com\/#\/schema\/person\/39ea63a33316ff09e0a075ae0a4bed49","name":"marketing ap","image":{"@type":"ImageObject","@id":"https:\/\/ap-hotelsresorts.com\/#personlogo","inLanguage":"pt-PT","url":"https:\/\/secure.gravatar.com\/avatar\/80ea62fe6096f55fe36f17f2175dca2f?s=96&d=mm&r=g","contentUrl":"https:\/\/secure.gravatar.com\/avatar\/80ea62fe6096f55fe36f17f2175dca2f?s=96&d=mm&r=g","caption":"marketing ap"}}]}},"_links":{"self":[{"href":"https:\/\/ap-hotelsresorts.com\/pt-pt\/wp-json\/wp\/v2\/posts\/33616"}],"collection":[{"href":"https:\/\/ap-hotelsresorts.com\/pt-pt\/wp-json\/wp\/v2\/posts"}],"about":[{"href":"https:\/\/ap-hotelsresorts.com\/pt-pt\/wp-json\/wp\/v2\/types\/post"}],"author":[{"embeddable":true,"href":"https:\/\/ap-hotelsresorts.com\/pt-pt\/wp-json\/wp\/v2\/users\/11"}],"replies":[{"embeddable":true,"href":"https:\/\/ap-hotelsresorts.com\/pt-pt\/wp-json\/wp\/v2\/comments?post=33616"}],"version-history":[{"count":0,"href":"https:\/\/ap-hotelsresorts.com\/pt-pt\/wp-json\/wp\/v2\/posts\/33616\/revisions"}],"wp:featuredmedia":[{"embeddable":true,"href":"https:\/\/ap-hotelsresorts.com\/pt-pt\/wp-json\/wp\/v2\/media\/33613"}],"wp:attachment":[{"href":"https:\/\/ap-hotelsresorts.com\/pt-pt\/wp-json\/wp\/v2\/media?parent=33616"}],"wp:term":[{"taxonomy":"category","embeddable":true,"href":"https:\/\/ap-hotelsresorts.com\/pt-pt\/wp-json\/wp\/v2\/categories?post=33616"},{"taxonomy":"post_tag","embeddable":true,"href":"https:\/\/ap-hotelsresorts.com\/pt-pt\/wp-json\/wp\/v2\/tags?post=33616"}],"curies":[{"name":"wp","href":"https:\/\/api.w.org\/{rel}","templated":true}]}}