{"id":34542,"date":"2022-09-12T09:13:58","date_gmt":"2022-09-12T09:13:58","guid":{"rendered":"https:\/\/ap-hotelsresorts.com\/ap-eva-senses-gold-medal\/"},"modified":"2022-09-12T09:15:59","modified_gmt":"2022-09-12T09:15:59","slug":"ap-eva-senses-medalha-merito","status":"publish","type":"post","link":"https:\/\/ap-hotelsresorts.com\/pt-pt\/ap-eva-senses-medalha-merito\/","title":{"rendered":"HOTEL AP EVA SENSES RECEBE MEDALHA DE OURO DA CIDADE DE FARO"},"content":{"rendered":"<p>O Hotel AP Eva Senses recebeu no passado dia 7, dia da cidade de Faro, a medalha de m\u00e9rito, grau ouro, da cidade, pelo reconhecimento do seu papel como \u201cexcelente embaixador do concelho\u201d, e pelos \u201cservi\u00e7os de excel\u00eancia prestados ao turismo de Faro de e de todo o Algarve\u201d.<br \/>\nA homenagem ocorreu na cerim\u00f3nia solene realizada no Teatro das Figuras, tendo recebido a medalha a funcion\u00e1ria mais antiga do Hotel, Cid\u00e1lia Braz, cabendo o agradecimento ao diretor do AP Eva Senses, Pedro Alves.<br \/>\nNa ocasi\u00e3o, Pedro Alves, em representa\u00e7\u00e3o de Ant\u00f3nio Parente, chairman do Grupo Madre, que integra, entre outros, o Grupo AP Hotels and Resorts, que tamb\u00e9m esteve presente na cerim\u00f3nia, agradeceu o \u201ccompromisso e o empenho\u201d de todos os trabalhadores do hotel e partilhou com todos a distin\u00e7\u00e3o agora recebida.<br \/>\n\u201cO hotel AP Eva Senses n\u00e3o \u00e9 apenas um hotel de cidade, \u00e9 um hotel que faz parte da cidade\u201d, disse ainda Pedro Alves que acrescentou o agradecimento \u00e0 C\u00e2mara Municipal de Faro e aos seus representantes, \u201cpela sua a\u00e7\u00e3o determinante no desenvolvimento do concelho\u201d.<br \/>\nNo final da cerim\u00f3nia solene, realizou-se um almo\u00e7o na Chef\u2019s Table do hotel AP Eva Senses, oferecido por Ant\u00f3nio Parente a representantes do executivo da C\u00e2mara Municipal de Faro.<br \/>\nO hotel AP Eva Senses foi fundado em 1966 e adquirido pelo grupo Madre em 2016 e reaberto ao p\u00fablico em 2017, depois de uma profunda remodela\u00e7\u00e3o.<br \/>\nO hotel AP Eva Senses \u00e9 hoje uma refer\u00eancia na hotelaria do Algarve e, como afirmou o Presidente da C\u00e2mara de Faro, Rog\u00e9rio Bacalhau, um \u201cembaixador do concelho\u201d.<\/p>\n","protected":false},"excerpt":{"rendered":"<p>O Hotel AP Eva Senses recebeu no passado dia 7, dia da cidade de Faro, a medalha de m\u00e9rito, grau ouro, da cidade, pelo reconhecimento do seu papel como \u201cexcelente embaixador do concelho\u201d, e pelos \u201cservi\u00e7os de excel\u00eancia prestados ao [&hellip;]<\/p>\n","protected":false},"author":11,"featured_media":34539,"comment_status":"closed","ping_status":"closed","sticky":false,"template":"","format":"standard","meta":[],"categories":[392],"tags":[],"yoast_head":"<!-- This site is optimized with the Yoast SEO plugin v18.1 - https:\/\/yoast.com\/wordpress\/plugins\/seo\/ -->\n<title>HOTEL AP EVA SENSES RECEBE MEDALHA DE OURO DA CIDADE DE FARO - AP HOTELS &amp; RESORTS .<\/title>\n<meta name=\"description\" content=\"O Hotel AP Eva Senses recebeu no passado dia 7, dia da cidade de Faro, a medalha de m\u00e9rito, grau ouro, da cidade, pelo reconhecimento do seu papel como \u201cexcelente embaixador do concelho\u201d, e pelos \u201cservi\u00e7os de excel\u00eancia prestados ao turismo de Faro de e de todo o Algarve\u201d.A homenagem ocorreu na cerim\u00f3nia solene realizada no Teatro das Figuras, tendo recebido a medalha a funcion\u00e1ria mais antiga do Hotel, Cid\u00e1lia Braz, cabendo o agradecimento ao diretor do AP Eva Senses, Pedro Alves.Na ocasi\u00e3o, Pedro Alves, em representa\u00e7\u00e3o de Ant\u00f3nio Parente, chairman do Grupo Madre, que integra, entre outros, o Grupo AP Hotels and Resorts, que tamb\u00e9m esteve presente na cerim\u00f3nia, agradeceu o \u201ccompromisso e o empenho\u201d de todos os trabalhadores do hotel e partilhou com todos a distin\u00e7\u00e3o agora recebida.\u201cO hotel AP Eva Senses n\u00e3o \u00e9 apenas um hotel de cidade, \u00e9 um hotel que faz parte da cidade\u201d, disse ainda Pedro Alves que acrescentou o agradecimento \u00e0 C\u00e2mara Municipal de Faro e aos seus representantes, \u201cpela sua a\u00e7\u00e3o determinante no desenvolvimento do concelho\u201d.No final da cerim\u00f3nia solene, realizou-se um almo\u00e7o na Chef\u2019s Table do hotel AP Eva Senses, oferecido por Ant\u00f3nio Parente a representantes do executivo da C\u00e2mara Municipal de Faro.O hotel AP Eva Senses foi fundado em 1966 e adquirido pelo grupo Madre em 2016 e reaberto ao p\u00fablico em 2017, depois de uma profunda remodela\u00e7\u00e3o.O hotel AP Eva Senses \u00e9 hoje uma refer\u00eancia na hotelaria do Algarve e, como afirmou o Presidente da C\u00e2mara de Faro, Rog\u00e9rio Bacalhau, um \u201cembaixador do concelho\u201d.\" \/>\n<meta name=\"robots\" content=\"index, follow, max-snippet:-1, max-image-preview:large, max-video-preview:-1\" \/>\n<link rel=\"canonical\" href=\"https:\/\/ap-hotelsresorts.com\/pt-pt\/ap-eva-senses-medalha-merito\/\" \/>\n<meta property=\"og:locale\" content=\"pt_PT\" \/>\n<meta property=\"og:type\" content=\"article\" \/>\n<meta property=\"og:title\" content=\"HOTEL AP EVA SENSES RECEBE MEDALHA DE OURO DA CIDADE DE FARO - AP HOTELS &amp; RESORTS .\" \/>\n<meta property=\"og:description\" content=\"O Hotel AP Eva Senses recebeu no passado dia 7, dia da cidade de Faro, a medalha de m\u00e9rito, grau ouro, da cidade, pelo reconhecimento do seu papel como \u201cexcelente embaixador do concelho\u201d, e pelos \u201cservi\u00e7os de excel\u00eancia prestados ao turismo de Faro de e de todo o Algarve\u201d.A homenagem ocorreu na cerim\u00f3nia solene realizada no Teatro das Figuras, tendo recebido a medalha a funcion\u00e1ria mais antiga do Hotel, Cid\u00e1lia Braz, cabendo o agradecimento ao diretor do AP Eva Senses, Pedro Alves.Na ocasi\u00e3o, Pedro Alves, em representa\u00e7\u00e3o de Ant\u00f3nio Parente, chairman do Grupo Madre, que integra, entre outros, o Grupo AP Hotels and Resorts, que tamb\u00e9m esteve presente na cerim\u00f3nia, agradeceu o \u201ccompromisso e o empenho\u201d de todos os trabalhadores do hotel e partilhou com todos a distin\u00e7\u00e3o agora recebida.\u201cO hotel AP Eva Senses n\u00e3o \u00e9 apenas um hotel de cidade, \u00e9 um hotel que faz parte da cidade\u201d, disse ainda Pedro Alves que acrescentou o agradecimento \u00e0 C\u00e2mara Municipal de Faro e aos seus representantes, \u201cpela sua a\u00e7\u00e3o determinante no desenvolvimento do concelho\u201d.No final da cerim\u00f3nia solene, realizou-se um almo\u00e7o na Chef\u2019s Table do hotel AP Eva Senses, oferecido por Ant\u00f3nio Parente a representantes do executivo da C\u00e2mara Municipal de Faro.O hotel AP Eva Senses foi fundado em 1966 e adquirido pelo grupo Madre em 2016 e reaberto ao p\u00fablico em 2017, depois de uma profunda remodela\u00e7\u00e3o.O hotel AP Eva Senses \u00e9 hoje uma refer\u00eancia na hotelaria do Algarve e, como afirmou o Presidente da C\u00e2mara de Faro, Rog\u00e9rio Bacalhau, um \u201cembaixador do concelho\u201d.\" \/>\n<meta property=\"og:url\" content=\"https:\/\/ap-hotelsresorts.com\/pt-pt\/ap-eva-senses-medalha-merito\/\" \/>\n<meta property=\"og:site_name\" content=\"AP HOTELS &amp; RESORTS .\" \/>\n<meta property=\"article:publisher\" content=\"https:\/\/www.facebook.com\/aphotelsresorts\" \/>\n<meta property=\"article:published_time\" content=\"2022-09-12T09:13:58+00:00\" \/>\n<meta property=\"article:modified_time\" content=\"2022-09-12T09:15:59+00:00\" \/>\n<meta property=\"og:image\" content=\"https:\/\/ap-hotelsresorts.com\/wp-content\/uploads\/2022\/09\/medalha-merito.jpg\" \/>\n\t<meta property=\"og:image:width\" content=\"2048\" \/>\n\t<meta property=\"og:image:height\" content=\"1310\" \/>\n\t<meta property=\"og:image:type\" content=\"image\/jpeg\" \/>\n<meta name=\"twitter:card\" content=\"summary_large_image\" \/>\n<meta name=\"twitter:creator\" content=\"@ApHotels\" \/>\n<meta name=\"twitter:site\" content=\"@ApHotels\" \/>\n<meta name=\"twitter:label1\" content=\"Escrito por\" \/>\n\t<meta name=\"twitter:data1\" content=\"marketing ap\" \/>\n\t<meta name=\"twitter:label2\" content=\"Tempo estimado de leitura\" \/>\n\t<meta name=\"twitter:data2\" content=\"2 minutos\" \/>\n<script type=\"application\/ld+json\" class=\"yoast-schema-graph\">{\"@context\":\"https:\/\/schema.org\",\"@graph\":[{\"@type\":\"Organization\",\"@id\":\"https:\/\/ap-hotelsresorts.com\/#organization\",\"name\":\"AP HOTELS & RESORTS\",\"url\":\"https:\/\/ap-hotelsresorts.com\/\",\"sameAs\":[\"https:\/\/www.facebook.com\/aphotelsresorts\",\"https:\/\/www.instagram.com\/aphotelsresorts\/\",\"https:\/\/www.linkedin.com\/company\/ap-hotels-and-resorts\",\"https:\/\/www.youtube.com\/channel\/UCSmwGBz36kx2XALzeVAlKEg\",\"https:\/\/twitter.com\/ApHotels\"],\"logo\":{\"@type\":\"ImageObject\",\"@id\":\"https:\/\/ap-hotelsresorts.com\/#logo\",\"inLanguage\":\"pt-PT\",\"url\":\"https:\/\/ap-hotelsresorts.com\/wp-content\/uploads\/2021\/03\/logo-1.png\",\"contentUrl\":\"https:\/\/ap-hotelsresorts.com\/wp-content\/uploads\/2021\/03\/logo-1.png\",\"width\":\"3915\",\"height\":\"1388\",\"caption\":\"AP HOTELS & RESORTS\"},\"image\":{\"@id\":\"https:\/\/ap-hotelsresorts.com\/#logo\"}},{\"@type\":\"WebSite\",\"@id\":\"https:\/\/ap-hotelsresorts.com\/#website\",\"url\":\"https:\/\/ap-hotelsresorts.com\/\",\"name\":\"AP HOTELS &amp; RESORTS .\",\"description\":\"Albufeira . Faro . Portim\u00e3o . Tavira . Algarve\",\"publisher\":{\"@id\":\"https:\/\/ap-hotelsresorts.com\/#organization\"},\"potentialAction\":[{\"@type\":\"SearchAction\",\"target\":{\"@type\":\"EntryPoint\",\"urlTemplate\":\"https:\/\/ap-hotelsresorts.com\/?s={search_term_string}\"},\"query-input\":\"required name=search_term_string\"}],\"inLanguage\":\"pt-PT\"},{\"@type\":\"ImageObject\",\"@id\":\"https:\/\/ap-hotelsresorts.com\/pt-pt\/ap-eva-senses-medalha-merito\/#primaryimage\",\"inLanguage\":\"pt-PT\",\"url\":\"https:\/\/ap-hotelsresorts.com\/wp-content\/uploads\/2022\/09\/medalha-merito.jpg\",\"contentUrl\":\"https:\/\/ap-hotelsresorts.com\/wp-content\/uploads\/2022\/09\/medalha-merito.jpg\",\"width\":2048,\"height\":1310,\"caption\":\"Medalha M\u00e9rito\"},{\"@type\":\"WebPage\",\"@id\":\"https:\/\/ap-hotelsresorts.com\/pt-pt\/ap-eva-senses-medalha-merito\/#webpage\",\"url\":\"https:\/\/ap-hotelsresorts.com\/pt-pt\/ap-eva-senses-medalha-merito\/\",\"name\":\"HOTEL AP EVA SENSES RECEBE MEDALHA DE OURO DA CIDADE DE FARO - AP HOTELS &amp; RESORTS .\",\"isPartOf\":{\"@id\":\"https:\/\/ap-hotelsresorts.com\/#website\"},\"primaryImageOfPage\":{\"@id\":\"https:\/\/ap-hotelsresorts.com\/pt-pt\/ap-eva-senses-medalha-merito\/#primaryimage\"},\"datePublished\":\"2022-09-12T09:13:58+00:00\",\"dateModified\":\"2022-09-12T09:15:59+00:00\",\"description\":\"O Hotel AP Eva Senses recebeu no passado dia 7, dia da cidade de Faro, a medalha de m\u00e9rito, grau ouro, da cidade, pelo reconhecimento do seu papel como \u201cexcelente embaixador do concelho\u201d, e pelos \u201cservi\u00e7os de excel\u00eancia prestados ao turismo de Faro de e de todo o Algarve\u201d.A homenagem ocorreu na cerim\u00f3nia solene realizada no Teatro das Figuras, tendo recebido a medalha a funcion\u00e1ria mais antiga do Hotel, Cid\u00e1lia Braz, cabendo o agradecimento ao diretor do AP Eva Senses, Pedro Alves.Na ocasi\u00e3o, Pedro Alves, em representa\u00e7\u00e3o de Ant\u00f3nio Parente, chairman do Grupo Madre, que integra, entre outros, o Grupo AP Hotels and Resorts, que tamb\u00e9m esteve presente na cerim\u00f3nia, agradeceu o \u201ccompromisso e o empenho\u201d de todos os trabalhadores do hotel e partilhou com todos a distin\u00e7\u00e3o agora recebida.\u201cO hotel AP Eva Senses n\u00e3o \u00e9 apenas um hotel de cidade, \u00e9 um hotel que faz parte da cidade\u201d, disse ainda Pedro Alves que acrescentou o agradecimento \u00e0 C\u00e2mara Municipal de Faro e aos seus representantes, \u201cpela sua a\u00e7\u00e3o determinante no desenvolvimento do concelho\u201d.No final da cerim\u00f3nia solene, realizou-se um almo\u00e7o na Chef\u2019s Table do hotel AP Eva Senses, oferecido por Ant\u00f3nio Parente a representantes do executivo da C\u00e2mara Municipal de Faro.O hotel AP Eva Senses foi fundado em 1966 e adquirido pelo grupo Madre em 2016 e reaberto ao p\u00fablico em 2017, depois de uma profunda remodela\u00e7\u00e3o.O hotel AP Eva Senses \u00e9 hoje uma refer\u00eancia na hotelaria do Algarve e, como afirmou o Presidente da C\u00e2mara de Faro, Rog\u00e9rio Bacalhau, um \u201cembaixador do concelho\u201d.\",\"breadcrumb\":{\"@id\":\"https:\/\/ap-hotelsresorts.com\/pt-pt\/ap-eva-senses-medalha-merito\/#breadcrumb\"},\"inLanguage\":\"pt-PT\",\"potentialAction\":[{\"@type\":\"ReadAction\",\"target\":[\"https:\/\/ap-hotelsresorts.com\/pt-pt\/ap-eva-senses-medalha-merito\/\"]}]},{\"@type\":\"BreadcrumbList\",\"@id\":\"https:\/\/ap-hotelsresorts.com\/pt-pt\/ap-eva-senses-medalha-merito\/#breadcrumb\",\"itemListElement\":[{\"@type\":\"ListItem\",\"position\":1,\"name\":\"Home\",\"item\":\"https:\/\/ap-hotelsresorts.com\/pt-pt\/\"},{\"@type\":\"ListItem\",\"position\":2,\"name\":\"HOTEL AP EVA SENSES RECEBE MEDALHA DE OURO DA CIDADE DE FARO\"}]},{\"@type\":\"Article\",\"@id\":\"https:\/\/ap-hotelsresorts.com\/pt-pt\/ap-eva-senses-medalha-merito\/#article\",\"isPartOf\":{\"@id\":\"https:\/\/ap-hotelsresorts.com\/pt-pt\/ap-eva-senses-medalha-merito\/#webpage\"},\"author\":{\"@id\":\"https:\/\/ap-hotelsresorts.com\/#\/schema\/person\/39ea63a33316ff09e0a075ae0a4bed49\"},\"headline\":\"HOTEL AP EVA SENSES RECEBE MEDALHA DE OURO DA CIDADE DE FARO\",\"datePublished\":\"2022-09-12T09:13:58+00:00\",\"dateModified\":\"2022-09-12T09:15:59+00:00\",\"mainEntityOfPage\":{\"@id\":\"https:\/\/ap-hotelsresorts.com\/pt-pt\/ap-eva-senses-medalha-merito\/#webpage\"},\"wordCount\":290,\"publisher\":{\"@id\":\"https:\/\/ap-hotelsresorts.com\/#organization\"},\"image\":{\"@id\":\"https:\/\/ap-hotelsresorts.com\/pt-pt\/ap-eva-senses-medalha-merito\/#primaryimage\"},\"thumbnailUrl\":\"https:\/\/ap-hotelsresorts.com\/wp-content\/uploads\/2022\/09\/medalha-merito.jpg\",\"articleSection\":[\"Not\u00edcias\"],\"inLanguage\":\"pt-PT\"},{\"@type\":\"Person\",\"@id\":\"https:\/\/ap-hotelsresorts.com\/#\/schema\/person\/39ea63a33316ff09e0a075ae0a4bed49\",\"name\":\"marketing ap\",\"image\":{\"@type\":\"ImageObject\",\"@id\":\"https:\/\/ap-hotelsresorts.com\/#personlogo\",\"inLanguage\":\"pt-PT\",\"url\":\"https:\/\/secure.gravatar.com\/avatar\/80ea62fe6096f55fe36f17f2175dca2f?s=96&d=mm&r=g\",\"contentUrl\":\"https:\/\/secure.gravatar.com\/avatar\/80ea62fe6096f55fe36f17f2175dca2f?s=96&d=mm&r=g\",\"caption\":\"marketing ap\"}}]}<\/script>\n<!-- \/ Yoast SEO plugin. -->","yoast_head_json":{"title":"HOTEL AP EVA SENSES RECEBE MEDALHA DE OURO DA CIDADE DE FARO - AP HOTELS &amp; RESORTS .","description":"O Hotel AP Eva Senses recebeu no passado dia 7, dia da cidade de Faro, a medalha de m\u00e9rito, grau ouro, da cidade, pelo reconhecimento do seu papel como \u201cexcelente embaixador do concelho\u201d, e pelos \u201cservi\u00e7os de excel\u00eancia prestados ao turismo de Faro de e de todo o Algarve\u201d.A homenagem ocorreu na cerim\u00f3nia solene realizada no Teatro das Figuras, tendo recebido a medalha a funcion\u00e1ria mais antiga do Hotel, Cid\u00e1lia Braz, cabendo o agradecimento ao diretor do AP Eva Senses, Pedro Alves.Na ocasi\u00e3o, Pedro Alves, em representa\u00e7\u00e3o de Ant\u00f3nio Parente, chairman do Grupo Madre, que integra, entre outros, o Grupo AP Hotels and Resorts, que tamb\u00e9m esteve presente na cerim\u00f3nia, agradeceu o \u201ccompromisso e o empenho\u201d de todos os trabalhadores do hotel e partilhou com todos a distin\u00e7\u00e3o agora recebida.\u201cO hotel AP Eva Senses n\u00e3o \u00e9 apenas um hotel de cidade, \u00e9 um hotel que faz parte da cidade\u201d, disse ainda Pedro Alves que acrescentou o agradecimento \u00e0 C\u00e2mara Municipal de Faro e aos seus representantes, \u201cpela sua a\u00e7\u00e3o determinante no desenvolvimento do concelho\u201d.No final da cerim\u00f3nia solene, realizou-se um almo\u00e7o na Chef\u2019s Table do hotel AP Eva Senses, oferecido por Ant\u00f3nio Parente a representantes do executivo da C\u00e2mara Municipal de Faro.O hotel AP Eva Senses foi fundado em 1966 e adquirido pelo grupo Madre em 2016 e reaberto ao p\u00fablico em 2017, depois de uma profunda remodela\u00e7\u00e3o.O hotel AP Eva Senses \u00e9 hoje uma refer\u00eancia na hotelaria do Algarve e, como afirmou o Presidente da C\u00e2mara de Faro, Rog\u00e9rio Bacalhau, um \u201cembaixador do concelho\u201d.","robots":{"index":"index","follow":"follow","max-snippet":"max-snippet:-1","max-image-preview":"max-image-preview:large","max-video-preview":"max-video-preview:-1"},"canonical":"https:\/\/ap-hotelsresorts.com\/pt-pt\/ap-eva-senses-medalha-merito\/","og_locale":"pt_PT","og_type":"article","og_title":"HOTEL AP EVA SENSES RECEBE MEDALHA DE OURO DA CIDADE DE FARO - AP HOTELS &amp; RESORTS .","og_description":"O Hotel AP Eva Senses recebeu no passado dia 7, dia da cidade de Faro, a medalha de m\u00e9rito, grau ouro, da cidade, pelo reconhecimento do seu papel como \u201cexcelente embaixador do concelho\u201d, e pelos \u201cservi\u00e7os de excel\u00eancia prestados ao turismo de Faro de e de todo o Algarve\u201d.A homenagem ocorreu na cerim\u00f3nia solene realizada no Teatro das Figuras, tendo recebido a medalha a funcion\u00e1ria mais antiga do Hotel, Cid\u00e1lia Braz, cabendo o agradecimento ao diretor do AP Eva Senses, Pedro Alves.Na ocasi\u00e3o, Pedro Alves, em representa\u00e7\u00e3o de Ant\u00f3nio Parente, chairman do Grupo Madre, que integra, entre outros, o Grupo AP Hotels and Resorts, que tamb\u00e9m esteve presente na cerim\u00f3nia, agradeceu o \u201ccompromisso e o empenho\u201d de todos os trabalhadores do hotel e partilhou com todos a distin\u00e7\u00e3o agora recebida.\u201cO hotel AP Eva Senses n\u00e3o \u00e9 apenas um hotel de cidade, \u00e9 um hotel que faz parte da cidade\u201d, disse ainda Pedro Alves que acrescentou o agradecimento \u00e0 C\u00e2mara Municipal de Faro e aos seus representantes, \u201cpela sua a\u00e7\u00e3o determinante no desenvolvimento do concelho\u201d.No final da cerim\u00f3nia solene, realizou-se um almo\u00e7o na Chef\u2019s Table do hotel AP Eva Senses, oferecido por Ant\u00f3nio Parente a representantes do executivo da C\u00e2mara Municipal de Faro.O hotel AP Eva Senses foi fundado em 1966 e adquirido pelo grupo Madre em 2016 e reaberto ao p\u00fablico em 2017, depois de uma profunda remodela\u00e7\u00e3o.O hotel AP Eva Senses \u00e9 hoje uma refer\u00eancia na hotelaria do Algarve e, como afirmou o Presidente da C\u00e2mara de Faro, Rog\u00e9rio Bacalhau, um \u201cembaixador do concelho\u201d.","og_url":"https:\/\/ap-hotelsresorts.com\/pt-pt\/ap-eva-senses-medalha-merito\/","og_site_name":"AP HOTELS &amp; RESORTS .","article_publisher":"https:\/\/www.facebook.com\/aphotelsresorts","article_published_time":"2022-09-12T09:13:58+00:00","article_modified_time":"2022-09-12T09:15:59+00:00","og_image":[{"width":2048,"height":1310,"url":"https:\/\/ap-hotelsresorts.com\/wp-content\/uploads\/2022\/09\/medalha-merito.jpg","type":"image\/jpeg"}],"twitter_card":"summary_large_image","twitter_creator":"@ApHotels","twitter_site":"@ApHotels","twitter_misc":{"Escrito por":"marketing ap","Tempo estimado de leitura":"2 minutos"},"schema":{"@context":"https:\/\/schema.org","@graph":[{"@type":"Organization","@id":"https:\/\/ap-hotelsresorts.com\/#organization","name":"AP HOTELS & RESORTS","url":"https:\/\/ap-hotelsresorts.com\/","sameAs":["https:\/\/www.facebook.com\/aphotelsresorts","https:\/\/www.instagram.com\/aphotelsresorts\/","https:\/\/www.linkedin.com\/company\/ap-hotels-and-resorts","https:\/\/www.youtube.com\/channel\/UCSmwGBz36kx2XALzeVAlKEg","https:\/\/twitter.com\/ApHotels"],"logo":{"@type":"ImageObject","@id":"https:\/\/ap-hotelsresorts.com\/#logo","inLanguage":"pt-PT","url":"https:\/\/ap-hotelsresorts.com\/wp-content\/uploads\/2021\/03\/logo-1.png","contentUrl":"https:\/\/ap-hotelsresorts.com\/wp-content\/uploads\/2021\/03\/logo-1.png","width":"3915","height":"1388","caption":"AP HOTELS & RESORTS"},"image":{"@id":"https:\/\/ap-hotelsresorts.com\/#logo"}},{"@type":"WebSite","@id":"https:\/\/ap-hotelsresorts.com\/#website","url":"https:\/\/ap-hotelsresorts.com\/","name":"AP HOTELS &amp; RESORTS .","description":"Albufeira . Faro . Portim\u00e3o . Tavira . Algarve","publisher":{"@id":"https:\/\/ap-hotelsresorts.com\/#organization"},"potentialAction":[{"@type":"SearchAction","target":{"@type":"EntryPoint","urlTemplate":"https:\/\/ap-hotelsresorts.com\/?s={search_term_string}"},"query-input":"required name=search_term_string"}],"inLanguage":"pt-PT"},{"@type":"ImageObject","@id":"https:\/\/ap-hotelsresorts.com\/pt-pt\/ap-eva-senses-medalha-merito\/#primaryimage","inLanguage":"pt-PT","url":"https:\/\/ap-hotelsresorts.com\/wp-content\/uploads\/2022\/09\/medalha-merito.jpg","contentUrl":"https:\/\/ap-hotelsresorts.com\/wp-content\/uploads\/2022\/09\/medalha-merito.jpg","width":2048,"height":1310,"caption":"Medalha M\u00e9rito"},{"@type":"WebPage","@id":"https:\/\/ap-hotelsresorts.com\/pt-pt\/ap-eva-senses-medalha-merito\/#webpage","url":"https:\/\/ap-hotelsresorts.com\/pt-pt\/ap-eva-senses-medalha-merito\/","name":"HOTEL AP EVA SENSES RECEBE MEDALHA DE OURO DA CIDADE DE FARO - AP HOTELS &amp; RESORTS .","isPartOf":{"@id":"https:\/\/ap-hotelsresorts.com\/#website"},"primaryImageOfPage":{"@id":"https:\/\/ap-hotelsresorts.com\/pt-pt\/ap-eva-senses-medalha-merito\/#primaryimage"},"datePublished":"2022-09-12T09:13:58+00:00","dateModified":"2022-09-12T09:15:59+00:00","description":"O Hotel AP Eva Senses recebeu no passado dia 7, dia da cidade de Faro, a medalha de m\u00e9rito, grau ouro, da cidade, pelo reconhecimento do seu papel como \u201cexcelente embaixador do concelho\u201d, e pelos \u201cservi\u00e7os de excel\u00eancia prestados ao turismo de Faro de e de todo o Algarve\u201d.A homenagem ocorreu na cerim\u00f3nia solene realizada no Teatro das Figuras, tendo recebido a medalha a funcion\u00e1ria mais antiga do Hotel, Cid\u00e1lia Braz, cabendo o agradecimento ao diretor do AP Eva Senses, Pedro Alves.Na ocasi\u00e3o, Pedro Alves, em representa\u00e7\u00e3o de Ant\u00f3nio Parente, chairman do Grupo Madre, que integra, entre outros, o Grupo AP Hotels and Resorts, que tamb\u00e9m esteve presente na cerim\u00f3nia, agradeceu o \u201ccompromisso e o empenho\u201d de todos os trabalhadores do hotel e partilhou com todos a distin\u00e7\u00e3o agora recebida.\u201cO hotel AP Eva Senses n\u00e3o \u00e9 apenas um hotel de cidade, \u00e9 um hotel que faz parte da cidade\u201d, disse ainda Pedro Alves que acrescentou o agradecimento \u00e0 C\u00e2mara Municipal de Faro e aos seus representantes, \u201cpela sua a\u00e7\u00e3o determinante no desenvolvimento do concelho\u201d.No final da cerim\u00f3nia solene, realizou-se um almo\u00e7o na Chef\u2019s Table do hotel AP Eva Senses, oferecido por Ant\u00f3nio Parente a representantes do executivo da C\u00e2mara Municipal de Faro.O hotel AP Eva Senses foi fundado em 1966 e adquirido pelo grupo Madre em 2016 e reaberto ao p\u00fablico em 2017, depois de uma profunda remodela\u00e7\u00e3o.O hotel AP Eva Senses \u00e9 hoje uma refer\u00eancia na hotelaria do Algarve e, como afirmou o Presidente da C\u00e2mara de Faro, Rog\u00e9rio Bacalhau, um \u201cembaixador do concelho\u201d.","breadcrumb":{"@id":"https:\/\/ap-hotelsresorts.com\/pt-pt\/ap-eva-senses-medalha-merito\/#breadcrumb"},"inLanguage":"pt-PT","potentialAction":[{"@type":"ReadAction","target":["https:\/\/ap-hotelsresorts.com\/pt-pt\/ap-eva-senses-medalha-merito\/"]}]},{"@type":"BreadcrumbList","@id":"https:\/\/ap-hotelsresorts.com\/pt-pt\/ap-eva-senses-medalha-merito\/#breadcrumb","itemListElement":[{"@type":"ListItem","position":1,"name":"Home","item":"https:\/\/ap-hotelsresorts.com\/pt-pt\/"},{"@type":"ListItem","position":2,"name":"HOTEL AP EVA SENSES RECEBE MEDALHA DE OURO DA CIDADE DE FARO"}]},{"@type":"Article","@id":"https:\/\/ap-hotelsresorts.com\/pt-pt\/ap-eva-senses-medalha-merito\/#article","isPartOf":{"@id":"https:\/\/ap-hotelsresorts.com\/pt-pt\/ap-eva-senses-medalha-merito\/#webpage"},"author":{"@id":"https:\/\/ap-hotelsresorts.com\/#\/schema\/person\/39ea63a33316ff09e0a075ae0a4bed49"},"headline":"HOTEL AP EVA SENSES RECEBE MEDALHA DE OURO DA CIDADE DE FARO","datePublished":"2022-09-12T09:13:58+00:00","dateModified":"2022-09-12T09:15:59+00:00","mainEntityOfPage":{"@id":"https:\/\/ap-hotelsresorts.com\/pt-pt\/ap-eva-senses-medalha-merito\/#webpage"},"wordCount":290,"publisher":{"@id":"https:\/\/ap-hotelsresorts.com\/#organization"},"image":{"@id":"https:\/\/ap-hotelsresorts.com\/pt-pt\/ap-eva-senses-medalha-merito\/#primaryimage"},"thumbnailUrl":"https:\/\/ap-hotelsresorts.com\/wp-content\/uploads\/2022\/09\/medalha-merito.jpg","articleSection":["Not\u00edcias"],"inLanguage":"pt-PT"},{"@type":"Person","@id":"https:\/\/ap-hotelsresorts.com\/#\/schema\/person\/39ea63a33316ff09e0a075ae0a4bed49","name":"marketing ap","image":{"@type":"ImageObject","@id":"https:\/\/ap-hotelsresorts.com\/#personlogo","inLanguage":"pt-PT","url":"https:\/\/secure.gravatar.com\/avatar\/80ea62fe6096f55fe36f17f2175dca2f?s=96&d=mm&r=g","contentUrl":"https:\/\/secure.gravatar.com\/avatar\/80ea62fe6096f55fe36f17f2175dca2f?s=96&d=mm&r=g","caption":"marketing ap"}}]}},"_links":{"self":[{"href":"https:\/\/ap-hotelsresorts.com\/pt-pt\/wp-json\/wp\/v2\/posts\/34542"}],"collection":[{"href":"https:\/\/ap-hotelsresorts.com\/pt-pt\/wp-json\/wp\/v2\/posts"}],"about":[{"href":"https:\/\/ap-hotelsresorts.com\/pt-pt\/wp-json\/wp\/v2\/types\/post"}],"author":[{"embeddable":true,"href":"https:\/\/ap-hotelsresorts.com\/pt-pt\/wp-json\/wp\/v2\/users\/11"}],"replies":[{"embeddable":true,"href":"https:\/\/ap-hotelsresorts.com\/pt-pt\/wp-json\/wp\/v2\/comments?post=34542"}],"version-history":[{"count":0,"href":"https:\/\/ap-hotelsresorts.com\/pt-pt\/wp-json\/wp\/v2\/posts\/34542\/revisions"}],"wp:featuredmedia":[{"embeddable":true,"href":"https:\/\/ap-hotelsresorts.com\/pt-pt\/wp-json\/wp\/v2\/media\/34539"}],"wp:attachment":[{"href":"https:\/\/ap-hotelsresorts.com\/pt-pt\/wp-json\/wp\/v2\/media?parent=34542"}],"wp:term":[{"taxonomy":"category","embeddable":true,"href":"https:\/\/ap-hotelsresorts.com\/pt-pt\/wp-json\/wp\/v2\/categories?post=34542"},{"taxonomy":"post_tag","embeddable":true,"href":"https:\/\/ap-hotelsresorts.com\/pt-pt\/wp-json\/wp\/v2\/tags?post=34542"}],"curies":[{"name":"wp","href":"https:\/\/api.w.org\/{rel}","templated":true}]}}