{"id":35980,"date":"2022-12-13T09:21:39","date_gmt":"2022-12-13T09:21:39","guid":{"rendered":"https:\/\/ap-hotelsresorts.com\/?p=35980"},"modified":"2022-12-13T09:42:51","modified_gmt":"2022-12-13T09:42:51","slug":"quinta-sao-sebastiao","status":"publish","type":"post","link":"https:\/\/ap-hotelsresorts.com\/pt-pt\/quinta-sao-sebastiao\/","title":{"rendered":"QUINTA DE S\u00c3O SEBASTI\u00c3O RECEBE OPERADORES TUR\u00cdSTICOS BRASILEIROS"},"content":{"rendered":"\n<p>Cerca de duas dezenas de <strong>operadores tur\u00edsticos brasileiros<\/strong>, ligados \u00e0 empresa <strong>DIVERSA<\/strong>, representada pelo gerente-geral, <strong>Charles Frakben<\/strong>, visitaram <strong>Portugal <\/strong>na passada semana, tendo terminado o seu percurso, no passado dia 4 de dezembro, na <strong>Quinta de S\u00e3o Sebasti\u00e3o<\/strong>, onde foram recebidos pelo propriet\u00e1rio e chairman do grupo <strong><a href=\"https:\/\/madre.com.pt\/\" target=\"_blank\" rel=\"noreferrer noopener\">Madre<\/a>, Ant\u00f3nio Parente<\/strong> e pelo diretor-geral do grupo AP Hotels &amp; Resorts Emanuel Freitas.<br>Na <strong>Quinta de S\u00e3o Sebasti\u00e3o<\/strong>, o grupo teve oportunidade de visitar a adega <strong>Multiwines <\/strong>e fazer uma prova de degusta\u00e7\u00e3o de alguns vinhos QSS e conhecerem em pormenor as unidades hoteleiras do <strong>grupo <a href=\"https:\/\/ap-hotelsresorts.com\/\" target=\"_blank\" rel=\"noreferrer noopener\">AP Hotels &amp; Resorts<\/a><\/strong>, numa apresenta\u00e7\u00e3o feita pelo <strong>diretor-geral, Emanuel Freitas.<\/strong><br>O encontro terminou com um excelente almo\u00e7o na<strong> Adega Velha,<\/strong> confecionado por uma equipa composta por colaboradores do <strong>AP Vitoria Sports &amp; Beach e do AP Cabanas Beach &amp; Nature.<\/strong><br>Os operadores brasileiros ficaram impressionados pela qualidade do grupo<strong> AP Hotels &amp; Resorts<\/strong> e pela rece\u00e7\u00e3o na <strong>Quinta de S\u00e3o Sebasti\u00e3o<\/strong>, com a hospitalidade que \u00e9 carater\u00edstica do seu propriet\u00e1rio.<\/p>\n","protected":false},"excerpt":{"rendered":"<p>Cerca de duas dezenas de operadores tur\u00edsticos brasileiros, ligados \u00e0 empresa DIVERSA, representada pelo gerente-geral, Charles Frakben, visitaram Portugal na passada semana, tendo terminado o seu percurso, no passado dia 4 de dezembro, na Quinta de S\u00e3o Sebasti\u00e3o, onde foram [&hellip;]<\/p>\n","protected":false},"author":11,"featured_media":35986,"comment_status":"closed","ping_status":"closed","sticky":false,"template":"","format":"standard","meta":[],"categories":[392],"tags":[],"yoast_head":"<!-- This site is optimized with the Yoast SEO plugin v18.1 - https:\/\/yoast.com\/wordpress\/plugins\/seo\/ -->\n<title>Quinta de S\u00e3o Sebasti\u00e3o recebe Operadores Tur\u00edsticos do Brasil<\/title>\n<meta name=\"description\" content=\"Cerca de duas dezenas de operadores tur\u00edsticos brasileiros, ligados \u00e0 empresa DIVERSA, representada pelo gerente-geral, Charles Frakben, visitaram Portugal na passada semana, tendo terminado o seu percurso, no passado dia 4 de dezembro, na Quinta de S\u00e3o Sebasti\u00e3o, onde foram recebidos pelo propriet\u00e1rio e chairman do grupo Madre, Ant\u00f3nio Parente e pelo diretor-geral do grupo AP Hotels &amp; Resorts Emanuel Freitas.\" \/>\n<meta name=\"robots\" content=\"index, follow, max-snippet:-1, max-image-preview:large, max-video-preview:-1\" \/>\n<link rel=\"canonical\" href=\"https:\/\/ap-hotelsresorts.com\/pt-pt\/quinta-sao-sebastiao\/\" \/>\n<meta property=\"og:locale\" content=\"pt_PT\" \/>\n<meta property=\"og:type\" content=\"article\" \/>\n<meta property=\"og:title\" content=\"Quinta de S\u00e3o Sebasti\u00e3o recebe Operadores Tur\u00edsticos do Brasil\" \/>\n<meta property=\"og:description\" content=\"Cerca de duas dezenas de operadores tur\u00edsticos brasileiros, ligados \u00e0 empresa DIVERSA, representada pelo gerente-geral, Charles Frakben, visitaram Portugal na passada semana, tendo terminado o seu percurso, no passado dia 4 de dezembro, na Quinta de S\u00e3o Sebasti\u00e3o, onde foram recebidos pelo propriet\u00e1rio e chairman do grupo Madre, Ant\u00f3nio Parente e pelo diretor-geral do grupo AP Hotels &amp; Resorts Emanuel Freitas.\" \/>\n<meta property=\"og:url\" content=\"https:\/\/ap-hotelsresorts.com\/pt-pt\/quinta-sao-sebastiao\/\" \/>\n<meta property=\"og:site_name\" content=\"AP HOTELS &amp; RESORTS .\" \/>\n<meta property=\"article:publisher\" content=\"https:\/\/www.facebook.com\/aphotelsresorts\" \/>\n<meta property=\"article:published_time\" content=\"2022-12-13T09:21:39+00:00\" \/>\n<meta property=\"article:modified_time\" content=\"2022-12-13T09:42:51+00:00\" \/>\n<meta property=\"og:image\" content=\"https:\/\/ap-hotelsresorts.com\/wp-content\/uploads\/2022\/12\/operadores-turisticos-brasileiros.jpeg\" \/>\n\t<meta property=\"og:image:width\" content=\"1024\" \/>\n\t<meta property=\"og:image:height\" content=\"576\" \/>\n\t<meta property=\"og:image:type\" content=\"image\/jpeg\" \/>\n<meta name=\"twitter:card\" content=\"summary_large_image\" \/>\n<meta name=\"twitter:creator\" content=\"@ApHotels\" \/>\n<meta name=\"twitter:site\" content=\"@ApHotels\" \/>\n<meta name=\"twitter:label1\" content=\"Escrito por\" \/>\n\t<meta name=\"twitter:data1\" content=\"marketing ap\" \/>\n\t<meta name=\"twitter:label2\" content=\"Tempo estimado de leitura\" \/>\n\t<meta name=\"twitter:data2\" content=\"1 minuto\" \/>\n<script type=\"application\/ld+json\" class=\"yoast-schema-graph\">{\"@context\":\"https:\/\/schema.org\",\"@graph\":[{\"@type\":\"Organization\",\"@id\":\"https:\/\/ap-hotelsresorts.com\/#organization\",\"name\":\"AP HOTELS & RESORTS\",\"url\":\"https:\/\/ap-hotelsresorts.com\/\",\"sameAs\":[\"https:\/\/www.facebook.com\/aphotelsresorts\",\"https:\/\/www.instagram.com\/aphotelsresorts\/\",\"https:\/\/www.linkedin.com\/company\/ap-hotels-and-resorts\",\"https:\/\/www.youtube.com\/channel\/UCSmwGBz36kx2XALzeVAlKEg\",\"https:\/\/twitter.com\/ApHotels\"],\"logo\":{\"@type\":\"ImageObject\",\"@id\":\"https:\/\/ap-hotelsresorts.com\/#logo\",\"inLanguage\":\"pt-PT\",\"url\":\"https:\/\/ap-hotelsresorts.com\/wp-content\/uploads\/2021\/03\/logo-1.png\",\"contentUrl\":\"https:\/\/ap-hotelsresorts.com\/wp-content\/uploads\/2021\/03\/logo-1.png\",\"width\":\"3915\",\"height\":\"1388\",\"caption\":\"AP HOTELS & RESORTS\"},\"image\":{\"@id\":\"https:\/\/ap-hotelsresorts.com\/#logo\"}},{\"@type\":\"WebSite\",\"@id\":\"https:\/\/ap-hotelsresorts.com\/#website\",\"url\":\"https:\/\/ap-hotelsresorts.com\/\",\"name\":\"AP HOTELS &amp; RESORTS .\",\"description\":\"Albufeira . Faro . Portim\u00e3o . Tavira . Algarve\",\"publisher\":{\"@id\":\"https:\/\/ap-hotelsresorts.com\/#organization\"},\"potentialAction\":[{\"@type\":\"SearchAction\",\"target\":{\"@type\":\"EntryPoint\",\"urlTemplate\":\"https:\/\/ap-hotelsresorts.com\/?s={search_term_string}\"},\"query-input\":\"required name=search_term_string\"}],\"inLanguage\":\"pt-PT\"},{\"@type\":\"ImageObject\",\"@id\":\"https:\/\/ap-hotelsresorts.com\/pt-pt\/quinta-sao-sebastiao\/#primaryimage\",\"inLanguage\":\"pt-PT\",\"url\":\"https:\/\/ap-hotelsresorts.com\/wp-content\/uploads\/2022\/12\/operadores-turisticos-brasileiros.jpeg\",\"contentUrl\":\"https:\/\/ap-hotelsresorts.com\/wp-content\/uploads\/2022\/12\/operadores-turisticos-brasileiros.jpeg\",\"width\":1024,\"height\":576},{\"@type\":\"WebPage\",\"@id\":\"https:\/\/ap-hotelsresorts.com\/pt-pt\/quinta-sao-sebastiao\/#webpage\",\"url\":\"https:\/\/ap-hotelsresorts.com\/pt-pt\/quinta-sao-sebastiao\/\",\"name\":\"Quinta de S\u00e3o Sebasti\u00e3o recebe Operadores Tur\u00edsticos do Brasil\",\"isPartOf\":{\"@id\":\"https:\/\/ap-hotelsresorts.com\/#website\"},\"primaryImageOfPage\":{\"@id\":\"https:\/\/ap-hotelsresorts.com\/pt-pt\/quinta-sao-sebastiao\/#primaryimage\"},\"datePublished\":\"2022-12-13T09:21:39+00:00\",\"dateModified\":\"2022-12-13T09:42:51+00:00\",\"description\":\"Cerca de duas dezenas de operadores tur\u00edsticos brasileiros, ligados \u00e0 empresa DIVERSA, representada pelo gerente-geral, Charles Frakben, visitaram Portugal na passada semana, tendo terminado o seu percurso, no passado dia 4 de dezembro, na Quinta de S\u00e3o Sebasti\u00e3o, onde foram recebidos pelo propriet\u00e1rio e chairman do grupo Madre, Ant\u00f3nio Parente e pelo diretor-geral do grupo AP Hotels & Resorts Emanuel Freitas.\",\"breadcrumb\":{\"@id\":\"https:\/\/ap-hotelsresorts.com\/pt-pt\/quinta-sao-sebastiao\/#breadcrumb\"},\"inLanguage\":\"pt-PT\",\"potentialAction\":[{\"@type\":\"ReadAction\",\"target\":[\"https:\/\/ap-hotelsresorts.com\/pt-pt\/quinta-sao-sebastiao\/\"]}]},{\"@type\":\"BreadcrumbList\",\"@id\":\"https:\/\/ap-hotelsresorts.com\/pt-pt\/quinta-sao-sebastiao\/#breadcrumb\",\"itemListElement\":[{\"@type\":\"ListItem\",\"position\":1,\"name\":\"Home\",\"item\":\"https:\/\/ap-hotelsresorts.com\/pt-pt\/\"},{\"@type\":\"ListItem\",\"position\":2,\"name\":\"QUINTA DE S\u00c3O SEBASTI\u00c3O RECEBE OPERADORES TUR\u00cdSTICOS BRASILEIROS\"}]},{\"@type\":\"Article\",\"@id\":\"https:\/\/ap-hotelsresorts.com\/pt-pt\/quinta-sao-sebastiao\/#article\",\"isPartOf\":{\"@id\":\"https:\/\/ap-hotelsresorts.com\/pt-pt\/quinta-sao-sebastiao\/#webpage\"},\"author\":{\"@id\":\"https:\/\/ap-hotelsresorts.com\/#\/schema\/person\/39ea63a33316ff09e0a075ae0a4bed49\"},\"headline\":\"QUINTA DE S\u00c3O SEBASTI\u00c3O RECEBE OPERADORES TUR\u00cdSTICOS BRASILEIROS\",\"datePublished\":\"2022-12-13T09:21:39+00:00\",\"dateModified\":\"2022-12-13T09:42:51+00:00\",\"mainEntityOfPage\":{\"@id\":\"https:\/\/ap-hotelsresorts.com\/pt-pt\/quinta-sao-sebastiao\/#webpage\"},\"wordCount\":188,\"publisher\":{\"@id\":\"https:\/\/ap-hotelsresorts.com\/#organization\"},\"image\":{\"@id\":\"https:\/\/ap-hotelsresorts.com\/pt-pt\/quinta-sao-sebastiao\/#primaryimage\"},\"thumbnailUrl\":\"https:\/\/ap-hotelsresorts.com\/wp-content\/uploads\/2022\/12\/operadores-turisticos-brasileiros.jpeg\",\"articleSection\":[\"Not\u00edcias\"],\"inLanguage\":\"pt-PT\"},{\"@type\":\"Person\",\"@id\":\"https:\/\/ap-hotelsresorts.com\/#\/schema\/person\/39ea63a33316ff09e0a075ae0a4bed49\",\"name\":\"marketing ap\",\"image\":{\"@type\":\"ImageObject\",\"@id\":\"https:\/\/ap-hotelsresorts.com\/#personlogo\",\"inLanguage\":\"pt-PT\",\"url\":\"https:\/\/secure.gravatar.com\/avatar\/80ea62fe6096f55fe36f17f2175dca2f?s=96&d=mm&r=g\",\"contentUrl\":\"https:\/\/secure.gravatar.com\/avatar\/80ea62fe6096f55fe36f17f2175dca2f?s=96&d=mm&r=g\",\"caption\":\"marketing ap\"}}]}<\/script>\n<!-- \/ Yoast SEO plugin. -->","yoast_head_json":{"title":"Quinta de S\u00e3o Sebasti\u00e3o recebe Operadores Tur\u00edsticos do Brasil","description":"Cerca de duas dezenas de operadores tur\u00edsticos brasileiros, ligados \u00e0 empresa DIVERSA, representada pelo gerente-geral, Charles Frakben, visitaram Portugal na passada semana, tendo terminado o seu percurso, no passado dia 4 de dezembro, na Quinta de S\u00e3o Sebasti\u00e3o, onde foram recebidos pelo propriet\u00e1rio e chairman do grupo Madre, Ant\u00f3nio Parente e pelo diretor-geral do grupo AP Hotels & Resorts Emanuel Freitas.","robots":{"index":"index","follow":"follow","max-snippet":"max-snippet:-1","max-image-preview":"max-image-preview:large","max-video-preview":"max-video-preview:-1"},"canonical":"https:\/\/ap-hotelsresorts.com\/pt-pt\/quinta-sao-sebastiao\/","og_locale":"pt_PT","og_type":"article","og_title":"Quinta de S\u00e3o Sebasti\u00e3o recebe Operadores Tur\u00edsticos do Brasil","og_description":"Cerca de duas dezenas de operadores tur\u00edsticos brasileiros, ligados \u00e0 empresa DIVERSA, representada pelo gerente-geral, Charles Frakben, visitaram Portugal na passada semana, tendo terminado o seu percurso, no passado dia 4 de dezembro, na Quinta de S\u00e3o Sebasti\u00e3o, onde foram recebidos pelo propriet\u00e1rio e chairman do grupo Madre, Ant\u00f3nio Parente e pelo diretor-geral do grupo AP Hotels & Resorts Emanuel Freitas.","og_url":"https:\/\/ap-hotelsresorts.com\/pt-pt\/quinta-sao-sebastiao\/","og_site_name":"AP HOTELS &amp; RESORTS .","article_publisher":"https:\/\/www.facebook.com\/aphotelsresorts","article_published_time":"2022-12-13T09:21:39+00:00","article_modified_time":"2022-12-13T09:42:51+00:00","og_image":[{"width":1024,"height":576,"url":"https:\/\/ap-hotelsresorts.com\/wp-content\/uploads\/2022\/12\/operadores-turisticos-brasileiros.jpeg","type":"image\/jpeg"}],"twitter_card":"summary_large_image","twitter_creator":"@ApHotels","twitter_site":"@ApHotels","twitter_misc":{"Escrito por":"marketing ap","Tempo estimado de leitura":"1 minuto"},"schema":{"@context":"https:\/\/schema.org","@graph":[{"@type":"Organization","@id":"https:\/\/ap-hotelsresorts.com\/#organization","name":"AP HOTELS & RESORTS","url":"https:\/\/ap-hotelsresorts.com\/","sameAs":["https:\/\/www.facebook.com\/aphotelsresorts","https:\/\/www.instagram.com\/aphotelsresorts\/","https:\/\/www.linkedin.com\/company\/ap-hotels-and-resorts","https:\/\/www.youtube.com\/channel\/UCSmwGBz36kx2XALzeVAlKEg","https:\/\/twitter.com\/ApHotels"],"logo":{"@type":"ImageObject","@id":"https:\/\/ap-hotelsresorts.com\/#logo","inLanguage":"pt-PT","url":"https:\/\/ap-hotelsresorts.com\/wp-content\/uploads\/2021\/03\/logo-1.png","contentUrl":"https:\/\/ap-hotelsresorts.com\/wp-content\/uploads\/2021\/03\/logo-1.png","width":"3915","height":"1388","caption":"AP HOTELS & RESORTS"},"image":{"@id":"https:\/\/ap-hotelsresorts.com\/#logo"}},{"@type":"WebSite","@id":"https:\/\/ap-hotelsresorts.com\/#website","url":"https:\/\/ap-hotelsresorts.com\/","name":"AP HOTELS &amp; RESORTS .","description":"Albufeira . Faro . Portim\u00e3o . Tavira . Algarve","publisher":{"@id":"https:\/\/ap-hotelsresorts.com\/#organization"},"potentialAction":[{"@type":"SearchAction","target":{"@type":"EntryPoint","urlTemplate":"https:\/\/ap-hotelsresorts.com\/?s={search_term_string}"},"query-input":"required name=search_term_string"}],"inLanguage":"pt-PT"},{"@type":"ImageObject","@id":"https:\/\/ap-hotelsresorts.com\/pt-pt\/quinta-sao-sebastiao\/#primaryimage","inLanguage":"pt-PT","url":"https:\/\/ap-hotelsresorts.com\/wp-content\/uploads\/2022\/12\/operadores-turisticos-brasileiros.jpeg","contentUrl":"https:\/\/ap-hotelsresorts.com\/wp-content\/uploads\/2022\/12\/operadores-turisticos-brasileiros.jpeg","width":1024,"height":576},{"@type":"WebPage","@id":"https:\/\/ap-hotelsresorts.com\/pt-pt\/quinta-sao-sebastiao\/#webpage","url":"https:\/\/ap-hotelsresorts.com\/pt-pt\/quinta-sao-sebastiao\/","name":"Quinta de S\u00e3o Sebasti\u00e3o recebe Operadores Tur\u00edsticos do Brasil","isPartOf":{"@id":"https:\/\/ap-hotelsresorts.com\/#website"},"primaryImageOfPage":{"@id":"https:\/\/ap-hotelsresorts.com\/pt-pt\/quinta-sao-sebastiao\/#primaryimage"},"datePublished":"2022-12-13T09:21:39+00:00","dateModified":"2022-12-13T09:42:51+00:00","description":"Cerca de duas dezenas de operadores tur\u00edsticos brasileiros, ligados \u00e0 empresa DIVERSA, representada pelo gerente-geral, Charles Frakben, visitaram Portugal na passada semana, tendo terminado o seu percurso, no passado dia 4 de dezembro, na Quinta de S\u00e3o Sebasti\u00e3o, onde foram recebidos pelo propriet\u00e1rio e chairman do grupo Madre, Ant\u00f3nio Parente e pelo diretor-geral do grupo AP Hotels & Resorts Emanuel Freitas.","breadcrumb":{"@id":"https:\/\/ap-hotelsresorts.com\/pt-pt\/quinta-sao-sebastiao\/#breadcrumb"},"inLanguage":"pt-PT","potentialAction":[{"@type":"ReadAction","target":["https:\/\/ap-hotelsresorts.com\/pt-pt\/quinta-sao-sebastiao\/"]}]},{"@type":"BreadcrumbList","@id":"https:\/\/ap-hotelsresorts.com\/pt-pt\/quinta-sao-sebastiao\/#breadcrumb","itemListElement":[{"@type":"ListItem","position":1,"name":"Home","item":"https:\/\/ap-hotelsresorts.com\/pt-pt\/"},{"@type":"ListItem","position":2,"name":"QUINTA DE S\u00c3O SEBASTI\u00c3O RECEBE OPERADORES TUR\u00cdSTICOS BRASILEIROS"}]},{"@type":"Article","@id":"https:\/\/ap-hotelsresorts.com\/pt-pt\/quinta-sao-sebastiao\/#article","isPartOf":{"@id":"https:\/\/ap-hotelsresorts.com\/pt-pt\/quinta-sao-sebastiao\/#webpage"},"author":{"@id":"https:\/\/ap-hotelsresorts.com\/#\/schema\/person\/39ea63a33316ff09e0a075ae0a4bed49"},"headline":"QUINTA DE S\u00c3O SEBASTI\u00c3O RECEBE OPERADORES TUR\u00cdSTICOS BRASILEIROS","datePublished":"2022-12-13T09:21:39+00:00","dateModified":"2022-12-13T09:42:51+00:00","mainEntityOfPage":{"@id":"https:\/\/ap-hotelsresorts.com\/pt-pt\/quinta-sao-sebastiao\/#webpage"},"wordCount":188,"publisher":{"@id":"https:\/\/ap-hotelsresorts.com\/#organization"},"image":{"@id":"https:\/\/ap-hotelsresorts.com\/pt-pt\/quinta-sao-sebastiao\/#primaryimage"},"thumbnailUrl":"https:\/\/ap-hotelsresorts.com\/wp-content\/uploads\/2022\/12\/operadores-turisticos-brasileiros.jpeg","articleSection":["Not\u00edcias"],"inLanguage":"pt-PT"},{"@type":"Person","@id":"https:\/\/ap-hotelsresorts.com\/#\/schema\/person\/39ea63a33316ff09e0a075ae0a4bed49","name":"marketing ap","image":{"@type":"ImageObject","@id":"https:\/\/ap-hotelsresorts.com\/#personlogo","inLanguage":"pt-PT","url":"https:\/\/secure.gravatar.com\/avatar\/80ea62fe6096f55fe36f17f2175dca2f?s=96&d=mm&r=g","contentUrl":"https:\/\/secure.gravatar.com\/avatar\/80ea62fe6096f55fe36f17f2175dca2f?s=96&d=mm&r=g","caption":"marketing ap"}}]}},"_links":{"self":[{"href":"https:\/\/ap-hotelsresorts.com\/pt-pt\/wp-json\/wp\/v2\/posts\/35980"}],"collection":[{"href":"https:\/\/ap-hotelsresorts.com\/pt-pt\/wp-json\/wp\/v2\/posts"}],"about":[{"href":"https:\/\/ap-hotelsresorts.com\/pt-pt\/wp-json\/wp\/v2\/types\/post"}],"author":[{"embeddable":true,"href":"https:\/\/ap-hotelsresorts.com\/pt-pt\/wp-json\/wp\/v2\/users\/11"}],"replies":[{"embeddable":true,"href":"https:\/\/ap-hotelsresorts.com\/pt-pt\/wp-json\/wp\/v2\/comments?post=35980"}],"version-history":[{"count":0,"href":"https:\/\/ap-hotelsresorts.com\/pt-pt\/wp-json\/wp\/v2\/posts\/35980\/revisions"}],"wp:featuredmedia":[{"embeddable":true,"href":"https:\/\/ap-hotelsresorts.com\/pt-pt\/wp-json\/wp\/v2\/media\/35986"}],"wp:attachment":[{"href":"https:\/\/ap-hotelsresorts.com\/pt-pt\/wp-json\/wp\/v2\/media?parent=35980"}],"wp:term":[{"taxonomy":"category","embeddable":true,"href":"https:\/\/ap-hotelsresorts.com\/pt-pt\/wp-json\/wp\/v2\/categories?post=35980"},{"taxonomy":"post_tag","embeddable":true,"href":"https:\/\/ap-hotelsresorts.com\/pt-pt\/wp-json\/wp\/v2\/tags?post=35980"}],"curies":[{"name":"wp","href":"https:\/\/api.w.org\/{rel}","templated":true}]}}