{"id":37425,"date":"2023-04-03T16:53:28","date_gmt":"2023-04-03T16:53:28","guid":{"rendered":"https:\/\/ap-hotelsresorts.com\/?p=37425"},"modified":"2023-04-03T16:53:31","modified_gmt":"2023-04-03T16:53:31","slug":"viana-do-castelo-vive-pascoa-doce-de-2-a-10-de-abril-com-programa-repleto-de-fe-e-animacao","status":"publish","type":"post","link":"https:\/\/ap-hotelsresorts.com\/pt-pt\/viana-do-castelo-vive-pascoa-doce-de-2-a-10-de-abril-com-programa-repleto-de-fe-e-animacao\/","title":{"rendered":"Viana do Castelo vive \u201cP\u00e1scoa Doce\u201d de 2 a 10 de abril com programa repleto de f\u00e9 e anima\u00e7\u00e3o"},"content":{"rendered":"\n<p>Entre os dias 2 e 10 de abril, Viana do Castelo promete cativar vianenses e visitantes com a iniciativa \u201cP\u00e1scoa Doce\u201d. Preparada conjuntamente pela C\u00e2mara Municipal, Diocese de Viana do Castelo e Associa\u00e7\u00e3o Empresarial de Viana do Castelo, a programa\u00e7\u00e3o une o religioso ao profano, conjugando f\u00e9 e devo\u00e7\u00e3o com momentos de lazer e anima\u00e7\u00e3o.<\/p>\n\n\n\n<p><\/p>\n\n\n\n<figure class=\"wp-block-image size-large\"><img decoding=\"async\" loading=\"lazy\" width=\"871\" height=\"1024\" src=\"https:\/\/ap-hotelsresorts.com\/wp-content\/uploads\/2023\/04\/Cartaz-Pascoa-Doce-2023-em-Viana-do-Castelo-871x1024.jpg\" alt=\"Cartaz P\u00e1scoa Doce 2023\" class=\"wp-image-37431\" srcset=\"https:\/\/ap-hotelsresorts.com\/wp-content\/uploads\/2023\/04\/Cartaz-Pascoa-Doce-2023-em-Viana-do-Castelo-871x1024.jpg 871w, https:\/\/ap-hotelsresorts.com\/wp-content\/uploads\/2023\/04\/Cartaz-Pascoa-Doce-2023-em-Viana-do-Castelo-255x300.jpg 255w, https:\/\/ap-hotelsresorts.com\/wp-content\/uploads\/2023\/04\/Cartaz-Pascoa-Doce-2023-em-Viana-do-Castelo-768x903.jpg 768w, https:\/\/ap-hotelsresorts.com\/wp-content\/uploads\/2023\/04\/Cartaz-Pascoa-Doce-2023-em-Viana-do-Castelo-1306x1536.jpg 1306w, https:\/\/ap-hotelsresorts.com\/wp-content\/uploads\/2023\/04\/Cartaz-Pascoa-Doce-2023-em-Viana-do-Castelo-1741x2048.jpg 1741w\" sizes=\"(max-width: 871px) 100vw, 871px\" \/><\/figure>\n\n\n\n<p><\/p>\n\n\n\n<p>Uma das novidades da programa\u00e7\u00e3o deste ano vai para a <strong>Mesa da P\u00e1scoa \u2013 Feira das Iguarias da P\u00e1scoa<\/strong>, que \u00e9 apresentada na Pra\u00e7a da Rep\u00fablica de 5 a 8 de abril, com produtos gastron\u00f3micos associados a esta celebra\u00e7\u00e3o. Assim, dia 5 de abril, a feira funciona das 12h00 \u00e0s 22h00. Depois, de 6 a 8 de abril, esta mostra de iguarias funcionar\u00e1 das 12h00 \u00e0s 00h00, convidando a uma visita ao centro hist\u00f3rico e \u00e0 compra no com\u00e9rcio tradicional.<\/p>\n\n\n\n<p><\/p>\n\n\n\n<p>O Vereador da Cultura do munic\u00edpio, Manuel Vitorino, considerou que o programa \u201cconjuga na perfei\u00e7\u00e3o a componente fundamental da P\u00e1scoa, enquanto festa religiosa, e a componente profana\u201d, que visa celebrar \u201co sentido pleno da festa vivido junto das popula\u00e7\u00f5es e que est\u00e1 enraizado n\u00e3o s\u00f3 na cidade, mas tamb\u00e9m nas freguesias\u201d. Destacou a Mesa da P\u00e1scoa \u2013 Feira das Iguarias da P\u00e1scoa, que pretende \u201cdinamizar o com\u00e9rcio local e os pequenos produtores\u201d e os workshops \u201ca pensar nos mais novos\u201d.<\/p>\n\n\n\n<p><\/p>\n\n\n\n<p>Na semana santa, prop\u00f5e-se um <strong>Roteiro Doce<\/strong>, para que os visitantes vivam nova tradi\u00e7\u00e3o pascal doce, para que em n\u00famero \u00edmpar, qual igreja ou capela, provem os doces e as iguarias das pastelarias vianenses. O Presidente da AEVC, Manuel Cunha J\u00fanior, afirmou que o roteiro integra 25 pastelarias, informando que foi solicitado \u00e0s pastelarias aderentes que \u201cneste per\u00edodo de muitos turistas e de muitos mun\u00edcipes\u201d, dinamizem o neg\u00f3cio \u201ce mantenham as portas abertas para darem a conhecer os seus produtos\u201d, com \u00eanfase na j\u00e1 certificada Torta de Viana\u201d.<\/p>\n\n\n\n<p><\/p>\n\n\n\n<p>O P\u00e1roco da S\u00e9 de Viana, Armando Dias, real\u00e7ou que \u201cvamos fazer esta festa na perspetiva da esperan\u00e7a, que inclui alegria, doces e esperan\u00e7a\u201d, indicando que todas as celebra\u00e7\u00f5es religiosas ser\u00e3o presididas pelo Bispo da Diocese de Viana do Castelo, D. Jo\u00e3o Lavrador. \u201cEste \u00e9 o ano em que regressam em pleno as celebra\u00e7\u00f5es da P\u00e1scoa, voltando ao que era antes da pandemia, com sinais expressivos de ades\u00e3o, de alegria e de esperan\u00e7a\u201d, frisou.<\/p>\n\n\n\n<p><\/p>\n\n\n\n<p>Assim, de 2 a 16 de abril, o piso 1 dos Antigos Pa\u00e7os do Concelho e o Instituto Cat\u00f3lico, situado na Rua da Bandeira, acolhem a exposi\u00e7\u00e3o <strong>\u201cCrux Gloriosa &#8211; Obra incorporada, arte e espiritualidade\u201c<\/strong>.<\/p>\n\n\n\n<p><\/p>\n\n\n\n<p>No dia 2 de abril, domingo, das 10h30 \u00e0s 12h30, o centro hist\u00f3rico vianense recebe <strong>anima\u00e7\u00e3o musical com Grupo de Bombos da Ronda T\u00edpica de Carre\u00e7o<\/strong>. Nesse mesmo dia, pelas 11h00, <strong>arruada com Dixie Band<\/strong>.<\/p>\n\n\n\n<p><\/p>\n\n\n\n<p>O programa religioso inclui, para o Domingo de Ramos, na S\u00e9 Catedral, a Missa da Paix\u00e3o pelas 10h30 e, \u00e0s 15h30, a <strong>Ora\u00e7\u00e3o de V\u00e9spera seguida da Prociss\u00e3o do Senhor dos Passos<\/strong>.<\/p>\n\n\n\n<p><\/p>\n\n\n\n<p>Dia 5 de abril, quarta-feira, a Pra\u00e7a da Rep\u00fablica acolhe o workshop Coelhinho\/Cordeiro\/Cruz, das 11h00 \u00e0s 12h30 e das 15h30 \u00e0s 19h30. Dia 6, a pra\u00e7a rainha recebe o workshop Ovos da P\u00e1scoa tamb\u00e9m das 11h00 \u00e0s 12h30 e das 15h30 \u00e0s 16h30.<\/p>\n\n\n\n<p><\/p>\n\n\n\n<p>Na Quinta-feira Santa, 6 de abril, a S\u00e9 Catedral acolhe a Missa Crismal, pelas 10h00. \u00c0s 19h00, aquele espa\u00e7o religioso \u00e9 palco da <strong>Missa Vespertina da Ceia do Senhor, com Lava-p\u00e9s<\/strong>, apresenta\u00e7\u00e3o das ofertas para os pobres e Prociss\u00e3o do Sant\u00edssimo Sacramento.<\/p>\n\n\n\n<p><\/p>\n\n\n\n<p>Nessa noite, a cidade promove a j\u00e1 tradicional <strong>Visita \u00e0s Capelas<\/strong>, num roteiro religioso por 23 capelas e igrejas de Viana do Castelo. Entre as 20h00 e as 24h00, estar\u00e3o abertas \u00e0 ora\u00e7\u00e3o: S\u00e9 Catedral, Igreja da Miseric\u00f3rdia, Capela de N.\u00aa Sr.\u00aa do Resgate (Rua da Bandeira), Igreja de N.\u00aa Sr.\u00aa da Caridade, Igreja de S\u00e3o Francisco (Ordem Terceira), Capela da Casa da Carreira (C\u00e2mara Municipal), Capela das Almas, Igreja do Semin\u00e1rio do Carmo, Igreja Paroquial de N.\u00aa Sr.\u00aa de F\u00e1tima, Igreja da Sagrada Fam\u00edlia, Capela de St.\u00aa Rita (junto ao Col\u00e9gio do Minho), Capela de N.\u00aa Sr.\u00aa d\u2019Agonia, Capela de S. Roque (junto \u00e0 da Sr.\u00aa d\u2019Agonia), Capela do Carmelo de St.\u00aa Teresinha, Capela do Semin\u00e1rio Diocesano, Capela de N.\u00aa Sr.\u00aa das Candeias (Largo Vasco da Gama), Capela de Santa Catarina e Igreja Paroquial de Monserrate, Capela de N.\u00aa Sr.\u00aa da Concei\u00e7\u00e3o da Rocha (junto \u00e0 Sr.\u00aa d\u2019Agonia), Santu\u00e1rio do Sagrado Cora\u00e7\u00e3o de Jesus-Santa Luzia, Capela do Hospital, Igreja de S\u00e3o Bento. Est\u00e3o ainda dispon\u00edveis para visita a capela do navio-museu Gil Eannes e a capela do Museu de Artes Decorativas.<\/p>\n\n\n\n<p><\/p>\n\n\n\n<p>Nesse mesmo dia, das 10h00 \u00e0s 24h00, o Museu de Artes Decorativas apresenta, no \u00e2mbito das suas exposi\u00e7\u00f5es permanentes, Arte Sacra | Servi\u00e7os de Mesa | Mesa da P\u00e1scoa.<\/p>\n\n\n\n<p><\/p>\n\n\n\n<p>Na Sexta-feira Santa, 7 de abril, \u00e0s 10h00, Of\u00edcio de Leituras e Laudes \u2013 S\u00e9 Catedral (a cargo do Semin\u00e1rio Diocesano). \u00c0s 15h00, Celebra\u00e7\u00e3o da Paix\u00e3o do Senhor e, \u00e0s 21h00, <strong>Via-Sacra na Cidade<\/strong>, com sa\u00edda do Santu\u00e1rio de Nossa Senhora da Agonia, a terminar na S\u00e9 Catedral.<\/p>\n\n\n\n<p><\/p>\n\n\n\n<p>No programa de lazer, nessa sexta-feira a Pra\u00e7a da Rep\u00fablica \u00e9 palco do workshop Ovos da P\u00e1scoa, das 17h00 \u00e0s 19h00. S\u00e1bado, das 16h00 \u00e0s 19h00, a principal pra\u00e7a da cidade acolhe o mesmo workshop.<\/p>\n\n\n\n<p><\/p>\n\n\n\n<p>A 8 de abril, \u00e0s 11h00, a Porta Mexia Galv\u00e3o acolhe ainda um <strong>concerto pela Orquestra Ligeira da ZEPAM<\/strong>, \u00e0s 11h00. \u00c0s 17h00, <strong>a Igreja da Miseric\u00f3rdia acolhe Mater Dolorosa<\/strong>.<\/p>\n\n\n\n<p><\/p>\n\n\n\n<p>As <strong>Queimas de Judas<\/strong> s\u00e3o j\u00e1 tradi\u00e7\u00e3o no concelho vianense e, nesse s\u00e1bado, as mesmas est\u00e3o agendadas para as 12h00, em Monserrate, 22h30 em Deocriste e 23h00 no Largo das Neves. No domingo de P\u00e1scoa, a C\u00e2mara Municipal de Viana do Castelo abre as portas ao Compasso Pascal. J\u00e1 a S\u00e9 Catedral tem eucaristia marcada para as 9h30, 11h00 e 18h00. O programa encerra na Segunda-feira de P\u00e1scoa, 10 de abril, com a P\u00e1scoa a Tr\u00eas no Largo das Neves, pelas 12h30.<\/p>\n","protected":false},"excerpt":{"rendered":"<p>Entre os dias 2 e 10 de abril, Viana do Castelo promete cativar vianenses e visitantes com a iniciativa \u201cP\u00e1scoa Doce\u201d. Preparada conjuntamente pela C\u00e2mara Municipal, Diocese de Viana do Castelo e Associa\u00e7\u00e3o Empresarial de Viana do Castelo, a programa\u00e7\u00e3o [&hellip;]<\/p>\n","protected":false},"author":11,"featured_media":37426,"comment_status":"closed","ping_status":"closed","sticky":false,"template":"","format":"standard","meta":[],"categories":[392],"tags":[],"yoast_head":"<!-- This site is optimized with the Yoast SEO plugin v18.1 - https:\/\/yoast.com\/wordpress\/plugins\/seo\/ -->\n<title>Viana do Castelo vive \u201cP\u00e1scoa Doce\u201d de 2 a 10 de abril com programa repleto de f\u00e9 e anima\u00e7\u00e3o - AP HOTELS &amp; RESORTS .<\/title>\n<meta name=\"robots\" content=\"index, follow, max-snippet:-1, max-image-preview:large, max-video-preview:-1\" \/>\n<link rel=\"canonical\" href=\"https:\/\/ap-hotelsresorts.com\/pt-pt\/viana-do-castelo-vive-pascoa-doce-de-2-a-10-de-abril-com-programa-repleto-de-fe-e-animacao\/\" \/>\n<meta property=\"og:locale\" content=\"pt_PT\" \/>\n<meta property=\"og:type\" content=\"article\" \/>\n<meta property=\"og:title\" content=\"Viana do Castelo vive \u201cP\u00e1scoa Doce\u201d de 2 a 10 de abril com programa repleto de f\u00e9 e anima\u00e7\u00e3o - AP HOTELS &amp; RESORTS .\" \/>\n<meta property=\"og:description\" content=\"Entre os dias 2 e 10 de abril, Viana do Castelo promete cativar vianenses e visitantes com a iniciativa \u201cP\u00e1scoa Doce\u201d. Preparada conjuntamente pela C\u00e2mara Municipal, Diocese de Viana do Castelo e Associa\u00e7\u00e3o Empresarial de Viana do Castelo, a programa\u00e7\u00e3o [&hellip;]\" \/>\n<meta property=\"og:url\" content=\"https:\/\/ap-hotelsresorts.com\/pt-pt\/viana-do-castelo-vive-pascoa-doce-de-2-a-10-de-abril-com-programa-repleto-de-fe-e-animacao\/\" \/>\n<meta property=\"og:site_name\" content=\"AP HOTELS &amp; RESORTS .\" \/>\n<meta property=\"article:publisher\" content=\"https:\/\/www.facebook.com\/aphotelsresorts\" \/>\n<meta property=\"article:published_time\" content=\"2023-04-03T16:53:28+00:00\" \/>\n<meta property=\"article:modified_time\" content=\"2023-04-03T16:53:31+00:00\" \/>\n<meta property=\"og:image\" content=\"https:\/\/ap-hotelsresorts.com\/wp-content\/uploads\/2023\/04\/Pascoa-Doce-em-Viana-do-Castelo-scaled.jpg\" \/>\n\t<meta property=\"og:image:width\" content=\"2560\" \/>\n\t<meta property=\"og:image:height\" content=\"1981\" \/>\n\t<meta property=\"og:image:type\" content=\"image\/jpeg\" \/>\n<meta name=\"twitter:card\" content=\"summary_large_image\" \/>\n<meta name=\"twitter:creator\" content=\"@ApHotels\" \/>\n<meta name=\"twitter:site\" content=\"@ApHotels\" \/>\n<meta name=\"twitter:label1\" content=\"Escrito por\" \/>\n\t<meta name=\"twitter:data1\" content=\"marketing ap\" \/>\n\t<meta name=\"twitter:label2\" content=\"Tempo estimado de leitura\" \/>\n\t<meta name=\"twitter:data2\" content=\"5 minutos\" \/>\n<script type=\"application\/ld+json\" class=\"yoast-schema-graph\">{\"@context\":\"https:\/\/schema.org\",\"@graph\":[{\"@type\":\"Organization\",\"@id\":\"https:\/\/ap-hotelsresorts.com\/#organization\",\"name\":\"AP HOTELS & RESORTS\",\"url\":\"https:\/\/ap-hotelsresorts.com\/\",\"sameAs\":[\"https:\/\/www.facebook.com\/aphotelsresorts\",\"https:\/\/www.instagram.com\/aphotelsresorts\/\",\"https:\/\/www.linkedin.com\/company\/ap-hotels-and-resorts\",\"https:\/\/www.youtube.com\/channel\/UCSmwGBz36kx2XALzeVAlKEg\",\"https:\/\/twitter.com\/ApHotels\"],\"logo\":{\"@type\":\"ImageObject\",\"@id\":\"https:\/\/ap-hotelsresorts.com\/#logo\",\"inLanguage\":\"pt-PT\",\"url\":\"https:\/\/ap-hotelsresorts.com\/wp-content\/uploads\/2021\/03\/logo-1.png\",\"contentUrl\":\"https:\/\/ap-hotelsresorts.com\/wp-content\/uploads\/2021\/03\/logo-1.png\",\"width\":\"3915\",\"height\":\"1388\",\"caption\":\"AP HOTELS & RESORTS\"},\"image\":{\"@id\":\"https:\/\/ap-hotelsresorts.com\/#logo\"}},{\"@type\":\"WebSite\",\"@id\":\"https:\/\/ap-hotelsresorts.com\/#website\",\"url\":\"https:\/\/ap-hotelsresorts.com\/\",\"name\":\"AP HOTELS &amp; RESORTS .\",\"description\":\"Albufeira . Faro . Portim\u00e3o . Tavira . Algarve\",\"publisher\":{\"@id\":\"https:\/\/ap-hotelsresorts.com\/#organization\"},\"potentialAction\":[{\"@type\":\"SearchAction\",\"target\":{\"@type\":\"EntryPoint\",\"urlTemplate\":\"https:\/\/ap-hotelsresorts.com\/?s={search_term_string}\"},\"query-input\":\"required name=search_term_string\"}],\"inLanguage\":\"pt-PT\"},{\"@type\":\"ImageObject\",\"@id\":\"https:\/\/ap-hotelsresorts.com\/pt-pt\/viana-do-castelo-vive-pascoa-doce-de-2-a-10-de-abril-com-programa-repleto-de-fe-e-animacao\/#primaryimage\",\"inLanguage\":\"pt-PT\",\"url\":\"https:\/\/ap-hotelsresorts.com\/wp-content\/uploads\/2023\/04\/Pascoa-Doce-em-Viana-do-Castelo-scaled.jpg\",\"contentUrl\":\"https:\/\/ap-hotelsresorts.com\/wp-content\/uploads\/2023\/04\/Pascoa-Doce-em-Viana-do-Castelo-scaled.jpg\",\"width\":2560,\"height\":1981,\"caption\":\"Tr\u00eas homens a falar para v\u00e1rios microfones em Viana do Castelo\"},{\"@type\":\"WebPage\",\"@id\":\"https:\/\/ap-hotelsresorts.com\/pt-pt\/viana-do-castelo-vive-pascoa-doce-de-2-a-10-de-abril-com-programa-repleto-de-fe-e-animacao\/#webpage\",\"url\":\"https:\/\/ap-hotelsresorts.com\/pt-pt\/viana-do-castelo-vive-pascoa-doce-de-2-a-10-de-abril-com-programa-repleto-de-fe-e-animacao\/\",\"name\":\"Viana do Castelo vive \u201cP\u00e1scoa Doce\u201d de 2 a 10 de abril com programa repleto de f\u00e9 e anima\u00e7\u00e3o - AP HOTELS &amp; RESORTS .\",\"isPartOf\":{\"@id\":\"https:\/\/ap-hotelsresorts.com\/#website\"},\"primaryImageOfPage\":{\"@id\":\"https:\/\/ap-hotelsresorts.com\/pt-pt\/viana-do-castelo-vive-pascoa-doce-de-2-a-10-de-abril-com-programa-repleto-de-fe-e-animacao\/#primaryimage\"},\"datePublished\":\"2023-04-03T16:53:28+00:00\",\"dateModified\":\"2023-04-03T16:53:31+00:00\",\"breadcrumb\":{\"@id\":\"https:\/\/ap-hotelsresorts.com\/pt-pt\/viana-do-castelo-vive-pascoa-doce-de-2-a-10-de-abril-com-programa-repleto-de-fe-e-animacao\/#breadcrumb\"},\"inLanguage\":\"pt-PT\",\"potentialAction\":[{\"@type\":\"ReadAction\",\"target\":[\"https:\/\/ap-hotelsresorts.com\/pt-pt\/viana-do-castelo-vive-pascoa-doce-de-2-a-10-de-abril-com-programa-repleto-de-fe-e-animacao\/\"]}]},{\"@type\":\"BreadcrumbList\",\"@id\":\"https:\/\/ap-hotelsresorts.com\/pt-pt\/viana-do-castelo-vive-pascoa-doce-de-2-a-10-de-abril-com-programa-repleto-de-fe-e-animacao\/#breadcrumb\",\"itemListElement\":[{\"@type\":\"ListItem\",\"position\":1,\"name\":\"Home\",\"item\":\"https:\/\/ap-hotelsresorts.com\/pt-pt\/\"},{\"@type\":\"ListItem\",\"position\":2,\"name\":\"Viana do Castelo vive \u201cP\u00e1scoa Doce\u201d de 2 a 10 de abril com programa repleto de f\u00e9 e anima\u00e7\u00e3o\"}]},{\"@type\":\"Article\",\"@id\":\"https:\/\/ap-hotelsresorts.com\/pt-pt\/viana-do-castelo-vive-pascoa-doce-de-2-a-10-de-abril-com-programa-repleto-de-fe-e-animacao\/#article\",\"isPartOf\":{\"@id\":\"https:\/\/ap-hotelsresorts.com\/pt-pt\/viana-do-castelo-vive-pascoa-doce-de-2-a-10-de-abril-com-programa-repleto-de-fe-e-animacao\/#webpage\"},\"author\":{\"@id\":\"https:\/\/ap-hotelsresorts.com\/#\/schema\/person\/39ea63a33316ff09e0a075ae0a4bed49\"},\"headline\":\"Viana do Castelo vive \u201cP\u00e1scoa Doce\u201d de 2 a 10 de abril com programa repleto de f\u00e9 e anima\u00e7\u00e3o\",\"datePublished\":\"2023-04-03T16:53:28+00:00\",\"dateModified\":\"2023-04-03T16:53:31+00:00\",\"mainEntityOfPage\":{\"@id\":\"https:\/\/ap-hotelsresorts.com\/pt-pt\/viana-do-castelo-vive-pascoa-doce-de-2-a-10-de-abril-com-programa-repleto-de-fe-e-animacao\/#webpage\"},\"wordCount\":1066,\"publisher\":{\"@id\":\"https:\/\/ap-hotelsresorts.com\/#organization\"},\"image\":{\"@id\":\"https:\/\/ap-hotelsresorts.com\/pt-pt\/viana-do-castelo-vive-pascoa-doce-de-2-a-10-de-abril-com-programa-repleto-de-fe-e-animacao\/#primaryimage\"},\"thumbnailUrl\":\"https:\/\/ap-hotelsresorts.com\/wp-content\/uploads\/2023\/04\/Pascoa-Doce-em-Viana-do-Castelo-scaled.jpg\",\"articleSection\":[\"Not\u00edcias\"],\"inLanguage\":\"pt-PT\"},{\"@type\":\"Person\",\"@id\":\"https:\/\/ap-hotelsresorts.com\/#\/schema\/person\/39ea63a33316ff09e0a075ae0a4bed49\",\"name\":\"marketing ap\",\"image\":{\"@type\":\"ImageObject\",\"@id\":\"https:\/\/ap-hotelsresorts.com\/#personlogo\",\"inLanguage\":\"pt-PT\",\"url\":\"https:\/\/secure.gravatar.com\/avatar\/80ea62fe6096f55fe36f17f2175dca2f?s=96&d=mm&r=g\",\"contentUrl\":\"https:\/\/secure.gravatar.com\/avatar\/80ea62fe6096f55fe36f17f2175dca2f?s=96&d=mm&r=g\",\"caption\":\"marketing ap\"}}]}<\/script>\n<!-- \/ Yoast SEO plugin. -->","yoast_head_json":{"title":"Viana do Castelo vive \u201cP\u00e1scoa Doce\u201d de 2 a 10 de abril com programa repleto de f\u00e9 e anima\u00e7\u00e3o - AP HOTELS &amp; RESORTS .","robots":{"index":"index","follow":"follow","max-snippet":"max-snippet:-1","max-image-preview":"max-image-preview:large","max-video-preview":"max-video-preview:-1"},"canonical":"https:\/\/ap-hotelsresorts.com\/pt-pt\/viana-do-castelo-vive-pascoa-doce-de-2-a-10-de-abril-com-programa-repleto-de-fe-e-animacao\/","og_locale":"pt_PT","og_type":"article","og_title":"Viana do Castelo vive \u201cP\u00e1scoa Doce\u201d de 2 a 10 de abril com programa repleto de f\u00e9 e anima\u00e7\u00e3o - AP HOTELS &amp; RESORTS .","og_description":"Entre os dias 2 e 10 de abril, Viana do Castelo promete cativar vianenses e visitantes com a iniciativa \u201cP\u00e1scoa Doce\u201d. Preparada conjuntamente pela C\u00e2mara Municipal, Diocese de Viana do Castelo e Associa\u00e7\u00e3o Empresarial de Viana do Castelo, a programa\u00e7\u00e3o [&hellip;]","og_url":"https:\/\/ap-hotelsresorts.com\/pt-pt\/viana-do-castelo-vive-pascoa-doce-de-2-a-10-de-abril-com-programa-repleto-de-fe-e-animacao\/","og_site_name":"AP HOTELS &amp; RESORTS .","article_publisher":"https:\/\/www.facebook.com\/aphotelsresorts","article_published_time":"2023-04-03T16:53:28+00:00","article_modified_time":"2023-04-03T16:53:31+00:00","og_image":[{"width":2560,"height":1981,"url":"https:\/\/ap-hotelsresorts.com\/wp-content\/uploads\/2023\/04\/Pascoa-Doce-em-Viana-do-Castelo-scaled.jpg","type":"image\/jpeg"}],"twitter_card":"summary_large_image","twitter_creator":"@ApHotels","twitter_site":"@ApHotels","twitter_misc":{"Escrito por":"marketing ap","Tempo estimado de leitura":"5 minutos"},"schema":{"@context":"https:\/\/schema.org","@graph":[{"@type":"Organization","@id":"https:\/\/ap-hotelsresorts.com\/#organization","name":"AP HOTELS & RESORTS","url":"https:\/\/ap-hotelsresorts.com\/","sameAs":["https:\/\/www.facebook.com\/aphotelsresorts","https:\/\/www.instagram.com\/aphotelsresorts\/","https:\/\/www.linkedin.com\/company\/ap-hotels-and-resorts","https:\/\/www.youtube.com\/channel\/UCSmwGBz36kx2XALzeVAlKEg","https:\/\/twitter.com\/ApHotels"],"logo":{"@type":"ImageObject","@id":"https:\/\/ap-hotelsresorts.com\/#logo","inLanguage":"pt-PT","url":"https:\/\/ap-hotelsresorts.com\/wp-content\/uploads\/2021\/03\/logo-1.png","contentUrl":"https:\/\/ap-hotelsresorts.com\/wp-content\/uploads\/2021\/03\/logo-1.png","width":"3915","height":"1388","caption":"AP HOTELS & RESORTS"},"image":{"@id":"https:\/\/ap-hotelsresorts.com\/#logo"}},{"@type":"WebSite","@id":"https:\/\/ap-hotelsresorts.com\/#website","url":"https:\/\/ap-hotelsresorts.com\/","name":"AP HOTELS &amp; RESORTS .","description":"Albufeira . Faro . Portim\u00e3o . Tavira . Algarve","publisher":{"@id":"https:\/\/ap-hotelsresorts.com\/#organization"},"potentialAction":[{"@type":"SearchAction","target":{"@type":"EntryPoint","urlTemplate":"https:\/\/ap-hotelsresorts.com\/?s={search_term_string}"},"query-input":"required name=search_term_string"}],"inLanguage":"pt-PT"},{"@type":"ImageObject","@id":"https:\/\/ap-hotelsresorts.com\/pt-pt\/viana-do-castelo-vive-pascoa-doce-de-2-a-10-de-abril-com-programa-repleto-de-fe-e-animacao\/#primaryimage","inLanguage":"pt-PT","url":"https:\/\/ap-hotelsresorts.com\/wp-content\/uploads\/2023\/04\/Pascoa-Doce-em-Viana-do-Castelo-scaled.jpg","contentUrl":"https:\/\/ap-hotelsresorts.com\/wp-content\/uploads\/2023\/04\/Pascoa-Doce-em-Viana-do-Castelo-scaled.jpg","width":2560,"height":1981,"caption":"Tr\u00eas homens a falar para v\u00e1rios microfones em Viana do Castelo"},{"@type":"WebPage","@id":"https:\/\/ap-hotelsresorts.com\/pt-pt\/viana-do-castelo-vive-pascoa-doce-de-2-a-10-de-abril-com-programa-repleto-de-fe-e-animacao\/#webpage","url":"https:\/\/ap-hotelsresorts.com\/pt-pt\/viana-do-castelo-vive-pascoa-doce-de-2-a-10-de-abril-com-programa-repleto-de-fe-e-animacao\/","name":"Viana do Castelo vive \u201cP\u00e1scoa Doce\u201d de 2 a 10 de abril com programa repleto de f\u00e9 e anima\u00e7\u00e3o - AP HOTELS &amp; RESORTS .","isPartOf":{"@id":"https:\/\/ap-hotelsresorts.com\/#website"},"primaryImageOfPage":{"@id":"https:\/\/ap-hotelsresorts.com\/pt-pt\/viana-do-castelo-vive-pascoa-doce-de-2-a-10-de-abril-com-programa-repleto-de-fe-e-animacao\/#primaryimage"},"datePublished":"2023-04-03T16:53:28+00:00","dateModified":"2023-04-03T16:53:31+00:00","breadcrumb":{"@id":"https:\/\/ap-hotelsresorts.com\/pt-pt\/viana-do-castelo-vive-pascoa-doce-de-2-a-10-de-abril-com-programa-repleto-de-fe-e-animacao\/#breadcrumb"},"inLanguage":"pt-PT","potentialAction":[{"@type":"ReadAction","target":["https:\/\/ap-hotelsresorts.com\/pt-pt\/viana-do-castelo-vive-pascoa-doce-de-2-a-10-de-abril-com-programa-repleto-de-fe-e-animacao\/"]}]},{"@type":"BreadcrumbList","@id":"https:\/\/ap-hotelsresorts.com\/pt-pt\/viana-do-castelo-vive-pascoa-doce-de-2-a-10-de-abril-com-programa-repleto-de-fe-e-animacao\/#breadcrumb","itemListElement":[{"@type":"ListItem","position":1,"name":"Home","item":"https:\/\/ap-hotelsresorts.com\/pt-pt\/"},{"@type":"ListItem","position":2,"name":"Viana do Castelo vive \u201cP\u00e1scoa Doce\u201d de 2 a 10 de abril com programa repleto de f\u00e9 e anima\u00e7\u00e3o"}]},{"@type":"Article","@id":"https:\/\/ap-hotelsresorts.com\/pt-pt\/viana-do-castelo-vive-pascoa-doce-de-2-a-10-de-abril-com-programa-repleto-de-fe-e-animacao\/#article","isPartOf":{"@id":"https:\/\/ap-hotelsresorts.com\/pt-pt\/viana-do-castelo-vive-pascoa-doce-de-2-a-10-de-abril-com-programa-repleto-de-fe-e-animacao\/#webpage"},"author":{"@id":"https:\/\/ap-hotelsresorts.com\/#\/schema\/person\/39ea63a33316ff09e0a075ae0a4bed49"},"headline":"Viana do Castelo vive \u201cP\u00e1scoa Doce\u201d de 2 a 10 de abril com programa repleto de f\u00e9 e anima\u00e7\u00e3o","datePublished":"2023-04-03T16:53:28+00:00","dateModified":"2023-04-03T16:53:31+00:00","mainEntityOfPage":{"@id":"https:\/\/ap-hotelsresorts.com\/pt-pt\/viana-do-castelo-vive-pascoa-doce-de-2-a-10-de-abril-com-programa-repleto-de-fe-e-animacao\/#webpage"},"wordCount":1066,"publisher":{"@id":"https:\/\/ap-hotelsresorts.com\/#organization"},"image":{"@id":"https:\/\/ap-hotelsresorts.com\/pt-pt\/viana-do-castelo-vive-pascoa-doce-de-2-a-10-de-abril-com-programa-repleto-de-fe-e-animacao\/#primaryimage"},"thumbnailUrl":"https:\/\/ap-hotelsresorts.com\/wp-content\/uploads\/2023\/04\/Pascoa-Doce-em-Viana-do-Castelo-scaled.jpg","articleSection":["Not\u00edcias"],"inLanguage":"pt-PT"},{"@type":"Person","@id":"https:\/\/ap-hotelsresorts.com\/#\/schema\/person\/39ea63a33316ff09e0a075ae0a4bed49","name":"marketing ap","image":{"@type":"ImageObject","@id":"https:\/\/ap-hotelsresorts.com\/#personlogo","inLanguage":"pt-PT","url":"https:\/\/secure.gravatar.com\/avatar\/80ea62fe6096f55fe36f17f2175dca2f?s=96&d=mm&r=g","contentUrl":"https:\/\/secure.gravatar.com\/avatar\/80ea62fe6096f55fe36f17f2175dca2f?s=96&d=mm&r=g","caption":"marketing ap"}}]}},"_links":{"self":[{"href":"https:\/\/ap-hotelsresorts.com\/pt-pt\/wp-json\/wp\/v2\/posts\/37425"}],"collection":[{"href":"https:\/\/ap-hotelsresorts.com\/pt-pt\/wp-json\/wp\/v2\/posts"}],"about":[{"href":"https:\/\/ap-hotelsresorts.com\/pt-pt\/wp-json\/wp\/v2\/types\/post"}],"author":[{"embeddable":true,"href":"https:\/\/ap-hotelsresorts.com\/pt-pt\/wp-json\/wp\/v2\/users\/11"}],"replies":[{"embeddable":true,"href":"https:\/\/ap-hotelsresorts.com\/pt-pt\/wp-json\/wp\/v2\/comments?post=37425"}],"version-history":[{"count":0,"href":"https:\/\/ap-hotelsresorts.com\/pt-pt\/wp-json\/wp\/v2\/posts\/37425\/revisions"}],"wp:featuredmedia":[{"embeddable":true,"href":"https:\/\/ap-hotelsresorts.com\/pt-pt\/wp-json\/wp\/v2\/media\/37426"}],"wp:attachment":[{"href":"https:\/\/ap-hotelsresorts.com\/pt-pt\/wp-json\/wp\/v2\/media?parent=37425"}],"wp:term":[{"taxonomy":"category","embeddable":true,"href":"https:\/\/ap-hotelsresorts.com\/pt-pt\/wp-json\/wp\/v2\/categories?post=37425"},{"taxonomy":"post_tag","embeddable":true,"href":"https:\/\/ap-hotelsresorts.com\/pt-pt\/wp-json\/wp\/v2\/tags?post=37425"}],"curies":[{"name":"wp","href":"https:\/\/api.w.org\/{rel}","templated":true}]}}