{"id":40915,"date":"2023-04-11T11:06:34","date_gmt":"2023-04-11T11:06:34","guid":{"rendered":"https:\/\/ap-hotelsresorts.com\/?p=40915"},"modified":"2023-06-07T11:07:55","modified_gmt":"2023-06-07T11:07:55","slug":"farense-comemora-aniversario-no-ap-eva-senses","status":"publish","type":"post","link":"https:\/\/ap-hotelsresorts.com\/pt-pt\/farense-comemora-aniversario-no-ap-eva-senses\/","title":{"rendered":"Farense comemora anivers\u00e1rio no AP Eva Senses"},"content":{"rendered":"<p>O Sporting Club Farense comemorou o seu 113\u00ba anivers\u00e1rio com um jantar no Restaurante Harune, do AP Eva Senses, com a participa\u00e7\u00e3o de muitas dezenas de personalidades, que esgotaram a sala.<\/p>\n<p>&nbsp;<\/p>\n<p>No final do jantar, muito animado, foi homenageada a equipa de futebol que venceu a 2\u00aa divis\u00e3o nacional na \u00e9poca de 82\/83, celebrando desta forma os 40 anos desta conquista.<\/p>\n<p>&nbsp;<\/p>\n<p>O presidente do Farense, Jo\u00e3o Rodrigues, com Crist\u00f3v\u00e3o Norte, Rui Gomes e Ant\u00f3nio Correia, representaram o clube da cidade de Faro, assinalando mais um anivers\u00e1rio da institui\u00e7\u00e3o que honra a cidade e a que o AP Eva Senses est\u00e1 intimamente ligado, sendo um dos patrocinadores da primeira equipa de futebol, que luta este ano pela subida \u00e0 divis\u00e3o principal do futebol portugu\u00eas.<\/p>\n","protected":false},"excerpt":{"rendered":"<p>O Sporting Club Farense comemorou o seu 113\u00ba anivers\u00e1rio com um jantar no Restaurante Harune, do AP Eva Senses, com a participa\u00e7\u00e3o de muitas dezenas de personalidades, que esgotaram a sala. &nbsp; No final do jantar, muito animado, foi homenageada [&hellip;]<\/p>\n","protected":false},"author":11,"featured_media":40912,"comment_status":"closed","ping_status":"closed","sticky":false,"template":"","format":"standard","meta":[],"categories":[392],"tags":[],"yoast_head":"<!-- This site is optimized with the Yoast SEO plugin v18.1 - https:\/\/yoast.com\/wordpress\/plugins\/seo\/ -->\n<title>Farense comemora anivers\u00e1rio no AP Eva Senses - AP HOTELS &amp; RESORTS .<\/title>\n<meta name=\"robots\" content=\"index, follow, max-snippet:-1, max-image-preview:large, max-video-preview:-1\" \/>\n<link rel=\"canonical\" href=\"https:\/\/ap-hotelsresorts.com\/pt-pt\/farense-comemora-aniversario-no-ap-eva-senses\/\" \/>\n<meta property=\"og:locale\" content=\"pt_PT\" \/>\n<meta property=\"og:type\" content=\"article\" \/>\n<meta property=\"og:title\" content=\"Farense comemora anivers\u00e1rio no AP Eva Senses - AP HOTELS &amp; RESORTS .\" \/>\n<meta property=\"og:description\" content=\"O Sporting Club Farense comemorou o seu 113\u00ba anivers\u00e1rio com um jantar no Restaurante Harune, do AP Eva Senses, com a participa\u00e7\u00e3o de muitas dezenas de personalidades, que esgotaram a sala. &nbsp; No final do jantar, muito animado, foi homenageada [&hellip;]\" \/>\n<meta property=\"og:url\" content=\"https:\/\/ap-hotelsresorts.com\/pt-pt\/farense-comemora-aniversario-no-ap-eva-senses\/\" \/>\n<meta property=\"og:site_name\" content=\"AP HOTELS &amp; RESORTS .\" \/>\n<meta property=\"article:publisher\" content=\"https:\/\/www.facebook.com\/aphotelsresorts\" \/>\n<meta property=\"article:published_time\" content=\"2023-04-11T11:06:34+00:00\" \/>\n<meta property=\"article:modified_time\" content=\"2023-06-07T11:07:55+00:00\" \/>\n<meta property=\"og:image\" content=\"https:\/\/ap-hotelsresorts.com\/wp-content\/uploads\/2023\/06\/farense.jpg\" \/>\n\t<meta property=\"og:image:width\" content=\"1875\" \/>\n\t<meta property=\"og:image:height\" content=\"1250\" \/>\n\t<meta property=\"og:image:type\" content=\"image\/jpeg\" \/>\n<meta name=\"twitter:card\" content=\"summary_large_image\" \/>\n<meta name=\"twitter:creator\" content=\"@ApHotels\" \/>\n<meta name=\"twitter:site\" content=\"@ApHotels\" \/>\n<meta name=\"twitter:label1\" content=\"Escrito por\" \/>\n\t<meta name=\"twitter:data1\" content=\"marketing ap\" \/>\n\t<meta name=\"twitter:label2\" content=\"Tempo estimado de leitura\" \/>\n\t<meta name=\"twitter:data2\" content=\"1 minuto\" \/>\n<script type=\"application\/ld+json\" class=\"yoast-schema-graph\">{\"@context\":\"https:\/\/schema.org\",\"@graph\":[{\"@type\":\"Organization\",\"@id\":\"https:\/\/ap-hotelsresorts.com\/#organization\",\"name\":\"AP HOTELS & RESORTS\",\"url\":\"https:\/\/ap-hotelsresorts.com\/\",\"sameAs\":[\"https:\/\/www.facebook.com\/aphotelsresorts\",\"https:\/\/www.instagram.com\/aphotelsresorts\/\",\"https:\/\/www.linkedin.com\/company\/ap-hotels-and-resorts\",\"https:\/\/www.youtube.com\/channel\/UCSmwGBz36kx2XALzeVAlKEg\",\"https:\/\/twitter.com\/ApHotels\"],\"logo\":{\"@type\":\"ImageObject\",\"@id\":\"https:\/\/ap-hotelsresorts.com\/#logo\",\"inLanguage\":\"pt-PT\",\"url\":\"https:\/\/ap-hotelsresorts.com\/wp-content\/uploads\/2021\/03\/logo-1.png\",\"contentUrl\":\"https:\/\/ap-hotelsresorts.com\/wp-content\/uploads\/2021\/03\/logo-1.png\",\"width\":\"3915\",\"height\":\"1388\",\"caption\":\"AP HOTELS & RESORTS\"},\"image\":{\"@id\":\"https:\/\/ap-hotelsresorts.com\/#logo\"}},{\"@type\":\"WebSite\",\"@id\":\"https:\/\/ap-hotelsresorts.com\/#website\",\"url\":\"https:\/\/ap-hotelsresorts.com\/\",\"name\":\"AP HOTELS &amp; RESORTS .\",\"description\":\"Albufeira . Faro . Portim\u00e3o . Tavira . Algarve\",\"publisher\":{\"@id\":\"https:\/\/ap-hotelsresorts.com\/#organization\"},\"potentialAction\":[{\"@type\":\"SearchAction\",\"target\":{\"@type\":\"EntryPoint\",\"urlTemplate\":\"https:\/\/ap-hotelsresorts.com\/?s={search_term_string}\"},\"query-input\":\"required name=search_term_string\"}],\"inLanguage\":\"pt-PT\"},{\"@type\":\"ImageObject\",\"@id\":\"https:\/\/ap-hotelsresorts.com\/pt-pt\/farense-comemora-aniversario-no-ap-eva-senses\/#primaryimage\",\"inLanguage\":\"pt-PT\",\"url\":\"https:\/\/ap-hotelsresorts.com\/wp-content\/uploads\/2023\/06\/farense.jpg\",\"contentUrl\":\"https:\/\/ap-hotelsresorts.com\/wp-content\/uploads\/2023\/06\/farense.jpg\",\"width\":1875,\"height\":1250},{\"@type\":\"WebPage\",\"@id\":\"https:\/\/ap-hotelsresorts.com\/pt-pt\/farense-comemora-aniversario-no-ap-eva-senses\/#webpage\",\"url\":\"https:\/\/ap-hotelsresorts.com\/pt-pt\/farense-comemora-aniversario-no-ap-eva-senses\/\",\"name\":\"Farense comemora anivers\u00e1rio no AP Eva Senses - AP HOTELS &amp; RESORTS .\",\"isPartOf\":{\"@id\":\"https:\/\/ap-hotelsresorts.com\/#website\"},\"primaryImageOfPage\":{\"@id\":\"https:\/\/ap-hotelsresorts.com\/pt-pt\/farense-comemora-aniversario-no-ap-eva-senses\/#primaryimage\"},\"datePublished\":\"2023-04-11T11:06:34+00:00\",\"dateModified\":\"2023-06-07T11:07:55+00:00\",\"breadcrumb\":{\"@id\":\"https:\/\/ap-hotelsresorts.com\/pt-pt\/farense-comemora-aniversario-no-ap-eva-senses\/#breadcrumb\"},\"inLanguage\":\"pt-PT\",\"potentialAction\":[{\"@type\":\"ReadAction\",\"target\":[\"https:\/\/ap-hotelsresorts.com\/pt-pt\/farense-comemora-aniversario-no-ap-eva-senses\/\"]}]},{\"@type\":\"BreadcrumbList\",\"@id\":\"https:\/\/ap-hotelsresorts.com\/pt-pt\/farense-comemora-aniversario-no-ap-eva-senses\/#breadcrumb\",\"itemListElement\":[{\"@type\":\"ListItem\",\"position\":1,\"name\":\"Home\",\"item\":\"https:\/\/ap-hotelsresorts.com\/pt-pt\/\"},{\"@type\":\"ListItem\",\"position\":2,\"name\":\"Farense comemora anivers\u00e1rio no AP Eva Senses\"}]},{\"@type\":\"Article\",\"@id\":\"https:\/\/ap-hotelsresorts.com\/pt-pt\/farense-comemora-aniversario-no-ap-eva-senses\/#article\",\"isPartOf\":{\"@id\":\"https:\/\/ap-hotelsresorts.com\/pt-pt\/farense-comemora-aniversario-no-ap-eva-senses\/#webpage\"},\"author\":{\"@id\":\"https:\/\/ap-hotelsresorts.com\/#\/schema\/person\/39ea63a33316ff09e0a075ae0a4bed49\"},\"headline\":\"Farense comemora anivers\u00e1rio no AP Eva Senses\",\"datePublished\":\"2023-04-11T11:06:34+00:00\",\"dateModified\":\"2023-06-07T11:07:55+00:00\",\"mainEntityOfPage\":{\"@id\":\"https:\/\/ap-hotelsresorts.com\/pt-pt\/farense-comemora-aniversario-no-ap-eva-senses\/#webpage\"},\"wordCount\":139,\"publisher\":{\"@id\":\"https:\/\/ap-hotelsresorts.com\/#organization\"},\"image\":{\"@id\":\"https:\/\/ap-hotelsresorts.com\/pt-pt\/farense-comemora-aniversario-no-ap-eva-senses\/#primaryimage\"},\"thumbnailUrl\":\"https:\/\/ap-hotelsresorts.com\/wp-content\/uploads\/2023\/06\/farense.jpg\",\"articleSection\":[\"Not\u00edcias\"],\"inLanguage\":\"pt-PT\"},{\"@type\":\"Person\",\"@id\":\"https:\/\/ap-hotelsresorts.com\/#\/schema\/person\/39ea63a33316ff09e0a075ae0a4bed49\",\"name\":\"marketing ap\",\"image\":{\"@type\":\"ImageObject\",\"@id\":\"https:\/\/ap-hotelsresorts.com\/#personlogo\",\"inLanguage\":\"pt-PT\",\"url\":\"https:\/\/secure.gravatar.com\/avatar\/80ea62fe6096f55fe36f17f2175dca2f?s=96&d=mm&r=g\",\"contentUrl\":\"https:\/\/secure.gravatar.com\/avatar\/80ea62fe6096f55fe36f17f2175dca2f?s=96&d=mm&r=g\",\"caption\":\"marketing ap\"}}]}<\/script>\n<!-- \/ Yoast SEO plugin. -->","yoast_head_json":{"title":"Farense comemora anivers\u00e1rio no AP Eva Senses - AP HOTELS &amp; RESORTS .","robots":{"index":"index","follow":"follow","max-snippet":"max-snippet:-1","max-image-preview":"max-image-preview:large","max-video-preview":"max-video-preview:-1"},"canonical":"https:\/\/ap-hotelsresorts.com\/pt-pt\/farense-comemora-aniversario-no-ap-eva-senses\/","og_locale":"pt_PT","og_type":"article","og_title":"Farense comemora anivers\u00e1rio no AP Eva Senses - AP HOTELS &amp; RESORTS .","og_description":"O Sporting Club Farense comemorou o seu 113\u00ba anivers\u00e1rio com um jantar no Restaurante Harune, do AP Eva Senses, com a participa\u00e7\u00e3o de muitas dezenas de personalidades, que esgotaram a sala. &nbsp; No final do jantar, muito animado, foi homenageada [&hellip;]","og_url":"https:\/\/ap-hotelsresorts.com\/pt-pt\/farense-comemora-aniversario-no-ap-eva-senses\/","og_site_name":"AP HOTELS &amp; RESORTS .","article_publisher":"https:\/\/www.facebook.com\/aphotelsresorts","article_published_time":"2023-04-11T11:06:34+00:00","article_modified_time":"2023-06-07T11:07:55+00:00","og_image":[{"width":1875,"height":1250,"url":"https:\/\/ap-hotelsresorts.com\/wp-content\/uploads\/2023\/06\/farense.jpg","type":"image\/jpeg"}],"twitter_card":"summary_large_image","twitter_creator":"@ApHotels","twitter_site":"@ApHotels","twitter_misc":{"Escrito por":"marketing ap","Tempo estimado de leitura":"1 minuto"},"schema":{"@context":"https:\/\/schema.org","@graph":[{"@type":"Organization","@id":"https:\/\/ap-hotelsresorts.com\/#organization","name":"AP HOTELS & RESORTS","url":"https:\/\/ap-hotelsresorts.com\/","sameAs":["https:\/\/www.facebook.com\/aphotelsresorts","https:\/\/www.instagram.com\/aphotelsresorts\/","https:\/\/www.linkedin.com\/company\/ap-hotels-and-resorts","https:\/\/www.youtube.com\/channel\/UCSmwGBz36kx2XALzeVAlKEg","https:\/\/twitter.com\/ApHotels"],"logo":{"@type":"ImageObject","@id":"https:\/\/ap-hotelsresorts.com\/#logo","inLanguage":"pt-PT","url":"https:\/\/ap-hotelsresorts.com\/wp-content\/uploads\/2021\/03\/logo-1.png","contentUrl":"https:\/\/ap-hotelsresorts.com\/wp-content\/uploads\/2021\/03\/logo-1.png","width":"3915","height":"1388","caption":"AP HOTELS & RESORTS"},"image":{"@id":"https:\/\/ap-hotelsresorts.com\/#logo"}},{"@type":"WebSite","@id":"https:\/\/ap-hotelsresorts.com\/#website","url":"https:\/\/ap-hotelsresorts.com\/","name":"AP HOTELS &amp; RESORTS .","description":"Albufeira . Faro . Portim\u00e3o . Tavira . Algarve","publisher":{"@id":"https:\/\/ap-hotelsresorts.com\/#organization"},"potentialAction":[{"@type":"SearchAction","target":{"@type":"EntryPoint","urlTemplate":"https:\/\/ap-hotelsresorts.com\/?s={search_term_string}"},"query-input":"required name=search_term_string"}],"inLanguage":"pt-PT"},{"@type":"ImageObject","@id":"https:\/\/ap-hotelsresorts.com\/pt-pt\/farense-comemora-aniversario-no-ap-eva-senses\/#primaryimage","inLanguage":"pt-PT","url":"https:\/\/ap-hotelsresorts.com\/wp-content\/uploads\/2023\/06\/farense.jpg","contentUrl":"https:\/\/ap-hotelsresorts.com\/wp-content\/uploads\/2023\/06\/farense.jpg","width":1875,"height":1250},{"@type":"WebPage","@id":"https:\/\/ap-hotelsresorts.com\/pt-pt\/farense-comemora-aniversario-no-ap-eva-senses\/#webpage","url":"https:\/\/ap-hotelsresorts.com\/pt-pt\/farense-comemora-aniversario-no-ap-eva-senses\/","name":"Farense comemora anivers\u00e1rio no AP Eva Senses - AP HOTELS &amp; RESORTS .","isPartOf":{"@id":"https:\/\/ap-hotelsresorts.com\/#website"},"primaryImageOfPage":{"@id":"https:\/\/ap-hotelsresorts.com\/pt-pt\/farense-comemora-aniversario-no-ap-eva-senses\/#primaryimage"},"datePublished":"2023-04-11T11:06:34+00:00","dateModified":"2023-06-07T11:07:55+00:00","breadcrumb":{"@id":"https:\/\/ap-hotelsresorts.com\/pt-pt\/farense-comemora-aniversario-no-ap-eva-senses\/#breadcrumb"},"inLanguage":"pt-PT","potentialAction":[{"@type":"ReadAction","target":["https:\/\/ap-hotelsresorts.com\/pt-pt\/farense-comemora-aniversario-no-ap-eva-senses\/"]}]},{"@type":"BreadcrumbList","@id":"https:\/\/ap-hotelsresorts.com\/pt-pt\/farense-comemora-aniversario-no-ap-eva-senses\/#breadcrumb","itemListElement":[{"@type":"ListItem","position":1,"name":"Home","item":"https:\/\/ap-hotelsresorts.com\/pt-pt\/"},{"@type":"ListItem","position":2,"name":"Farense comemora anivers\u00e1rio no AP Eva Senses"}]},{"@type":"Article","@id":"https:\/\/ap-hotelsresorts.com\/pt-pt\/farense-comemora-aniversario-no-ap-eva-senses\/#article","isPartOf":{"@id":"https:\/\/ap-hotelsresorts.com\/pt-pt\/farense-comemora-aniversario-no-ap-eva-senses\/#webpage"},"author":{"@id":"https:\/\/ap-hotelsresorts.com\/#\/schema\/person\/39ea63a33316ff09e0a075ae0a4bed49"},"headline":"Farense comemora anivers\u00e1rio no AP Eva Senses","datePublished":"2023-04-11T11:06:34+00:00","dateModified":"2023-06-07T11:07:55+00:00","mainEntityOfPage":{"@id":"https:\/\/ap-hotelsresorts.com\/pt-pt\/farense-comemora-aniversario-no-ap-eva-senses\/#webpage"},"wordCount":139,"publisher":{"@id":"https:\/\/ap-hotelsresorts.com\/#organization"},"image":{"@id":"https:\/\/ap-hotelsresorts.com\/pt-pt\/farense-comemora-aniversario-no-ap-eva-senses\/#primaryimage"},"thumbnailUrl":"https:\/\/ap-hotelsresorts.com\/wp-content\/uploads\/2023\/06\/farense.jpg","articleSection":["Not\u00edcias"],"inLanguage":"pt-PT"},{"@type":"Person","@id":"https:\/\/ap-hotelsresorts.com\/#\/schema\/person\/39ea63a33316ff09e0a075ae0a4bed49","name":"marketing ap","image":{"@type":"ImageObject","@id":"https:\/\/ap-hotelsresorts.com\/#personlogo","inLanguage":"pt-PT","url":"https:\/\/secure.gravatar.com\/avatar\/80ea62fe6096f55fe36f17f2175dca2f?s=96&d=mm&r=g","contentUrl":"https:\/\/secure.gravatar.com\/avatar\/80ea62fe6096f55fe36f17f2175dca2f?s=96&d=mm&r=g","caption":"marketing ap"}}]}},"_links":{"self":[{"href":"https:\/\/ap-hotelsresorts.com\/pt-pt\/wp-json\/wp\/v2\/posts\/40915"}],"collection":[{"href":"https:\/\/ap-hotelsresorts.com\/pt-pt\/wp-json\/wp\/v2\/posts"}],"about":[{"href":"https:\/\/ap-hotelsresorts.com\/pt-pt\/wp-json\/wp\/v2\/types\/post"}],"author":[{"embeddable":true,"href":"https:\/\/ap-hotelsresorts.com\/pt-pt\/wp-json\/wp\/v2\/users\/11"}],"replies":[{"embeddable":true,"href":"https:\/\/ap-hotelsresorts.com\/pt-pt\/wp-json\/wp\/v2\/comments?post=40915"}],"version-history":[{"count":0,"href":"https:\/\/ap-hotelsresorts.com\/pt-pt\/wp-json\/wp\/v2\/posts\/40915\/revisions"}],"wp:featuredmedia":[{"embeddable":true,"href":"https:\/\/ap-hotelsresorts.com\/pt-pt\/wp-json\/wp\/v2\/media\/40912"}],"wp:attachment":[{"href":"https:\/\/ap-hotelsresorts.com\/pt-pt\/wp-json\/wp\/v2\/media?parent=40915"}],"wp:term":[{"taxonomy":"category","embeddable":true,"href":"https:\/\/ap-hotelsresorts.com\/pt-pt\/wp-json\/wp\/v2\/categories?post=40915"},{"taxonomy":"post_tag","embeddable":true,"href":"https:\/\/ap-hotelsresorts.com\/pt-pt\/wp-json\/wp\/v2\/tags?post=40915"}],"curies":[{"name":"wp","href":"https:\/\/api.w.org\/{rel}","templated":true}]}}