{"id":41323,"date":"2023-06-19T12:38:28","date_gmt":"2023-06-19T12:38:28","guid":{"rendered":"https:\/\/ap-hotelsresorts.com\/?p=41323"},"modified":"2023-11-14T09:09:11","modified_gmt":"2023-11-14T09:09:11","slug":"festas-e-romarias-em-viana-do-castelo","status":"publish","type":"post","link":"https:\/\/ap-hotelsresorts.com\/pt-pt\/festas-e-romarias-em-viana-do-castelo\/","title":{"rendered":"Festas e Romarias em Viana do Castelo"},"content":{"rendered":"<p>Viana do Castelo \u00e9 uma das cidades de Portugal com <strong>grande liga\u00e7\u00e3o \u00e0 religi\u00e3o<\/strong>.<\/p>\n<p>&nbsp;<\/p>\n<p>Exemplo disso, \u00e9 o <strong>Santu\u00e1rio do Monte de Santa Luzia<\/strong>, uma das maiores obras religiosas do nosso pa\u00eds e que foi constru\u00edda na cidade minhota.<\/p>\n<p>&nbsp;<\/p>\n<p>Al\u00e9m do Santu\u00e1rio do Monte de Santa Luzia, s\u00e3o v\u00e1rias as <span style=\"text-decoration: underline;\"><a href=\"https:\/\/donaaninhas.com\/pt-pt\/igrejas-em-viana-do-castelo\/\" target=\"_blank\" rel=\"noopener\">igrejas, catedrais, capelas e templos espalhados por Viana do Castelo<\/a><\/span>, dedicadas a exaltar a religi\u00e3o.<\/p>\n<p>&nbsp;<\/p>\n<p>Mas, a dedica\u00e7\u00e3o dos vianenses \u00e0 religi\u00e3o e ao cristianismo, n\u00e3o se limita \u00e0s igrejas e templos.<\/p>\n<p>&nbsp;<\/p>\n<p>Todos os anos, h\u00e1 v\u00e1rias <strong>festas e romarias em Viana do Castelo<\/strong> que enaltecem elementos religiosos e prestam homenagem a figuras ic\u00f3nicas do cristianismo.<\/p>\n<p>&nbsp;<\/p>\n<p>Ao longo do ano, acontecem as seguintes festas e romarias na cidade do Alto Minho:<\/p>\n<p>&nbsp;<\/p>\n<ul>\n<li><a href=\"#festa-da-nossa-senhora-da-agonia\"><u>Festa da Nossa Senhora da Agonia<\/u><\/a><\/li>\n<li><a href=\"#festas-das-rosas-em-vila-franca-do-lima\"><u>Festa das Rosas em Vila Franca do Lima<\/u><\/a><\/li>\n<li><a href=\"#festa-da-santa-cruz-e-andores-floridos-em-alvaraes\"><u>Festa da Santa Cruz e Andores Floridos em Alvar\u00e3es<\/u><\/a><\/li>\n<li><a href=\"#romaria-em-honra-de-nossa-senhora-da-encarna\u00e7\u00e3o-em-vila-mou\"><u>Romaria em Honra de Nossa Senhora da Encarna\u00e7\u00e3o, em Vila Mou<\/u><\/a><\/li>\n<li><a href=\"#festa-da-meadela\"><u>Festa da Meadela<\/u><\/a><\/li>\n<li><a href=\"#romaria-de-santa-maria-de-portuzelo\"><u>Romaria de Santa Marta de Portuzelo<\/u><\/a><\/li>\n<li><a href=\"#festa-da-senhora-das-neves-em-barroselas-vila-de-punhe-e-mujaes\"><u>Festa da Senhora das Neves em Barroselas, Vila de Punhe e Muj\u00e3es<\/u><\/a><\/li>\n<li><span style=\"text-decoration: underline;\"><a href=\"#romaria-de-s-bartolomeu-em-ponte-da-barca\">Romaria de S. Bartolomeu em Ponte da Barca<\/a><\/span><\/li>\n<li><span style=\"text-decoration: underline;\"><a href=\"#feiras-novas-em-ponte-de-lima\">Feiras Novas em Ponte de Lima<\/a><\/span><\/li>\n<li><a href=\"#festa-de-sao-joao-novo-em-subportela\"><u>Festa de S\u00e3o Jo\u00e3o Novo em Subportela<\/u><\/a><\/li>\n<li><a href=\"#festas-de-perre-cortejo-tabuleiro-aberto-em-perre\"><u>Festas de Perre \u2013 Cortejo Tabuleiro Aberto em Perre<\/u><\/a><\/li>\n<\/ul>\n<p>&nbsp;<\/p>\n<p>Continue a ler este artigo e conhe\u00e7a cada uma ao pormenor.<\/p>\n<p>&nbsp;<\/p>\n<h2 id=\"festa-da-nossa-senhora-da-agonia\"><strong>Festa da Nossa Senhora da Agonia<\/strong><\/h2>\n<p><strong>\u00a0<\/strong><\/p>\n<p><strong>A<\/strong> <strong>Festa da Nossa Senhora da Agonia<\/strong> <strong>\u00e9 uma das mais antigas e famosas romarias de Portugal<\/strong>.<\/p>\n<p>&nbsp;<\/p>\n<p><a href=\"https:\/\/ap-hotelsresorts.com\/wp-content\/uploads\/2023\/06\/Festa-da-Nossa-Senhora-da-Agonia-em-Viana-do-Castelo.jpg\"><img decoding=\"async\" loading=\"lazy\" class=\"alignnone wp-image-41324 size-medium\" src=\"https:\/\/ap-hotelsresorts.com\/wp-content\/uploads\/2023\/06\/Festa-da-Nossa-Senhora-da-Agonia-em-Viana-do-Castelo-300x200.jpg\" alt=\"Prociss\u00e3o da Nossa Senhora da Agonia a realizar-se em Viana do Castelo junto a uma igreja da cidade\" width=\"300\" height=\"200\" srcset=\"https:\/\/ap-hotelsresorts.com\/wp-content\/uploads\/2023\/06\/Festa-da-Nossa-Senhora-da-Agonia-em-Viana-do-Castelo-300x200.jpg 300w, https:\/\/ap-hotelsresorts.com\/wp-content\/uploads\/2023\/06\/Festa-da-Nossa-Senhora-da-Agonia-em-Viana-do-Castelo-1024x683.jpg 1024w, https:\/\/ap-hotelsresorts.com\/wp-content\/uploads\/2023\/06\/Festa-da-Nossa-Senhora-da-Agonia-em-Viana-do-Castelo-768x512.jpg 768w, https:\/\/ap-hotelsresorts.com\/wp-content\/uploads\/2023\/06\/Festa-da-Nossa-Senhora-da-Agonia-em-Viana-do-Castelo-1536x1024.jpg 1536w, https:\/\/ap-hotelsresorts.com\/wp-content\/uploads\/2023\/06\/Festa-da-Nossa-Senhora-da-Agonia-em-Viana-do-Castelo.jpg 1920w\" sizes=\"(max-width: 300px) 100vw, 300px\" \/><\/a><\/p>\n<p>&nbsp;<\/p>\n<p>Come\u00e7ou em 1823 e, desde ent\u00e3o, realiza-se sempre em Agosto, em Viana do Castelo.<\/p>\n<p>&nbsp;<\/p>\n<p>Esta devo\u00e7\u00e3o \u00e0 nossa senhora da Agonia partiu dos pescadores locais que viam na sua imagem a sua protetora.<\/p>\n<p>&nbsp;<\/p>\n<p>Inicialmente, havia apenas uma missa solene celebrada no dia 20 de Agosto na Sagrada Congrega\u00e7\u00e3o dos Ritos.<\/p>\n<p>&nbsp;<\/p>\n<p>Posteriormente, come\u00e7ou-se a organizar, tamb\u00e9m, um desfile anual do traje.<\/p>\n<p>&nbsp;<\/p>\n<p>J\u00e1, em 1968, realizou-se a primeira Prociss\u00e3o ao Mar, momento em que <strong>dezenas de pescadores levam a imagem da padroeira ao mar e ao rio nas suas embarca\u00e7\u00f5es de pesca<\/strong>. Momento esse que se tornou uma tradi\u00e7\u00e3o anual.<\/p>\n<p>&nbsp;<\/p>\n<p>Desta forma, come\u00e7ava, assim, a nascer a Festa da Nossa Senhora da Agonia nos moldes em que hoje acontece.<\/p>\n<p>&nbsp;<\/p>\n<p>Ao longo dos anos, foram sendo acrescentados v\u00e1rios momentos e atividades de homenagem \u00e0 Nossa Senhora da Agonia, at\u00e9 que as festas tiveram de ser prolongadas por mais dias al\u00e9m do 20 de Agosto para incluir tudo na programa\u00e7\u00e3o.<\/p>\n<p>&nbsp;<\/p>\n<p>Atualmente, a festa da Nossa Senhora da Agonia <strong>decorre durante nove dias<\/strong> na cidade de Viana do Castelo.<\/p>\n<p>&nbsp;<\/p>\n<p>Ao longo dos nove dias, <strong>h\u00e1 diversos desfiles<\/strong> com cabe\u00e7udos, gigantones, grupos de bombos, carros aleg\u00f3ricos e uma grande variedade de <strong>trajes regionais<\/strong> de onde se destacam as pe\u00e7as em ouro que as mulheres carregam.<\/p>\n<p>&nbsp;<\/p>\n<p><a href=\"https:\/\/ap-hotelsresorts.com\/wp-content\/uploads\/2023\/06\/Desfile-da-Mordomia-em-Viana-do-Castelo.jpg\"><img decoding=\"async\" loading=\"lazy\" class=\"alignnone wp-image-41329 size-medium\" src=\"https:\/\/ap-hotelsresorts.com\/wp-content\/uploads\/2023\/06\/Desfile-da-Mordomia-em-Viana-do-Castelo-300x200.jpg\" alt=\"Desfile com trajes regionais de Viana do Castelo\" width=\"300\" height=\"200\" srcset=\"https:\/\/ap-hotelsresorts.com\/wp-content\/uploads\/2023\/06\/Desfile-da-Mordomia-em-Viana-do-Castelo-300x200.jpg 300w, https:\/\/ap-hotelsresorts.com\/wp-content\/uploads\/2023\/06\/Desfile-da-Mordomia-em-Viana-do-Castelo-1024x683.jpg 1024w, https:\/\/ap-hotelsresorts.com\/wp-content\/uploads\/2023\/06\/Desfile-da-Mordomia-em-Viana-do-Castelo-768x512.jpg 768w, https:\/\/ap-hotelsresorts.com\/wp-content\/uploads\/2023\/06\/Desfile-da-Mordomia-em-Viana-do-Castelo-1536x1024.jpg 1536w, https:\/\/ap-hotelsresorts.com\/wp-content\/uploads\/2023\/06\/Desfile-da-Mordomia-em-Viana-do-Castelo.jpg 1920w\" sizes=\"(max-width: 300px) 100vw, 300px\" \/><\/a><\/p>\n<p>&nbsp;<\/p>\n<p>Em 2024, a festa inicia a <strong>14 de Agosto<\/strong> com <strong>espet\u00e1culos musicais na Pra\u00e7a da Liberdade<\/strong> e <strong>prolonga-se at\u00e9 dia 22 de Agosto<\/strong>.<\/p>\n<p>&nbsp;<\/p>\n<p>Nos dias <strong>15 e 16 de Agosto<\/strong> acontecem, respetivamente, o <strong>festival de Folclore<\/strong> e a <strong>Festa do Traje<\/strong> inserido na sua programa\u00e7\u00e3o.<\/p>\n<p>&nbsp;<\/p>\n<p>Por sua vez, dia <strong>17 de Agosto<\/strong> est\u00e1 agendado a primeira <strong>alvorada festiva e o tradicional Desfile da Mordomia<\/strong>.<\/p>\n<p>&nbsp;<\/p>\n<p>A <strong>18 de Agosto<\/strong> est\u00e1 programado a tradicional <strong>Prociss\u00e3o Solene<\/strong> e a <strong>19 de Agosto<\/strong> o <strong>Cortejo Hist\u00f3rico-Etnogr\u00e1fico<\/strong>. Na noite de 19, tamb\u00e9m acontece a <strong>confe\u00e7\u00e3o dos Tapetes Floridos<\/strong>.<\/p>\n<p>&nbsp;<\/p>\n<p>Por fim, no dia <strong>20 de Agosto<\/strong> acontece a referida <strong>Prociss\u00e3o ao mar<\/strong> e no dia <strong>22 de Agosto<\/strong>, a romaria encerra com uma tradicional <strong>serenata no Rio Lima<\/strong>.<\/p>\n<p>&nbsp;<\/p>\n<p>Se ficou com curiosidade de participar nesta festa religiosa, pode <a href=\"https:\/\/www.vianafestas.com\/pt\/eventos-e-romarias\/romaria-sra-da-agonia\" target=\"_blank\" rel=\"noopener\">consultar a programa\u00e7\u00e3o completa no site oficial<\/a>.<\/p>\n<p>&nbsp;<\/p>\n<h2 id=\"festas-das-rosas-em-vila-franca-do-lima\"><strong>Festa das Rosas em Vila Franca do Lima<\/strong><\/h2>\n<p><strong>\u00a0<\/strong><\/p>\n<p>E se a Festa da Nossa Senhora da Agonia \u00e9 uma das mais antigas e famosas romarias de Portugal, a <strong>Festa das Rosas em Vila Franca do Lima<\/strong> ainda consegue ser mais antiga.<\/p>\n<p>&nbsp;<\/p>\n<p>Esta festa <strong>j\u00e1 se realiza h\u00e1 400 anos<\/strong> e, hoje, <strong>faz parte do Invent\u00e1rio Nacional do Patrim\u00f3nio Cultural Imaterial<\/strong>.<\/p>\n<p>Acontece, sempre, no <strong>segundo fim-de-semana de Maio<\/strong>, sendo <strong>a primeira do ano do ciclo de festas e romarias de Viana do Castelo<\/strong>.<\/p>\n<p>&nbsp;<\/p>\n<p><a href=\"https:\/\/ap-hotelsresorts.com\/wp-content\/uploads\/2023\/06\/Festa-das-Rosas-em-Vila-Franca-do-Lima.jpg\"><img decoding=\"async\" loading=\"lazy\" class=\"alignnone wp-image-41335 size-medium\" src=\"https:\/\/ap-hotelsresorts.com\/wp-content\/uploads\/2023\/06\/Festa-das-Rosas-em-Vila-Franca-do-Lima-300x200.jpg\" alt=\"Raparigas vestidas com trajes regionais de Viana do Castelo\" width=\"300\" height=\"200\" srcset=\"https:\/\/ap-hotelsresorts.com\/wp-content\/uploads\/2023\/06\/Festa-das-Rosas-em-Vila-Franca-do-Lima-300x200.jpg 300w, https:\/\/ap-hotelsresorts.com\/wp-content\/uploads\/2023\/06\/Festa-das-Rosas-em-Vila-Franca-do-Lima-1024x683.jpg 1024w, https:\/\/ap-hotelsresorts.com\/wp-content\/uploads\/2023\/06\/Festa-das-Rosas-em-Vila-Franca-do-Lima-768x512.jpg 768w, https:\/\/ap-hotelsresorts.com\/wp-content\/uploads\/2023\/06\/Festa-das-Rosas-em-Vila-Franca-do-Lima-1536x1024.jpg 1536w, https:\/\/ap-hotelsresorts.com\/wp-content\/uploads\/2023\/06\/Festa-das-Rosas-em-Vila-Franca-do-Lima.jpg 1920w\" sizes=\"(max-width: 300px) 100vw, 300px\" \/><\/a><\/p>\n<p>&nbsp;<\/p>\n<p>Durante o evento, h\u00e1 v\u00e1rias atividades, desde o <strong>festival de folclore<\/strong>, <strong>concertos de bandas filarm\u00f3nicas<\/strong> e o <strong>desfile dos Cestos Floridos<\/strong>.<\/p>\n<p>&nbsp;<\/p>\n<p>Este desfile \u00e9 a atividade mais esperada do fim-de-semana. Tornou-se uma enorme tradi\u00e7\u00e3o no Alto Minho.<\/p>\n<p>&nbsp;<\/p>\n<p>Esta tradi\u00e7\u00e3o foi iniciada pela Confraria de Nossa Senhora do Ros\u00e1rio. A Confraria foi fundada em 1622 por frades dominicanos que, nos seus estatutos, referiam que as mordomas tinham de levar flores \u00e0 Nossa Senhora nos dias de festa.<\/p>\n<p>&nbsp;<\/p>\n<p>Desde ent\u00e3o, manteve-se a tradi\u00e7\u00e3o do desfile at\u00e9 aos dias de hoje.<\/p>\n<p>&nbsp;<\/p>\n<p>Os cestos s\u00e3o confeccionados com milhares de p\u00e9talas de flores e chegam, mesmo, a pesar mais de 50 quilogramas.<\/p>\n<p>&nbsp;<\/p>\n<p>Durante o desfile, os cestos s\u00e3o levados na cabe\u00e7a por raparigas mordomas que completem 19 anos em Maio.<\/p>\n<p>&nbsp;<\/p>\n<p>No final do desfile, as raparigas mordomas oferecem os cestos \u00e0 Nossa Senhora do Ros\u00e1rio e os mesmos ficam em exposi\u00e7\u00e3o na igreja paroquial da freguesia.<\/p>\n<p>&nbsp;<\/p>\n<p>Tal, torna o desfile ainda mais interessante, pois acaba por haver uma ligeira competi\u00e7\u00e3o entre as mordomas que tentam ter um cesto com flores mais bonitas do que as outras.<\/p>\n<p>&nbsp;<\/p>\n<p>Um desfile e uma festa, sem d\u00favida, a n\u00e3o perder, se estiver de f\u00e9rias em Viana do Castelo no m\u00eas de Maio.<\/p>\n<p>&nbsp;<\/p>\n<h2 id=\"festa-da-santa-cruz-e-andores-floridos-em-alvaraes\"><strong>Festa da Santa Cruz e Andores Floridos em Alvar\u00e3es<\/strong><\/h2>\n<p>&nbsp;<\/p>\n<p><strong>Tamb\u00e9m em Maio acontece a Festa da Santa Cruz e Andores Floridos em Alvar\u00e3es<\/strong>.<\/p>\n<p>&nbsp;<\/p>\n<p>A festa inclui, igualmente, um desfile, mas, neste caso, um pouco diferente do desfile dos cestos que acontece nas Festas das Rosas.<\/p>\n<p>&nbsp;<\/p>\n<p>Para preparar o desfile da Festa da Santa Cruz, <strong>a comunidade une-se para criar belos andores com p\u00e9talas de flores naturais<\/strong> coladas uma a uma com cola feita de \u00e1gua e farinha.<\/p>\n<p>&nbsp;<\/p>\n<p><strong>Os andores s\u00e3o, depois, a figura principal<\/strong> do desfile e, cada um, pesa mais de 500 quilos.<\/p>\n<p>&nbsp;<\/p>\n<p><a href=\"https:\/\/ap-hotelsresorts.com\/wp-content\/uploads\/2023\/06\/Festa-da-Santa-Cruz-e-Andores-Floridos-em-Alvaraes.jpg\"><img decoding=\"async\" loading=\"lazy\" class=\"alignnone wp-image-41340 size-medium\" src=\"https:\/\/ap-hotelsresorts.com\/wp-content\/uploads\/2023\/06\/Festa-da-Santa-Cruz-e-Andores-Floridos-em-Alvaraes-300x200.jpg\" alt=\"Andor com p\u00e9talas de flores naturais a representar os navegadores de Viana do Castelo\" width=\"300\" height=\"200\" srcset=\"https:\/\/ap-hotelsresorts.com\/wp-content\/uploads\/2023\/06\/Festa-da-Santa-Cruz-e-Andores-Floridos-em-Alvaraes-300x200.jpg 300w, https:\/\/ap-hotelsresorts.com\/wp-content\/uploads\/2023\/06\/Festa-da-Santa-Cruz-e-Andores-Floridos-em-Alvaraes-1024x683.jpg 1024w, https:\/\/ap-hotelsresorts.com\/wp-content\/uploads\/2023\/06\/Festa-da-Santa-Cruz-e-Andores-Floridos-em-Alvaraes-768x512.jpg 768w, https:\/\/ap-hotelsresorts.com\/wp-content\/uploads\/2023\/06\/Festa-da-Santa-Cruz-e-Andores-Floridos-em-Alvaraes-1536x1024.jpg 1536w, https:\/\/ap-hotelsresorts.com\/wp-content\/uploads\/2023\/06\/Festa-da-Santa-Cruz-e-Andores-Floridos-em-Alvaraes.jpg 1920w\" sizes=\"(max-width: 300px) 100vw, 300px\" \/><\/a><\/p>\n<p>&nbsp;<\/p>\n<p>Ao longo do desfile, os visitantes desta festa podem ver onze fant\u00e1sticos andores revestidos por p\u00e9talas de flores e catorze cruzes bordadas.<\/p>\n<p>&nbsp;<\/p>\n<p>As p\u00e9talas de flores proporcionam um desfile bastante colorido, o que faz desta festa uma das mais aguardadas do Alto Minho.<\/p>\n<p>&nbsp;<\/p>\n<p>A juntar ao desfile, a programa\u00e7\u00e3o da Festa da Santa Cruz e Andores Floridos em Alvar\u00e3es inclui, tamb\u00e9m, uma <strong>prociss\u00e3o em nome da Senhora do Minho<\/strong>.<\/p>\n<p>&nbsp;<\/p>\n<p>Mais uma excelente atividade para assistir e colocar na sua agenda, se estiver de f\u00e9rias em Viana do Castelo no m\u00eas de Maio.<\/p>\n<p>&nbsp;<\/p>\n<h2 id=\"romaria-em-honra-de-nossa-senhora-da-encarna\u00e7\u00e3o-em-vila-mou\"><strong>Romaria em Honra de Nossa Senhora da Encarna\u00e7\u00e3o, em Vila Mou<\/strong><\/h2>\n<p>&nbsp;<\/p>\n<p>A <strong>Romaria em Honra de Nossa Senhora da Encarna\u00e7\u00e3o, em Vila Mou<\/strong>, \u00e9 uma das maiores romarias do concelho de Viana do Castelo.<\/p>\n<p>&nbsp;<\/p>\n<p><a href=\"https:\/\/ap-hotelsresorts.com\/wp-content\/uploads\/2023\/06\/Arco-Festivo-da-Romaria-em-Honra-de-Nossa-Senhora-da-Encarnacao-em-Vila-Mou.jpg\"><img decoding=\"async\" loading=\"lazy\" class=\"alignnone wp-image-41345 size-medium\" src=\"https:\/\/ap-hotelsresorts.com\/wp-content\/uploads\/2023\/06\/Arco-Festivo-da-Romaria-em-Honra-de-Nossa-Senhora-da-Encarnacao-em-Vila-Mou-300x200.jpg\" alt=\"Arco Festivo ornamentado com flores e localizado em Viana do Castelo\" width=\"300\" height=\"200\" srcset=\"https:\/\/ap-hotelsresorts.com\/wp-content\/uploads\/2023\/06\/Arco-Festivo-da-Romaria-em-Honra-de-Nossa-Senhora-da-Encarnacao-em-Vila-Mou-300x200.jpg 300w, https:\/\/ap-hotelsresorts.com\/wp-content\/uploads\/2023\/06\/Arco-Festivo-da-Romaria-em-Honra-de-Nossa-Senhora-da-Encarnacao-em-Vila-Mou-1024x683.jpg 1024w, https:\/\/ap-hotelsresorts.com\/wp-content\/uploads\/2023\/06\/Arco-Festivo-da-Romaria-em-Honra-de-Nossa-Senhora-da-Encarnacao-em-Vila-Mou-768x512.jpg 768w, https:\/\/ap-hotelsresorts.com\/wp-content\/uploads\/2023\/06\/Arco-Festivo-da-Romaria-em-Honra-de-Nossa-Senhora-da-Encarnacao-em-Vila-Mou-1536x1024.jpg 1536w, https:\/\/ap-hotelsresorts.com\/wp-content\/uploads\/2023\/06\/Arco-Festivo-da-Romaria-em-Honra-de-Nossa-Senhora-da-Encarnacao-em-Vila-Mou.jpg 1920w\" sizes=\"(max-width: 300px) 100vw, 300px\" \/><\/a><\/p>\n<p>&nbsp;<\/p>\n<p>Uma das suas atra\u00e7\u00f5es principais \u00e9 o <strong>Arco Festivo<\/strong>, ex-libris de Vila Mou e ornamentado com flores.<\/p>\n<p>&nbsp;<\/p>\n<p>Durante as festividades, h\u00e1, tamb\u00e9m, um <strong>cortejo de tabuleiros<\/strong> e uma <strong>prociss\u00e3o em nome de Nossa Senhora da Encarna\u00e7\u00e3o <\/strong>que atrai bastantes visitantes \u00e0 vila.<\/p>\n<p>&nbsp;<\/p>\n<p><a href=\"https:\/\/ap-hotelsresorts.com\/wp-content\/uploads\/2023\/06\/Romaria-em-Honra-de-Nossa-Senhora-da-Encarnacao-em-Vila-Mou.jpg\"><img decoding=\"async\" loading=\"lazy\" class=\"alignnone wp-image-41350 size-medium\" src=\"https:\/\/ap-hotelsresorts.com\/wp-content\/uploads\/2023\/06\/Romaria-em-Honra-de-Nossa-Senhora-da-Encarnacao-em-Vila-Mou-300x200.jpg\" alt=\"Romaria em Honra da Nossa Senhora da Encarna\u00e7\u00e3o em Vila Mou\" width=\"300\" height=\"200\" srcset=\"https:\/\/ap-hotelsresorts.com\/wp-content\/uploads\/2023\/06\/Romaria-em-Honra-de-Nossa-Senhora-da-Encarnacao-em-Vila-Mou-300x200.jpg 300w, https:\/\/ap-hotelsresorts.com\/wp-content\/uploads\/2023\/06\/Romaria-em-Honra-de-Nossa-Senhora-da-Encarnacao-em-Vila-Mou-1024x683.jpg 1024w, https:\/\/ap-hotelsresorts.com\/wp-content\/uploads\/2023\/06\/Romaria-em-Honra-de-Nossa-Senhora-da-Encarnacao-em-Vila-Mou-768x512.jpg 768w, https:\/\/ap-hotelsresorts.com\/wp-content\/uploads\/2023\/06\/Romaria-em-Honra-de-Nossa-Senhora-da-Encarnacao-em-Vila-Mou-1536x1024.jpg 1536w, https:\/\/ap-hotelsresorts.com\/wp-content\/uploads\/2023\/06\/Romaria-em-Honra-de-Nossa-Senhora-da-Encarnacao-em-Vila-Mou.jpg 1920w\" sizes=\"(max-width: 300px) 100vw, 300px\" \/><\/a><\/p>\n<p>&nbsp;<\/p>\n<p>Toda a comunidade da vila ajuda na organiza\u00e7\u00e3o desta festa para que a mesma seja uma grandiosa celebra\u00e7\u00e3o da religi\u00e3o crist\u00e3.<\/p>\n<p>&nbsp;<\/p>\n<p>A Romaria em Vila Mou conta, ainda, com <strong>bandas filarm\u00f3nicas<\/strong> e <strong>fogos de artif\u00edcio<\/strong> para animar o p\u00fablico que marca presen\u00e7a nesta festa.<\/p>\n<p>&nbsp;<\/p>\n<p>Visite Viana do Castelo e, consequentemente, Vila Mou durante a Romaria em Honra de Nossa Senhora da Encarna\u00e7\u00e3o e deixe-se contagiar por esta linda festividade.<\/p>\n<p>&nbsp;<\/p>\n<h2 id=\"festa-da-meadela\"><strong>Festa da Meadela<\/strong><\/h2>\n<p>&nbsp;<\/p>\n<p>A <strong>Festa da Meadela<\/strong> \u00e9 mais uma <strong>tradi\u00e7\u00e3o hist\u00f3rica do concelho de Viana do Castelo<\/strong>.<\/p>\n<p>&nbsp;<\/p>\n<p>J\u00e1 <strong>\u00e9 celebrada h\u00e1 cerca de cinquenta anos<\/strong> e \u00e9 uma romaria organizada <strong>em honra de Santa Cristina<\/strong>.<\/p>\n<p>&nbsp;<\/p>\n<p><a href=\"https:\/\/ap-hotelsresorts.com\/wp-content\/uploads\/2023\/06\/Festas-da-Meadela.jpg\"><img decoding=\"async\" loading=\"lazy\" class=\"alignnone wp-image-41355 size-medium\" src=\"https:\/\/ap-hotelsresorts.com\/wp-content\/uploads\/2023\/06\/Festas-da-Meadela-300x200.jpg\" alt=\"Raparigas vestidas com trajes vermelhos regionais de Viana do Castelo\" width=\"300\" height=\"200\" srcset=\"https:\/\/ap-hotelsresorts.com\/wp-content\/uploads\/2023\/06\/Festas-da-Meadela-300x200.jpg 300w, https:\/\/ap-hotelsresorts.com\/wp-content\/uploads\/2023\/06\/Festas-da-Meadela-1024x683.jpg 1024w, https:\/\/ap-hotelsresorts.com\/wp-content\/uploads\/2023\/06\/Festas-da-Meadela-768x512.jpg 768w, https:\/\/ap-hotelsresorts.com\/wp-content\/uploads\/2023\/06\/Festas-da-Meadela-1536x1024.jpg 1536w, https:\/\/ap-hotelsresorts.com\/wp-content\/uploads\/2023\/06\/Festas-da-Meadela.jpg 1920w\" sizes=\"(max-width: 300px) 100vw, 300px\" \/><\/a><\/p>\n<p>&nbsp;<\/p>\n<p>Como muitas outras festas e romarias aqui referidas, a Festa da Meadela inclui, tamb\u00e9m, um <strong>Cortejo<\/strong> e uma <strong>Prociss\u00e3o Solene<\/strong>.<\/p>\n<p>&nbsp;<\/p>\n<p>Mas n\u00e3o se fica apenas por aqui.<\/p>\n<p>&nbsp;<\/p>\n<p>A festa promove, ainda, um <strong>arraial<\/strong>, <strong>feiras francas<\/strong> e um <strong>festival de folclore<\/strong> na sua programa\u00e7\u00e3o.<\/p>\n<p>&nbsp;<\/p>\n<p>E, claro, <strong>fogo-de-artif\u00edcio<\/strong>.<\/p>\n<p>&nbsp;<\/p>\n<p>Portanto, nas festas da Meadela, a anima\u00e7\u00e3o \u00e9 garantida.<\/p>\n<p>&nbsp;<\/p>\n<p>Normalmente, <strong>acontece em Agosto<\/strong> e <strong>antecede a Festa da Nossa Senhora da Agonia<\/strong>.<\/p>\n<p>&nbsp;<\/p>\n<p>Se estiver a planear vir de f\u00e9rias para Viana do Castelo para participar na festa da Nossa Senhora da Agonia, venha uns dias antes e participe tamb\u00e9m nas festas da Meadela.<\/p>\n<p>&nbsp;<\/p>\n<h2 id=\"romaria-de-santa-maria-de-portuzelo\"><strong>Romaria de Santa Marta de Portuzelo<\/strong><\/h2>\n<p>&nbsp;<\/p>\n<p>O m\u00eas de Agosto \u00e9 o m\u00eas mais ativo em Viana do Castelo, no que toca \u00e0s Festas e Romarias.<\/p>\n<p>&nbsp;<\/p>\n<p>Prova disso \u00e9 que, tamb\u00e9m, a <strong>Romaria de Santa Marta de Portuzelo<\/strong> acontece em Agosto. Mais concretamente, no <strong>segundo fim-de-semana de Agosto<\/strong>.<\/p>\n<p>&nbsp;<\/p>\n<p>Esta <strong>\u00e9 uma das poucas romarias portuguesas com dois cortejos<\/strong>, pois tem um na sexta-feira \u00e0 noite e outro no s\u00e1bado \u00e0 tarde.<\/p>\n<p>&nbsp;<\/p>\n<p>Nestes cortejos s\u00e3o encenados exemplos de tradi\u00e7\u00e3o.<\/p>\n<p>&nbsp;<\/p>\n<p>No primeiro cortejo, por exemplo, h\u00e1 o <strong>desfile da \u201cMordomia\u201d<\/strong>, em que as mo\u00e7as se trajam de preto e cobrem o peito de Ouro e desfilam por Viana do Castelo acompanhadas das lavradeiras de vermelho e azul.<\/p>\n<p>&nbsp;<\/p>\n<p><a href=\"https:\/\/ap-hotelsresorts.com\/wp-content\/uploads\/2023\/06\/Desfile-da-Mordomia-na-Romaria-de-Santa-Marta-de-Portuzelo.jpg\"><img decoding=\"async\" loading=\"lazy\" class=\"alignnone wp-image-41361 size-medium\" src=\"https:\/\/ap-hotelsresorts.com\/wp-content\/uploads\/2023\/06\/Desfile-da-Mordomia-na-Romaria-de-Santa-Marta-de-Portuzelo-300x200.jpg\" alt=\"Rapariga trajada de preto e com o peito coberto de ouro a desfilar por Viana do Castelo\" width=\"300\" height=\"200\" srcset=\"https:\/\/ap-hotelsresorts.com\/wp-content\/uploads\/2023\/06\/Desfile-da-Mordomia-na-Romaria-de-Santa-Marta-de-Portuzelo-300x200.jpg 300w, https:\/\/ap-hotelsresorts.com\/wp-content\/uploads\/2023\/06\/Desfile-da-Mordomia-na-Romaria-de-Santa-Marta-de-Portuzelo-1024x683.jpg 1024w, https:\/\/ap-hotelsresorts.com\/wp-content\/uploads\/2023\/06\/Desfile-da-Mordomia-na-Romaria-de-Santa-Marta-de-Portuzelo-768x512.jpg 768w, https:\/\/ap-hotelsresorts.com\/wp-content\/uploads\/2023\/06\/Desfile-da-Mordomia-na-Romaria-de-Santa-Marta-de-Portuzelo-1536x1024.jpg 1536w, https:\/\/ap-hotelsresorts.com\/wp-content\/uploads\/2023\/06\/Desfile-da-Mordomia-na-Romaria-de-Santa-Marta-de-Portuzelo.jpg 1920w\" sizes=\"(max-width: 300px) 100vw, 300px\" \/><\/a><\/p>\n<p>&nbsp;<\/p>\n<p>O peito coberto de ouro serve para simbolizar a antiga riqueza das fam\u00edlias das mo\u00e7as solteiras. Al\u00e9m disso, no desfile, as raparigas levam uma vela votiva na m\u00e3o que, por outro lado, simboliza a sua pureza.<\/p>\n<p>&nbsp;<\/p>\n<p>J\u00e1 no \u00faltimo dia da Romaria de Santa Marta de Portuzelo, h\u00e1 uma <strong>Majestosa Prociss\u00e3o em honra da Padroeira Santa Marta<\/strong>.<\/p>\n<p>&nbsp;<\/p>\n<p><a href=\"https:\/\/ap-hotelsresorts.com\/wp-content\/uploads\/2023\/06\/Procissao-em-honra-da-Padroeira-Santa-Marta.jpg\"><img decoding=\"async\" loading=\"lazy\" class=\"alignnone wp-image-41366 size-medium\" src=\"https:\/\/ap-hotelsresorts.com\/wp-content\/uploads\/2023\/06\/Procissao-em-honra-da-Padroeira-Santa-Marta-300x200.jpg\" alt=\"Prociss\u00e3o nas ruas de Viana do Castelo com v\u00e1rias pessoas a levar a Padroeira Santa Marta\" width=\"300\" height=\"200\" srcset=\"https:\/\/ap-hotelsresorts.com\/wp-content\/uploads\/2023\/06\/Procissao-em-honra-da-Padroeira-Santa-Marta-300x200.jpg 300w, https:\/\/ap-hotelsresorts.com\/wp-content\/uploads\/2023\/06\/Procissao-em-honra-da-Padroeira-Santa-Marta-1024x683.jpg 1024w, https:\/\/ap-hotelsresorts.com\/wp-content\/uploads\/2023\/06\/Procissao-em-honra-da-Padroeira-Santa-Marta-768x512.jpg 768w, https:\/\/ap-hotelsresorts.com\/wp-content\/uploads\/2023\/06\/Procissao-em-honra-da-Padroeira-Santa-Marta-1536x1024.jpg 1536w, https:\/\/ap-hotelsresorts.com\/wp-content\/uploads\/2023\/06\/Procissao-em-honra-da-Padroeira-Santa-Marta.jpg 1920w\" sizes=\"(max-width: 300px) 100vw, 300px\" \/><\/a><\/p>\n<p>&nbsp;<\/p>\n<p>Esta padroeira ganhou enorme culto por ser advogada das parturientes e donas de casa.<\/p>\n<p>&nbsp;<\/p>\n<p>Por esse motivo, durante a Majestosa Prociss\u00e3o, as devotas de Santa Marta apresentam as suas penit\u00eancias.<\/p>\n<p>&nbsp;<\/p>\n<p>Ao longo da prociss\u00e3o, entoam c\u00e2nticos em seu nome enquanto acompanham os andores da Santa. C\u00e2nticos esses com mais de 100 anos de hist\u00f3ria.<\/p>\n<p>&nbsp;<\/p>\n<p>Por seu lado, durante a Prociss\u00e3o, a figura de Santa Marta de Portuzelo transporta no peito as oferendas de promessas feitas ao longo dos anos.<\/p>\n<p>&nbsp;<\/p>\n<p>Normalmente, estas oferendas s\u00e3o ouro.<\/p>\n<p>&nbsp;<\/p>\n<p>Uma festa aut\u00eantica que vale a pena agendar no seu calend\u00e1rio de Agosto. At\u00e9 porque, al\u00e9m dos desfiles e prociss\u00f5es, a Romaria de Santa Marta de Portuzelo apresenta um <strong>Festival de Folclore<\/strong> na noite de s\u00e1bado, com bastante anima\u00e7\u00e3o e m\u00fasica. Festival esse que \u00e9 <strong>o mais antigo encontro folcl\u00f3rico de Portugal<\/strong>.<\/p>\n<p>&nbsp;<\/p>\n<p>A Romaria de Santa Marta de Portuzelo \u00e9 uma das mais completas do Alto Minho e a divers\u00e3o \u00e9 garantida durante todo o fim-de-semana em que decorre.<\/p>\n<p>&nbsp;<\/p>\n<p>N\u00e3o falte a esta grande festa de Viana do Castelo.<\/p>\n<p>&nbsp;<\/p>\n<h2 id=\"festa-da-senhora-das-neves-em-barroselas-vila-de-punhe-e-mujaes\"><strong>Festa da Senhora das Neves em Barroselas, Vila de Punhe e Muj\u00e3es<\/strong><\/h2>\n<p>&nbsp;<\/p>\n<p>Agosto \u00e9 realmente um m\u00eas cheio de festas e romarias em Viana do Castelo.<\/p>\n<p>&nbsp;<\/p>\n<p>Se for de f\u00e9rias para a cidade minhota em Agosto, \u00e9 certo que n\u00e3o lhe vai faltar entretenimento e divers\u00e3o.<\/p>\n<p>&nbsp;<\/p>\n<p>Dizemos isto porque, tamb\u00e9m, a <strong>festa da Senhora das Neves em Barroselas<\/strong> acontece no <strong>primeiro fim-de-semana de Agosto<\/strong>.<\/p>\n<p>&nbsp;<\/p>\n<p><a href=\"https:\/\/ap-hotelsresorts.com\/wp-content\/uploads\/2023\/06\/Festa-da-Senhora-das-Neves-em-Barroselas-Vila-de-Punhe-e-Mujaes.jpg\"><img decoding=\"async\" loading=\"lazy\" class=\"alignnone wp-image-41371 size-medium\" src=\"https:\/\/ap-hotelsresorts.com\/wp-content\/uploads\/2023\/06\/Festa-da-Senhora-das-Neves-em-Barroselas-Vila-de-Punhe-e-Mujaes-300x200.jpg\" alt=\"Prociss\u00e3o em honra da Nossa Senhora das Neves, em Viana do Castelo\" width=\"300\" height=\"200\" srcset=\"https:\/\/ap-hotelsresorts.com\/wp-content\/uploads\/2023\/06\/Festa-da-Senhora-das-Neves-em-Barroselas-Vila-de-Punhe-e-Mujaes-300x200.jpg 300w, https:\/\/ap-hotelsresorts.com\/wp-content\/uploads\/2023\/06\/Festa-da-Senhora-das-Neves-em-Barroselas-Vila-de-Punhe-e-Mujaes-1024x683.jpg 1024w, https:\/\/ap-hotelsresorts.com\/wp-content\/uploads\/2023\/06\/Festa-da-Senhora-das-Neves-em-Barroselas-Vila-de-Punhe-e-Mujaes-768x512.jpg 768w, https:\/\/ap-hotelsresorts.com\/wp-content\/uploads\/2023\/06\/Festa-da-Senhora-das-Neves-em-Barroselas-Vila-de-Punhe-e-Mujaes-1536x1024.jpg 1536w, https:\/\/ap-hotelsresorts.com\/wp-content\/uploads\/2023\/06\/Festa-da-Senhora-das-Neves-em-Barroselas-Vila-de-Punhe-e-Mujaes.jpg 1920w\" sizes=\"(max-width: 300px) 100vw, 300px\" \/><\/a><\/p>\n<p>&nbsp;<\/p>\n<p>Esta \u00e9 uma festa que <strong>acontece desde o s\u00e9culo XVI no Largo das Neves<\/strong> e \u00e9 organizada por tr\u00eas freguesias de Viana do Castelo. S\u00e3o elas as freguesias de Barroselas, Vila de Punhe e Muj\u00e3es.<\/p>\n<p>&nbsp;<\/p>\n<p>O momento mais esperado da festa da Senhora das Neves \u00e9 a <strong>representa\u00e7\u00e3o do famoso Auto Medieval da Floripes<\/strong>, uma pe\u00e7a de teatro medieval.<\/p>\n<p>&nbsp;<\/p>\n<p>A pe\u00e7a encena uma batalha entre crist\u00e3os e turcos, um dos mais antigos modelos do teatro popular.<\/p>\n<p>&nbsp;<\/p>\n<p>Mas, apesar de ser o momento mais esperado, o teatro medieval n\u00e3o \u00e9 a \u00fanica anima\u00e7\u00e3o que consta na programa\u00e7\u00e3o da Festa da Senhora das Neves.<\/p>\n<p>&nbsp;<\/p>\n<p><strong>H\u00e1, ainda, desfiles de grupos de Bombos, desfiles de concertinas, uma prociss\u00e3o em honra da Nossa Senhora das Neves, uma missa campal, um festival internacional de folclore, provas de BTT e concertos de artistas famosos portugueses.<\/strong><\/p>\n<p>&nbsp;<\/p>\n<p>Em 2023, por exemplo, a Festa da Senhora das Neves ir\u00e1 contar com <strong>atua\u00e7\u00f5es da fadista Cuca Roseta e dos Djs Tom Enzy e Kiss Kiss Bang Bang<\/strong>.<\/p>\n<p>&nbsp;<\/p>\n<p>Este ano, a festa decorre entre os dias 3 e 7 de Agosto e a entrada \u00e9 livre. <a href=\"https:\/\/radiogeice.com\/2023\/04\/festas-da-senhora-das-neves-tem-ze-amaro-ou-cuca-roseta-como-destaques\/\" target=\"_blank\" rel=\"noopener\">O cartaz completo est\u00e1 dispon\u00edvel nos canais oficiais<\/a>.<\/p>\n<p>&nbsp;<\/p>\n<p>\u00c9, sem d\u00favida, mais uma festa a n\u00e3o perder em Viana do Castelo no m\u00eas de Agosto.<\/p>\n<p>&nbsp;<\/p>\n<h2 id=\"romaria-de-s-bartolomeu-em-ponte-da-barca\"><strong>Romaria de S. Bartolomeu em Ponte da Barca<\/strong><\/h2>\n<p>&nbsp;<\/p>\n<p>E somamos mais uma Romaria em Agosto.<\/p>\n<p>&nbsp;<\/p>\n<p>Falamos da <strong>Romaria de S. Bartolomeu<\/strong> que acontece na vila de Ponte da Barca, no distrito de Viana do Castelo.<\/p>\n<p>&nbsp;<\/p>\n<p><strong>Ao longo de seis dias<\/strong>, esta festa promove tradi\u00e7\u00f5es, usos e costumes da regi\u00e3o atrav\u00e9s dos seus <strong>espet\u00e1culos de folclore<\/strong>, <strong>Concertinas<\/strong> e de <strong>atividades como os \u201cCantares ao Desafio\u201d,<\/strong> a <strong>Feira das Tasquinhas<\/strong> e do <strong>Artesanato<\/strong>, a <strong>Feira do Linho<\/strong> e os <strong>Jogos Tradicionais<\/strong>.<\/p>\n<p>&nbsp;<\/p>\n<p><a href=\"https:\/\/ap-hotelsresorts.com\/wp-content\/uploads\/2023\/06\/Romaria-de-Sao-bartolomeu.jpg\"><img decoding=\"async\" loading=\"lazy\" class=\"alignnone wp-image-42608 size-medium\" src=\"https:\/\/ap-hotelsresorts.com\/wp-content\/uploads\/2023\/06\/Romaria-de-Sao-bartolomeu-300x200.jpg\" alt=\"V\u00e1rias pessoas nas celebra\u00e7\u00f5es da Romaria de S\u00e3o Bartolomeu\" width=\"300\" height=\"200\" srcset=\"https:\/\/ap-hotelsresorts.com\/wp-content\/uploads\/2023\/06\/Romaria-de-Sao-bartolomeu-300x200.jpg 300w, https:\/\/ap-hotelsresorts.com\/wp-content\/uploads\/2023\/06\/Romaria-de-Sao-bartolomeu-1024x683.jpg 1024w, https:\/\/ap-hotelsresorts.com\/wp-content\/uploads\/2023\/06\/Romaria-de-Sao-bartolomeu-768x512.jpg 768w, https:\/\/ap-hotelsresorts.com\/wp-content\/uploads\/2023\/06\/Romaria-de-Sao-bartolomeu-1536x1024.jpg 1536w, https:\/\/ap-hotelsresorts.com\/wp-content\/uploads\/2023\/06\/Romaria-de-Sao-bartolomeu.jpg 1920w\" sizes=\"(max-width: 300px) 100vw, 300px\" \/><\/a><\/p>\n<p>&nbsp;<\/p>\n<p>No entanto, os dois grandes destaques da Romaria de S. Bartolomeu v\u00e3o para o <strong>desfile das Rusgas<\/strong> e para a <strong>Prociss\u00e3o Solene<\/strong> em honra de S\u00e3o Bartolomeu.<\/p>\n<p>&nbsp;<\/p>\n<p>O Desfile das Rusgas \u00e9 um dos momentos mais esperados, pois \u00e9 o momento em que v\u00e1rios grupos se juntam e dan\u00e7am cantares populares. Ao mesmo tempo, v\u00e3o desfilando pela vila, acompanhados pelas suas concertinas, bombos, cavaquinhos e outros instrumentos tradicionais.<\/p>\n<p>&nbsp;<\/p>\n<p>\u00c9 uma aut\u00eantica anima\u00e7\u00e3o.<\/p>\n<p>&nbsp;<\/p>\n<p>Ao longo do desfile, v\u00e3o-se formando rodas de tocadores e as pessoas dan\u00e7am o vira e cantam \u00e0 desgarrada pelas ruas.<\/p>\n<p>&nbsp;<\/p>\n<p>Por sua vez, a Prociss\u00e3o Solene em honra de S. Bartolomeu \u00e9 respons\u00e1vel por fechar as festividades da Romaria, com todas as freguesias a participarem com os seus santos mais representativos.<\/p>\n<p>&nbsp;<\/p>\n<p>Em 2023, a Romaria <strong>decorre de 19 a 24 de Agosto<\/strong> e \u00e9 uma \u00f3tima oportunidade para visitar Viana do Castelo. Isto porque em algumas das mesmas datas tamb\u00e9m decorre a famosa Festa da Nossa Senhora da Agonia.<\/p>\n<p>&nbsp;<\/p>\n<p>\u00c9 caso para dizer que \u00e9 uma oportunidade dois em um.<\/p>\n<p>&nbsp;<\/p>\n<h2 id=\"feiras-novas-em-ponte-de-lima\"><strong>Feiras Novas em Ponte de Lima<\/strong><\/h2>\n<p>&nbsp;<\/p>\n<p>Em Setembro, na reta final do Ver\u00e3o, na vila de Ponte de Lima, acontece as <strong>Feiras Novas<\/strong>.<\/p>\n<p>&nbsp;<\/p>\n<p>E apesar do nome, <strong>a sua hist\u00f3ria j\u00e1 remonta a tempos long\u00ednquos<\/strong>.<\/p>\n<p>&nbsp;<\/p>\n<p>A origem desta festa teve lugar h\u00e1 muitos s\u00e9culos atr\u00e1s, quando a popula\u00e7\u00e3o de Ponte de Lima quis <strong>honrar a Nossa Senhora das Dores<\/strong>.<\/p>\n<p>&nbsp;<\/p>\n<p>Estima-se que a festa come\u00e7ou por volta de 1100, visto que <strong>em 1125 j\u00e1 vinha referida na carta foral<\/strong> desse ano.<\/p>\n<p>&nbsp;<\/p>\n<p>Em 1825, os moradores da vila chegaram, at\u00e9, a reunirem-se para pedirem ao rei autoriza\u00e7\u00e3o para realizar <strong>tr\u00eas dias de feira<\/strong> por ocasi\u00e3o das festas.<\/p>\n<p>&nbsp;<\/p>\n<p>Essa autoriza\u00e7\u00e3o chegou logo no ano seguinte e, desde a\u00ed, nasceu o nome \u201cFeiras Novas\u201d como forma de identificar a festa de v\u00e1rios dias.<\/p>\n<p>&nbsp;<\/p>\n<p><a href=\"https:\/\/ap-hotelsresorts.com\/wp-content\/uploads\/2023\/06\/Feiras-Novas.jpg\"><img decoding=\"async\" loading=\"lazy\" class=\"alignnone wp-image-42613 size-medium\" src=\"https:\/\/ap-hotelsresorts.com\/wp-content\/uploads\/2023\/06\/Feiras-Novas-300x200.jpg\" alt=\"Arcos decorativos das Feiras Novas\" width=\"300\" height=\"200\" srcset=\"https:\/\/ap-hotelsresorts.com\/wp-content\/uploads\/2023\/06\/Feiras-Novas-300x200.jpg 300w, https:\/\/ap-hotelsresorts.com\/wp-content\/uploads\/2023\/06\/Feiras-Novas-1024x683.jpg 1024w, https:\/\/ap-hotelsresorts.com\/wp-content\/uploads\/2023\/06\/Feiras-Novas-768x512.jpg 768w, https:\/\/ap-hotelsresorts.com\/wp-content\/uploads\/2023\/06\/Feiras-Novas-1536x1024.jpg 1536w, https:\/\/ap-hotelsresorts.com\/wp-content\/uploads\/2023\/06\/Feiras-Novas.jpg 1920w\" sizes=\"(max-width: 300px) 100vw, 300px\" \/><\/a><\/p>\n<p>&nbsp;<\/p>\n<p>Nos dias de hoje, as Feiras Novas continuam a decorrer e s\u00e3o uma das principais atra\u00e7\u00f5es do distrito de Viana do Castelo no m\u00eas de Setembro.<\/p>\n<p>&nbsp;<\/p>\n<p>A Romaria ocorre de noite e dia, com muita <strong>m\u00fasica, fogos de artificio, gigantones e cabe\u00e7udos<\/strong> a acompanhar as festividades.<\/p>\n<p>&nbsp;<\/p>\n<p>E, claro, o <strong>folclore<\/strong> e as <strong>concertinas<\/strong> tamb\u00e9m n\u00e3o ficam de fora desta grande festividade.<\/p>\n<p>&nbsp;<\/p>\n<p>J\u00e1 no \u00faltimo dia das Feiras Novas h\u00e1, ainda, uma <strong>Prociss\u00e3o em honra da Nossa Senhora das Dores<\/strong>, como \u00e9 tradi\u00e7\u00e3o desde a origem desta festividade.<\/p>\n<p>&nbsp;<\/p>\n<h2 id=\"festa-de-sao-joao-novo-em-subportela\"><strong>Festa de S\u00e3o Jo\u00e3o Novo em Subportela<\/strong><\/h2>\n<p>&nbsp;<\/p>\n<p>A <strong>Festa de S\u00e3o Jo\u00e3o Novo em Subportela acontece em Junho h\u00e1 mais de setecentos anos<\/strong>.<\/p>\n<p>&nbsp;<\/p>\n<p>\u00c9 a festa que d\u00e1 palco \u00e0s <strong>Marchas Populares<\/strong> mais pr\u00f3ximas de Viana do Castelo e que presta uma enorme <strong>homenagem aos Santos Populares<\/strong>, em especial ao S. Jo\u00e3o Novo.<\/p>\n<p>&nbsp;<\/p>\n<p><a href=\"https:\/\/ap-hotelsresorts.com\/wp-content\/uploads\/2023\/06\/Marchas-Populares-de-Sao-Joao-Novo-em-Subportela.jpg\"><img decoding=\"async\" loading=\"lazy\" class=\"alignnone wp-image-41376 size-medium\" src=\"https:\/\/ap-hotelsresorts.com\/wp-content\/uploads\/2023\/06\/Marchas-Populares-de-Sao-Joao-Novo-em-Subportela-300x200.jpg\" alt=\"Marchas Populares de Sa\u0303o Joa\u0303o Novo em Subportela\" width=\"300\" height=\"200\" srcset=\"https:\/\/ap-hotelsresorts.com\/wp-content\/uploads\/2023\/06\/Marchas-Populares-de-Sao-Joao-Novo-em-Subportela-300x200.jpg 300w, https:\/\/ap-hotelsresorts.com\/wp-content\/uploads\/2023\/06\/Marchas-Populares-de-Sao-Joao-Novo-em-Subportela-1024x683.jpg 1024w, https:\/\/ap-hotelsresorts.com\/wp-content\/uploads\/2023\/06\/Marchas-Populares-de-Sao-Joao-Novo-em-Subportela-768x512.jpg 768w, https:\/\/ap-hotelsresorts.com\/wp-content\/uploads\/2023\/06\/Marchas-Populares-de-Sao-Joao-Novo-em-Subportela-1536x1024.jpg 1536w, https:\/\/ap-hotelsresorts.com\/wp-content\/uploads\/2023\/06\/Marchas-Populares-de-Sao-Joao-Novo-em-Subportela.jpg 1920w\" sizes=\"(max-width: 300px) 100vw, 300px\" \/><\/a><\/p>\n<p>&nbsp;<\/p>\n<p>Al\u00e9m das Marchas Populares, esta festa de Subportela apresenta, a todos os seus visitantes, uma pe\u00e7a de teatro secular.<\/p>\n<p>&nbsp;<\/p>\n<p>A pe\u00e7a \u00e9 o <strong>Auto de S. Jo\u00e3o<\/strong>, uma tradi\u00e7\u00e3o popular que representa uma recria\u00e7\u00e3o do nascimento do santo Jo\u00e3o.<\/p>\n<p>&nbsp;<\/p>\n<p>A sua representa\u00e7\u00e3o acontece <strong>junto \u00e0 Ermida de S\u00e3o Jo\u00e3o Novo<\/strong> e o elenco \u00e9 composto por pessoas que vivem em Subportela.<\/p>\n<p>&nbsp;<\/p>\n<p>A juntar ao teatro e \u00e0s marchas populares, ao longo do m\u00eas de Junho, Subportela organiza, tamb\u00e9m, v\u00e1rios <strong>arraiais<\/strong> com atua\u00e7\u00f5es de artistas musicais e grupos de folclore.<\/p>\n<p>&nbsp;<\/p>\n<p>Por isso, se n\u00e3o consegue vir de f\u00e9rias a Viana do Castelo em Agosto para se divertir na festa da Nossa Senhora da Agonia ou na romaria de Santa Marta de Portuzelo, n\u00e3o h\u00e1 problema.<\/p>\n<p>&nbsp;<\/p>\n<p>Venha a Viana do Castelo em Junho e aproveite a festa de S\u00e3o Jo\u00e3o Novo e os seus arraiais em Subportela.<\/p>\n<p>&nbsp;<\/p>\n<h2 id=\"festas-de-perre-cortejo-tabuleiro-aberto-em-perre\"><strong>Festas de Perre \u2013 Cortejo Tabuleiro Aberto em Perre<\/strong><\/h2>\n<p>&nbsp;<\/p>\n<p>No <strong>\u00faltimo fim-de-semana de Julho<\/strong> \u00e9 a vez das <strong>Festas de Perre<\/strong>.<\/p>\n<p>&nbsp;<\/p>\n<p>Esta festa <strong>realiza-se desde 1992<\/strong> e \u00e9 uma homenagem a <strong>S. Miguel<\/strong>, <strong>S. Jos\u00e9<\/strong> e \u00e0 <strong>Nossa Senhora das Dores<\/strong>.<\/p>\n<p>&nbsp;<\/p>\n<p><a href=\"https:\/\/ap-hotelsresorts.com\/wp-content\/uploads\/2023\/06\/Festas-de-Perre.jpg\"><img decoding=\"async\" loading=\"lazy\" class=\"alignnone wp-image-41381 size-medium\" src=\"https:\/\/ap-hotelsresorts.com\/wp-content\/uploads\/2023\/06\/Festas-de-Perre-300x200.jpg\" alt=\"Raparigas com trajes tradicionais de Viana do Castelo a carregar um cartaz que diz &quot;Perre em Festa&quot;\" width=\"300\" height=\"200\" srcset=\"https:\/\/ap-hotelsresorts.com\/wp-content\/uploads\/2023\/06\/Festas-de-Perre-300x200.jpg 300w, https:\/\/ap-hotelsresorts.com\/wp-content\/uploads\/2023\/06\/Festas-de-Perre-1024x683.jpg 1024w, https:\/\/ap-hotelsresorts.com\/wp-content\/uploads\/2023\/06\/Festas-de-Perre-768x512.jpg 768w, https:\/\/ap-hotelsresorts.com\/wp-content\/uploads\/2023\/06\/Festas-de-Perre-1536x1024.jpg 1536w, https:\/\/ap-hotelsresorts.com\/wp-content\/uploads\/2023\/06\/Festas-de-Perre.jpg 1920w\" sizes=\"(max-width: 300px) 100vw, 300px\" \/><\/a><\/p>\n<p>&nbsp;<\/p>\n<p>Apresenta uma programa\u00e7\u00e3o bastante vasta, com v\u00e1rias atividades ao longo do fim-de-semana que prometem divertir desde mi\u00fados a gra\u00fados.<\/p>\n<p>&nbsp;<\/p>\n<p>O <strong>cortejo<\/strong> e o <strong>leil\u00e3o de Tabuleiros de Segredos Abertos<\/strong>, por exemplo, s\u00e3o dois dos principais destaques deste evento festivo de Viana do Castelo.<\/p>\n<p>&nbsp;<\/p>\n<p>No decorrer das festividades h\u00e1, ainda, uma <strong>exposi\u00e7\u00e3o cultural no Sal\u00e3o paroquial<\/strong>, um <strong>arraial gastron\u00f3mico<\/strong>, uma <strong>missa em honra dos Padroeiros S. Miguel<\/strong>, <strong>S. Jos\u00e9<\/strong> e da <strong>Nossa Senhora das Dores<\/strong> e <strong>espet\u00e1culos musicais<\/strong>.<\/p>\n<p>&nbsp;<\/p>\n<p>Portanto, mais uma festa a adicionar no seu roteiro de f\u00e9rias em Viana do Castelo para que n\u00e3o falte anima\u00e7\u00e3o durante a sua pausa do trabalho.<\/p>\n<p>&nbsp;<\/p>\n<p>Mas, para aproveitar todas as festas e romarias ao m\u00e1ximo, \u00e9 necess\u00e1rio garantir um bom descanso.<\/p>\n<p>&nbsp;<\/p>\n<p>E para descansar bem e recarregar energias, temos uma sugest\u00e3o para si.<\/p>\n<p>&nbsp;<\/p>\n<p><a href=\"https:\/\/ap-dona-aninhas-dot-ap-hotels.appspot.com\/booking1?adultsRoom1=2\"><span style=\"text-decoration: underline;\">Reserve a sua estadia em Viana do Castelo no hotel AP Dona Aninhas<\/span><\/a>.<\/p>\n<p>&nbsp;<\/p>\n<p><a href=\"https:\/\/ap-hotelsresorts.com\/wp-content\/uploads\/2023\/05\/Hotel-AP-Dona-Aninhas-em-Viana-do-Castelo-scaled-1.jpg\"><img decoding=\"async\" loading=\"lazy\" class=\"alignnone wp-image-40140 size-medium\" src=\"https:\/\/ap-hotelsresorts.com\/wp-content\/uploads\/2023\/05\/Hotel-AP-Dona-Aninhas-em-Viana-do-Castelo-scaled-1-300x200.jpg\" alt=\"Hotel no centro de Viana do Castelo\" width=\"300\" height=\"200\" srcset=\"https:\/\/ap-hotelsresorts.com\/wp-content\/uploads\/2023\/05\/Hotel-AP-Dona-Aninhas-em-Viana-do-Castelo-scaled-1-300x200.jpg 300w, https:\/\/ap-hotelsresorts.com\/wp-content\/uploads\/2023\/05\/Hotel-AP-Dona-Aninhas-em-Viana-do-Castelo-scaled-1-1024x682.jpg 1024w, https:\/\/ap-hotelsresorts.com\/wp-content\/uploads\/2023\/05\/Hotel-AP-Dona-Aninhas-em-Viana-do-Castelo-scaled-1-768x511.jpg 768w, https:\/\/ap-hotelsresorts.com\/wp-content\/uploads\/2023\/05\/Hotel-AP-Dona-Aninhas-em-Viana-do-Castelo-scaled-1-1536x1023.jpg 1536w, https:\/\/ap-hotelsresorts.com\/wp-content\/uploads\/2023\/05\/Hotel-AP-Dona-Aninhas-em-Viana-do-Castelo-scaled-1.jpg 1622w\" sizes=\"(max-width: 300px) 100vw, 300px\" \/><\/a><\/p>\n<p>&nbsp;<\/p>\n<p>Al\u00e9m dos <strong>quartos confort\u00e1veis<\/strong>, o hotel tem <strong>SPA<\/strong>, <strong>piscina interior<\/strong> e servi\u00e7os de <strong>massagens<\/strong> para que o seu descanso seja total e com a m\u00e1xima qualidade.<\/p>\n<p>&nbsp;<\/p>\n<p>A sua localiza\u00e7\u00e3o no <strong>centro de Viana do Castelo<\/strong> tamb\u00e9m merece destaque.<\/p>\n<p>&nbsp;<\/p>\n<p>O AP Dona Aninhas \u00e9 o hotel com a melhor localiza\u00e7\u00e3o para quem quer ir a todas as festas e romarias, pois <strong>est\u00e1 \u00e0 dist\u00e2ncia de uma viagem de carro de 20 minutos<\/strong> de todas as que foram referidas neste artigo.<\/p>\n<p>&nbsp;<\/p>\n<p>Venha a Viana do Castelo e divirta-se nas melhores festas e romarias do Alto Minho.<\/p>\n","protected":false},"excerpt":{"rendered":"<p>Viana do Castelo \u00e9 uma das cidades de Portugal com grande liga\u00e7\u00e3o \u00e0 religi\u00e3o. &nbsp; Exemplo disso, \u00e9 o Santu\u00e1rio do Monte de Santa Luzia, uma das maiores obras religiosas do nosso pa\u00eds e que foi constru\u00edda na cidade minhota. [&hellip;]<\/p>\n","protected":false},"author":11,"featured_media":41329,"comment_status":"closed","ping_status":"closed","sticky":false,"template":"","format":"standard","meta":[],"categories":[671],"tags":[],"yoast_head":"<!-- This site is optimized with the Yoast SEO plugin v18.1 - https:\/\/yoast.com\/wordpress\/plugins\/seo\/ -->\n<title>Festas e Romarias em Viana do Castelo - AP Dona Aninhas<\/title>\n<meta name=\"description\" content=\"Conhe\u00e7a todas as festas e romarias que acontecem em Viana do Castelo ao longo do ano.\" \/>\n<meta name=\"robots\" content=\"index, follow, max-snippet:-1, max-image-preview:large, max-video-preview:-1\" \/>\n<link rel=\"canonical\" href=\"https:\/\/ap-hotelsresorts.com\/pt-pt\/festas-e-romarias-em-viana-do-castelo\/\" \/>\n<meta property=\"og:locale\" content=\"pt_PT\" \/>\n<meta property=\"og:type\" content=\"article\" \/>\n<meta property=\"og:title\" content=\"Festas e Romarias em Viana do Castelo - AP Dona Aninhas\" \/>\n<meta property=\"og:description\" content=\"Conhe\u00e7a todas as festas e romarias que acontecem em Viana do Castelo ao longo do ano.\" \/>\n<meta property=\"og:url\" content=\"https:\/\/ap-hotelsresorts.com\/pt-pt\/festas-e-romarias-em-viana-do-castelo\/\" \/>\n<meta property=\"og:site_name\" content=\"AP HOTELS &amp; RESORTS .\" \/>\n<meta property=\"article:publisher\" content=\"https:\/\/www.facebook.com\/aphotelsresorts\" \/>\n<meta property=\"article:published_time\" content=\"2023-06-19T12:38:28+00:00\" \/>\n<meta property=\"article:modified_time\" content=\"2023-11-14T09:09:11+00:00\" \/>\n<meta property=\"og:image\" content=\"https:\/\/ap-hotelsresorts.com\/wp-content\/uploads\/2023\/06\/Desfile-da-Mordomia-em-Viana-do-Castelo.jpg\" \/>\n\t<meta property=\"og:image:width\" content=\"1920\" \/>\n\t<meta property=\"og:image:height\" content=\"1280\" \/>\n\t<meta property=\"og:image:type\" content=\"image\/jpeg\" \/>\n<meta name=\"twitter:card\" content=\"summary_large_image\" \/>\n<meta name=\"twitter:creator\" content=\"@ApHotels\" \/>\n<meta name=\"twitter:site\" content=\"@ApHotels\" \/>\n<meta name=\"twitter:label1\" content=\"Escrito por\" \/>\n\t<meta name=\"twitter:data1\" content=\"marketing ap\" \/>\n\t<meta name=\"twitter:label2\" content=\"Tempo estimado de leitura\" \/>\n\t<meta name=\"twitter:data2\" content=\"16 minutos\" \/>\n<script type=\"application\/ld+json\" class=\"yoast-schema-graph\">{\"@context\":\"https:\/\/schema.org\",\"@graph\":[{\"@type\":\"Organization\",\"@id\":\"https:\/\/ap-hotelsresorts.com\/#organization\",\"name\":\"AP HOTELS & RESORTS\",\"url\":\"https:\/\/ap-hotelsresorts.com\/\",\"sameAs\":[\"https:\/\/www.facebook.com\/aphotelsresorts\",\"https:\/\/www.instagram.com\/aphotelsresorts\/\",\"https:\/\/www.linkedin.com\/company\/ap-hotels-and-resorts\",\"https:\/\/www.youtube.com\/channel\/UCSmwGBz36kx2XALzeVAlKEg\",\"https:\/\/twitter.com\/ApHotels\"],\"logo\":{\"@type\":\"ImageObject\",\"@id\":\"https:\/\/ap-hotelsresorts.com\/#logo\",\"inLanguage\":\"pt-PT\",\"url\":\"https:\/\/ap-hotelsresorts.com\/wp-content\/uploads\/2021\/03\/logo-1.png\",\"contentUrl\":\"https:\/\/ap-hotelsresorts.com\/wp-content\/uploads\/2021\/03\/logo-1.png\",\"width\":\"3915\",\"height\":\"1388\",\"caption\":\"AP HOTELS & RESORTS\"},\"image\":{\"@id\":\"https:\/\/ap-hotelsresorts.com\/#logo\"}},{\"@type\":\"WebSite\",\"@id\":\"https:\/\/ap-hotelsresorts.com\/#website\",\"url\":\"https:\/\/ap-hotelsresorts.com\/\",\"name\":\"AP HOTELS &amp; RESORTS .\",\"description\":\"Albufeira . Faro . Portim\u00e3o . Tavira . Algarve\",\"publisher\":{\"@id\":\"https:\/\/ap-hotelsresorts.com\/#organization\"},\"potentialAction\":[{\"@type\":\"SearchAction\",\"target\":{\"@type\":\"EntryPoint\",\"urlTemplate\":\"https:\/\/ap-hotelsresorts.com\/?s={search_term_string}\"},\"query-input\":\"required name=search_term_string\"}],\"inLanguage\":\"pt-PT\"},{\"@type\":\"ImageObject\",\"@id\":\"https:\/\/ap-hotelsresorts.com\/pt-pt\/festas-e-romarias-em-viana-do-castelo\/#primaryimage\",\"inLanguage\":\"pt-PT\",\"url\":\"https:\/\/ap-hotelsresorts.com\/wp-content\/uploads\/2023\/06\/Desfile-da-Mordomia-em-Viana-do-Castelo.jpg\",\"contentUrl\":\"https:\/\/ap-hotelsresorts.com\/wp-content\/uploads\/2023\/06\/Desfile-da-Mordomia-em-Viana-do-Castelo.jpg\",\"width\":1920,\"height\":1280,\"caption\":\"Desfile com trajes regionais de Viana do Castelo\"},{\"@type\":\"WebPage\",\"@id\":\"https:\/\/ap-hotelsresorts.com\/pt-pt\/festas-e-romarias-em-viana-do-castelo\/#webpage\",\"url\":\"https:\/\/ap-hotelsresorts.com\/pt-pt\/festas-e-romarias-em-viana-do-castelo\/\",\"name\":\"Festas e Romarias em Viana do Castelo - AP Dona Aninhas\",\"isPartOf\":{\"@id\":\"https:\/\/ap-hotelsresorts.com\/#website\"},\"primaryImageOfPage\":{\"@id\":\"https:\/\/ap-hotelsresorts.com\/pt-pt\/festas-e-romarias-em-viana-do-castelo\/#primaryimage\"},\"datePublished\":\"2023-06-19T12:38:28+00:00\",\"dateModified\":\"2023-11-14T09:09:11+00:00\",\"description\":\"Conhe\u00e7a todas as festas e romarias que acontecem em Viana do Castelo ao longo do ano.\",\"breadcrumb\":{\"@id\":\"https:\/\/ap-hotelsresorts.com\/pt-pt\/festas-e-romarias-em-viana-do-castelo\/#breadcrumb\"},\"inLanguage\":\"pt-PT\",\"potentialAction\":[{\"@type\":\"ReadAction\",\"target\":[\"https:\/\/ap-hotelsresorts.com\/pt-pt\/festas-e-romarias-em-viana-do-castelo\/\"]}]},{\"@type\":\"BreadcrumbList\",\"@id\":\"https:\/\/ap-hotelsresorts.com\/pt-pt\/festas-e-romarias-em-viana-do-castelo\/#breadcrumb\",\"itemListElement\":[{\"@type\":\"ListItem\",\"position\":1,\"name\":\"Home\",\"item\":\"https:\/\/ap-hotelsresorts.com\/pt-pt\/\"},{\"@type\":\"ListItem\",\"position\":2,\"name\":\"Festas e Romarias em Viana do Castelo\"}]},{\"@type\":\"Article\",\"@id\":\"https:\/\/ap-hotelsresorts.com\/pt-pt\/festas-e-romarias-em-viana-do-castelo\/#article\",\"isPartOf\":{\"@id\":\"https:\/\/ap-hotelsresorts.com\/pt-pt\/festas-e-romarias-em-viana-do-castelo\/#webpage\"},\"author\":{\"@id\":\"https:\/\/ap-hotelsresorts.com\/#\/schema\/person\/39ea63a33316ff09e0a075ae0a4bed49\"},\"headline\":\"Festas e Romarias em Viana do Castelo\",\"datePublished\":\"2023-06-19T12:38:28+00:00\",\"dateModified\":\"2023-11-14T09:09:11+00:00\",\"mainEntityOfPage\":{\"@id\":\"https:\/\/ap-hotelsresorts.com\/pt-pt\/festas-e-romarias-em-viana-do-castelo\/#webpage\"},\"wordCount\":3215,\"publisher\":{\"@id\":\"https:\/\/ap-hotelsresorts.com\/#organization\"},\"image\":{\"@id\":\"https:\/\/ap-hotelsresorts.com\/pt-pt\/festas-e-romarias-em-viana-do-castelo\/#primaryimage\"},\"thumbnailUrl\":\"https:\/\/ap-hotelsresorts.com\/wp-content\/uploads\/2023\/06\/Desfile-da-Mordomia-em-Viana-do-Castelo.jpg\",\"articleSection\":[\"Descobrir Viana do Castelo\"],\"inLanguage\":\"pt-PT\"},{\"@type\":\"Person\",\"@id\":\"https:\/\/ap-hotelsresorts.com\/#\/schema\/person\/39ea63a33316ff09e0a075ae0a4bed49\",\"name\":\"marketing ap\",\"image\":{\"@type\":\"ImageObject\",\"@id\":\"https:\/\/ap-hotelsresorts.com\/#personlogo\",\"inLanguage\":\"pt-PT\",\"url\":\"https:\/\/secure.gravatar.com\/avatar\/80ea62fe6096f55fe36f17f2175dca2f?s=96&d=mm&r=g\",\"contentUrl\":\"https:\/\/secure.gravatar.com\/avatar\/80ea62fe6096f55fe36f17f2175dca2f?s=96&d=mm&r=g\",\"caption\":\"marketing ap\"}}]}<\/script>\n<!-- \/ Yoast SEO plugin. -->","yoast_head_json":{"title":"Festas e Romarias em Viana do Castelo - AP Dona Aninhas","description":"Conhe\u00e7a todas as festas e romarias que acontecem em Viana do Castelo ao longo do ano.","robots":{"index":"index","follow":"follow","max-snippet":"max-snippet:-1","max-image-preview":"max-image-preview:large","max-video-preview":"max-video-preview:-1"},"canonical":"https:\/\/ap-hotelsresorts.com\/pt-pt\/festas-e-romarias-em-viana-do-castelo\/","og_locale":"pt_PT","og_type":"article","og_title":"Festas e Romarias em Viana do Castelo - AP Dona Aninhas","og_description":"Conhe\u00e7a todas as festas e romarias que acontecem em Viana do Castelo ao longo do ano.","og_url":"https:\/\/ap-hotelsresorts.com\/pt-pt\/festas-e-romarias-em-viana-do-castelo\/","og_site_name":"AP HOTELS &amp; RESORTS .","article_publisher":"https:\/\/www.facebook.com\/aphotelsresorts","article_published_time":"2023-06-19T12:38:28+00:00","article_modified_time":"2023-11-14T09:09:11+00:00","og_image":[{"width":1920,"height":1280,"url":"https:\/\/ap-hotelsresorts.com\/wp-content\/uploads\/2023\/06\/Desfile-da-Mordomia-em-Viana-do-Castelo.jpg","type":"image\/jpeg"}],"twitter_card":"summary_large_image","twitter_creator":"@ApHotels","twitter_site":"@ApHotels","twitter_misc":{"Escrito por":"marketing ap","Tempo estimado de leitura":"16 minutos"},"schema":{"@context":"https:\/\/schema.org","@graph":[{"@type":"Organization","@id":"https:\/\/ap-hotelsresorts.com\/#organization","name":"AP HOTELS & RESORTS","url":"https:\/\/ap-hotelsresorts.com\/","sameAs":["https:\/\/www.facebook.com\/aphotelsresorts","https:\/\/www.instagram.com\/aphotelsresorts\/","https:\/\/www.linkedin.com\/company\/ap-hotels-and-resorts","https:\/\/www.youtube.com\/channel\/UCSmwGBz36kx2XALzeVAlKEg","https:\/\/twitter.com\/ApHotels"],"logo":{"@type":"ImageObject","@id":"https:\/\/ap-hotelsresorts.com\/#logo","inLanguage":"pt-PT","url":"https:\/\/ap-hotelsresorts.com\/wp-content\/uploads\/2021\/03\/logo-1.png","contentUrl":"https:\/\/ap-hotelsresorts.com\/wp-content\/uploads\/2021\/03\/logo-1.png","width":"3915","height":"1388","caption":"AP HOTELS & RESORTS"},"image":{"@id":"https:\/\/ap-hotelsresorts.com\/#logo"}},{"@type":"WebSite","@id":"https:\/\/ap-hotelsresorts.com\/#website","url":"https:\/\/ap-hotelsresorts.com\/","name":"AP HOTELS &amp; RESORTS .","description":"Albufeira . Faro . Portim\u00e3o . Tavira . Algarve","publisher":{"@id":"https:\/\/ap-hotelsresorts.com\/#organization"},"potentialAction":[{"@type":"SearchAction","target":{"@type":"EntryPoint","urlTemplate":"https:\/\/ap-hotelsresorts.com\/?s={search_term_string}"},"query-input":"required name=search_term_string"}],"inLanguage":"pt-PT"},{"@type":"ImageObject","@id":"https:\/\/ap-hotelsresorts.com\/pt-pt\/festas-e-romarias-em-viana-do-castelo\/#primaryimage","inLanguage":"pt-PT","url":"https:\/\/ap-hotelsresorts.com\/wp-content\/uploads\/2023\/06\/Desfile-da-Mordomia-em-Viana-do-Castelo.jpg","contentUrl":"https:\/\/ap-hotelsresorts.com\/wp-content\/uploads\/2023\/06\/Desfile-da-Mordomia-em-Viana-do-Castelo.jpg","width":1920,"height":1280,"caption":"Desfile com trajes regionais de Viana do Castelo"},{"@type":"WebPage","@id":"https:\/\/ap-hotelsresorts.com\/pt-pt\/festas-e-romarias-em-viana-do-castelo\/#webpage","url":"https:\/\/ap-hotelsresorts.com\/pt-pt\/festas-e-romarias-em-viana-do-castelo\/","name":"Festas e Romarias em Viana do Castelo - AP Dona Aninhas","isPartOf":{"@id":"https:\/\/ap-hotelsresorts.com\/#website"},"primaryImageOfPage":{"@id":"https:\/\/ap-hotelsresorts.com\/pt-pt\/festas-e-romarias-em-viana-do-castelo\/#primaryimage"},"datePublished":"2023-06-19T12:38:28+00:00","dateModified":"2023-11-14T09:09:11+00:00","description":"Conhe\u00e7a todas as festas e romarias que acontecem em Viana do Castelo ao longo do ano.","breadcrumb":{"@id":"https:\/\/ap-hotelsresorts.com\/pt-pt\/festas-e-romarias-em-viana-do-castelo\/#breadcrumb"},"inLanguage":"pt-PT","potentialAction":[{"@type":"ReadAction","target":["https:\/\/ap-hotelsresorts.com\/pt-pt\/festas-e-romarias-em-viana-do-castelo\/"]}]},{"@type":"BreadcrumbList","@id":"https:\/\/ap-hotelsresorts.com\/pt-pt\/festas-e-romarias-em-viana-do-castelo\/#breadcrumb","itemListElement":[{"@type":"ListItem","position":1,"name":"Home","item":"https:\/\/ap-hotelsresorts.com\/pt-pt\/"},{"@type":"ListItem","position":2,"name":"Festas e Romarias em Viana do Castelo"}]},{"@type":"Article","@id":"https:\/\/ap-hotelsresorts.com\/pt-pt\/festas-e-romarias-em-viana-do-castelo\/#article","isPartOf":{"@id":"https:\/\/ap-hotelsresorts.com\/pt-pt\/festas-e-romarias-em-viana-do-castelo\/#webpage"},"author":{"@id":"https:\/\/ap-hotelsresorts.com\/#\/schema\/person\/39ea63a33316ff09e0a075ae0a4bed49"},"headline":"Festas e Romarias em Viana do Castelo","datePublished":"2023-06-19T12:38:28+00:00","dateModified":"2023-11-14T09:09:11+00:00","mainEntityOfPage":{"@id":"https:\/\/ap-hotelsresorts.com\/pt-pt\/festas-e-romarias-em-viana-do-castelo\/#webpage"},"wordCount":3215,"publisher":{"@id":"https:\/\/ap-hotelsresorts.com\/#organization"},"image":{"@id":"https:\/\/ap-hotelsresorts.com\/pt-pt\/festas-e-romarias-em-viana-do-castelo\/#primaryimage"},"thumbnailUrl":"https:\/\/ap-hotelsresorts.com\/wp-content\/uploads\/2023\/06\/Desfile-da-Mordomia-em-Viana-do-Castelo.jpg","articleSection":["Descobrir Viana do Castelo"],"inLanguage":"pt-PT"},{"@type":"Person","@id":"https:\/\/ap-hotelsresorts.com\/#\/schema\/person\/39ea63a33316ff09e0a075ae0a4bed49","name":"marketing ap","image":{"@type":"ImageObject","@id":"https:\/\/ap-hotelsresorts.com\/#personlogo","inLanguage":"pt-PT","url":"https:\/\/secure.gravatar.com\/avatar\/80ea62fe6096f55fe36f17f2175dca2f?s=96&d=mm&r=g","contentUrl":"https:\/\/secure.gravatar.com\/avatar\/80ea62fe6096f55fe36f17f2175dca2f?s=96&d=mm&r=g","caption":"marketing ap"}}]}},"_links":{"self":[{"href":"https:\/\/ap-hotelsresorts.com\/pt-pt\/wp-json\/wp\/v2\/posts\/41323"}],"collection":[{"href":"https:\/\/ap-hotelsresorts.com\/pt-pt\/wp-json\/wp\/v2\/posts"}],"about":[{"href":"https:\/\/ap-hotelsresorts.com\/pt-pt\/wp-json\/wp\/v2\/types\/post"}],"author":[{"embeddable":true,"href":"https:\/\/ap-hotelsresorts.com\/pt-pt\/wp-json\/wp\/v2\/users\/11"}],"replies":[{"embeddable":true,"href":"https:\/\/ap-hotelsresorts.com\/pt-pt\/wp-json\/wp\/v2\/comments?post=41323"}],"version-history":[{"count":0,"href":"https:\/\/ap-hotelsresorts.com\/pt-pt\/wp-json\/wp\/v2\/posts\/41323\/revisions"}],"wp:featuredmedia":[{"embeddable":true,"href":"https:\/\/ap-hotelsresorts.com\/pt-pt\/wp-json\/wp\/v2\/media\/41329"}],"wp:attachment":[{"href":"https:\/\/ap-hotelsresorts.com\/pt-pt\/wp-json\/wp\/v2\/media?parent=41323"}],"wp:term":[{"taxonomy":"category","embeddable":true,"href":"https:\/\/ap-hotelsresorts.com\/pt-pt\/wp-json\/wp\/v2\/categories?post=41323"},{"taxonomy":"post_tag","embeddable":true,"href":"https:\/\/ap-hotelsresorts.com\/pt-pt\/wp-json\/wp\/v2\/tags?post=41323"}],"curies":[{"name":"wp","href":"https:\/\/api.w.org\/{rel}","templated":true}]}}