{"id":43703,"date":"2023-08-28T08:30:13","date_gmt":"2023-08-28T08:30:13","guid":{"rendered":"https:\/\/ap-hotelsresorts.com\/?p=43703"},"modified":"2023-08-28T08:35:16","modified_gmt":"2023-08-28T08:35:16","slug":"festival-f-evento-em-faro-com-9-palcos-e-artistas-100-portugueses","status":"publish","type":"post","link":"https:\/\/ap-hotelsresorts.com\/pt-pt\/festival-f-evento-em-faro-com-9-palcos-e-artistas-100-portugueses\/","title":{"rendered":"Festival F: evento em Faro com 9 Palcos e Artistas 100% Portugueses"},"content":{"rendered":"<p>Se est\u00e1 por Faro no in\u00edcio de Setembro, n\u00e3o pode mesmo perder o <strong>Festival F<\/strong>, um evento que lhe d\u00e1 a hip\u00f3tese de ver os seus artistas favoritos todos juntos no espa\u00e7o de <strong>4 dias<\/strong>.<\/p>\n<p>&nbsp;<\/p>\n<p>Este evento <strong>100% dedicado \u00e0 m\u00fasica portuguesa<\/strong> realiza-se entre os dias <strong>6 e 9 de Setembro<\/strong> no <strong>centro hist\u00f3rico de Faro<\/strong> e promete ser uma enorme festa.<\/p>\n<p>&nbsp;<\/p>\n<p>No total conta com <strong>9 Palcos<\/strong> e <strong>mais de 50 artistas portugueses<\/strong> confirmados no cartaz.<\/p>\n<p>&nbsp;<\/p>\n<p>Com nomes sonantes do panorama musical portugu\u00eas e nomes emergentes, o Festival F promete um cartaz que agrada tanto ao p\u00fablico adulto como ao p\u00fablico mais jovem, o que o torna um evento ideal para juntar toda a fam\u00edlia.<\/p>\n<p>&nbsp;<\/p>\n<p>Entre os nomes confirmados para a edi\u00e7\u00e3o de 2023 est\u00e3o Ant\u00f3nio Zambujo, D.A.M.A, Calema, Mariza, Pedro Abrunhosa, B\u00e1rbara Tinoco, Hybrid Theory e muito mais.<\/p>\n<p>&nbsp;<\/p>\n<p>A juntar aos artistas do cartaz, o Festival F tem, tamb\u00e9m, v\u00e1rias apresenta\u00e7\u00f5es de rua, m\u00fasicos de rua, pe\u00e7as de teatro, exposi\u00e7\u00f5es e pe\u00e7as de artesanato de autor que prometem proporcionar diferentes experi\u00eancias num \u00fanico evento.<\/p>\n<p>&nbsp;<\/p>\n<p>Toda a programa\u00e7\u00e3o est\u00e1 distribu\u00edda ao longo de 4 dias, com o recinto a abrir \u00e0s 18h00 e a festa a prolongar-se at\u00e9 \u00e0s 05h da manh\u00e3.<\/p>\n<p>&nbsp;<\/p>\n<p>Os bilhetes custam entre 22 euros (bilhete di\u00e1rio) e 54 euros (passe geral), sendo que o <strong>primeiro dia \u00e9 de entrada gratuita<\/strong>.<\/p>\n<p>&nbsp;<\/p>\n<p>Conhe\u00e7a abaixo o cartaz completo:<\/p>\n<p>&nbsp;<\/p>\n<p><strong>6 de Setembro:<\/strong><\/p>\n<p><strong>\u00a0<\/strong><\/p>\n<p>Ant\u00f3nio Zambujo<\/p>\n<p>Lu\u00eds Trigacheiro<\/p>\n<p>Buba Espinho<\/p>\n<p>&nbsp;<\/p>\n<p><strong>7 de setembro:<\/strong><\/p>\n<p>&nbsp;<\/p>\n<p>D.A.M.A.<\/p>\n<p>Calema<\/p>\n<p>Slow J<\/p>\n<p>MARO<\/p>\n<p>Mimicat<\/p>\n<p>Supa Squad<\/p>\n<p>Buruntuma<\/p>\n<p>Mizzy Miles<\/p>\n<p>Eu.clides<\/p>\n<p>S. Pedro<\/p>\n<p>Iolanda<\/p>\n<p>Picas<\/p>\n<p>Club Makumba<\/p>\n<p>Criatura<\/p>\n<p>Pimenta Caseira<\/p>\n<p>Beatriz Caixinha<\/p>\n<p>Terrasul<\/p>\n<p>Perigo P\u00fablico x Sickonce<\/p>\n<p>Quarteto de Jazz Arom feat Ana Cherry<\/p>\n<p>The Elephant Woman<\/p>\n<p>&nbsp;<\/p>\n<p><strong>8 de setembro:<\/strong><\/p>\n<p>&nbsp;<\/p>\n<p>Mariza<\/p>\n<p>Bispo<\/p>\n<p>Hybrid Theory<\/p>\n<p>Jafumega<\/p>\n<p>Bezegol<\/p>\n<p>Pete Tha Zouk<\/p>\n<p>Da Chick<\/p>\n<p>David Bruno<\/p>\n<p>Sippinpurp<\/p>\n<p>Bianca Barros<\/p>\n<p>T\u00f3 Trips<\/p>\n<p>You Can&#8217;t Win, Charlie Brown<\/p>\n<p>Xtinto<\/p>\n<p>Valter Lobo<\/p>\n<p>Diana Castro<\/p>\n<p>Nannook o Vagabundo<\/p>\n<p>Pedro do Vale<\/p>\n<p>Nebuchadnezzar<\/p>\n<p>Celeste Mariposa<\/p>\n<p>Z\u00e9 Manuel Martins &amp; Tunko Goulart<\/p>\n<p>&nbsp;<\/p>\n<p><strong>9 de setembro:<\/strong><\/p>\n<p>&nbsp;<\/p>\n<p>Pedro Abrunhosa<\/p>\n<p>B\u00e1rbara Tinoco<\/p>\n<p>Plut\u00f3nio<\/p>\n<p>Ricardo Ribeiro<\/p>\n<p>Danni Gato<\/p>\n<p>Quinta do Bill<\/p>\n<p>Noiserv<\/p>\n<p>Kappa Jota<\/p>\n<p>Fogo Fogo<\/p>\n<p>Gama<\/p>\n<p>Silk Nobre<\/p>\n<p>Ganso<\/p>\n<p>Jos\u00e9 Pinhal P.M.E.<\/p>\n<p>Soraia Tavares<\/p>\n<p>Rita Dias<\/p>\n<p>Marc Noah<\/p>\n<p>Plasticine<\/p>\n<p>Leon Baldesberger &#8216;s Meersalz<\/p>\n<p>Marta Lima<\/p>\n<p>Pull the Trigger<\/p>\n<p>&nbsp;<\/p>\n<h2><strong>Festival F: M\u00fasica para Todos os Gostos<\/strong><\/h2>\n<p>&nbsp;<\/p>\n<p><img decoding=\"async\" loading=\"lazy\" class=\"alignnone size-medium wp-image-43709\" src=\"https:\/\/ap-hotelsresorts.com\/wp-content\/uploads\/2023\/08\/Festival-F-Cartaz-2023-300x300.jpeg\" alt=\"Cartaz Festival F 2023\" width=\"300\" height=\"300\" srcset=\"https:\/\/ap-hotelsresorts.com\/wp-content\/uploads\/2023\/08\/Festival-F-Cartaz-2023-300x300.jpeg 300w, https:\/\/ap-hotelsresorts.com\/wp-content\/uploads\/2023\/08\/Festival-F-Cartaz-2023-1024x1024.jpeg 1024w, https:\/\/ap-hotelsresorts.com\/wp-content\/uploads\/2023\/08\/Festival-F-Cartaz-2023-150x150.jpeg 150w, https:\/\/ap-hotelsresorts.com\/wp-content\/uploads\/2023\/08\/Festival-F-Cartaz-2023-768x768.jpeg 768w, https:\/\/ap-hotelsresorts.com\/wp-content\/uploads\/2023\/08\/Festival-F-Cartaz-2023-550x550.jpeg 550w, https:\/\/ap-hotelsresorts.com\/wp-content\/uploads\/2023\/08\/Festival-F-Cartaz-2023-1100x1100.jpeg 1100w, https:\/\/ap-hotelsresorts.com\/wp-content\/uploads\/2023\/08\/Festival-F-Cartaz-2023.jpeg 1280w\" sizes=\"(max-width: 300px) 100vw, 300px\" \/><\/p>\n<p>&nbsp;<\/p>\n<p>O Festival F consegue algo que \u00e9 muito dif\u00edcil. Construir um cartaz que agrada a todos os gostos musicais.<\/p>\n<p>&nbsp;<\/p>\n<p>Desde o Rock ao Hip-Hop, passando pelo Fado e a Pop, o Festival F apresenta um cartaz para a edi\u00e7\u00e3o de 2023 que passa por quase todos os g\u00e9neros musicais.<\/p>\n<p>&nbsp;<\/p>\n<p>Por isso, o Festival F \u00e9 perfeito para ir com a sua fam\u00edlia e amigos. Porque, certamente, h\u00e1 artistas no cartaz que v\u00e3o ao encontro dos gostos musicais de cada pessoa.<\/p>\n<p>&nbsp;<\/p>\n<p>Para facilitar a escolha dos espet\u00e1culos que quer ver quando vier ao Festival F, separ\u00e1mos o cartaz por estilos de m\u00fasica:<\/p>\n<p>&nbsp;<\/p>\n<p><strong>Fado:<\/strong> Mariza, Ricardo Ribeiro, Rita Dias.<\/p>\n<p>&nbsp;<\/p>\n<p><strong>Pop:<\/strong> Beatriz Caixinha, Calema, D.A.M.A, EU.CLIDES, Iolanda, MARO, Mimicat, Picas, S. Pedro, Supa Squad, Pedro do Vale, Bianca Barros, Diana Castro, Valter Lobo, Marc Noah, Marta Lima, B\u00e1rbara Tinoco, Ganso, Noiserv, Soraia Tavares.<\/p>\n<p>&nbsp;<\/p>\n<p><strong>Rap:<\/strong> Perigo P\u00fablico x Sickonce, Mizzy Miles, Slow-J, Bispo, Sippinpurpp, X-Tinto, Plutonio, Gama, Kappa Jota.<\/p>\n<p>&nbsp;<\/p>\n<p><strong>Rock:<\/strong> The Elephant Woman, TerraSul, Club Makumba, You Can&#8217;t Win, Charlie Brown, Hybrid Theory, Jafumega, T\u00f3 Trips, Pull The Trigger, Jos\u00e9 Pinhal &#8211; Post Mortem Experience, Pedro Abrunhosa, Quinta do Bill.<\/p>\n<p>&nbsp;<\/p>\n<p><strong>Blues e Folk:<\/strong> Nanook O Vagabundo.<\/p>\n<p>&nbsp;<\/p>\n<p><strong>Reggae:<\/strong> Bezegol.<\/p>\n<p>&nbsp;<\/p>\n<p><strong>M\u00fasica Tradicional Portuguesa:<\/strong> Ant\u00f3nio Zambujo, Buba Espinho, Lu\u00eds Trigacheiro, Criatura.<\/p>\n<p>&nbsp;<\/p>\n<p><strong>M\u00fasica Tradicional Africana:<\/strong> Z\u00e9 Manel Martins &amp; Tuniko Goulart, Celeste Mariposa, Fogo Fogo, Silk Nobre.<\/p>\n<p>&nbsp;<\/p>\n<p><strong>Jazz:<\/strong> Nebuchadnezzar Group, Leon Baldesberger\u2019s Meersalz, Plasticine.<\/p>\n<p>&nbsp;<\/p>\n<p><strong>M\u00fasica Eletr\u00f3nica: <\/strong>Buruntuma, Pimenta Caseira, Peacocks, Da Chick, David Bruno, Pete tha Zouk, Danni Gato.<\/p>\n<p>&nbsp;<\/p>\n<h2><strong>Onde ficar em Faro<\/strong><\/h2>\n<p>&nbsp;<\/p>\n<p><img decoding=\"async\" loading=\"lazy\" class=\"alignnone size-medium wp-image-29814\" src=\"https:\/\/ap-hotelsresorts.com\/wp-content\/uploads\/2021\/12\/slide-eva-03-300x155.jpg\" alt=\"AP Eva Senses Hotel Christmas\" width=\"300\" height=\"155\" \/><\/p>\n<p>&nbsp;<\/p>\n<p>Se ap\u00f3s conhecer este cartaz de luxo ficou com vontade de <span style=\"text-decoration: underline;\"><a href=\"https:\/\/blueticket.meo.pt\/Event\/9502\/FESTIVAL-F-2023\" target=\"_blank\" rel=\"noopener\">comprar o seu bilhete e ir ao Festival F<\/a><\/span>, mas n\u00e3o sabe onde ficar hospedado\/a em Faro, n\u00f3s temos o local ideal para si: o <span style=\"text-decoration: underline;\"><a href=\"https:\/\/ap-hotelsresorts.com\/pt-pt\/eva\">hotel AP Eva Senses<\/a><\/span>.<\/p>\n<p>&nbsp;<\/p>\n<p>Est\u00e1 localizado no centro de Faro, <strong>a apenas 5 minutos a p\u00e9 do Festival F<\/strong> e perto de todas as comodidades.<\/p>\n<p>&nbsp;<\/p>\n<p>Tem uma <strong>vista privilegiada para a Marina de Faro<\/strong> e <strong>para o Parque Natural da Ria Formosa<\/strong> e um <strong>Rooftop com piscina<\/strong>, ideal para aproveitar os finais-de-tarde antes de ir para o festival.<\/p>\n<p>&nbsp;<\/p>\n<p>Com SPA, Gin\u00e1sio, 3 Restaurantes, 2 Bares e 1 piscina exterior, o hotel AP Eva Senses tem todas as condi\u00e7\u00f5es que precisa para relaxar e \u00e9 o hotel em Faro perfeito para a sua estadia durante o Festival F.<\/p>\n<p>&nbsp;<\/p>\n<p>Comece a planear a sua ida ao evento e <span style=\"text-decoration: underline;\"><a href=\"https:\/\/ap-eva-dot-ap-hotels.appspot.com\/booking1?adultsRoom1=2\">reserve agora a sua estadia em Faro<\/a><\/span>.<\/p>\n","protected":false},"excerpt":{"rendered":"<p>Se est\u00e1 por Faro no in\u00edcio de Setembro, n\u00e3o pode mesmo perder o Festival F, um evento que lhe d\u00e1 a hip\u00f3tese de ver os seus artistas favoritos todos juntos no espa\u00e7o de 4 dias. &nbsp; Este evento 100% dedicado [&hellip;]<\/p>\n","protected":false},"author":11,"featured_media":43704,"comment_status":"closed","ping_status":"closed","sticky":false,"template":"","format":"standard","meta":[],"categories":[392],"tags":[],"yoast_head":"<!-- This site is optimized with the Yoast SEO plugin v18.1 - https:\/\/yoast.com\/wordpress\/plugins\/seo\/ -->\n<title>Festival F: evento em Faro com 9 Palcos e Artistas 100% Portugueses - AP HOTELS &amp; RESORTS .<\/title>\n<meta name=\"description\" content=\"Conhe\u00e7a o cartaz completo do Festival F 2023, evento em Faro com um cartaz dedicado \u00e0 m\u00fasica portuguesa e com 9 palcos.\" \/>\n<meta name=\"robots\" content=\"index, follow, max-snippet:-1, max-image-preview:large, max-video-preview:-1\" \/>\n<link rel=\"canonical\" href=\"https:\/\/ap-hotelsresorts.com\/pt-pt\/festival-f-evento-em-faro-com-9-palcos-e-artistas-100-portugueses\/\" \/>\n<meta property=\"og:locale\" content=\"pt_PT\" \/>\n<meta property=\"og:type\" content=\"article\" \/>\n<meta property=\"og:title\" content=\"Festival F: evento em Faro com 9 Palcos e Artistas 100% Portugueses - AP HOTELS &amp; RESORTS .\" \/>\n<meta property=\"og:description\" content=\"Conhe\u00e7a o cartaz completo do Festival F 2023, evento em Faro com um cartaz dedicado \u00e0 m\u00fasica portuguesa e com 9 palcos.\" \/>\n<meta property=\"og:url\" content=\"https:\/\/ap-hotelsresorts.com\/pt-pt\/festival-f-evento-em-faro-com-9-palcos-e-artistas-100-portugueses\/\" \/>\n<meta property=\"og:site_name\" content=\"AP HOTELS &amp; RESORTS .\" \/>\n<meta property=\"article:publisher\" content=\"https:\/\/www.facebook.com\/aphotelsresorts\" \/>\n<meta property=\"article:published_time\" content=\"2023-08-28T08:30:13+00:00\" \/>\n<meta property=\"article:modified_time\" content=\"2023-08-28T08:35:16+00:00\" \/>\n<meta property=\"og:image\" content=\"https:\/\/ap-hotelsresorts.com\/wp-content\/uploads\/2023\/08\/Festival-F-2023.jpg\" \/>\n\t<meta property=\"og:image:width\" content=\"1200\" \/>\n\t<meta property=\"og:image:height\" content=\"800\" \/>\n\t<meta property=\"og:image:type\" content=\"image\/jpeg\" \/>\n<meta name=\"twitter:card\" content=\"summary_large_image\" \/>\n<meta name=\"twitter:creator\" content=\"@ApHotels\" \/>\n<meta name=\"twitter:site\" content=\"@ApHotels\" \/>\n<meta name=\"twitter:label1\" content=\"Escrito por\" \/>\n\t<meta name=\"twitter:data1\" content=\"marketing ap\" \/>\n\t<meta name=\"twitter:label2\" content=\"Tempo estimado de leitura\" \/>\n\t<meta name=\"twitter:data2\" content=\"4 minutos\" \/>\n<script type=\"application\/ld+json\" class=\"yoast-schema-graph\">{\"@context\":\"https:\/\/schema.org\",\"@graph\":[{\"@type\":\"Organization\",\"@id\":\"https:\/\/ap-hotelsresorts.com\/#organization\",\"name\":\"AP HOTELS & RESORTS\",\"url\":\"https:\/\/ap-hotelsresorts.com\/\",\"sameAs\":[\"https:\/\/www.facebook.com\/aphotelsresorts\",\"https:\/\/www.instagram.com\/aphotelsresorts\/\",\"https:\/\/www.linkedin.com\/company\/ap-hotels-and-resorts\",\"https:\/\/www.youtube.com\/channel\/UCSmwGBz36kx2XALzeVAlKEg\",\"https:\/\/twitter.com\/ApHotels\"],\"logo\":{\"@type\":\"ImageObject\",\"@id\":\"https:\/\/ap-hotelsresorts.com\/#logo\",\"inLanguage\":\"pt-PT\",\"url\":\"https:\/\/ap-hotelsresorts.com\/wp-content\/uploads\/2021\/03\/logo-1.png\",\"contentUrl\":\"https:\/\/ap-hotelsresorts.com\/wp-content\/uploads\/2021\/03\/logo-1.png\",\"width\":\"3915\",\"height\":\"1388\",\"caption\":\"AP HOTELS & RESORTS\"},\"image\":{\"@id\":\"https:\/\/ap-hotelsresorts.com\/#logo\"}},{\"@type\":\"WebSite\",\"@id\":\"https:\/\/ap-hotelsresorts.com\/#website\",\"url\":\"https:\/\/ap-hotelsresorts.com\/\",\"name\":\"AP HOTELS &amp; RESORTS .\",\"description\":\"Albufeira . Faro . Portim\u00e3o . Tavira . Algarve\",\"publisher\":{\"@id\":\"https:\/\/ap-hotelsresorts.com\/#organization\"},\"potentialAction\":[{\"@type\":\"SearchAction\",\"target\":{\"@type\":\"EntryPoint\",\"urlTemplate\":\"https:\/\/ap-hotelsresorts.com\/?s={search_term_string}\"},\"query-input\":\"required name=search_term_string\"}],\"inLanguage\":\"pt-PT\"},{\"@type\":\"ImageObject\",\"@id\":\"https:\/\/ap-hotelsresorts.com\/pt-pt\/festival-f-evento-em-faro-com-9-palcos-e-artistas-100-portugueses\/#primaryimage\",\"inLanguage\":\"pt-PT\",\"url\":\"https:\/\/ap-hotelsresorts.com\/wp-content\/uploads\/2023\/08\/Festival-F-2023.jpg\",\"contentUrl\":\"https:\/\/ap-hotelsresorts.com\/wp-content\/uploads\/2023\/08\/Festival-F-2023.jpg\",\"width\":1200,\"height\":800,\"caption\":\"Palco do Festival F\"},{\"@type\":\"WebPage\",\"@id\":\"https:\/\/ap-hotelsresorts.com\/pt-pt\/festival-f-evento-em-faro-com-9-palcos-e-artistas-100-portugueses\/#webpage\",\"url\":\"https:\/\/ap-hotelsresorts.com\/pt-pt\/festival-f-evento-em-faro-com-9-palcos-e-artistas-100-portugueses\/\",\"name\":\"Festival F: evento em Faro com 9 Palcos e Artistas 100% Portugueses - AP HOTELS &amp; RESORTS .\",\"isPartOf\":{\"@id\":\"https:\/\/ap-hotelsresorts.com\/#website\"},\"primaryImageOfPage\":{\"@id\":\"https:\/\/ap-hotelsresorts.com\/pt-pt\/festival-f-evento-em-faro-com-9-palcos-e-artistas-100-portugueses\/#primaryimage\"},\"datePublished\":\"2023-08-28T08:30:13+00:00\",\"dateModified\":\"2023-08-28T08:35:16+00:00\",\"description\":\"Conhe\u00e7a o cartaz completo do Festival F 2023, evento em Faro com um cartaz dedicado \u00e0 m\u00fasica portuguesa e com 9 palcos.\",\"breadcrumb\":{\"@id\":\"https:\/\/ap-hotelsresorts.com\/pt-pt\/festival-f-evento-em-faro-com-9-palcos-e-artistas-100-portugueses\/#breadcrumb\"},\"inLanguage\":\"pt-PT\",\"potentialAction\":[{\"@type\":\"ReadAction\",\"target\":[\"https:\/\/ap-hotelsresorts.com\/pt-pt\/festival-f-evento-em-faro-com-9-palcos-e-artistas-100-portugueses\/\"]}]},{\"@type\":\"BreadcrumbList\",\"@id\":\"https:\/\/ap-hotelsresorts.com\/pt-pt\/festival-f-evento-em-faro-com-9-palcos-e-artistas-100-portugueses\/#breadcrumb\",\"itemListElement\":[{\"@type\":\"ListItem\",\"position\":1,\"name\":\"Home\",\"item\":\"https:\/\/ap-hotelsresorts.com\/pt-pt\/\"},{\"@type\":\"ListItem\",\"position\":2,\"name\":\"Festival F: evento em Faro com 9 Palcos e Artistas 100% Portugueses\"}]},{\"@type\":\"Article\",\"@id\":\"https:\/\/ap-hotelsresorts.com\/pt-pt\/festival-f-evento-em-faro-com-9-palcos-e-artistas-100-portugueses\/#article\",\"isPartOf\":{\"@id\":\"https:\/\/ap-hotelsresorts.com\/pt-pt\/festival-f-evento-em-faro-com-9-palcos-e-artistas-100-portugueses\/#webpage\"},\"author\":{\"@id\":\"https:\/\/ap-hotelsresorts.com\/#\/schema\/person\/39ea63a33316ff09e0a075ae0a4bed49\"},\"headline\":\"Festival F: evento em Faro com 9 Palcos e Artistas 100% Portugueses\",\"datePublished\":\"2023-08-28T08:30:13+00:00\",\"dateModified\":\"2023-08-28T08:35:16+00:00\",\"mainEntityOfPage\":{\"@id\":\"https:\/\/ap-hotelsresorts.com\/pt-pt\/festival-f-evento-em-faro-com-9-palcos-e-artistas-100-portugueses\/#webpage\"},\"wordCount\":862,\"publisher\":{\"@id\":\"https:\/\/ap-hotelsresorts.com\/#organization\"},\"image\":{\"@id\":\"https:\/\/ap-hotelsresorts.com\/pt-pt\/festival-f-evento-em-faro-com-9-palcos-e-artistas-100-portugueses\/#primaryimage\"},\"thumbnailUrl\":\"https:\/\/ap-hotelsresorts.com\/wp-content\/uploads\/2023\/08\/Festival-F-2023.jpg\",\"articleSection\":[\"Not\u00edcias\"],\"inLanguage\":\"pt-PT\"},{\"@type\":\"Person\",\"@id\":\"https:\/\/ap-hotelsresorts.com\/#\/schema\/person\/39ea63a33316ff09e0a075ae0a4bed49\",\"name\":\"marketing ap\",\"image\":{\"@type\":\"ImageObject\",\"@id\":\"https:\/\/ap-hotelsresorts.com\/#personlogo\",\"inLanguage\":\"pt-PT\",\"url\":\"https:\/\/secure.gravatar.com\/avatar\/80ea62fe6096f55fe36f17f2175dca2f?s=96&d=mm&r=g\",\"contentUrl\":\"https:\/\/secure.gravatar.com\/avatar\/80ea62fe6096f55fe36f17f2175dca2f?s=96&d=mm&r=g\",\"caption\":\"marketing ap\"}}]}<\/script>\n<!-- \/ Yoast SEO plugin. -->","yoast_head_json":{"title":"Festival F: evento em Faro com 9 Palcos e Artistas 100% Portugueses - AP HOTELS &amp; RESORTS .","description":"Conhe\u00e7a o cartaz completo do Festival F 2023, evento em Faro com um cartaz dedicado \u00e0 m\u00fasica portuguesa e com 9 palcos.","robots":{"index":"index","follow":"follow","max-snippet":"max-snippet:-1","max-image-preview":"max-image-preview:large","max-video-preview":"max-video-preview:-1"},"canonical":"https:\/\/ap-hotelsresorts.com\/pt-pt\/festival-f-evento-em-faro-com-9-palcos-e-artistas-100-portugueses\/","og_locale":"pt_PT","og_type":"article","og_title":"Festival F: evento em Faro com 9 Palcos e Artistas 100% Portugueses - AP HOTELS &amp; RESORTS .","og_description":"Conhe\u00e7a o cartaz completo do Festival F 2023, evento em Faro com um cartaz dedicado \u00e0 m\u00fasica portuguesa e com 9 palcos.","og_url":"https:\/\/ap-hotelsresorts.com\/pt-pt\/festival-f-evento-em-faro-com-9-palcos-e-artistas-100-portugueses\/","og_site_name":"AP HOTELS &amp; RESORTS .","article_publisher":"https:\/\/www.facebook.com\/aphotelsresorts","article_published_time":"2023-08-28T08:30:13+00:00","article_modified_time":"2023-08-28T08:35:16+00:00","og_image":[{"width":1200,"height":800,"url":"https:\/\/ap-hotelsresorts.com\/wp-content\/uploads\/2023\/08\/Festival-F-2023.jpg","type":"image\/jpeg"}],"twitter_card":"summary_large_image","twitter_creator":"@ApHotels","twitter_site":"@ApHotels","twitter_misc":{"Escrito por":"marketing ap","Tempo estimado de leitura":"4 minutos"},"schema":{"@context":"https:\/\/schema.org","@graph":[{"@type":"Organization","@id":"https:\/\/ap-hotelsresorts.com\/#organization","name":"AP HOTELS & RESORTS","url":"https:\/\/ap-hotelsresorts.com\/","sameAs":["https:\/\/www.facebook.com\/aphotelsresorts","https:\/\/www.instagram.com\/aphotelsresorts\/","https:\/\/www.linkedin.com\/company\/ap-hotels-and-resorts","https:\/\/www.youtube.com\/channel\/UCSmwGBz36kx2XALzeVAlKEg","https:\/\/twitter.com\/ApHotels"],"logo":{"@type":"ImageObject","@id":"https:\/\/ap-hotelsresorts.com\/#logo","inLanguage":"pt-PT","url":"https:\/\/ap-hotelsresorts.com\/wp-content\/uploads\/2021\/03\/logo-1.png","contentUrl":"https:\/\/ap-hotelsresorts.com\/wp-content\/uploads\/2021\/03\/logo-1.png","width":"3915","height":"1388","caption":"AP HOTELS & RESORTS"},"image":{"@id":"https:\/\/ap-hotelsresorts.com\/#logo"}},{"@type":"WebSite","@id":"https:\/\/ap-hotelsresorts.com\/#website","url":"https:\/\/ap-hotelsresorts.com\/","name":"AP HOTELS &amp; RESORTS .","description":"Albufeira . Faro . Portim\u00e3o . Tavira . Algarve","publisher":{"@id":"https:\/\/ap-hotelsresorts.com\/#organization"},"potentialAction":[{"@type":"SearchAction","target":{"@type":"EntryPoint","urlTemplate":"https:\/\/ap-hotelsresorts.com\/?s={search_term_string}"},"query-input":"required name=search_term_string"}],"inLanguage":"pt-PT"},{"@type":"ImageObject","@id":"https:\/\/ap-hotelsresorts.com\/pt-pt\/festival-f-evento-em-faro-com-9-palcos-e-artistas-100-portugueses\/#primaryimage","inLanguage":"pt-PT","url":"https:\/\/ap-hotelsresorts.com\/wp-content\/uploads\/2023\/08\/Festival-F-2023.jpg","contentUrl":"https:\/\/ap-hotelsresorts.com\/wp-content\/uploads\/2023\/08\/Festival-F-2023.jpg","width":1200,"height":800,"caption":"Palco do Festival F"},{"@type":"WebPage","@id":"https:\/\/ap-hotelsresorts.com\/pt-pt\/festival-f-evento-em-faro-com-9-palcos-e-artistas-100-portugueses\/#webpage","url":"https:\/\/ap-hotelsresorts.com\/pt-pt\/festival-f-evento-em-faro-com-9-palcos-e-artistas-100-portugueses\/","name":"Festival F: evento em Faro com 9 Palcos e Artistas 100% Portugueses - AP HOTELS &amp; RESORTS .","isPartOf":{"@id":"https:\/\/ap-hotelsresorts.com\/#website"},"primaryImageOfPage":{"@id":"https:\/\/ap-hotelsresorts.com\/pt-pt\/festival-f-evento-em-faro-com-9-palcos-e-artistas-100-portugueses\/#primaryimage"},"datePublished":"2023-08-28T08:30:13+00:00","dateModified":"2023-08-28T08:35:16+00:00","description":"Conhe\u00e7a o cartaz completo do Festival F 2023, evento em Faro com um cartaz dedicado \u00e0 m\u00fasica portuguesa e com 9 palcos.","breadcrumb":{"@id":"https:\/\/ap-hotelsresorts.com\/pt-pt\/festival-f-evento-em-faro-com-9-palcos-e-artistas-100-portugueses\/#breadcrumb"},"inLanguage":"pt-PT","potentialAction":[{"@type":"ReadAction","target":["https:\/\/ap-hotelsresorts.com\/pt-pt\/festival-f-evento-em-faro-com-9-palcos-e-artistas-100-portugueses\/"]}]},{"@type":"BreadcrumbList","@id":"https:\/\/ap-hotelsresorts.com\/pt-pt\/festival-f-evento-em-faro-com-9-palcos-e-artistas-100-portugueses\/#breadcrumb","itemListElement":[{"@type":"ListItem","position":1,"name":"Home","item":"https:\/\/ap-hotelsresorts.com\/pt-pt\/"},{"@type":"ListItem","position":2,"name":"Festival F: evento em Faro com 9 Palcos e Artistas 100% Portugueses"}]},{"@type":"Article","@id":"https:\/\/ap-hotelsresorts.com\/pt-pt\/festival-f-evento-em-faro-com-9-palcos-e-artistas-100-portugueses\/#article","isPartOf":{"@id":"https:\/\/ap-hotelsresorts.com\/pt-pt\/festival-f-evento-em-faro-com-9-palcos-e-artistas-100-portugueses\/#webpage"},"author":{"@id":"https:\/\/ap-hotelsresorts.com\/#\/schema\/person\/39ea63a33316ff09e0a075ae0a4bed49"},"headline":"Festival F: evento em Faro com 9 Palcos e Artistas 100% Portugueses","datePublished":"2023-08-28T08:30:13+00:00","dateModified":"2023-08-28T08:35:16+00:00","mainEntityOfPage":{"@id":"https:\/\/ap-hotelsresorts.com\/pt-pt\/festival-f-evento-em-faro-com-9-palcos-e-artistas-100-portugueses\/#webpage"},"wordCount":862,"publisher":{"@id":"https:\/\/ap-hotelsresorts.com\/#organization"},"image":{"@id":"https:\/\/ap-hotelsresorts.com\/pt-pt\/festival-f-evento-em-faro-com-9-palcos-e-artistas-100-portugueses\/#primaryimage"},"thumbnailUrl":"https:\/\/ap-hotelsresorts.com\/wp-content\/uploads\/2023\/08\/Festival-F-2023.jpg","articleSection":["Not\u00edcias"],"inLanguage":"pt-PT"},{"@type":"Person","@id":"https:\/\/ap-hotelsresorts.com\/#\/schema\/person\/39ea63a33316ff09e0a075ae0a4bed49","name":"marketing ap","image":{"@type":"ImageObject","@id":"https:\/\/ap-hotelsresorts.com\/#personlogo","inLanguage":"pt-PT","url":"https:\/\/secure.gravatar.com\/avatar\/80ea62fe6096f55fe36f17f2175dca2f?s=96&d=mm&r=g","contentUrl":"https:\/\/secure.gravatar.com\/avatar\/80ea62fe6096f55fe36f17f2175dca2f?s=96&d=mm&r=g","caption":"marketing ap"}}]}},"_links":{"self":[{"href":"https:\/\/ap-hotelsresorts.com\/pt-pt\/wp-json\/wp\/v2\/posts\/43703"}],"collection":[{"href":"https:\/\/ap-hotelsresorts.com\/pt-pt\/wp-json\/wp\/v2\/posts"}],"about":[{"href":"https:\/\/ap-hotelsresorts.com\/pt-pt\/wp-json\/wp\/v2\/types\/post"}],"author":[{"embeddable":true,"href":"https:\/\/ap-hotelsresorts.com\/pt-pt\/wp-json\/wp\/v2\/users\/11"}],"replies":[{"embeddable":true,"href":"https:\/\/ap-hotelsresorts.com\/pt-pt\/wp-json\/wp\/v2\/comments?post=43703"}],"version-history":[{"count":0,"href":"https:\/\/ap-hotelsresorts.com\/pt-pt\/wp-json\/wp\/v2\/posts\/43703\/revisions"}],"wp:featuredmedia":[{"embeddable":true,"href":"https:\/\/ap-hotelsresorts.com\/pt-pt\/wp-json\/wp\/v2\/media\/43704"}],"wp:attachment":[{"href":"https:\/\/ap-hotelsresorts.com\/pt-pt\/wp-json\/wp\/v2\/media?parent=43703"}],"wp:term":[{"taxonomy":"category","embeddable":true,"href":"https:\/\/ap-hotelsresorts.com\/pt-pt\/wp-json\/wp\/v2\/categories?post=43703"},{"taxonomy":"post_tag","embeddable":true,"href":"https:\/\/ap-hotelsresorts.com\/pt-pt\/wp-json\/wp\/v2\/tags?post=43703"}],"curies":[{"name":"wp","href":"https:\/\/api.w.org\/{rel}","templated":true}]}}