{"id":44354,"date":"2023-09-19T08:26:12","date_gmt":"2023-09-19T08:26:12","guid":{"rendered":"https:\/\/ap-hotelsresorts.com\/?p=44354"},"modified":"2023-09-19T08:26:12","modified_gmt":"2023-09-19T08:26:12","slug":"ap-eva-senses-acolhe-apresentacao-da-nova-temporada-da-orquestra-algarve","status":"publish","type":"post","link":"https:\/\/ap-hotelsresorts.com\/pt-pt\/ap-eva-senses-acolhe-apresentacao-da-nova-temporada-da-orquestra-algarve\/","title":{"rendered":"AP EVA SENSES ACOLHE APRESENTA\u00c7\u00c3O DA NOVA TEMPORADA DA ORQUESTRA ALGARVE"},"content":{"rendered":"<p>A Orquestra do Algarve apresentou, pela primeira vez em 21 da sua exist\u00eancia, o programa completo da sua temporada, num evento realizado dia 13 de setembro, no Rooftop do AP Eva Senses.<\/p>\n<p>&nbsp;<\/p>\n<p>O maestro da Orquestra, Martim Sousa Tavares, e o presidente da dire\u00e7\u00e3o da Associa\u00e7\u00e3o Musical do Algarve (AMA), Ant\u00f3nio Branco, estiveram presentes no evento, que contou tamb\u00e9m com v\u00e1rios m\u00fasicos da orquestra que \u201cabrilhantaram os discursos com pequenos trechos musicais do que ser\u00e1 poss\u00edvel escutar nos concertos destes pr\u00f3ximos meses (setembro 2023 a julho 2024)\u201d.<\/p>\n<p>&nbsp;<\/p>\n<p>Para al\u00e9m de v\u00e1rios \u00f3rg\u00e3os de comunica\u00e7\u00e3o social, muitos colaboradores da AMA, espetadores habituais dos concertos da orquestra, maestros convidados e representantes de v\u00e1rias entidades algarvias tamb\u00e9m fizeram quest\u00e3o de saber em primeira m\u00e3o as novidades.<\/p>\n<p>&nbsp;<\/p>\n<p>O maestro Martim Sousa Tavares afirmou, na ocasi\u00e3o, que \u201ceste esfor\u00e7o representa uma evolu\u00e7\u00e3o significativa na vida da nossa Orquestra, na medida em que nos permite olhar o futuro e assumir compromissos de excel\u00eancia e ao mesmo tempo d\u00e1 a possibilidade ao nosso p\u00fablico para conhecer detalhada e atempadamente qual a oferta que trazemos em cada momento.\u201d<\/p>\n<p>&nbsp;<\/p>\n<p>O AP Eva Senses mant\u00e9m com a Orquestra do Algarve uma parceria de muitos anos.<\/p>\n","protected":false},"excerpt":{"rendered":"<p>A Orquestra do Algarve apresentou, pela primeira vez em 21 da sua exist\u00eancia, o programa completo da sua temporada, num evento realizado dia 13 de setembro, no Rooftop do AP Eva Senses. &nbsp; O maestro da Orquestra, Martim Sousa Tavares, [&hellip;]<\/p>\n","protected":false},"author":11,"featured_media":36589,"comment_status":"closed","ping_status":"closed","sticky":false,"template":"","format":"standard","meta":[],"categories":[392],"tags":[],"yoast_head":"<!-- This site is optimized with the Yoast SEO plugin v18.1 - https:\/\/yoast.com\/wordpress\/plugins\/seo\/ -->\n<title>AP EVA SENSES ACOLHE APRESENTA\u00c7\u00c3O DA NOVA TEMPORADA DA ORQUESTRA ALGARVE - AP HOTELS &amp; RESORTS .<\/title>\n<meta name=\"robots\" content=\"index, follow, max-snippet:-1, max-image-preview:large, max-video-preview:-1\" \/>\n<link rel=\"canonical\" href=\"https:\/\/ap-hotelsresorts.com\/pt-pt\/ap-eva-senses-acolhe-apresentacao-da-nova-temporada-da-orquestra-algarve\/\" \/>\n<meta property=\"og:locale\" content=\"pt_PT\" \/>\n<meta property=\"og:type\" content=\"article\" \/>\n<meta property=\"og:title\" content=\"AP EVA SENSES ACOLHE APRESENTA\u00c7\u00c3O DA NOVA TEMPORADA DA ORQUESTRA ALGARVE - AP HOTELS &amp; RESORTS .\" \/>\n<meta property=\"og:description\" content=\"A Orquestra do Algarve apresentou, pela primeira vez em 21 da sua exist\u00eancia, o programa completo da sua temporada, num evento realizado dia 13 de setembro, no Rooftop do AP Eva Senses. &nbsp; O maestro da Orquestra, Martim Sousa Tavares, [&hellip;]\" \/>\n<meta property=\"og:url\" content=\"https:\/\/ap-hotelsresorts.com\/pt-pt\/ap-eva-senses-acolhe-apresentacao-da-nova-temporada-da-orquestra-algarve\/\" \/>\n<meta property=\"og:site_name\" content=\"AP HOTELS &amp; RESORTS .\" \/>\n<meta property=\"article:publisher\" content=\"https:\/\/www.facebook.com\/aphotelsresorts\" \/>\n<meta property=\"article:published_time\" content=\"2023-09-19T08:26:12+00:00\" \/>\n<meta property=\"og:image\" content=\"https:\/\/ap-hotelsresorts.com\/wp-content\/uploads\/2023\/02\/Martim-Sousa-Tavares.jpeg\" \/>\n\t<meta property=\"og:image:width\" content=\"1068\" \/>\n\t<meta property=\"og:image:height\" content=\"601\" \/>\n\t<meta property=\"og:image:type\" content=\"image\/jpeg\" \/>\n<meta name=\"twitter:card\" content=\"summary_large_image\" \/>\n<meta name=\"twitter:creator\" content=\"@ApHotels\" \/>\n<meta name=\"twitter:site\" content=\"@ApHotels\" \/>\n<meta name=\"twitter:label1\" content=\"Escrito por\" \/>\n\t<meta name=\"twitter:data1\" content=\"marketing ap\" \/>\n\t<meta name=\"twitter:label2\" content=\"Tempo estimado de leitura\" \/>\n\t<meta name=\"twitter:data2\" content=\"1 minuto\" \/>\n<script type=\"application\/ld+json\" class=\"yoast-schema-graph\">{\"@context\":\"https:\/\/schema.org\",\"@graph\":[{\"@type\":\"Organization\",\"@id\":\"https:\/\/ap-hotelsresorts.com\/#organization\",\"name\":\"AP HOTELS & RESORTS\",\"url\":\"https:\/\/ap-hotelsresorts.com\/\",\"sameAs\":[\"https:\/\/www.facebook.com\/aphotelsresorts\",\"https:\/\/www.instagram.com\/aphotelsresorts\/\",\"https:\/\/www.linkedin.com\/company\/ap-hotels-and-resorts\",\"https:\/\/www.youtube.com\/channel\/UCSmwGBz36kx2XALzeVAlKEg\",\"https:\/\/twitter.com\/ApHotels\"],\"logo\":{\"@type\":\"ImageObject\",\"@id\":\"https:\/\/ap-hotelsresorts.com\/#logo\",\"inLanguage\":\"pt-PT\",\"url\":\"https:\/\/ap-hotelsresorts.com\/wp-content\/uploads\/2021\/03\/logo-1.png\",\"contentUrl\":\"https:\/\/ap-hotelsresorts.com\/wp-content\/uploads\/2021\/03\/logo-1.png\",\"width\":\"3915\",\"height\":\"1388\",\"caption\":\"AP HOTELS & RESORTS\"},\"image\":{\"@id\":\"https:\/\/ap-hotelsresorts.com\/#logo\"}},{\"@type\":\"WebSite\",\"@id\":\"https:\/\/ap-hotelsresorts.com\/#website\",\"url\":\"https:\/\/ap-hotelsresorts.com\/\",\"name\":\"AP HOTELS &amp; RESORTS .\",\"description\":\"Albufeira . Faro . Portim\u00e3o . Tavira . Algarve\",\"publisher\":{\"@id\":\"https:\/\/ap-hotelsresorts.com\/#organization\"},\"potentialAction\":[{\"@type\":\"SearchAction\",\"target\":{\"@type\":\"EntryPoint\",\"urlTemplate\":\"https:\/\/ap-hotelsresorts.com\/?s={search_term_string}\"},\"query-input\":\"required name=search_term_string\"}],\"inLanguage\":\"pt-PT\"},{\"@type\":\"ImageObject\",\"@id\":\"https:\/\/ap-hotelsresorts.com\/pt-pt\/ap-eva-senses-acolhe-apresentacao-da-nova-temporada-da-orquestra-algarve\/#primaryimage\",\"inLanguage\":\"pt-PT\",\"url\":\"https:\/\/ap-hotelsresorts.com\/wp-content\/uploads\/2023\/02\/Martim-Sousa-Tavares.jpeg\",\"contentUrl\":\"https:\/\/ap-hotelsresorts.com\/wp-content\/uploads\/2023\/02\/Martim-Sousa-Tavares.jpeg\",\"width\":1068,\"height\":601},{\"@type\":\"WebPage\",\"@id\":\"https:\/\/ap-hotelsresorts.com\/pt-pt\/ap-eva-senses-acolhe-apresentacao-da-nova-temporada-da-orquestra-algarve\/#webpage\",\"url\":\"https:\/\/ap-hotelsresorts.com\/pt-pt\/ap-eva-senses-acolhe-apresentacao-da-nova-temporada-da-orquestra-algarve\/\",\"name\":\"AP EVA SENSES ACOLHE APRESENTA\u00c7\u00c3O DA NOVA TEMPORADA DA ORQUESTRA ALGARVE - AP HOTELS &amp; RESORTS .\",\"isPartOf\":{\"@id\":\"https:\/\/ap-hotelsresorts.com\/#website\"},\"primaryImageOfPage\":{\"@id\":\"https:\/\/ap-hotelsresorts.com\/pt-pt\/ap-eva-senses-acolhe-apresentacao-da-nova-temporada-da-orquestra-algarve\/#primaryimage\"},\"datePublished\":\"2023-09-19T08:26:12+00:00\",\"dateModified\":\"2023-09-19T08:26:12+00:00\",\"breadcrumb\":{\"@id\":\"https:\/\/ap-hotelsresorts.com\/pt-pt\/ap-eva-senses-acolhe-apresentacao-da-nova-temporada-da-orquestra-algarve\/#breadcrumb\"},\"inLanguage\":\"pt-PT\",\"potentialAction\":[{\"@type\":\"ReadAction\",\"target\":[\"https:\/\/ap-hotelsresorts.com\/pt-pt\/ap-eva-senses-acolhe-apresentacao-da-nova-temporada-da-orquestra-algarve\/\"]}]},{\"@type\":\"BreadcrumbList\",\"@id\":\"https:\/\/ap-hotelsresorts.com\/pt-pt\/ap-eva-senses-acolhe-apresentacao-da-nova-temporada-da-orquestra-algarve\/#breadcrumb\",\"itemListElement\":[{\"@type\":\"ListItem\",\"position\":1,\"name\":\"Home\",\"item\":\"https:\/\/ap-hotelsresorts.com\/pt-pt\/\"},{\"@type\":\"ListItem\",\"position\":2,\"name\":\"AP EVA SENSES ACOLHE APRESENTA\u00c7\u00c3O DA NOVA TEMPORADA DA ORQUESTRA ALGARVE\"}]},{\"@type\":\"Article\",\"@id\":\"https:\/\/ap-hotelsresorts.com\/pt-pt\/ap-eva-senses-acolhe-apresentacao-da-nova-temporada-da-orquestra-algarve\/#article\",\"isPartOf\":{\"@id\":\"https:\/\/ap-hotelsresorts.com\/pt-pt\/ap-eva-senses-acolhe-apresentacao-da-nova-temporada-da-orquestra-algarve\/#webpage\"},\"author\":{\"@id\":\"https:\/\/ap-hotelsresorts.com\/#\/schema\/person\/39ea63a33316ff09e0a075ae0a4bed49\"},\"headline\":\"AP EVA SENSES ACOLHE APRESENTA\u00c7\u00c3O DA NOVA TEMPORADA DA ORQUESTRA ALGARVE\",\"datePublished\":\"2023-09-19T08:26:12+00:00\",\"dateModified\":\"2023-09-19T08:26:12+00:00\",\"mainEntityOfPage\":{\"@id\":\"https:\/\/ap-hotelsresorts.com\/pt-pt\/ap-eva-senses-acolhe-apresentacao-da-nova-temporada-da-orquestra-algarve\/#webpage\"},\"wordCount\":230,\"publisher\":{\"@id\":\"https:\/\/ap-hotelsresorts.com\/#organization\"},\"image\":{\"@id\":\"https:\/\/ap-hotelsresorts.com\/pt-pt\/ap-eva-senses-acolhe-apresentacao-da-nova-temporada-da-orquestra-algarve\/#primaryimage\"},\"thumbnailUrl\":\"https:\/\/ap-hotelsresorts.com\/wp-content\/uploads\/2023\/02\/Martim-Sousa-Tavares.jpeg\",\"articleSection\":[\"Not\u00edcias\"],\"inLanguage\":\"pt-PT\"},{\"@type\":\"Person\",\"@id\":\"https:\/\/ap-hotelsresorts.com\/#\/schema\/person\/39ea63a33316ff09e0a075ae0a4bed49\",\"name\":\"marketing ap\",\"image\":{\"@type\":\"ImageObject\",\"@id\":\"https:\/\/ap-hotelsresorts.com\/#personlogo\",\"inLanguage\":\"pt-PT\",\"url\":\"https:\/\/secure.gravatar.com\/avatar\/80ea62fe6096f55fe36f17f2175dca2f?s=96&d=mm&r=g\",\"contentUrl\":\"https:\/\/secure.gravatar.com\/avatar\/80ea62fe6096f55fe36f17f2175dca2f?s=96&d=mm&r=g\",\"caption\":\"marketing ap\"}}]}<\/script>\n<!-- \/ Yoast SEO plugin. -->","yoast_head_json":{"title":"AP EVA SENSES ACOLHE APRESENTA\u00c7\u00c3O DA NOVA TEMPORADA DA ORQUESTRA ALGARVE - AP HOTELS &amp; RESORTS .","robots":{"index":"index","follow":"follow","max-snippet":"max-snippet:-1","max-image-preview":"max-image-preview:large","max-video-preview":"max-video-preview:-1"},"canonical":"https:\/\/ap-hotelsresorts.com\/pt-pt\/ap-eva-senses-acolhe-apresentacao-da-nova-temporada-da-orquestra-algarve\/","og_locale":"pt_PT","og_type":"article","og_title":"AP EVA SENSES ACOLHE APRESENTA\u00c7\u00c3O DA NOVA TEMPORADA DA ORQUESTRA ALGARVE - AP HOTELS &amp; RESORTS .","og_description":"A Orquestra do Algarve apresentou, pela primeira vez em 21 da sua exist\u00eancia, o programa completo da sua temporada, num evento realizado dia 13 de setembro, no Rooftop do AP Eva Senses. &nbsp; O maestro da Orquestra, Martim Sousa Tavares, [&hellip;]","og_url":"https:\/\/ap-hotelsresorts.com\/pt-pt\/ap-eva-senses-acolhe-apresentacao-da-nova-temporada-da-orquestra-algarve\/","og_site_name":"AP HOTELS &amp; RESORTS .","article_publisher":"https:\/\/www.facebook.com\/aphotelsresorts","article_published_time":"2023-09-19T08:26:12+00:00","og_image":[{"width":1068,"height":601,"url":"https:\/\/ap-hotelsresorts.com\/wp-content\/uploads\/2023\/02\/Martim-Sousa-Tavares.jpeg","type":"image\/jpeg"}],"twitter_card":"summary_large_image","twitter_creator":"@ApHotels","twitter_site":"@ApHotels","twitter_misc":{"Escrito por":"marketing ap","Tempo estimado de leitura":"1 minuto"},"schema":{"@context":"https:\/\/schema.org","@graph":[{"@type":"Organization","@id":"https:\/\/ap-hotelsresorts.com\/#organization","name":"AP HOTELS & RESORTS","url":"https:\/\/ap-hotelsresorts.com\/","sameAs":["https:\/\/www.facebook.com\/aphotelsresorts","https:\/\/www.instagram.com\/aphotelsresorts\/","https:\/\/www.linkedin.com\/company\/ap-hotels-and-resorts","https:\/\/www.youtube.com\/channel\/UCSmwGBz36kx2XALzeVAlKEg","https:\/\/twitter.com\/ApHotels"],"logo":{"@type":"ImageObject","@id":"https:\/\/ap-hotelsresorts.com\/#logo","inLanguage":"pt-PT","url":"https:\/\/ap-hotelsresorts.com\/wp-content\/uploads\/2021\/03\/logo-1.png","contentUrl":"https:\/\/ap-hotelsresorts.com\/wp-content\/uploads\/2021\/03\/logo-1.png","width":"3915","height":"1388","caption":"AP HOTELS & RESORTS"},"image":{"@id":"https:\/\/ap-hotelsresorts.com\/#logo"}},{"@type":"WebSite","@id":"https:\/\/ap-hotelsresorts.com\/#website","url":"https:\/\/ap-hotelsresorts.com\/","name":"AP HOTELS &amp; RESORTS .","description":"Albufeira . Faro . Portim\u00e3o . Tavira . Algarve","publisher":{"@id":"https:\/\/ap-hotelsresorts.com\/#organization"},"potentialAction":[{"@type":"SearchAction","target":{"@type":"EntryPoint","urlTemplate":"https:\/\/ap-hotelsresorts.com\/?s={search_term_string}"},"query-input":"required name=search_term_string"}],"inLanguage":"pt-PT"},{"@type":"ImageObject","@id":"https:\/\/ap-hotelsresorts.com\/pt-pt\/ap-eva-senses-acolhe-apresentacao-da-nova-temporada-da-orquestra-algarve\/#primaryimage","inLanguage":"pt-PT","url":"https:\/\/ap-hotelsresorts.com\/wp-content\/uploads\/2023\/02\/Martim-Sousa-Tavares.jpeg","contentUrl":"https:\/\/ap-hotelsresorts.com\/wp-content\/uploads\/2023\/02\/Martim-Sousa-Tavares.jpeg","width":1068,"height":601},{"@type":"WebPage","@id":"https:\/\/ap-hotelsresorts.com\/pt-pt\/ap-eva-senses-acolhe-apresentacao-da-nova-temporada-da-orquestra-algarve\/#webpage","url":"https:\/\/ap-hotelsresorts.com\/pt-pt\/ap-eva-senses-acolhe-apresentacao-da-nova-temporada-da-orquestra-algarve\/","name":"AP EVA SENSES ACOLHE APRESENTA\u00c7\u00c3O DA NOVA TEMPORADA DA ORQUESTRA ALGARVE - AP HOTELS &amp; RESORTS .","isPartOf":{"@id":"https:\/\/ap-hotelsresorts.com\/#website"},"primaryImageOfPage":{"@id":"https:\/\/ap-hotelsresorts.com\/pt-pt\/ap-eva-senses-acolhe-apresentacao-da-nova-temporada-da-orquestra-algarve\/#primaryimage"},"datePublished":"2023-09-19T08:26:12+00:00","dateModified":"2023-09-19T08:26:12+00:00","breadcrumb":{"@id":"https:\/\/ap-hotelsresorts.com\/pt-pt\/ap-eva-senses-acolhe-apresentacao-da-nova-temporada-da-orquestra-algarve\/#breadcrumb"},"inLanguage":"pt-PT","potentialAction":[{"@type":"ReadAction","target":["https:\/\/ap-hotelsresorts.com\/pt-pt\/ap-eva-senses-acolhe-apresentacao-da-nova-temporada-da-orquestra-algarve\/"]}]},{"@type":"BreadcrumbList","@id":"https:\/\/ap-hotelsresorts.com\/pt-pt\/ap-eva-senses-acolhe-apresentacao-da-nova-temporada-da-orquestra-algarve\/#breadcrumb","itemListElement":[{"@type":"ListItem","position":1,"name":"Home","item":"https:\/\/ap-hotelsresorts.com\/pt-pt\/"},{"@type":"ListItem","position":2,"name":"AP EVA SENSES ACOLHE APRESENTA\u00c7\u00c3O DA NOVA TEMPORADA DA ORQUESTRA ALGARVE"}]},{"@type":"Article","@id":"https:\/\/ap-hotelsresorts.com\/pt-pt\/ap-eva-senses-acolhe-apresentacao-da-nova-temporada-da-orquestra-algarve\/#article","isPartOf":{"@id":"https:\/\/ap-hotelsresorts.com\/pt-pt\/ap-eva-senses-acolhe-apresentacao-da-nova-temporada-da-orquestra-algarve\/#webpage"},"author":{"@id":"https:\/\/ap-hotelsresorts.com\/#\/schema\/person\/39ea63a33316ff09e0a075ae0a4bed49"},"headline":"AP EVA SENSES ACOLHE APRESENTA\u00c7\u00c3O DA NOVA TEMPORADA DA ORQUESTRA ALGARVE","datePublished":"2023-09-19T08:26:12+00:00","dateModified":"2023-09-19T08:26:12+00:00","mainEntityOfPage":{"@id":"https:\/\/ap-hotelsresorts.com\/pt-pt\/ap-eva-senses-acolhe-apresentacao-da-nova-temporada-da-orquestra-algarve\/#webpage"},"wordCount":230,"publisher":{"@id":"https:\/\/ap-hotelsresorts.com\/#organization"},"image":{"@id":"https:\/\/ap-hotelsresorts.com\/pt-pt\/ap-eva-senses-acolhe-apresentacao-da-nova-temporada-da-orquestra-algarve\/#primaryimage"},"thumbnailUrl":"https:\/\/ap-hotelsresorts.com\/wp-content\/uploads\/2023\/02\/Martim-Sousa-Tavares.jpeg","articleSection":["Not\u00edcias"],"inLanguage":"pt-PT"},{"@type":"Person","@id":"https:\/\/ap-hotelsresorts.com\/#\/schema\/person\/39ea63a33316ff09e0a075ae0a4bed49","name":"marketing ap","image":{"@type":"ImageObject","@id":"https:\/\/ap-hotelsresorts.com\/#personlogo","inLanguage":"pt-PT","url":"https:\/\/secure.gravatar.com\/avatar\/80ea62fe6096f55fe36f17f2175dca2f?s=96&d=mm&r=g","contentUrl":"https:\/\/secure.gravatar.com\/avatar\/80ea62fe6096f55fe36f17f2175dca2f?s=96&d=mm&r=g","caption":"marketing ap"}}]}},"_links":{"self":[{"href":"https:\/\/ap-hotelsresorts.com\/pt-pt\/wp-json\/wp\/v2\/posts\/44354"}],"collection":[{"href":"https:\/\/ap-hotelsresorts.com\/pt-pt\/wp-json\/wp\/v2\/posts"}],"about":[{"href":"https:\/\/ap-hotelsresorts.com\/pt-pt\/wp-json\/wp\/v2\/types\/post"}],"author":[{"embeddable":true,"href":"https:\/\/ap-hotelsresorts.com\/pt-pt\/wp-json\/wp\/v2\/users\/11"}],"replies":[{"embeddable":true,"href":"https:\/\/ap-hotelsresorts.com\/pt-pt\/wp-json\/wp\/v2\/comments?post=44354"}],"version-history":[{"count":0,"href":"https:\/\/ap-hotelsresorts.com\/pt-pt\/wp-json\/wp\/v2\/posts\/44354\/revisions"}],"wp:featuredmedia":[{"embeddable":true,"href":"https:\/\/ap-hotelsresorts.com\/pt-pt\/wp-json\/wp\/v2\/media\/36589"}],"wp:attachment":[{"href":"https:\/\/ap-hotelsresorts.com\/pt-pt\/wp-json\/wp\/v2\/media?parent=44354"}],"wp:term":[{"taxonomy":"category","embeddable":true,"href":"https:\/\/ap-hotelsresorts.com\/pt-pt\/wp-json\/wp\/v2\/categories?post=44354"},{"taxonomy":"post_tag","embeddable":true,"href":"https:\/\/ap-hotelsresorts.com\/pt-pt\/wp-json\/wp\/v2\/tags?post=44354"}],"curies":[{"name":"wp","href":"https:\/\/api.w.org\/{rel}","templated":true}]}}