{"id":44950,"date":"2023-09-25T13:30:00","date_gmt":"2023-09-25T13:30:00","guid":{"rendered":"https:\/\/ap-hotelsresorts.com\/?p=44950"},"modified":"2023-09-25T13:30:00","modified_gmt":"2023-09-25T13:30:00","slug":"4-palcos-no-ap-eva-senses-com-lotacao-esgotada","status":"publish","type":"post","link":"https:\/\/ap-hotelsresorts.com\/pt-pt\/4-palcos-no-ap-eva-senses-com-lotacao-esgotada\/","title":{"rendered":"4 PALCOS NO AP EVA SENSES COM LOTA\u00c7\u00c3O ESGOTADA"},"content":{"rendered":"<p>O evento 4 Palcos by Quinta de S\u00e3o Sebasti\u00e3o realizou-se no passado dia 21 de setembro, pela segunda vez, no AP Eva Senses, repetindo o \u00eaxito do ano passado, com lota\u00e7\u00e3o esgotada.<\/p>\n<p>&nbsp;<\/p>\n<p>O evento \u00e9 organizado pelo AP Eva Senses e pela Orquestra do Algarve, e consiste na apresenta\u00e7\u00e3o de momentos musicais em 4 palcos distintos, com a prova de um vinho QSS diferente, em cada um dos 4 momentos.<\/p>\n<p>&nbsp;<\/p>\n<p>Os participantes deste evento tiveram a oportunidade de assistir a momentos musicais \u00fanicos, com in\u00edcio no foyer do hotel, com v\u00e1rios temas de covers dos anos 70, interpretados por <strong>Folk N&#8217;Quim &#8211; Guitarra e voz, <\/strong>seguindo-se o restaurante Harune, onde puderam ser escutadas obras para piano e violoncelo, por Joana Vieira Shumova e Mikhail Shumov.<\/p>\n<p>&nbsp;<\/p>\n<p>No terceiro palco, instalado tamb\u00e9m no restaurante Harune, foi a m\u00fasica dos Queen, tocada por Bojana Pantovik, violino, Sara Cymbron, violino, Ivetta Natzkaya, viola e Jari Piper, violoncelo.<\/p>\n<p>&nbsp;<\/p>\n<p>Finalmente, o Bar Senses acolheu o quarto palco, com Ben, no saxofone, executando temas de fado, bossa nova, soul e jazz.<\/p>\n<p>&nbsp;<\/p>\n<p>Tendo em conta mais este sucesso, o evento 4 palcos by Quinta de S\u00e3o Sebasti\u00e3o ter\u00e1 nova edi\u00e7\u00e3o no pr\u00f3ximo ano.<\/p>\n","protected":false},"excerpt":{"rendered":"<p>O evento 4 Palcos by Quinta de S\u00e3o Sebasti\u00e3o realizou-se no passado dia 21 de setembro, pela segunda vez, no AP Eva Senses, repetindo o \u00eaxito do ano passado, com lota\u00e7\u00e3o esgotada. &nbsp; O evento \u00e9 organizado pelo AP Eva [&hellip;]<\/p>\n","protected":false},"author":11,"featured_media":44951,"comment_status":"closed","ping_status":"closed","sticky":false,"template":"","format":"standard","meta":[],"categories":[392],"tags":[],"yoast_head":"<!-- This site is optimized with the Yoast SEO plugin v18.1 - https:\/\/yoast.com\/wordpress\/plugins\/seo\/ -->\n<title>4 PALCOS NO AP EVA SENSES COM LOTA\u00c7\u00c3O ESGOTADA - AP HOTELS &amp; RESORTS .<\/title>\n<meta name=\"robots\" content=\"index, follow, max-snippet:-1, max-image-preview:large, max-video-preview:-1\" \/>\n<link rel=\"canonical\" href=\"https:\/\/ap-hotelsresorts.com\/pt-pt\/4-palcos-no-ap-eva-senses-com-lotacao-esgotada\/\" \/>\n<meta property=\"og:locale\" content=\"pt_PT\" \/>\n<meta property=\"og:type\" content=\"article\" \/>\n<meta property=\"og:title\" content=\"4 PALCOS NO AP EVA SENSES COM LOTA\u00c7\u00c3O ESGOTADA - AP HOTELS &amp; RESORTS .\" \/>\n<meta property=\"og:description\" content=\"O evento 4 Palcos by Quinta de S\u00e3o Sebasti\u00e3o realizou-se no passado dia 21 de setembro, pela segunda vez, no AP Eva Senses, repetindo o \u00eaxito do ano passado, com lota\u00e7\u00e3o esgotada. &nbsp; O evento \u00e9 organizado pelo AP Eva [&hellip;]\" \/>\n<meta property=\"og:url\" content=\"https:\/\/ap-hotelsresorts.com\/pt-pt\/4-palcos-no-ap-eva-senses-com-lotacao-esgotada\/\" \/>\n<meta property=\"og:site_name\" content=\"AP HOTELS &amp; RESORTS .\" \/>\n<meta property=\"article:publisher\" content=\"https:\/\/www.facebook.com\/aphotelsresorts\" \/>\n<meta property=\"article:published_time\" content=\"2023-09-25T13:30:00+00:00\" \/>\n<meta property=\"og:image\" content=\"https:\/\/ap-hotelsresorts.com\/wp-content\/uploads\/2023\/09\/4-palcos-Quim-6.jpg\" \/>\n\t<meta property=\"og:image:width\" content=\"2048\" \/>\n\t<meta property=\"og:image:height\" content=\"1365\" \/>\n\t<meta property=\"og:image:type\" content=\"image\/jpeg\" \/>\n<meta name=\"twitter:card\" content=\"summary_large_image\" \/>\n<meta name=\"twitter:creator\" content=\"@ApHotels\" \/>\n<meta name=\"twitter:site\" content=\"@ApHotels\" \/>\n<meta name=\"twitter:label1\" content=\"Escrito por\" \/>\n\t<meta name=\"twitter:data1\" content=\"marketing ap\" \/>\n\t<meta name=\"twitter:label2\" content=\"Tempo estimado de leitura\" \/>\n\t<meta name=\"twitter:data2\" content=\"1 minuto\" \/>\n<script type=\"application\/ld+json\" class=\"yoast-schema-graph\">{\"@context\":\"https:\/\/schema.org\",\"@graph\":[{\"@type\":\"Organization\",\"@id\":\"https:\/\/ap-hotelsresorts.com\/#organization\",\"name\":\"AP HOTELS & RESORTS\",\"url\":\"https:\/\/ap-hotelsresorts.com\/\",\"sameAs\":[\"https:\/\/www.facebook.com\/aphotelsresorts\",\"https:\/\/www.instagram.com\/aphotelsresorts\/\",\"https:\/\/www.linkedin.com\/company\/ap-hotels-and-resorts\",\"https:\/\/www.youtube.com\/channel\/UCSmwGBz36kx2XALzeVAlKEg\",\"https:\/\/twitter.com\/ApHotels\"],\"logo\":{\"@type\":\"ImageObject\",\"@id\":\"https:\/\/ap-hotelsresorts.com\/#logo\",\"inLanguage\":\"pt-PT\",\"url\":\"https:\/\/ap-hotelsresorts.com\/wp-content\/uploads\/2021\/03\/logo-1.png\",\"contentUrl\":\"https:\/\/ap-hotelsresorts.com\/wp-content\/uploads\/2021\/03\/logo-1.png\",\"width\":\"3915\",\"height\":\"1388\",\"caption\":\"AP HOTELS & RESORTS\"},\"image\":{\"@id\":\"https:\/\/ap-hotelsresorts.com\/#logo\"}},{\"@type\":\"WebSite\",\"@id\":\"https:\/\/ap-hotelsresorts.com\/#website\",\"url\":\"https:\/\/ap-hotelsresorts.com\/\",\"name\":\"AP HOTELS &amp; RESORTS .\",\"description\":\"Albufeira . Faro . Portim\u00e3o . Tavira . Algarve\",\"publisher\":{\"@id\":\"https:\/\/ap-hotelsresorts.com\/#organization\"},\"potentialAction\":[{\"@type\":\"SearchAction\",\"target\":{\"@type\":\"EntryPoint\",\"urlTemplate\":\"https:\/\/ap-hotelsresorts.com\/?s={search_term_string}\"},\"query-input\":\"required name=search_term_string\"}],\"inLanguage\":\"pt-PT\"},{\"@type\":\"ImageObject\",\"@id\":\"https:\/\/ap-hotelsresorts.com\/pt-pt\/4-palcos-no-ap-eva-senses-com-lotacao-esgotada\/#primaryimage\",\"inLanguage\":\"pt-PT\",\"url\":\"https:\/\/ap-hotelsresorts.com\/wp-content\/uploads\/2023\/09\/4-palcos-Quim-6.jpg\",\"contentUrl\":\"https:\/\/ap-hotelsresorts.com\/wp-content\/uploads\/2023\/09\/4-palcos-Quim-6.jpg\",\"width\":2048,\"height\":1365,\"caption\":\"Plateia do evento 4 Palcos no AP Eva Senses\"},{\"@type\":\"WebPage\",\"@id\":\"https:\/\/ap-hotelsresorts.com\/pt-pt\/4-palcos-no-ap-eva-senses-com-lotacao-esgotada\/#webpage\",\"url\":\"https:\/\/ap-hotelsresorts.com\/pt-pt\/4-palcos-no-ap-eva-senses-com-lotacao-esgotada\/\",\"name\":\"4 PALCOS NO AP EVA SENSES COM LOTA\u00c7\u00c3O ESGOTADA - AP HOTELS &amp; RESORTS .\",\"isPartOf\":{\"@id\":\"https:\/\/ap-hotelsresorts.com\/#website\"},\"primaryImageOfPage\":{\"@id\":\"https:\/\/ap-hotelsresorts.com\/pt-pt\/4-palcos-no-ap-eva-senses-com-lotacao-esgotada\/#primaryimage\"},\"datePublished\":\"2023-09-25T13:30:00+00:00\",\"dateModified\":\"2023-09-25T13:30:00+00:00\",\"breadcrumb\":{\"@id\":\"https:\/\/ap-hotelsresorts.com\/pt-pt\/4-palcos-no-ap-eva-senses-com-lotacao-esgotada\/#breadcrumb\"},\"inLanguage\":\"pt-PT\",\"potentialAction\":[{\"@type\":\"ReadAction\",\"target\":[\"https:\/\/ap-hotelsresorts.com\/pt-pt\/4-palcos-no-ap-eva-senses-com-lotacao-esgotada\/\"]}]},{\"@type\":\"BreadcrumbList\",\"@id\":\"https:\/\/ap-hotelsresorts.com\/pt-pt\/4-palcos-no-ap-eva-senses-com-lotacao-esgotada\/#breadcrumb\",\"itemListElement\":[{\"@type\":\"ListItem\",\"position\":1,\"name\":\"Home\",\"item\":\"https:\/\/ap-hotelsresorts.com\/pt-pt\/\"},{\"@type\":\"ListItem\",\"position\":2,\"name\":\"4 PALCOS NO AP EVA SENSES COM LOTA\u00c7\u00c3O ESGOTADA\"}]},{\"@type\":\"Article\",\"@id\":\"https:\/\/ap-hotelsresorts.com\/pt-pt\/4-palcos-no-ap-eva-senses-com-lotacao-esgotada\/#article\",\"isPartOf\":{\"@id\":\"https:\/\/ap-hotelsresorts.com\/pt-pt\/4-palcos-no-ap-eva-senses-com-lotacao-esgotada\/#webpage\"},\"author\":{\"@id\":\"https:\/\/ap-hotelsresorts.com\/#\/schema\/person\/39ea63a33316ff09e0a075ae0a4bed49\"},\"headline\":\"4 PALCOS NO AP EVA SENSES COM LOTA\u00c7\u00c3O ESGOTADA\",\"datePublished\":\"2023-09-25T13:30:00+00:00\",\"dateModified\":\"2023-09-25T13:30:00+00:00\",\"mainEntityOfPage\":{\"@id\":\"https:\/\/ap-hotelsresorts.com\/pt-pt\/4-palcos-no-ap-eva-senses-com-lotacao-esgotada\/#webpage\"},\"wordCount\":214,\"publisher\":{\"@id\":\"https:\/\/ap-hotelsresorts.com\/#organization\"},\"image\":{\"@id\":\"https:\/\/ap-hotelsresorts.com\/pt-pt\/4-palcos-no-ap-eva-senses-com-lotacao-esgotada\/#primaryimage\"},\"thumbnailUrl\":\"https:\/\/ap-hotelsresorts.com\/wp-content\/uploads\/2023\/09\/4-palcos-Quim-6.jpg\",\"articleSection\":[\"Not\u00edcias\"],\"inLanguage\":\"pt-PT\"},{\"@type\":\"Person\",\"@id\":\"https:\/\/ap-hotelsresorts.com\/#\/schema\/person\/39ea63a33316ff09e0a075ae0a4bed49\",\"name\":\"marketing ap\",\"image\":{\"@type\":\"ImageObject\",\"@id\":\"https:\/\/ap-hotelsresorts.com\/#personlogo\",\"inLanguage\":\"pt-PT\",\"url\":\"https:\/\/secure.gravatar.com\/avatar\/80ea62fe6096f55fe36f17f2175dca2f?s=96&d=mm&r=g\",\"contentUrl\":\"https:\/\/secure.gravatar.com\/avatar\/80ea62fe6096f55fe36f17f2175dca2f?s=96&d=mm&r=g\",\"caption\":\"marketing ap\"}}]}<\/script>\n<!-- \/ Yoast SEO plugin. -->","yoast_head_json":{"title":"4 PALCOS NO AP EVA SENSES COM LOTA\u00c7\u00c3O ESGOTADA - AP HOTELS &amp; RESORTS .","robots":{"index":"index","follow":"follow","max-snippet":"max-snippet:-1","max-image-preview":"max-image-preview:large","max-video-preview":"max-video-preview:-1"},"canonical":"https:\/\/ap-hotelsresorts.com\/pt-pt\/4-palcos-no-ap-eva-senses-com-lotacao-esgotada\/","og_locale":"pt_PT","og_type":"article","og_title":"4 PALCOS NO AP EVA SENSES COM LOTA\u00c7\u00c3O ESGOTADA - AP HOTELS &amp; RESORTS .","og_description":"O evento 4 Palcos by Quinta de S\u00e3o Sebasti\u00e3o realizou-se no passado dia 21 de setembro, pela segunda vez, no AP Eva Senses, repetindo o \u00eaxito do ano passado, com lota\u00e7\u00e3o esgotada. &nbsp; O evento \u00e9 organizado pelo AP Eva [&hellip;]","og_url":"https:\/\/ap-hotelsresorts.com\/pt-pt\/4-palcos-no-ap-eva-senses-com-lotacao-esgotada\/","og_site_name":"AP HOTELS &amp; RESORTS .","article_publisher":"https:\/\/www.facebook.com\/aphotelsresorts","article_published_time":"2023-09-25T13:30:00+00:00","og_image":[{"width":2048,"height":1365,"url":"https:\/\/ap-hotelsresorts.com\/wp-content\/uploads\/2023\/09\/4-palcos-Quim-6.jpg","type":"image\/jpeg"}],"twitter_card":"summary_large_image","twitter_creator":"@ApHotels","twitter_site":"@ApHotels","twitter_misc":{"Escrito por":"marketing ap","Tempo estimado de leitura":"1 minuto"},"schema":{"@context":"https:\/\/schema.org","@graph":[{"@type":"Organization","@id":"https:\/\/ap-hotelsresorts.com\/#organization","name":"AP HOTELS & RESORTS","url":"https:\/\/ap-hotelsresorts.com\/","sameAs":["https:\/\/www.facebook.com\/aphotelsresorts","https:\/\/www.instagram.com\/aphotelsresorts\/","https:\/\/www.linkedin.com\/company\/ap-hotels-and-resorts","https:\/\/www.youtube.com\/channel\/UCSmwGBz36kx2XALzeVAlKEg","https:\/\/twitter.com\/ApHotels"],"logo":{"@type":"ImageObject","@id":"https:\/\/ap-hotelsresorts.com\/#logo","inLanguage":"pt-PT","url":"https:\/\/ap-hotelsresorts.com\/wp-content\/uploads\/2021\/03\/logo-1.png","contentUrl":"https:\/\/ap-hotelsresorts.com\/wp-content\/uploads\/2021\/03\/logo-1.png","width":"3915","height":"1388","caption":"AP HOTELS & RESORTS"},"image":{"@id":"https:\/\/ap-hotelsresorts.com\/#logo"}},{"@type":"WebSite","@id":"https:\/\/ap-hotelsresorts.com\/#website","url":"https:\/\/ap-hotelsresorts.com\/","name":"AP HOTELS &amp; RESORTS .","description":"Albufeira . Faro . Portim\u00e3o . Tavira . Algarve","publisher":{"@id":"https:\/\/ap-hotelsresorts.com\/#organization"},"potentialAction":[{"@type":"SearchAction","target":{"@type":"EntryPoint","urlTemplate":"https:\/\/ap-hotelsresorts.com\/?s={search_term_string}"},"query-input":"required name=search_term_string"}],"inLanguage":"pt-PT"},{"@type":"ImageObject","@id":"https:\/\/ap-hotelsresorts.com\/pt-pt\/4-palcos-no-ap-eva-senses-com-lotacao-esgotada\/#primaryimage","inLanguage":"pt-PT","url":"https:\/\/ap-hotelsresorts.com\/wp-content\/uploads\/2023\/09\/4-palcos-Quim-6.jpg","contentUrl":"https:\/\/ap-hotelsresorts.com\/wp-content\/uploads\/2023\/09\/4-palcos-Quim-6.jpg","width":2048,"height":1365,"caption":"Plateia do evento 4 Palcos no AP Eva Senses"},{"@type":"WebPage","@id":"https:\/\/ap-hotelsresorts.com\/pt-pt\/4-palcos-no-ap-eva-senses-com-lotacao-esgotada\/#webpage","url":"https:\/\/ap-hotelsresorts.com\/pt-pt\/4-palcos-no-ap-eva-senses-com-lotacao-esgotada\/","name":"4 PALCOS NO AP EVA SENSES COM LOTA\u00c7\u00c3O ESGOTADA - AP HOTELS &amp; RESORTS .","isPartOf":{"@id":"https:\/\/ap-hotelsresorts.com\/#website"},"primaryImageOfPage":{"@id":"https:\/\/ap-hotelsresorts.com\/pt-pt\/4-palcos-no-ap-eva-senses-com-lotacao-esgotada\/#primaryimage"},"datePublished":"2023-09-25T13:30:00+00:00","dateModified":"2023-09-25T13:30:00+00:00","breadcrumb":{"@id":"https:\/\/ap-hotelsresorts.com\/pt-pt\/4-palcos-no-ap-eva-senses-com-lotacao-esgotada\/#breadcrumb"},"inLanguage":"pt-PT","potentialAction":[{"@type":"ReadAction","target":["https:\/\/ap-hotelsresorts.com\/pt-pt\/4-palcos-no-ap-eva-senses-com-lotacao-esgotada\/"]}]},{"@type":"BreadcrumbList","@id":"https:\/\/ap-hotelsresorts.com\/pt-pt\/4-palcos-no-ap-eva-senses-com-lotacao-esgotada\/#breadcrumb","itemListElement":[{"@type":"ListItem","position":1,"name":"Home","item":"https:\/\/ap-hotelsresorts.com\/pt-pt\/"},{"@type":"ListItem","position":2,"name":"4 PALCOS NO AP EVA SENSES COM LOTA\u00c7\u00c3O ESGOTADA"}]},{"@type":"Article","@id":"https:\/\/ap-hotelsresorts.com\/pt-pt\/4-palcos-no-ap-eva-senses-com-lotacao-esgotada\/#article","isPartOf":{"@id":"https:\/\/ap-hotelsresorts.com\/pt-pt\/4-palcos-no-ap-eva-senses-com-lotacao-esgotada\/#webpage"},"author":{"@id":"https:\/\/ap-hotelsresorts.com\/#\/schema\/person\/39ea63a33316ff09e0a075ae0a4bed49"},"headline":"4 PALCOS NO AP EVA SENSES COM LOTA\u00c7\u00c3O ESGOTADA","datePublished":"2023-09-25T13:30:00+00:00","dateModified":"2023-09-25T13:30:00+00:00","mainEntityOfPage":{"@id":"https:\/\/ap-hotelsresorts.com\/pt-pt\/4-palcos-no-ap-eva-senses-com-lotacao-esgotada\/#webpage"},"wordCount":214,"publisher":{"@id":"https:\/\/ap-hotelsresorts.com\/#organization"},"image":{"@id":"https:\/\/ap-hotelsresorts.com\/pt-pt\/4-palcos-no-ap-eva-senses-com-lotacao-esgotada\/#primaryimage"},"thumbnailUrl":"https:\/\/ap-hotelsresorts.com\/wp-content\/uploads\/2023\/09\/4-palcos-Quim-6.jpg","articleSection":["Not\u00edcias"],"inLanguage":"pt-PT"},{"@type":"Person","@id":"https:\/\/ap-hotelsresorts.com\/#\/schema\/person\/39ea63a33316ff09e0a075ae0a4bed49","name":"marketing ap","image":{"@type":"ImageObject","@id":"https:\/\/ap-hotelsresorts.com\/#personlogo","inLanguage":"pt-PT","url":"https:\/\/secure.gravatar.com\/avatar\/80ea62fe6096f55fe36f17f2175dca2f?s=96&d=mm&r=g","contentUrl":"https:\/\/secure.gravatar.com\/avatar\/80ea62fe6096f55fe36f17f2175dca2f?s=96&d=mm&r=g","caption":"marketing ap"}}]}},"_links":{"self":[{"href":"https:\/\/ap-hotelsresorts.com\/pt-pt\/wp-json\/wp\/v2\/posts\/44950"}],"collection":[{"href":"https:\/\/ap-hotelsresorts.com\/pt-pt\/wp-json\/wp\/v2\/posts"}],"about":[{"href":"https:\/\/ap-hotelsresorts.com\/pt-pt\/wp-json\/wp\/v2\/types\/post"}],"author":[{"embeddable":true,"href":"https:\/\/ap-hotelsresorts.com\/pt-pt\/wp-json\/wp\/v2\/users\/11"}],"replies":[{"embeddable":true,"href":"https:\/\/ap-hotelsresorts.com\/pt-pt\/wp-json\/wp\/v2\/comments?post=44950"}],"version-history":[{"count":0,"href":"https:\/\/ap-hotelsresorts.com\/pt-pt\/wp-json\/wp\/v2\/posts\/44950\/revisions"}],"wp:featuredmedia":[{"embeddable":true,"href":"https:\/\/ap-hotelsresorts.com\/pt-pt\/wp-json\/wp\/v2\/media\/44951"}],"wp:attachment":[{"href":"https:\/\/ap-hotelsresorts.com\/pt-pt\/wp-json\/wp\/v2\/media?parent=44950"}],"wp:term":[{"taxonomy":"category","embeddable":true,"href":"https:\/\/ap-hotelsresorts.com\/pt-pt\/wp-json\/wp\/v2\/categories?post=44950"},{"taxonomy":"post_tag","embeddable":true,"href":"https:\/\/ap-hotelsresorts.com\/pt-pt\/wp-json\/wp\/v2\/tags?post=44950"}],"curies":[{"name":"wp","href":"https:\/\/api.w.org\/{rel}","templated":true}]}}