{"id":46295,"date":"2023-11-23T11:41:07","date_gmt":"2023-11-23T11:41:07","guid":{"rendered":"https:\/\/ap-hotelsresorts.com\/?p=46295"},"modified":"2023-11-23T11:41:07","modified_gmt":"2023-11-23T11:41:07","slug":"praia-do-cabedelo-conquista-bandeira-azul-ha-20-anos-consecutivos","status":"publish","type":"post","link":"https:\/\/ap-hotelsresorts.com\/pt-pt\/praia-do-cabedelo-conquista-bandeira-azul-ha-20-anos-consecutivos\/","title":{"rendered":"Praia do Cabedelo conquista Bandeira Azul h\u00e1 20 anos consecutivos"},"content":{"rendered":"<p>A Associa\u00e7\u00e3o Bandeira Azul de Ambiente e Educa\u00e7\u00e3o atribuiu \u00e0 praia do Cabedelo o certificado de 20 anos consecutivos com Bandeira Azul, sin\u00f3nimo de qualidade que distingue o esfor\u00e7o de diversas entidades em tornar poss\u00edvel a coexist\u00eancia do desenvolvimento local a par do respeito pelo ambiente.<\/p>\n<p>Esta distin\u00e7\u00e3o entregue \u00e0 C\u00e2mara Municipal de Viana do Castelo visa elevar o grau de consciencializa\u00e7\u00e3o dos cidad\u00e3os em geral, dos decisores em particular, para a necessidade de se proteger o ambiente marinho, costeiro e lacustre.<\/p>\n<p>O certificado foi entregue \u00e0 Praia do Cabedelo no \u00e2mbito da Cerim\u00f3nia Bandeira Azul 2023, que aconteceu no Audit\u00f3rio do Templo da Poesia, no Parque dos Poetas, em Oeiras. Esta cerim\u00f3nia destinou-se aos Promotores Bandeira Azul, aos representantes do J\u00fari Nacional do Programa e a todas as entidades envolvidas na gest\u00e3o e na manuten\u00e7\u00e3o das zonas balneares, das marinas, dos portos de recreio e das embarca\u00e7\u00f5es ecotur\u00edsticas.<\/p>\n<p>Com o objetivo de assinalar o fim da \u00e9poca Bandeira Azul 2023, neste encontro foram atribu\u00eddos os pr\u00e9mios dos concursos, entregues os certificados das praias, marinas e embarca\u00e7\u00f5es galardoadas e apresentadas as conclus\u00f5es dos projetos e das parcerias que decorreram ao longo deste ano,<\/p>\n<p>Situada na margem sul da foz do Rio Lima, de areia fina e rodeada de dunas e de pinhal, a Praia do Cabedelo assume-se como uma ba\u00eda em forma de meia-lua que apresenta um extenso areal e aberto, com condi\u00e7\u00f5es que se apresentam como verdadeiramente extraordin\u00e1rias para a pr\u00e1tica de desportos n\u00e1uticos.<\/p>\n<p>Tendo em conta as condi\u00e7\u00f5es de vento existentes no local, a Praia do Cabedelo \u00e9 excelente para praticantes de todos os n\u00edveis. Se os principiantes encontram \u00f3timas condi\u00e7\u00f5es nas \u00e1guas mais tranquilas junto \u00e0 ba\u00eda, os mais experientes poder\u00e3o desfrutar em pleno de condi\u00e7\u00f5es mais desafiantes, apenas a uns metros de dist\u00e2ncia.<\/p>\n<p>O Cabedelo \u00e9 constitu\u00eddo por dois espa\u00e7os de areal: uma praia com um pequeno areal do lado norte do espor\u00e3o, caraterizada por ventos fortes, ideal para a pr\u00e1tica de desportos radicais e windsurf; do lado sul do mesmo espor\u00e3o temos uma segunda praia, com um extenso sistema dunar, um areal a perder de vista de areia dourada e fina e um mar transparente, onde apetece \u201cdropar\u201d uma onda e praticar Surf ou Kitesurf.<\/p>\n<p>\u00c9 a praia vianense mais afamada para a pr\u00e1tica de desportos n\u00e1uticos e, por isso, ao longo do ano, o seu areal \u00e9 pintado pelas cores dos desportistas vindos um pouco de todo o mundo.<\/p>\n","protected":false},"excerpt":{"rendered":"<p>A Associa\u00e7\u00e3o Bandeira Azul de Ambiente e Educa\u00e7\u00e3o atribuiu \u00e0 praia do Cabedelo o certificado de 20 anos consecutivos com Bandeira Azul, sin\u00f3nimo de qualidade que distingue o esfor\u00e7o de diversas entidades em tornar poss\u00edvel a coexist\u00eancia do desenvolvimento local [&hellip;]<\/p>\n","protected":false},"author":11,"featured_media":46296,"comment_status":"closed","ping_status":"closed","sticky":false,"template":"","format":"standard","meta":[],"categories":[392],"tags":[],"yoast_head":"<!-- This site is optimized with the Yoast SEO plugin v18.1 - https:\/\/yoast.com\/wordpress\/plugins\/seo\/ -->\n<title>Praia do Cabedelo conquista Bandeira Azul h\u00e1 20 anos consecutivos - AP HOTELS &amp; RESORTS .<\/title>\n<meta name=\"robots\" content=\"index, follow, max-snippet:-1, max-image-preview:large, max-video-preview:-1\" \/>\n<link rel=\"canonical\" href=\"https:\/\/ap-hotelsresorts.com\/pt-pt\/praia-do-cabedelo-conquista-bandeira-azul-ha-20-anos-consecutivos\/\" \/>\n<meta property=\"og:locale\" content=\"pt_PT\" \/>\n<meta property=\"og:type\" content=\"article\" \/>\n<meta property=\"og:title\" content=\"Praia do Cabedelo conquista Bandeira Azul h\u00e1 20 anos consecutivos - AP HOTELS &amp; RESORTS .\" \/>\n<meta property=\"og:description\" content=\"A Associa\u00e7\u00e3o Bandeira Azul de Ambiente e Educa\u00e7\u00e3o atribuiu \u00e0 praia do Cabedelo o certificado de 20 anos consecutivos com Bandeira Azul, sin\u00f3nimo de qualidade que distingue o esfor\u00e7o de diversas entidades em tornar poss\u00edvel a coexist\u00eancia do desenvolvimento local [&hellip;]\" \/>\n<meta property=\"og:url\" content=\"https:\/\/ap-hotelsresorts.com\/pt-pt\/praia-do-cabedelo-conquista-bandeira-azul-ha-20-anos-consecutivos\/\" \/>\n<meta property=\"og:site_name\" content=\"AP HOTELS &amp; RESORTS .\" \/>\n<meta property=\"article:publisher\" content=\"https:\/\/www.facebook.com\/aphotelsresorts\" \/>\n<meta property=\"article:published_time\" content=\"2023-11-23T11:41:07+00:00\" \/>\n<meta property=\"og:image\" content=\"https:\/\/ap-hotelsresorts.com\/wp-content\/uploads\/2023\/11\/Praia-do-Cabedelo.jpg\" \/>\n\t<meta property=\"og:image:width\" content=\"1949\" \/>\n\t<meta property=\"og:image:height\" content=\"1096\" \/>\n\t<meta property=\"og:image:type\" content=\"image\/jpeg\" \/>\n<meta name=\"twitter:card\" content=\"summary_large_image\" \/>\n<meta name=\"twitter:creator\" content=\"@ApHotels\" \/>\n<meta name=\"twitter:site\" content=\"@ApHotels\" \/>\n<meta name=\"twitter:label1\" content=\"Escrito por\" \/>\n\t<meta name=\"twitter:data1\" content=\"marketing ap\" \/>\n\t<meta name=\"twitter:label2\" content=\"Tempo estimado de leitura\" \/>\n\t<meta name=\"twitter:data2\" content=\"2 minutos\" \/>\n<script type=\"application\/ld+json\" class=\"yoast-schema-graph\">{\"@context\":\"https:\/\/schema.org\",\"@graph\":[{\"@type\":\"Organization\",\"@id\":\"https:\/\/ap-hotelsresorts.com\/#organization\",\"name\":\"AP HOTELS & RESORTS\",\"url\":\"https:\/\/ap-hotelsresorts.com\/\",\"sameAs\":[\"https:\/\/www.facebook.com\/aphotelsresorts\",\"https:\/\/www.instagram.com\/aphotelsresorts\/\",\"https:\/\/www.linkedin.com\/company\/ap-hotels-and-resorts\",\"https:\/\/www.youtube.com\/channel\/UCSmwGBz36kx2XALzeVAlKEg\",\"https:\/\/twitter.com\/ApHotels\"],\"logo\":{\"@type\":\"ImageObject\",\"@id\":\"https:\/\/ap-hotelsresorts.com\/#logo\",\"inLanguage\":\"pt-PT\",\"url\":\"https:\/\/ap-hotelsresorts.com\/wp-content\/uploads\/2021\/03\/logo-1.png\",\"contentUrl\":\"https:\/\/ap-hotelsresorts.com\/wp-content\/uploads\/2021\/03\/logo-1.png\",\"width\":\"3915\",\"height\":\"1388\",\"caption\":\"AP HOTELS & RESORTS\"},\"image\":{\"@id\":\"https:\/\/ap-hotelsresorts.com\/#logo\"}},{\"@type\":\"WebSite\",\"@id\":\"https:\/\/ap-hotelsresorts.com\/#website\",\"url\":\"https:\/\/ap-hotelsresorts.com\/\",\"name\":\"AP HOTELS &amp; RESORTS .\",\"description\":\"Albufeira . Faro . Portim\u00e3o . Tavira . Algarve\",\"publisher\":{\"@id\":\"https:\/\/ap-hotelsresorts.com\/#organization\"},\"potentialAction\":[{\"@type\":\"SearchAction\",\"target\":{\"@type\":\"EntryPoint\",\"urlTemplate\":\"https:\/\/ap-hotelsresorts.com\/?s={search_term_string}\"},\"query-input\":\"required name=search_term_string\"}],\"inLanguage\":\"pt-PT\"},{\"@type\":\"ImageObject\",\"@id\":\"https:\/\/ap-hotelsresorts.com\/pt-pt\/praia-do-cabedelo-conquista-bandeira-azul-ha-20-anos-consecutivos\/#primaryimage\",\"inLanguage\":\"pt-PT\",\"url\":\"https:\/\/ap-hotelsresorts.com\/wp-content\/uploads\/2023\/11\/Praia-do-Cabedelo.jpg\",\"contentUrl\":\"https:\/\/ap-hotelsresorts.com\/wp-content\/uploads\/2023\/11\/Praia-do-Cabedelo.jpg\",\"width\":1949,\"height\":1096},{\"@type\":\"WebPage\",\"@id\":\"https:\/\/ap-hotelsresorts.com\/pt-pt\/praia-do-cabedelo-conquista-bandeira-azul-ha-20-anos-consecutivos\/#webpage\",\"url\":\"https:\/\/ap-hotelsresorts.com\/pt-pt\/praia-do-cabedelo-conquista-bandeira-azul-ha-20-anos-consecutivos\/\",\"name\":\"Praia do Cabedelo conquista Bandeira Azul h\u00e1 20 anos consecutivos - AP HOTELS &amp; RESORTS .\",\"isPartOf\":{\"@id\":\"https:\/\/ap-hotelsresorts.com\/#website\"},\"primaryImageOfPage\":{\"@id\":\"https:\/\/ap-hotelsresorts.com\/pt-pt\/praia-do-cabedelo-conquista-bandeira-azul-ha-20-anos-consecutivos\/#primaryimage\"},\"datePublished\":\"2023-11-23T11:41:07+00:00\",\"dateModified\":\"2023-11-23T11:41:07+00:00\",\"breadcrumb\":{\"@id\":\"https:\/\/ap-hotelsresorts.com\/pt-pt\/praia-do-cabedelo-conquista-bandeira-azul-ha-20-anos-consecutivos\/#breadcrumb\"},\"inLanguage\":\"pt-PT\",\"potentialAction\":[{\"@type\":\"ReadAction\",\"target\":[\"https:\/\/ap-hotelsresorts.com\/pt-pt\/praia-do-cabedelo-conquista-bandeira-azul-ha-20-anos-consecutivos\/\"]}]},{\"@type\":\"BreadcrumbList\",\"@id\":\"https:\/\/ap-hotelsresorts.com\/pt-pt\/praia-do-cabedelo-conquista-bandeira-azul-ha-20-anos-consecutivos\/#breadcrumb\",\"itemListElement\":[{\"@type\":\"ListItem\",\"position\":1,\"name\":\"Home\",\"item\":\"https:\/\/ap-hotelsresorts.com\/pt-pt\/\"},{\"@type\":\"ListItem\",\"position\":2,\"name\":\"Praia do Cabedelo conquista Bandeira Azul h\u00e1 20 anos consecutivos\"}]},{\"@type\":\"Article\",\"@id\":\"https:\/\/ap-hotelsresorts.com\/pt-pt\/praia-do-cabedelo-conquista-bandeira-azul-ha-20-anos-consecutivos\/#article\",\"isPartOf\":{\"@id\":\"https:\/\/ap-hotelsresorts.com\/pt-pt\/praia-do-cabedelo-conquista-bandeira-azul-ha-20-anos-consecutivos\/#webpage\"},\"author\":{\"@id\":\"https:\/\/ap-hotelsresorts.com\/#\/schema\/person\/39ea63a33316ff09e0a075ae0a4bed49\"},\"headline\":\"Praia do Cabedelo conquista Bandeira Azul h\u00e1 20 anos consecutivos\",\"datePublished\":\"2023-11-23T11:41:07+00:00\",\"dateModified\":\"2023-11-23T11:41:07+00:00\",\"mainEntityOfPage\":{\"@id\":\"https:\/\/ap-hotelsresorts.com\/pt-pt\/praia-do-cabedelo-conquista-bandeira-azul-ha-20-anos-consecutivos\/#webpage\"},\"wordCount\":444,\"publisher\":{\"@id\":\"https:\/\/ap-hotelsresorts.com\/#organization\"},\"image\":{\"@id\":\"https:\/\/ap-hotelsresorts.com\/pt-pt\/praia-do-cabedelo-conquista-bandeira-azul-ha-20-anos-consecutivos\/#primaryimage\"},\"thumbnailUrl\":\"https:\/\/ap-hotelsresorts.com\/wp-content\/uploads\/2023\/11\/Praia-do-Cabedelo.jpg\",\"articleSection\":[\"Not\u00edcias\"],\"inLanguage\":\"pt-PT\"},{\"@type\":\"Person\",\"@id\":\"https:\/\/ap-hotelsresorts.com\/#\/schema\/person\/39ea63a33316ff09e0a075ae0a4bed49\",\"name\":\"marketing ap\",\"image\":{\"@type\":\"ImageObject\",\"@id\":\"https:\/\/ap-hotelsresorts.com\/#personlogo\",\"inLanguage\":\"pt-PT\",\"url\":\"https:\/\/secure.gravatar.com\/avatar\/80ea62fe6096f55fe36f17f2175dca2f?s=96&d=mm&r=g\",\"contentUrl\":\"https:\/\/secure.gravatar.com\/avatar\/80ea62fe6096f55fe36f17f2175dca2f?s=96&d=mm&r=g\",\"caption\":\"marketing ap\"}}]}<\/script>\n<!-- \/ Yoast SEO plugin. -->","yoast_head_json":{"title":"Praia do Cabedelo conquista Bandeira Azul h\u00e1 20 anos consecutivos - AP HOTELS &amp; RESORTS .","robots":{"index":"index","follow":"follow","max-snippet":"max-snippet:-1","max-image-preview":"max-image-preview:large","max-video-preview":"max-video-preview:-1"},"canonical":"https:\/\/ap-hotelsresorts.com\/pt-pt\/praia-do-cabedelo-conquista-bandeira-azul-ha-20-anos-consecutivos\/","og_locale":"pt_PT","og_type":"article","og_title":"Praia do Cabedelo conquista Bandeira Azul h\u00e1 20 anos consecutivos - AP HOTELS &amp; RESORTS .","og_description":"A Associa\u00e7\u00e3o Bandeira Azul de Ambiente e Educa\u00e7\u00e3o atribuiu \u00e0 praia do Cabedelo o certificado de 20 anos consecutivos com Bandeira Azul, sin\u00f3nimo de qualidade que distingue o esfor\u00e7o de diversas entidades em tornar poss\u00edvel a coexist\u00eancia do desenvolvimento local [&hellip;]","og_url":"https:\/\/ap-hotelsresorts.com\/pt-pt\/praia-do-cabedelo-conquista-bandeira-azul-ha-20-anos-consecutivos\/","og_site_name":"AP HOTELS &amp; RESORTS .","article_publisher":"https:\/\/www.facebook.com\/aphotelsresorts","article_published_time":"2023-11-23T11:41:07+00:00","og_image":[{"width":1949,"height":1096,"url":"https:\/\/ap-hotelsresorts.com\/wp-content\/uploads\/2023\/11\/Praia-do-Cabedelo.jpg","type":"image\/jpeg"}],"twitter_card":"summary_large_image","twitter_creator":"@ApHotels","twitter_site":"@ApHotels","twitter_misc":{"Escrito por":"marketing ap","Tempo estimado de leitura":"2 minutos"},"schema":{"@context":"https:\/\/schema.org","@graph":[{"@type":"Organization","@id":"https:\/\/ap-hotelsresorts.com\/#organization","name":"AP HOTELS & RESORTS","url":"https:\/\/ap-hotelsresorts.com\/","sameAs":["https:\/\/www.facebook.com\/aphotelsresorts","https:\/\/www.instagram.com\/aphotelsresorts\/","https:\/\/www.linkedin.com\/company\/ap-hotels-and-resorts","https:\/\/www.youtube.com\/channel\/UCSmwGBz36kx2XALzeVAlKEg","https:\/\/twitter.com\/ApHotels"],"logo":{"@type":"ImageObject","@id":"https:\/\/ap-hotelsresorts.com\/#logo","inLanguage":"pt-PT","url":"https:\/\/ap-hotelsresorts.com\/wp-content\/uploads\/2021\/03\/logo-1.png","contentUrl":"https:\/\/ap-hotelsresorts.com\/wp-content\/uploads\/2021\/03\/logo-1.png","width":"3915","height":"1388","caption":"AP HOTELS & RESORTS"},"image":{"@id":"https:\/\/ap-hotelsresorts.com\/#logo"}},{"@type":"WebSite","@id":"https:\/\/ap-hotelsresorts.com\/#website","url":"https:\/\/ap-hotelsresorts.com\/","name":"AP HOTELS &amp; RESORTS .","description":"Albufeira . Faro . Portim\u00e3o . Tavira . Algarve","publisher":{"@id":"https:\/\/ap-hotelsresorts.com\/#organization"},"potentialAction":[{"@type":"SearchAction","target":{"@type":"EntryPoint","urlTemplate":"https:\/\/ap-hotelsresorts.com\/?s={search_term_string}"},"query-input":"required name=search_term_string"}],"inLanguage":"pt-PT"},{"@type":"ImageObject","@id":"https:\/\/ap-hotelsresorts.com\/pt-pt\/praia-do-cabedelo-conquista-bandeira-azul-ha-20-anos-consecutivos\/#primaryimage","inLanguage":"pt-PT","url":"https:\/\/ap-hotelsresorts.com\/wp-content\/uploads\/2023\/11\/Praia-do-Cabedelo.jpg","contentUrl":"https:\/\/ap-hotelsresorts.com\/wp-content\/uploads\/2023\/11\/Praia-do-Cabedelo.jpg","width":1949,"height":1096},{"@type":"WebPage","@id":"https:\/\/ap-hotelsresorts.com\/pt-pt\/praia-do-cabedelo-conquista-bandeira-azul-ha-20-anos-consecutivos\/#webpage","url":"https:\/\/ap-hotelsresorts.com\/pt-pt\/praia-do-cabedelo-conquista-bandeira-azul-ha-20-anos-consecutivos\/","name":"Praia do Cabedelo conquista Bandeira Azul h\u00e1 20 anos consecutivos - AP HOTELS &amp; RESORTS .","isPartOf":{"@id":"https:\/\/ap-hotelsresorts.com\/#website"},"primaryImageOfPage":{"@id":"https:\/\/ap-hotelsresorts.com\/pt-pt\/praia-do-cabedelo-conquista-bandeira-azul-ha-20-anos-consecutivos\/#primaryimage"},"datePublished":"2023-11-23T11:41:07+00:00","dateModified":"2023-11-23T11:41:07+00:00","breadcrumb":{"@id":"https:\/\/ap-hotelsresorts.com\/pt-pt\/praia-do-cabedelo-conquista-bandeira-azul-ha-20-anos-consecutivos\/#breadcrumb"},"inLanguage":"pt-PT","potentialAction":[{"@type":"ReadAction","target":["https:\/\/ap-hotelsresorts.com\/pt-pt\/praia-do-cabedelo-conquista-bandeira-azul-ha-20-anos-consecutivos\/"]}]},{"@type":"BreadcrumbList","@id":"https:\/\/ap-hotelsresorts.com\/pt-pt\/praia-do-cabedelo-conquista-bandeira-azul-ha-20-anos-consecutivos\/#breadcrumb","itemListElement":[{"@type":"ListItem","position":1,"name":"Home","item":"https:\/\/ap-hotelsresorts.com\/pt-pt\/"},{"@type":"ListItem","position":2,"name":"Praia do Cabedelo conquista Bandeira Azul h\u00e1 20 anos consecutivos"}]},{"@type":"Article","@id":"https:\/\/ap-hotelsresorts.com\/pt-pt\/praia-do-cabedelo-conquista-bandeira-azul-ha-20-anos-consecutivos\/#article","isPartOf":{"@id":"https:\/\/ap-hotelsresorts.com\/pt-pt\/praia-do-cabedelo-conquista-bandeira-azul-ha-20-anos-consecutivos\/#webpage"},"author":{"@id":"https:\/\/ap-hotelsresorts.com\/#\/schema\/person\/39ea63a33316ff09e0a075ae0a4bed49"},"headline":"Praia do Cabedelo conquista Bandeira Azul h\u00e1 20 anos consecutivos","datePublished":"2023-11-23T11:41:07+00:00","dateModified":"2023-11-23T11:41:07+00:00","mainEntityOfPage":{"@id":"https:\/\/ap-hotelsresorts.com\/pt-pt\/praia-do-cabedelo-conquista-bandeira-azul-ha-20-anos-consecutivos\/#webpage"},"wordCount":444,"publisher":{"@id":"https:\/\/ap-hotelsresorts.com\/#organization"},"image":{"@id":"https:\/\/ap-hotelsresorts.com\/pt-pt\/praia-do-cabedelo-conquista-bandeira-azul-ha-20-anos-consecutivos\/#primaryimage"},"thumbnailUrl":"https:\/\/ap-hotelsresorts.com\/wp-content\/uploads\/2023\/11\/Praia-do-Cabedelo.jpg","articleSection":["Not\u00edcias"],"inLanguage":"pt-PT"},{"@type":"Person","@id":"https:\/\/ap-hotelsresorts.com\/#\/schema\/person\/39ea63a33316ff09e0a075ae0a4bed49","name":"marketing ap","image":{"@type":"ImageObject","@id":"https:\/\/ap-hotelsresorts.com\/#personlogo","inLanguage":"pt-PT","url":"https:\/\/secure.gravatar.com\/avatar\/80ea62fe6096f55fe36f17f2175dca2f?s=96&d=mm&r=g","contentUrl":"https:\/\/secure.gravatar.com\/avatar\/80ea62fe6096f55fe36f17f2175dca2f?s=96&d=mm&r=g","caption":"marketing ap"}}]}},"_links":{"self":[{"href":"https:\/\/ap-hotelsresorts.com\/pt-pt\/wp-json\/wp\/v2\/posts\/46295"}],"collection":[{"href":"https:\/\/ap-hotelsresorts.com\/pt-pt\/wp-json\/wp\/v2\/posts"}],"about":[{"href":"https:\/\/ap-hotelsresorts.com\/pt-pt\/wp-json\/wp\/v2\/types\/post"}],"author":[{"embeddable":true,"href":"https:\/\/ap-hotelsresorts.com\/pt-pt\/wp-json\/wp\/v2\/users\/11"}],"replies":[{"embeddable":true,"href":"https:\/\/ap-hotelsresorts.com\/pt-pt\/wp-json\/wp\/v2\/comments?post=46295"}],"version-history":[{"count":0,"href":"https:\/\/ap-hotelsresorts.com\/pt-pt\/wp-json\/wp\/v2\/posts\/46295\/revisions"}],"wp:featuredmedia":[{"embeddable":true,"href":"https:\/\/ap-hotelsresorts.com\/pt-pt\/wp-json\/wp\/v2\/media\/46296"}],"wp:attachment":[{"href":"https:\/\/ap-hotelsresorts.com\/pt-pt\/wp-json\/wp\/v2\/media?parent=46295"}],"wp:term":[{"taxonomy":"category","embeddable":true,"href":"https:\/\/ap-hotelsresorts.com\/pt-pt\/wp-json\/wp\/v2\/categories?post=46295"},{"taxonomy":"post_tag","embeddable":true,"href":"https:\/\/ap-hotelsresorts.com\/pt-pt\/wp-json\/wp\/v2\/tags?post=46295"}],"curies":[{"name":"wp","href":"https:\/\/api.w.org\/{rel}","templated":true}]}}