{"id":53317,"date":"2024-09-26T10:26:57","date_gmt":"2024-09-26T10:26:57","guid":{"rendered":"https:\/\/ap-hotelsresorts.com\/?p=53317"},"modified":"2024-09-26T10:26:57","modified_gmt":"2024-09-26T10:26:57","slug":"protagonistas-da-historia-hospedados-no-ap-eva-senses","status":"publish","type":"post","link":"https:\/\/ap-hotelsresorts.com\/pt-pt\/protagonistas-da-historia-hospedados-no-ap-eva-senses\/","title":{"rendered":"PROTAGONISTAS DA HIST\u00d3RIA HOSPEDADOS NO AP EVA SENSES"},"content":{"rendered":"<p>O grupo de mergulhadores militares que realizou o resgate dos restos mortais de aviadores norte-americanos que se despenharam no mar ao largo da Praia de Faro, em novembro de 1943, no decurso da II Guerra Mundial, assim como a equipa de apoio, ficaram hospedados durante 21 dias no AP Eva Senses.<\/p>\n<p>O grupo de tr\u00eas militares e pessoal de apoio, num total de 19 pessoas, trabalhou no resgate dos restos mortais dos aviadores, num acidente em que sobreviveram cinco deles, salvos por 3 pescadores de Faro.<\/p>\n<p>Os trabalhos tiveram in\u00edcio a 1 de setembro e foram dados como conclu\u00eddos no dia 21.<\/p>\n<p>A miss\u00e3o esteve a cargo da Ships of Discovery, uma associa\u00e7\u00e3o norte-americana, sem fins lucrativos, que se dedica \u00e0 descoberta de naufr\u00e1gios e navios, em colabora\u00e7\u00e3o com a Defense POW\/MIA Accounting Agency Mission (DPAA), a ag\u00eancia militar do Departamento de Defesa dos Estados Unidos que se destina a localizar e recuperar prisioneiros de guerra e desaparecidos em combate norte-americanos.<\/p>\n","protected":false},"excerpt":{"rendered":"<p>O grupo de mergulhadores militares que realizou o resgate dos restos mortais de aviadores norte-americanos que se despenharam no mar ao largo da Praia de Faro, em novembro de 1943, no decurso da II Guerra Mundial, assim como a equipa [&hellip;]<\/p>\n","protected":false},"author":11,"featured_media":53318,"comment_status":"closed","ping_status":"closed","sticky":false,"template":"","format":"standard","meta":[],"categories":[392],"tags":[],"yoast_head":"<!-- This site is optimized with the Yoast SEO plugin v18.1 - https:\/\/yoast.com\/wordpress\/plugins\/seo\/ -->\n<title>PROTAGONISTAS DA HIST\u00d3RIA HOSPEDADOS NO AP EVA SENSES - AP HOTELS &amp; RESORTS .<\/title>\n<meta name=\"robots\" content=\"index, follow, max-snippet:-1, max-image-preview:large, max-video-preview:-1\" \/>\n<link rel=\"canonical\" href=\"https:\/\/ap-hotelsresorts.com\/pt-pt\/protagonistas-da-historia-hospedados-no-ap-eva-senses\/\" \/>\n<meta property=\"og:locale\" content=\"pt_PT\" \/>\n<meta property=\"og:type\" content=\"article\" \/>\n<meta property=\"og:title\" content=\"PROTAGONISTAS DA HIST\u00d3RIA HOSPEDADOS NO AP EVA SENSES - AP HOTELS &amp; RESORTS .\" \/>\n<meta property=\"og:description\" content=\"O grupo de mergulhadores militares que realizou o resgate dos restos mortais de aviadores norte-americanos que se despenharam no mar ao largo da Praia de Faro, em novembro de 1943, no decurso da II Guerra Mundial, assim como a equipa [&hellip;]\" \/>\n<meta property=\"og:url\" content=\"https:\/\/ap-hotelsresorts.com\/pt-pt\/protagonistas-da-historia-hospedados-no-ap-eva-senses\/\" \/>\n<meta property=\"og:site_name\" content=\"AP HOTELS &amp; RESORTS .\" \/>\n<meta property=\"article:publisher\" content=\"https:\/\/www.facebook.com\/aphotelsresorts\" \/>\n<meta property=\"article:published_time\" content=\"2024-09-26T10:26:57+00:00\" \/>\n<meta property=\"og:image\" content=\"https:\/\/ap-hotelsresorts.com\/wp-content\/uploads\/2024\/09\/WhatsApp-Image-2024-09-23-at-18.07.13.jpeg\" \/>\n\t<meta property=\"og:image:width\" content=\"1600\" \/>\n\t<meta property=\"og:image:height\" content=\"1200\" \/>\n\t<meta property=\"og:image:type\" content=\"image\/jpeg\" \/>\n<meta name=\"twitter:card\" content=\"summary_large_image\" \/>\n<meta name=\"twitter:creator\" content=\"@ApHotels\" \/>\n<meta name=\"twitter:site\" content=\"@ApHotels\" \/>\n<meta name=\"twitter:label1\" content=\"Escrito por\" \/>\n\t<meta name=\"twitter:data1\" content=\"marketing ap\" \/>\n\t<meta name=\"twitter:label2\" content=\"Tempo estimado de leitura\" \/>\n\t<meta name=\"twitter:data2\" content=\"1 minuto\" \/>\n<script type=\"application\/ld+json\" class=\"yoast-schema-graph\">{\"@context\":\"https:\/\/schema.org\",\"@graph\":[{\"@type\":\"Organization\",\"@id\":\"https:\/\/ap-hotelsresorts.com\/#organization\",\"name\":\"AP HOTELS & RESORTS\",\"url\":\"https:\/\/ap-hotelsresorts.com\/\",\"sameAs\":[\"https:\/\/www.facebook.com\/aphotelsresorts\",\"https:\/\/www.instagram.com\/aphotelsresorts\/\",\"https:\/\/www.linkedin.com\/company\/ap-hotels-and-resorts\",\"https:\/\/www.youtube.com\/channel\/UCSmwGBz36kx2XALzeVAlKEg\",\"https:\/\/twitter.com\/ApHotels\"],\"logo\":{\"@type\":\"ImageObject\",\"@id\":\"https:\/\/ap-hotelsresorts.com\/#logo\",\"inLanguage\":\"pt-PT\",\"url\":\"https:\/\/ap-hotelsresorts.com\/wp-content\/uploads\/2021\/03\/logo-1.png\",\"contentUrl\":\"https:\/\/ap-hotelsresorts.com\/wp-content\/uploads\/2021\/03\/logo-1.png\",\"width\":\"3915\",\"height\":\"1388\",\"caption\":\"AP HOTELS & RESORTS\"},\"image\":{\"@id\":\"https:\/\/ap-hotelsresorts.com\/#logo\"}},{\"@type\":\"WebSite\",\"@id\":\"https:\/\/ap-hotelsresorts.com\/#website\",\"url\":\"https:\/\/ap-hotelsresorts.com\/\",\"name\":\"AP HOTELS &amp; RESORTS .\",\"description\":\"Albufeira . Faro . Portim\u00e3o . Tavira . Algarve\",\"publisher\":{\"@id\":\"https:\/\/ap-hotelsresorts.com\/#organization\"},\"potentialAction\":[{\"@type\":\"SearchAction\",\"target\":{\"@type\":\"EntryPoint\",\"urlTemplate\":\"https:\/\/ap-hotelsresorts.com\/?s={search_term_string}\"},\"query-input\":\"required name=search_term_string\"}],\"inLanguage\":\"pt-PT\"},{\"@type\":\"ImageObject\",\"@id\":\"https:\/\/ap-hotelsresorts.com\/pt-pt\/protagonistas-da-historia-hospedados-no-ap-eva-senses\/#primaryimage\",\"inLanguage\":\"pt-PT\",\"url\":\"https:\/\/ap-hotelsresorts.com\/wp-content\/uploads\/2024\/09\/WhatsApp-Image-2024-09-23-at-18.07.13.jpeg\",\"contentUrl\":\"https:\/\/ap-hotelsresorts.com\/wp-content\/uploads\/2024\/09\/WhatsApp-Image-2024-09-23-at-18.07.13.jpeg\",\"width\":1600,\"height\":1200},{\"@type\":\"WebPage\",\"@id\":\"https:\/\/ap-hotelsresorts.com\/pt-pt\/protagonistas-da-historia-hospedados-no-ap-eva-senses\/#webpage\",\"url\":\"https:\/\/ap-hotelsresorts.com\/pt-pt\/protagonistas-da-historia-hospedados-no-ap-eva-senses\/\",\"name\":\"PROTAGONISTAS DA HIST\u00d3RIA HOSPEDADOS NO AP EVA SENSES - AP HOTELS &amp; RESORTS .\",\"isPartOf\":{\"@id\":\"https:\/\/ap-hotelsresorts.com\/#website\"},\"primaryImageOfPage\":{\"@id\":\"https:\/\/ap-hotelsresorts.com\/pt-pt\/protagonistas-da-historia-hospedados-no-ap-eva-senses\/#primaryimage\"},\"datePublished\":\"2024-09-26T10:26:57+00:00\",\"dateModified\":\"2024-09-26T10:26:57+00:00\",\"breadcrumb\":{\"@id\":\"https:\/\/ap-hotelsresorts.com\/pt-pt\/protagonistas-da-historia-hospedados-no-ap-eva-senses\/#breadcrumb\"},\"inLanguage\":\"pt-PT\",\"potentialAction\":[{\"@type\":\"ReadAction\",\"target\":[\"https:\/\/ap-hotelsresorts.com\/pt-pt\/protagonistas-da-historia-hospedados-no-ap-eva-senses\/\"]}]},{\"@type\":\"BreadcrumbList\",\"@id\":\"https:\/\/ap-hotelsresorts.com\/pt-pt\/protagonistas-da-historia-hospedados-no-ap-eva-senses\/#breadcrumb\",\"itemListElement\":[{\"@type\":\"ListItem\",\"position\":1,\"name\":\"Home\",\"item\":\"https:\/\/ap-hotelsresorts.com\/pt-pt\/\"},{\"@type\":\"ListItem\",\"position\":2,\"name\":\"PROTAGONISTAS DA HIST\u00d3RIA HOSPEDADOS NO AP EVA SENSES\"}]},{\"@type\":\"Article\",\"@id\":\"https:\/\/ap-hotelsresorts.com\/pt-pt\/protagonistas-da-historia-hospedados-no-ap-eva-senses\/#article\",\"isPartOf\":{\"@id\":\"https:\/\/ap-hotelsresorts.com\/pt-pt\/protagonistas-da-historia-hospedados-no-ap-eva-senses\/#webpage\"},\"author\":{\"@id\":\"https:\/\/ap-hotelsresorts.com\/#\/schema\/person\/39ea63a33316ff09e0a075ae0a4bed49\"},\"headline\":\"PROTAGONISTAS DA HIST\u00d3RIA HOSPEDADOS NO AP EVA SENSES\",\"datePublished\":\"2024-09-26T10:26:57+00:00\",\"dateModified\":\"2024-09-26T10:26:57+00:00\",\"mainEntityOfPage\":{\"@id\":\"https:\/\/ap-hotelsresorts.com\/pt-pt\/protagonistas-da-historia-hospedados-no-ap-eva-senses\/#webpage\"},\"wordCount\":172,\"publisher\":{\"@id\":\"https:\/\/ap-hotelsresorts.com\/#organization\"},\"image\":{\"@id\":\"https:\/\/ap-hotelsresorts.com\/pt-pt\/protagonistas-da-historia-hospedados-no-ap-eva-senses\/#primaryimage\"},\"thumbnailUrl\":\"https:\/\/ap-hotelsresorts.com\/wp-content\/uploads\/2024\/09\/WhatsApp-Image-2024-09-23-at-18.07.13.jpeg\",\"articleSection\":[\"Not\u00edcias\"],\"inLanguage\":\"pt-PT\"},{\"@type\":\"Person\",\"@id\":\"https:\/\/ap-hotelsresorts.com\/#\/schema\/person\/39ea63a33316ff09e0a075ae0a4bed49\",\"name\":\"marketing ap\",\"image\":{\"@type\":\"ImageObject\",\"@id\":\"https:\/\/ap-hotelsresorts.com\/#personlogo\",\"inLanguage\":\"pt-PT\",\"url\":\"https:\/\/secure.gravatar.com\/avatar\/80ea62fe6096f55fe36f17f2175dca2f?s=96&d=mm&r=g\",\"contentUrl\":\"https:\/\/secure.gravatar.com\/avatar\/80ea62fe6096f55fe36f17f2175dca2f?s=96&d=mm&r=g\",\"caption\":\"marketing ap\"}}]}<\/script>\n<!-- \/ Yoast SEO plugin. -->","yoast_head_json":{"title":"PROTAGONISTAS DA HIST\u00d3RIA HOSPEDADOS NO AP EVA SENSES - AP HOTELS &amp; RESORTS .","robots":{"index":"index","follow":"follow","max-snippet":"max-snippet:-1","max-image-preview":"max-image-preview:large","max-video-preview":"max-video-preview:-1"},"canonical":"https:\/\/ap-hotelsresorts.com\/pt-pt\/protagonistas-da-historia-hospedados-no-ap-eva-senses\/","og_locale":"pt_PT","og_type":"article","og_title":"PROTAGONISTAS DA HIST\u00d3RIA HOSPEDADOS NO AP EVA SENSES - AP HOTELS &amp; RESORTS .","og_description":"O grupo de mergulhadores militares que realizou o resgate dos restos mortais de aviadores norte-americanos que se despenharam no mar ao largo da Praia de Faro, em novembro de 1943, no decurso da II Guerra Mundial, assim como a equipa [&hellip;]","og_url":"https:\/\/ap-hotelsresorts.com\/pt-pt\/protagonistas-da-historia-hospedados-no-ap-eva-senses\/","og_site_name":"AP HOTELS &amp; RESORTS .","article_publisher":"https:\/\/www.facebook.com\/aphotelsresorts","article_published_time":"2024-09-26T10:26:57+00:00","og_image":[{"width":1600,"height":1200,"url":"https:\/\/ap-hotelsresorts.com\/wp-content\/uploads\/2024\/09\/WhatsApp-Image-2024-09-23-at-18.07.13.jpeg","type":"image\/jpeg"}],"twitter_card":"summary_large_image","twitter_creator":"@ApHotels","twitter_site":"@ApHotels","twitter_misc":{"Escrito por":"marketing ap","Tempo estimado de leitura":"1 minuto"},"schema":{"@context":"https:\/\/schema.org","@graph":[{"@type":"Organization","@id":"https:\/\/ap-hotelsresorts.com\/#organization","name":"AP HOTELS & RESORTS","url":"https:\/\/ap-hotelsresorts.com\/","sameAs":["https:\/\/www.facebook.com\/aphotelsresorts","https:\/\/www.instagram.com\/aphotelsresorts\/","https:\/\/www.linkedin.com\/company\/ap-hotels-and-resorts","https:\/\/www.youtube.com\/channel\/UCSmwGBz36kx2XALzeVAlKEg","https:\/\/twitter.com\/ApHotels"],"logo":{"@type":"ImageObject","@id":"https:\/\/ap-hotelsresorts.com\/#logo","inLanguage":"pt-PT","url":"https:\/\/ap-hotelsresorts.com\/wp-content\/uploads\/2021\/03\/logo-1.png","contentUrl":"https:\/\/ap-hotelsresorts.com\/wp-content\/uploads\/2021\/03\/logo-1.png","width":"3915","height":"1388","caption":"AP HOTELS & RESORTS"},"image":{"@id":"https:\/\/ap-hotelsresorts.com\/#logo"}},{"@type":"WebSite","@id":"https:\/\/ap-hotelsresorts.com\/#website","url":"https:\/\/ap-hotelsresorts.com\/","name":"AP HOTELS &amp; RESORTS .","description":"Albufeira . Faro . Portim\u00e3o . Tavira . Algarve","publisher":{"@id":"https:\/\/ap-hotelsresorts.com\/#organization"},"potentialAction":[{"@type":"SearchAction","target":{"@type":"EntryPoint","urlTemplate":"https:\/\/ap-hotelsresorts.com\/?s={search_term_string}"},"query-input":"required name=search_term_string"}],"inLanguage":"pt-PT"},{"@type":"ImageObject","@id":"https:\/\/ap-hotelsresorts.com\/pt-pt\/protagonistas-da-historia-hospedados-no-ap-eva-senses\/#primaryimage","inLanguage":"pt-PT","url":"https:\/\/ap-hotelsresorts.com\/wp-content\/uploads\/2024\/09\/WhatsApp-Image-2024-09-23-at-18.07.13.jpeg","contentUrl":"https:\/\/ap-hotelsresorts.com\/wp-content\/uploads\/2024\/09\/WhatsApp-Image-2024-09-23-at-18.07.13.jpeg","width":1600,"height":1200},{"@type":"WebPage","@id":"https:\/\/ap-hotelsresorts.com\/pt-pt\/protagonistas-da-historia-hospedados-no-ap-eva-senses\/#webpage","url":"https:\/\/ap-hotelsresorts.com\/pt-pt\/protagonistas-da-historia-hospedados-no-ap-eva-senses\/","name":"PROTAGONISTAS DA HIST\u00d3RIA HOSPEDADOS NO AP EVA SENSES - AP HOTELS &amp; RESORTS .","isPartOf":{"@id":"https:\/\/ap-hotelsresorts.com\/#website"},"primaryImageOfPage":{"@id":"https:\/\/ap-hotelsresorts.com\/pt-pt\/protagonistas-da-historia-hospedados-no-ap-eva-senses\/#primaryimage"},"datePublished":"2024-09-26T10:26:57+00:00","dateModified":"2024-09-26T10:26:57+00:00","breadcrumb":{"@id":"https:\/\/ap-hotelsresorts.com\/pt-pt\/protagonistas-da-historia-hospedados-no-ap-eva-senses\/#breadcrumb"},"inLanguage":"pt-PT","potentialAction":[{"@type":"ReadAction","target":["https:\/\/ap-hotelsresorts.com\/pt-pt\/protagonistas-da-historia-hospedados-no-ap-eva-senses\/"]}]},{"@type":"BreadcrumbList","@id":"https:\/\/ap-hotelsresorts.com\/pt-pt\/protagonistas-da-historia-hospedados-no-ap-eva-senses\/#breadcrumb","itemListElement":[{"@type":"ListItem","position":1,"name":"Home","item":"https:\/\/ap-hotelsresorts.com\/pt-pt\/"},{"@type":"ListItem","position":2,"name":"PROTAGONISTAS DA HIST\u00d3RIA HOSPEDADOS NO AP EVA SENSES"}]},{"@type":"Article","@id":"https:\/\/ap-hotelsresorts.com\/pt-pt\/protagonistas-da-historia-hospedados-no-ap-eva-senses\/#article","isPartOf":{"@id":"https:\/\/ap-hotelsresorts.com\/pt-pt\/protagonistas-da-historia-hospedados-no-ap-eva-senses\/#webpage"},"author":{"@id":"https:\/\/ap-hotelsresorts.com\/#\/schema\/person\/39ea63a33316ff09e0a075ae0a4bed49"},"headline":"PROTAGONISTAS DA HIST\u00d3RIA HOSPEDADOS NO AP EVA SENSES","datePublished":"2024-09-26T10:26:57+00:00","dateModified":"2024-09-26T10:26:57+00:00","mainEntityOfPage":{"@id":"https:\/\/ap-hotelsresorts.com\/pt-pt\/protagonistas-da-historia-hospedados-no-ap-eva-senses\/#webpage"},"wordCount":172,"publisher":{"@id":"https:\/\/ap-hotelsresorts.com\/#organization"},"image":{"@id":"https:\/\/ap-hotelsresorts.com\/pt-pt\/protagonistas-da-historia-hospedados-no-ap-eva-senses\/#primaryimage"},"thumbnailUrl":"https:\/\/ap-hotelsresorts.com\/wp-content\/uploads\/2024\/09\/WhatsApp-Image-2024-09-23-at-18.07.13.jpeg","articleSection":["Not\u00edcias"],"inLanguage":"pt-PT"},{"@type":"Person","@id":"https:\/\/ap-hotelsresorts.com\/#\/schema\/person\/39ea63a33316ff09e0a075ae0a4bed49","name":"marketing ap","image":{"@type":"ImageObject","@id":"https:\/\/ap-hotelsresorts.com\/#personlogo","inLanguage":"pt-PT","url":"https:\/\/secure.gravatar.com\/avatar\/80ea62fe6096f55fe36f17f2175dca2f?s=96&d=mm&r=g","contentUrl":"https:\/\/secure.gravatar.com\/avatar\/80ea62fe6096f55fe36f17f2175dca2f?s=96&d=mm&r=g","caption":"marketing ap"}}]}},"_links":{"self":[{"href":"https:\/\/ap-hotelsresorts.com\/pt-pt\/wp-json\/wp\/v2\/posts\/53317"}],"collection":[{"href":"https:\/\/ap-hotelsresorts.com\/pt-pt\/wp-json\/wp\/v2\/posts"}],"about":[{"href":"https:\/\/ap-hotelsresorts.com\/pt-pt\/wp-json\/wp\/v2\/types\/post"}],"author":[{"embeddable":true,"href":"https:\/\/ap-hotelsresorts.com\/pt-pt\/wp-json\/wp\/v2\/users\/11"}],"replies":[{"embeddable":true,"href":"https:\/\/ap-hotelsresorts.com\/pt-pt\/wp-json\/wp\/v2\/comments?post=53317"}],"version-history":[{"count":0,"href":"https:\/\/ap-hotelsresorts.com\/pt-pt\/wp-json\/wp\/v2\/posts\/53317\/revisions"}],"wp:featuredmedia":[{"embeddable":true,"href":"https:\/\/ap-hotelsresorts.com\/pt-pt\/wp-json\/wp\/v2\/media\/53318"}],"wp:attachment":[{"href":"https:\/\/ap-hotelsresorts.com\/pt-pt\/wp-json\/wp\/v2\/media?parent=53317"}],"wp:term":[{"taxonomy":"category","embeddable":true,"href":"https:\/\/ap-hotelsresorts.com\/pt-pt\/wp-json\/wp\/v2\/categories?post=53317"},{"taxonomy":"post_tag","embeddable":true,"href":"https:\/\/ap-hotelsresorts.com\/pt-pt\/wp-json\/wp\/v2\/tags?post=53317"}],"curies":[{"name":"wp","href":"https:\/\/api.w.org\/{rel}","templated":true}]}}