{"id":59825,"date":"2025-09-18T13:34:22","date_gmt":"2025-09-18T13:34:22","guid":{"rendered":"https:\/\/ap-hotelsresorts.com\/?p=59825"},"modified":"2025-09-18T13:34:22","modified_gmt":"2025-09-18T13:34:22","slug":"centro-nautico-do-ap-lago-montargil-acolhe-estreia-do-circuito-nacional-de-vela-em-aguas-interiores","status":"publish","type":"post","link":"https:\/\/ap-hotelsresorts.com\/pt-pt\/centro-nautico-do-ap-lago-montargil-acolhe-estreia-do-circuito-nacional-de-vela-em-aguas-interiores\/","title":{"rendered":"Centro N\u00e1utico do AP Lago Montargil acolhe estreia do Circuito Nacional de Vela em \u00c1guas Interiores"},"content":{"rendered":"<p>A estreia do novo <strong>Circuito Nacional de Vela em \u00c1guas Interiores<\/strong> vai acontecer j\u00e1 nos dias <strong>20 e 21 de setembro<\/strong>, com a <strong>Albufeira de Montargil<\/strong>, no concelho de Ponte de Sor, a transformar-se no epicentro da vela nacional. O <strong>Centro N\u00e1utico do <span style=\"text-decoration: underline;\"><a href=\"https:\/\/ap-hotelsresorts.com\/pt-pt\/montargil\/\">AP Lago Montargil Conference &amp; Spa<\/a><\/span><\/strong> ser\u00e1 a infraestrutura anfitri\u00e3 desta primeira etapa, que promete juntar competitividade, espet\u00e1culo e a valoriza\u00e7\u00e3o das Esta\u00e7\u00f5es N\u00e1uticas do pa\u00eds.<\/p>\n<p>A iniciativa \u00e9 promovida pela <strong>Federa\u00e7\u00e3o Portuguesa de Vela<\/strong>, em parceria com o <strong>F\u00f3rum Oceano<\/strong> e a <strong>C\u00e2mara Municipal de Ponte de Sor<\/strong>, e pretende lan\u00e7ar um novo modelo competitivo que leva a modalidade para al\u00e9m da faixa costeira, aproximando a pr\u00e1tica da vela \u00e0s comunidades do interior e refor\u00e7ando o papel das Esta\u00e7\u00f5es N\u00e1uticas como polos de dinamiza\u00e7\u00e3o desportiva, econ\u00f3mica e tur\u00edstica.<\/p>\n<p>Durante dois dias, Montargil vai receber <strong>18 tripula\u00e7\u00f5es<\/strong>, entre elas nomes de destaque como <strong>Diogo Costa e Carolina Jo\u00e3o<\/strong>, que conquistaram um hist\u00f3rico 5.\u00ba lugar nos Jogos Ol\u00edmpicos de Paris 2024. O campeonato ser\u00e1 disputado em formato inovador, com <strong>regatas curtas, fases de qualifica\u00e7\u00e3o, eliminat\u00f3rias e finais<\/strong>, garantindo emo\u00e7\u00e3o constante. Os atletas v\u00e3o competir em rota\u00e7\u00e3o pelos seis barcos disponibilizados pela organiza\u00e7\u00e3o, proporcionando ao p\u00fablico, das margens da albufeira, um espet\u00e1culo pr\u00f3ximo e acess\u00edvel.<\/p>\n<p>Para a Federa\u00e7\u00e3o Portuguesa de Vela, esta \u00e9 uma etapa simb\u00f3lica. Segundo o presidente Ant\u00f3nio Barros, \u201co Plano de Desenvolvimento da Vela em \u00c1guas Interiores visa criar condi\u00e7\u00f5es para que estas regi\u00f5es passem a integrar a pr\u00e1tica da modalidade. A realiza\u00e7\u00e3o deste Circuito em Montargil \u00e9 um passo essencial para consolidar essa estrat\u00e9gia\u201d.<\/p>\n<p>Com a <strong>beleza natural da Albufeira de Montargil<\/strong> e as <strong>infraestruturas de excel\u00eancia do Centro N\u00e1utico do AP Lago Montargil Conference &amp; Spa<\/strong>, este arranque do circuito promete n\u00e3o s\u00f3 projetar a vela em \u00e1guas interiores, como tamb\u00e9m afirmar Ponte de Sor como destino n\u00e1utico de refer\u00eancia.<\/p>\n<p>&nbsp;<\/p>\n","protected":false},"excerpt":{"rendered":"<p>A estreia do novo Circuito Nacional de Vela em \u00c1guas Interiores vai acontecer j\u00e1 nos dias 20 e 21 de setembro, com a Albufeira de Montargil, no concelho de Ponte de Sor, a transformar-se no epicentro da vela nacional. O [&hellip;]<\/p>\n","protected":false},"author":11,"featured_media":59832,"comment_status":"closed","ping_status":"closed","sticky":false,"template":"","format":"standard","meta":[],"categories":[392],"tags":[],"yoast_head":"<!-- This site is optimized with the Yoast SEO plugin v18.1 - https:\/\/yoast.com\/wordpress\/plugins\/seo\/ -->\n<title>Centro N\u00e1utico do AP Lago Montargil acolhe estreia do Circuito Nacional de Vela em \u00c1guas Interiores - AP HOTELS &amp; RESORTS .<\/title>\n<meta name=\"robots\" content=\"index, follow, max-snippet:-1, max-image-preview:large, max-video-preview:-1\" \/>\n<link rel=\"canonical\" href=\"https:\/\/ap-hotelsresorts.com\/pt-pt\/centro-nautico-do-ap-lago-montargil-acolhe-estreia-do-circuito-nacional-de-vela-em-aguas-interiores\/\" \/>\n<meta property=\"og:locale\" content=\"pt_PT\" \/>\n<meta property=\"og:type\" content=\"article\" \/>\n<meta property=\"og:title\" content=\"Centro N\u00e1utico do AP Lago Montargil acolhe estreia do Circuito Nacional de Vela em \u00c1guas Interiores - AP HOTELS &amp; RESORTS .\" \/>\n<meta property=\"og:description\" content=\"A estreia do novo Circuito Nacional de Vela em \u00c1guas Interiores vai acontecer j\u00e1 nos dias 20 e 21 de setembro, com a Albufeira de Montargil, no concelho de Ponte de Sor, a transformar-se no epicentro da vela nacional. O [&hellip;]\" \/>\n<meta property=\"og:url\" content=\"https:\/\/ap-hotelsresorts.com\/pt-pt\/centro-nautico-do-ap-lago-montargil-acolhe-estreia-do-circuito-nacional-de-vela-em-aguas-interiores\/\" \/>\n<meta property=\"og:site_name\" content=\"AP HOTELS &amp; RESORTS .\" \/>\n<meta property=\"article:publisher\" content=\"https:\/\/www.facebook.com\/aphotelsresorts\" \/>\n<meta property=\"article:published_time\" content=\"2025-09-18T13:34:22+00:00\" \/>\n<meta property=\"og:image\" content=\"https:\/\/ap-hotelsresorts.com\/wp-content\/uploads\/2025\/09\/image.png\" \/>\n\t<meta property=\"og:image:width\" content=\"1200\" \/>\n\t<meta property=\"og:image:height\" content=\"791\" \/>\n\t<meta property=\"og:image:type\" content=\"image\/png\" \/>\n<meta name=\"twitter:card\" content=\"summary_large_image\" \/>\n<meta name=\"twitter:creator\" content=\"@ApHotels\" \/>\n<meta name=\"twitter:site\" content=\"@ApHotels\" \/>\n<meta name=\"twitter:label1\" content=\"Escrito por\" \/>\n\t<meta name=\"twitter:data1\" content=\"marketing ap\" \/>\n\t<meta name=\"twitter:label2\" content=\"Tempo estimado de leitura\" \/>\n\t<meta name=\"twitter:data2\" content=\"2 minutos\" \/>\n<script type=\"application\/ld+json\" class=\"yoast-schema-graph\">{\"@context\":\"https:\/\/schema.org\",\"@graph\":[{\"@type\":\"Organization\",\"@id\":\"https:\/\/ap-hotelsresorts.com\/#organization\",\"name\":\"AP HOTELS & RESORTS\",\"url\":\"https:\/\/ap-hotelsresorts.com\/\",\"sameAs\":[\"https:\/\/www.facebook.com\/aphotelsresorts\",\"https:\/\/www.instagram.com\/aphotelsresorts\/\",\"https:\/\/www.linkedin.com\/company\/ap-hotels-and-resorts\",\"https:\/\/www.youtube.com\/channel\/UCSmwGBz36kx2XALzeVAlKEg\",\"https:\/\/twitter.com\/ApHotels\"],\"logo\":{\"@type\":\"ImageObject\",\"@id\":\"https:\/\/ap-hotelsresorts.com\/#logo\",\"inLanguage\":\"pt-PT\",\"url\":\"https:\/\/ap-hotelsresorts.com\/wp-content\/uploads\/2021\/03\/logo-1.png\",\"contentUrl\":\"https:\/\/ap-hotelsresorts.com\/wp-content\/uploads\/2021\/03\/logo-1.png\",\"width\":\"3915\",\"height\":\"1388\",\"caption\":\"AP HOTELS & RESORTS\"},\"image\":{\"@id\":\"https:\/\/ap-hotelsresorts.com\/#logo\"}},{\"@type\":\"WebSite\",\"@id\":\"https:\/\/ap-hotelsresorts.com\/#website\",\"url\":\"https:\/\/ap-hotelsresorts.com\/\",\"name\":\"AP HOTELS &amp; RESORTS .\",\"description\":\"Albufeira . Faro . Portim\u00e3o . Tavira . Algarve\",\"publisher\":{\"@id\":\"https:\/\/ap-hotelsresorts.com\/#organization\"},\"potentialAction\":[{\"@type\":\"SearchAction\",\"target\":{\"@type\":\"EntryPoint\",\"urlTemplate\":\"https:\/\/ap-hotelsresorts.com\/?s={search_term_string}\"},\"query-input\":\"required name=search_term_string\"}],\"inLanguage\":\"pt-PT\"},{\"@type\":\"ImageObject\",\"@id\":\"https:\/\/ap-hotelsresorts.com\/pt-pt\/centro-nautico-do-ap-lago-montargil-acolhe-estreia-do-circuito-nacional-de-vela-em-aguas-interiores\/#primaryimage\",\"inLanguage\":\"pt-PT\",\"url\":\"https:\/\/ap-hotelsresorts.com\/wp-content\/uploads\/2025\/09\/image.png\",\"contentUrl\":\"https:\/\/ap-hotelsresorts.com\/wp-content\/uploads\/2025\/09\/image.png\",\"width\":1200,\"height\":791},{\"@type\":\"WebPage\",\"@id\":\"https:\/\/ap-hotelsresorts.com\/pt-pt\/centro-nautico-do-ap-lago-montargil-acolhe-estreia-do-circuito-nacional-de-vela-em-aguas-interiores\/#webpage\",\"url\":\"https:\/\/ap-hotelsresorts.com\/pt-pt\/centro-nautico-do-ap-lago-montargil-acolhe-estreia-do-circuito-nacional-de-vela-em-aguas-interiores\/\",\"name\":\"Centro N\u00e1utico do AP Lago Montargil acolhe estreia do Circuito Nacional de Vela em \u00c1guas Interiores - AP HOTELS &amp; RESORTS .\",\"isPartOf\":{\"@id\":\"https:\/\/ap-hotelsresorts.com\/#website\"},\"primaryImageOfPage\":{\"@id\":\"https:\/\/ap-hotelsresorts.com\/pt-pt\/centro-nautico-do-ap-lago-montargil-acolhe-estreia-do-circuito-nacional-de-vela-em-aguas-interiores\/#primaryimage\"},\"datePublished\":\"2025-09-18T13:34:22+00:00\",\"dateModified\":\"2025-09-18T13:34:22+00:00\",\"breadcrumb\":{\"@id\":\"https:\/\/ap-hotelsresorts.com\/pt-pt\/centro-nautico-do-ap-lago-montargil-acolhe-estreia-do-circuito-nacional-de-vela-em-aguas-interiores\/#breadcrumb\"},\"inLanguage\":\"pt-PT\",\"potentialAction\":[{\"@type\":\"ReadAction\",\"target\":[\"https:\/\/ap-hotelsresorts.com\/pt-pt\/centro-nautico-do-ap-lago-montargil-acolhe-estreia-do-circuito-nacional-de-vela-em-aguas-interiores\/\"]}]},{\"@type\":\"BreadcrumbList\",\"@id\":\"https:\/\/ap-hotelsresorts.com\/pt-pt\/centro-nautico-do-ap-lago-montargil-acolhe-estreia-do-circuito-nacional-de-vela-em-aguas-interiores\/#breadcrumb\",\"itemListElement\":[{\"@type\":\"ListItem\",\"position\":1,\"name\":\"Home\",\"item\":\"https:\/\/ap-hotelsresorts.com\/pt-pt\/\"},{\"@type\":\"ListItem\",\"position\":2,\"name\":\"Centro N\u00e1utico do AP Lago Montargil acolhe estreia do Circuito Nacional de Vela em \u00c1guas Interiores\"}]},{\"@type\":\"Article\",\"@id\":\"https:\/\/ap-hotelsresorts.com\/pt-pt\/centro-nautico-do-ap-lago-montargil-acolhe-estreia-do-circuito-nacional-de-vela-em-aguas-interiores\/#article\",\"isPartOf\":{\"@id\":\"https:\/\/ap-hotelsresorts.com\/pt-pt\/centro-nautico-do-ap-lago-montargil-acolhe-estreia-do-circuito-nacional-de-vela-em-aguas-interiores\/#webpage\"},\"author\":{\"@id\":\"https:\/\/ap-hotelsresorts.com\/#\/schema\/person\/39ea63a33316ff09e0a075ae0a4bed49\"},\"headline\":\"Centro N\u00e1utico do AP Lago Montargil acolhe estreia do Circuito Nacional de Vela em \u00c1guas Interiores\",\"datePublished\":\"2025-09-18T13:34:22+00:00\",\"dateModified\":\"2025-09-18T13:34:22+00:00\",\"mainEntityOfPage\":{\"@id\":\"https:\/\/ap-hotelsresorts.com\/pt-pt\/centro-nautico-do-ap-lago-montargil-acolhe-estreia-do-circuito-nacional-de-vela-em-aguas-interiores\/#webpage\"},\"wordCount\":362,\"publisher\":{\"@id\":\"https:\/\/ap-hotelsresorts.com\/#organization\"},\"image\":{\"@id\":\"https:\/\/ap-hotelsresorts.com\/pt-pt\/centro-nautico-do-ap-lago-montargil-acolhe-estreia-do-circuito-nacional-de-vela-em-aguas-interiores\/#primaryimage\"},\"thumbnailUrl\":\"https:\/\/ap-hotelsresorts.com\/wp-content\/uploads\/2025\/09\/image.png\",\"articleSection\":[\"Not\u00edcias\"],\"inLanguage\":\"pt-PT\"},{\"@type\":\"Person\",\"@id\":\"https:\/\/ap-hotelsresorts.com\/#\/schema\/person\/39ea63a33316ff09e0a075ae0a4bed49\",\"name\":\"marketing ap\",\"image\":{\"@type\":\"ImageObject\",\"@id\":\"https:\/\/ap-hotelsresorts.com\/#personlogo\",\"inLanguage\":\"pt-PT\",\"url\":\"https:\/\/secure.gravatar.com\/avatar\/80ea62fe6096f55fe36f17f2175dca2f?s=96&d=mm&r=g\",\"contentUrl\":\"https:\/\/secure.gravatar.com\/avatar\/80ea62fe6096f55fe36f17f2175dca2f?s=96&d=mm&r=g\",\"caption\":\"marketing ap\"}}]}<\/script>\n<!-- \/ Yoast SEO plugin. -->","yoast_head_json":{"title":"Centro N\u00e1utico do AP Lago Montargil acolhe estreia do Circuito Nacional de Vela em \u00c1guas Interiores - AP HOTELS &amp; RESORTS .","robots":{"index":"index","follow":"follow","max-snippet":"max-snippet:-1","max-image-preview":"max-image-preview:large","max-video-preview":"max-video-preview:-1"},"canonical":"https:\/\/ap-hotelsresorts.com\/pt-pt\/centro-nautico-do-ap-lago-montargil-acolhe-estreia-do-circuito-nacional-de-vela-em-aguas-interiores\/","og_locale":"pt_PT","og_type":"article","og_title":"Centro N\u00e1utico do AP Lago Montargil acolhe estreia do Circuito Nacional de Vela em \u00c1guas Interiores - AP HOTELS &amp; RESORTS .","og_description":"A estreia do novo Circuito Nacional de Vela em \u00c1guas Interiores vai acontecer j\u00e1 nos dias 20 e 21 de setembro, com a Albufeira de Montargil, no concelho de Ponte de Sor, a transformar-se no epicentro da vela nacional. O [&hellip;]","og_url":"https:\/\/ap-hotelsresorts.com\/pt-pt\/centro-nautico-do-ap-lago-montargil-acolhe-estreia-do-circuito-nacional-de-vela-em-aguas-interiores\/","og_site_name":"AP HOTELS &amp; RESORTS .","article_publisher":"https:\/\/www.facebook.com\/aphotelsresorts","article_published_time":"2025-09-18T13:34:22+00:00","og_image":[{"width":1200,"height":791,"url":"https:\/\/ap-hotelsresorts.com\/wp-content\/uploads\/2025\/09\/image.png","type":"image\/png"}],"twitter_card":"summary_large_image","twitter_creator":"@ApHotels","twitter_site":"@ApHotels","twitter_misc":{"Escrito por":"marketing ap","Tempo estimado de leitura":"2 minutos"},"schema":{"@context":"https:\/\/schema.org","@graph":[{"@type":"Organization","@id":"https:\/\/ap-hotelsresorts.com\/#organization","name":"AP HOTELS & RESORTS","url":"https:\/\/ap-hotelsresorts.com\/","sameAs":["https:\/\/www.facebook.com\/aphotelsresorts","https:\/\/www.instagram.com\/aphotelsresorts\/","https:\/\/www.linkedin.com\/company\/ap-hotels-and-resorts","https:\/\/www.youtube.com\/channel\/UCSmwGBz36kx2XALzeVAlKEg","https:\/\/twitter.com\/ApHotels"],"logo":{"@type":"ImageObject","@id":"https:\/\/ap-hotelsresorts.com\/#logo","inLanguage":"pt-PT","url":"https:\/\/ap-hotelsresorts.com\/wp-content\/uploads\/2021\/03\/logo-1.png","contentUrl":"https:\/\/ap-hotelsresorts.com\/wp-content\/uploads\/2021\/03\/logo-1.png","width":"3915","height":"1388","caption":"AP HOTELS & RESORTS"},"image":{"@id":"https:\/\/ap-hotelsresorts.com\/#logo"}},{"@type":"WebSite","@id":"https:\/\/ap-hotelsresorts.com\/#website","url":"https:\/\/ap-hotelsresorts.com\/","name":"AP HOTELS &amp; RESORTS .","description":"Albufeira . Faro . Portim\u00e3o . Tavira . Algarve","publisher":{"@id":"https:\/\/ap-hotelsresorts.com\/#organization"},"potentialAction":[{"@type":"SearchAction","target":{"@type":"EntryPoint","urlTemplate":"https:\/\/ap-hotelsresorts.com\/?s={search_term_string}"},"query-input":"required name=search_term_string"}],"inLanguage":"pt-PT"},{"@type":"ImageObject","@id":"https:\/\/ap-hotelsresorts.com\/pt-pt\/centro-nautico-do-ap-lago-montargil-acolhe-estreia-do-circuito-nacional-de-vela-em-aguas-interiores\/#primaryimage","inLanguage":"pt-PT","url":"https:\/\/ap-hotelsresorts.com\/wp-content\/uploads\/2025\/09\/image.png","contentUrl":"https:\/\/ap-hotelsresorts.com\/wp-content\/uploads\/2025\/09\/image.png","width":1200,"height":791},{"@type":"WebPage","@id":"https:\/\/ap-hotelsresorts.com\/pt-pt\/centro-nautico-do-ap-lago-montargil-acolhe-estreia-do-circuito-nacional-de-vela-em-aguas-interiores\/#webpage","url":"https:\/\/ap-hotelsresorts.com\/pt-pt\/centro-nautico-do-ap-lago-montargil-acolhe-estreia-do-circuito-nacional-de-vela-em-aguas-interiores\/","name":"Centro N\u00e1utico do AP Lago Montargil acolhe estreia do Circuito Nacional de Vela em \u00c1guas Interiores - AP HOTELS &amp; RESORTS .","isPartOf":{"@id":"https:\/\/ap-hotelsresorts.com\/#website"},"primaryImageOfPage":{"@id":"https:\/\/ap-hotelsresorts.com\/pt-pt\/centro-nautico-do-ap-lago-montargil-acolhe-estreia-do-circuito-nacional-de-vela-em-aguas-interiores\/#primaryimage"},"datePublished":"2025-09-18T13:34:22+00:00","dateModified":"2025-09-18T13:34:22+00:00","breadcrumb":{"@id":"https:\/\/ap-hotelsresorts.com\/pt-pt\/centro-nautico-do-ap-lago-montargil-acolhe-estreia-do-circuito-nacional-de-vela-em-aguas-interiores\/#breadcrumb"},"inLanguage":"pt-PT","potentialAction":[{"@type":"ReadAction","target":["https:\/\/ap-hotelsresorts.com\/pt-pt\/centro-nautico-do-ap-lago-montargil-acolhe-estreia-do-circuito-nacional-de-vela-em-aguas-interiores\/"]}]},{"@type":"BreadcrumbList","@id":"https:\/\/ap-hotelsresorts.com\/pt-pt\/centro-nautico-do-ap-lago-montargil-acolhe-estreia-do-circuito-nacional-de-vela-em-aguas-interiores\/#breadcrumb","itemListElement":[{"@type":"ListItem","position":1,"name":"Home","item":"https:\/\/ap-hotelsresorts.com\/pt-pt\/"},{"@type":"ListItem","position":2,"name":"Centro N\u00e1utico do AP Lago Montargil acolhe estreia do Circuito Nacional de Vela em \u00c1guas Interiores"}]},{"@type":"Article","@id":"https:\/\/ap-hotelsresorts.com\/pt-pt\/centro-nautico-do-ap-lago-montargil-acolhe-estreia-do-circuito-nacional-de-vela-em-aguas-interiores\/#article","isPartOf":{"@id":"https:\/\/ap-hotelsresorts.com\/pt-pt\/centro-nautico-do-ap-lago-montargil-acolhe-estreia-do-circuito-nacional-de-vela-em-aguas-interiores\/#webpage"},"author":{"@id":"https:\/\/ap-hotelsresorts.com\/#\/schema\/person\/39ea63a33316ff09e0a075ae0a4bed49"},"headline":"Centro N\u00e1utico do AP Lago Montargil acolhe estreia do Circuito Nacional de Vela em \u00c1guas Interiores","datePublished":"2025-09-18T13:34:22+00:00","dateModified":"2025-09-18T13:34:22+00:00","mainEntityOfPage":{"@id":"https:\/\/ap-hotelsresorts.com\/pt-pt\/centro-nautico-do-ap-lago-montargil-acolhe-estreia-do-circuito-nacional-de-vela-em-aguas-interiores\/#webpage"},"wordCount":362,"publisher":{"@id":"https:\/\/ap-hotelsresorts.com\/#organization"},"image":{"@id":"https:\/\/ap-hotelsresorts.com\/pt-pt\/centro-nautico-do-ap-lago-montargil-acolhe-estreia-do-circuito-nacional-de-vela-em-aguas-interiores\/#primaryimage"},"thumbnailUrl":"https:\/\/ap-hotelsresorts.com\/wp-content\/uploads\/2025\/09\/image.png","articleSection":["Not\u00edcias"],"inLanguage":"pt-PT"},{"@type":"Person","@id":"https:\/\/ap-hotelsresorts.com\/#\/schema\/person\/39ea63a33316ff09e0a075ae0a4bed49","name":"marketing ap","image":{"@type":"ImageObject","@id":"https:\/\/ap-hotelsresorts.com\/#personlogo","inLanguage":"pt-PT","url":"https:\/\/secure.gravatar.com\/avatar\/80ea62fe6096f55fe36f17f2175dca2f?s=96&d=mm&r=g","contentUrl":"https:\/\/secure.gravatar.com\/avatar\/80ea62fe6096f55fe36f17f2175dca2f?s=96&d=mm&r=g","caption":"marketing ap"}}]}},"_links":{"self":[{"href":"https:\/\/ap-hotelsresorts.com\/pt-pt\/wp-json\/wp\/v2\/posts\/59825"}],"collection":[{"href":"https:\/\/ap-hotelsresorts.com\/pt-pt\/wp-json\/wp\/v2\/posts"}],"about":[{"href":"https:\/\/ap-hotelsresorts.com\/pt-pt\/wp-json\/wp\/v2\/types\/post"}],"author":[{"embeddable":true,"href":"https:\/\/ap-hotelsresorts.com\/pt-pt\/wp-json\/wp\/v2\/users\/11"}],"replies":[{"embeddable":true,"href":"https:\/\/ap-hotelsresorts.com\/pt-pt\/wp-json\/wp\/v2\/comments?post=59825"}],"version-history":[{"count":0,"href":"https:\/\/ap-hotelsresorts.com\/pt-pt\/wp-json\/wp\/v2\/posts\/59825\/revisions"}],"wp:featuredmedia":[{"embeddable":true,"href":"https:\/\/ap-hotelsresorts.com\/pt-pt\/wp-json\/wp\/v2\/media\/59832"}],"wp:attachment":[{"href":"https:\/\/ap-hotelsresorts.com\/pt-pt\/wp-json\/wp\/v2\/media?parent=59825"}],"wp:term":[{"taxonomy":"category","embeddable":true,"href":"https:\/\/ap-hotelsresorts.com\/pt-pt\/wp-json\/wp\/v2\/categories?post=59825"},{"taxonomy":"post_tag","embeddable":true,"href":"https:\/\/ap-hotelsresorts.com\/pt-pt\/wp-json\/wp\/v2\/tags?post=59825"}],"curies":[{"name":"wp","href":"https:\/\/api.w.org\/{rel}","templated":true}]}}