{"id":60215,"date":"2025-10-06T15:23:39","date_gmt":"2025-10-06T15:23:39","guid":{"rendered":"https:\/\/ap-hotelsresorts.com\/?p=60215"},"modified":"2025-10-06T15:23:39","modified_gmt":"2025-10-06T15:23:39","slug":"hoteis-ap-hotels-resorts-com-salas-de-conferencia-e-pacotes-para-eventos-corporativos","status":"publish","type":"post","link":"https:\/\/ap-hotelsresorts.com\/pt-pt\/hoteis-ap-hotels-resorts-com-salas-de-conferencia-e-pacotes-para-eventos-corporativos\/","title":{"rendered":"Hot\u00e9is AP Hotels &#038; Resorts com salas de confer\u00eancia e pacotes para eventos corporativos"},"content":{"rendered":"<p>O grupo AP Hotels &amp; Resorts tem v\u00e1rios hot\u00e9is com salas de confer\u00eancia e pacotes para eventos corporativos. S\u00e3o eles:<\/p>\n<p>&#8211; <span style=\"text-decoration: underline;\"><a href=\"https:\/\/ap-hotelsresorts.com\/pt-pt\/montargil\/centro-de-congressos\/\">AP Lago Montargil Conference &amp; Spa<\/a><\/span> (em Montargil), com 1 sala principal de 200 lugares e outras salas de reuni\u00e3o de apoio.<\/p>\n<p>&#8211; <span style=\"text-decoration: underline;\"><a href=\"https:\/\/ap-hotelsresorts.com\/pt-pt\/cabanas\/salas-de-reuniao\/\">AP Cabanas Beach &amp; Nature<\/a><\/span> (em Cabanas de Tavira), com 1 sala principal com capacidade at\u00e9 150 pessoas.<\/p>\n<p>&#8211; <span style=\"text-decoration: underline;\"><a href=\"https:\/\/ap-hotelsresorts.com\/pt-pt\/adriana\/salas-de-reuniao\/\">AP Adriana Beach Resort<\/a> <\/span>(em Albufeira), que conta com 1 anfiteatro com capacidade para 420 pessoas em plateia e 5 salas de reuni\u00e3o com capacidade at\u00e9 120 pessoas.<\/p>\n<p>&#8211; <span style=\"text-decoration: underline;\"><a href=\"https:\/\/ap-hotelsresorts.com\/pt-pt\/eva\/salas-de-reuniao\/\">AP Eva Senses<\/a><\/span> (em Faro), com 7 salas de reuni\u00e3o com capacidade m\u00e1xima de 300 pessoas.<\/p>\n<p>&#8211; <span style=\"text-decoration: underline;\"><a href=\"https:\/\/ap-hotelsresorts.com\/pt-pt\/maria-nova\/salas-de-reuniao\/\">AP Maria Nova Lounge<\/a><\/span> (em Tavira), com 3 salas de reuni\u00e3o com capacidade m\u00e1xima at\u00e9 145 pessoas.<\/p>\n<p>&#8211; <span style=\"text-decoration: underline;\"><a href=\"https:\/\/ap-hotelsresorts.com\/pt-pt\/victoria\/salas-de-reuniao\/\">AP Victoria Sports &amp; Beach<\/a><\/span> (em Albufeira), com 2 salas de reuni\u00e3o com uma capacidade m\u00e1xima de at\u00e9 136 pessoas.<\/p>\n<p>&#8211; <span style=\"text-decoration: underline;\"><a href=\"https:\/\/ap-hotelsresorts.com\/pt-pt\/sines\/salas-de-reuniao\/\">AP Sines<\/a><\/span> (na Costa Alentejana), com 4 salas de reuni\u00e3o de capacidade m\u00e1xima at\u00e9 70 pessoas.<\/p>\n","protected":false},"excerpt":{"rendered":"<p>O grupo AP Hotels &amp; Resorts tem v\u00e1rios hot\u00e9is com salas de confer\u00eancia e pacotes para eventos corporativos. S\u00e3o eles: &#8211; AP Lago Montargil Conference &amp; Spa (em Montargil), com 1 sala principal de 200 lugares e outras salas de [&hellip;]<\/p>\n","protected":false},"author":11,"featured_media":57991,"comment_status":"closed","ping_status":"closed","sticky":false,"template":"","format":"standard","meta":[],"categories":[735],"tags":[],"yoast_head":"<!-- This site is optimized with the Yoast SEO plugin v18.1 - https:\/\/yoast.com\/wordpress\/plugins\/seo\/ -->\n<title>Hot\u00e9is AP Hotels &amp; Resorts com salas de confer\u00eancia e pacotes para eventos corporativos - AP HOTELS &amp; RESORTS .<\/title>\n<meta name=\"robots\" content=\"index, follow, max-snippet:-1, max-image-preview:large, max-video-preview:-1\" \/>\n<link rel=\"canonical\" href=\"https:\/\/ap-hotelsresorts.com\/pt-pt\/hoteis-ap-hotels-resorts-com-salas-de-conferencia-e-pacotes-para-eventos-corporativos\/\" \/>\n<meta property=\"og:locale\" content=\"pt_PT\" \/>\n<meta property=\"og:type\" content=\"article\" \/>\n<meta property=\"og:title\" content=\"Hot\u00e9is AP Hotels &amp; Resorts com salas de confer\u00eancia e pacotes para eventos corporativos - AP HOTELS &amp; RESORTS .\" \/>\n<meta property=\"og:description\" content=\"O grupo AP Hotels &amp; Resorts tem v\u00e1rios hot\u00e9is com salas de confer\u00eancia e pacotes para eventos corporativos. S\u00e3o eles: &#8211; AP Lago Montargil Conference &amp; Spa (em Montargil), com 1 sala principal de 200 lugares e outras salas de [&hellip;]\" \/>\n<meta property=\"og:url\" content=\"https:\/\/ap-hotelsresorts.com\/pt-pt\/hoteis-ap-hotels-resorts-com-salas-de-conferencia-e-pacotes-para-eventos-corporativos\/\" \/>\n<meta property=\"og:site_name\" content=\"AP HOTELS &amp; RESORTS .\" \/>\n<meta property=\"article:publisher\" content=\"https:\/\/www.facebook.com\/aphotelsresorts\" \/>\n<meta property=\"article:published_time\" content=\"2025-10-06T15:23:39+00:00\" \/>\n<meta property=\"og:image\" content=\"https:\/\/ap-hotelsresorts.com\/wp-content\/uploads\/2024\/11\/AP-Sines-Salas-de-Reunioes-11-scaled.jpg\" \/>\n\t<meta property=\"og:image:width\" content=\"2560\" \/>\n\t<meta property=\"og:image:height\" content=\"1706\" \/>\n\t<meta property=\"og:image:type\" content=\"image\/jpeg\" \/>\n<meta name=\"twitter:card\" content=\"summary_large_image\" \/>\n<meta name=\"twitter:creator\" content=\"@ApHotels\" \/>\n<meta name=\"twitter:site\" content=\"@ApHotels\" \/>\n<meta name=\"twitter:label1\" content=\"Escrito por\" \/>\n\t<meta name=\"twitter:data1\" content=\"marketing ap\" \/>\n\t<meta name=\"twitter:label2\" content=\"Tempo estimado de leitura\" \/>\n\t<meta name=\"twitter:data2\" content=\"1 minuto\" \/>\n<script type=\"application\/ld+json\" class=\"yoast-schema-graph\">{\"@context\":\"https:\/\/schema.org\",\"@graph\":[{\"@type\":\"Organization\",\"@id\":\"https:\/\/ap-hotelsresorts.com\/#organization\",\"name\":\"AP HOTELS & RESORTS\",\"url\":\"https:\/\/ap-hotelsresorts.com\/\",\"sameAs\":[\"https:\/\/www.facebook.com\/aphotelsresorts\",\"https:\/\/www.instagram.com\/aphotelsresorts\/\",\"https:\/\/www.linkedin.com\/company\/ap-hotels-and-resorts\",\"https:\/\/www.youtube.com\/channel\/UCSmwGBz36kx2XALzeVAlKEg\",\"https:\/\/twitter.com\/ApHotels\"],\"logo\":{\"@type\":\"ImageObject\",\"@id\":\"https:\/\/ap-hotelsresorts.com\/#logo\",\"inLanguage\":\"pt-PT\",\"url\":\"https:\/\/ap-hotelsresorts.com\/wp-content\/uploads\/2021\/03\/logo-1.png\",\"contentUrl\":\"https:\/\/ap-hotelsresorts.com\/wp-content\/uploads\/2021\/03\/logo-1.png\",\"width\":\"3915\",\"height\":\"1388\",\"caption\":\"AP HOTELS & RESORTS\"},\"image\":{\"@id\":\"https:\/\/ap-hotelsresorts.com\/#logo\"}},{\"@type\":\"WebSite\",\"@id\":\"https:\/\/ap-hotelsresorts.com\/#website\",\"url\":\"https:\/\/ap-hotelsresorts.com\/\",\"name\":\"AP HOTELS &amp; RESORTS .\",\"description\":\"Albufeira . Faro . Portim\u00e3o . Tavira . Algarve\",\"publisher\":{\"@id\":\"https:\/\/ap-hotelsresorts.com\/#organization\"},\"potentialAction\":[{\"@type\":\"SearchAction\",\"target\":{\"@type\":\"EntryPoint\",\"urlTemplate\":\"https:\/\/ap-hotelsresorts.com\/?s={search_term_string}\"},\"query-input\":\"required name=search_term_string\"}],\"inLanguage\":\"pt-PT\"},{\"@type\":\"ImageObject\",\"@id\":\"https:\/\/ap-hotelsresorts.com\/pt-pt\/hoteis-ap-hotels-resorts-com-salas-de-conferencia-e-pacotes-para-eventos-corporativos\/#primaryimage\",\"inLanguage\":\"pt-PT\",\"url\":\"https:\/\/ap-hotelsresorts.com\/wp-content\/uploads\/2024\/11\/AP-Sines-Salas-de-Reunioes-11-scaled.jpg\",\"contentUrl\":\"https:\/\/ap-hotelsresorts.com\/wp-content\/uploads\/2024\/11\/AP-Sines-Salas-de-Reunioes-11-scaled.jpg\",\"width\":2560,\"height\":1706,\"caption\":\"Sala de Reuni\u00f5es do hotel AP Sines\"},{\"@type\":\"WebPage\",\"@id\":\"https:\/\/ap-hotelsresorts.com\/pt-pt\/hoteis-ap-hotels-resorts-com-salas-de-conferencia-e-pacotes-para-eventos-corporativos\/#webpage\",\"url\":\"https:\/\/ap-hotelsresorts.com\/pt-pt\/hoteis-ap-hotels-resorts-com-salas-de-conferencia-e-pacotes-para-eventos-corporativos\/\",\"name\":\"Hot\u00e9is AP Hotels & Resorts com salas de confer\u00eancia e pacotes para eventos corporativos - AP HOTELS &amp; RESORTS .\",\"isPartOf\":{\"@id\":\"https:\/\/ap-hotelsresorts.com\/#website\"},\"primaryImageOfPage\":{\"@id\":\"https:\/\/ap-hotelsresorts.com\/pt-pt\/hoteis-ap-hotels-resorts-com-salas-de-conferencia-e-pacotes-para-eventos-corporativos\/#primaryimage\"},\"datePublished\":\"2025-10-06T15:23:39+00:00\",\"dateModified\":\"2025-10-06T15:23:39+00:00\",\"breadcrumb\":{\"@id\":\"https:\/\/ap-hotelsresorts.com\/pt-pt\/hoteis-ap-hotels-resorts-com-salas-de-conferencia-e-pacotes-para-eventos-corporativos\/#breadcrumb\"},\"inLanguage\":\"pt-PT\",\"potentialAction\":[{\"@type\":\"ReadAction\",\"target\":[\"https:\/\/ap-hotelsresorts.com\/pt-pt\/hoteis-ap-hotels-resorts-com-salas-de-conferencia-e-pacotes-para-eventos-corporativos\/\"]}]},{\"@type\":\"BreadcrumbList\",\"@id\":\"https:\/\/ap-hotelsresorts.com\/pt-pt\/hoteis-ap-hotels-resorts-com-salas-de-conferencia-e-pacotes-para-eventos-corporativos\/#breadcrumb\",\"itemListElement\":[{\"@type\":\"ListItem\",\"position\":1,\"name\":\"Home\",\"item\":\"https:\/\/ap-hotelsresorts.com\/pt-pt\/\"},{\"@type\":\"ListItem\",\"position\":2,\"name\":\"Hot\u00e9is AP Hotels &#038; Resorts com salas de confer\u00eancia e pacotes para eventos corporativos\"}]},{\"@type\":\"Article\",\"@id\":\"https:\/\/ap-hotelsresorts.com\/pt-pt\/hoteis-ap-hotels-resorts-com-salas-de-conferencia-e-pacotes-para-eventos-corporativos\/#article\",\"isPartOf\":{\"@id\":\"https:\/\/ap-hotelsresorts.com\/pt-pt\/hoteis-ap-hotels-resorts-com-salas-de-conferencia-e-pacotes-para-eventos-corporativos\/#webpage\"},\"author\":{\"@id\":\"https:\/\/ap-hotelsresorts.com\/#\/schema\/person\/39ea63a33316ff09e0a075ae0a4bed49\"},\"headline\":\"Hot\u00e9is AP Hotels &#038; Resorts com salas de confer\u00eancia e pacotes para eventos corporativos\",\"datePublished\":\"2025-10-06T15:23:39+00:00\",\"dateModified\":\"2025-10-06T15:23:39+00:00\",\"mainEntityOfPage\":{\"@id\":\"https:\/\/ap-hotelsresorts.com\/pt-pt\/hoteis-ap-hotels-resorts-com-salas-de-conferencia-e-pacotes-para-eventos-corporativos\/#webpage\"},\"wordCount\":177,\"publisher\":{\"@id\":\"https:\/\/ap-hotelsresorts.com\/#organization\"},\"image\":{\"@id\":\"https:\/\/ap-hotelsresorts.com\/pt-pt\/hoteis-ap-hotels-resorts-com-salas-de-conferencia-e-pacotes-para-eventos-corporativos\/#primaryimage\"},\"thumbnailUrl\":\"https:\/\/ap-hotelsresorts.com\/wp-content\/uploads\/2024\/11\/AP-Sines-Salas-de-Reunioes-11-scaled.jpg\",\"articleSection\":[\"Perguntas Frequentes\"],\"inLanguage\":\"pt-PT\"},{\"@type\":\"Person\",\"@id\":\"https:\/\/ap-hotelsresorts.com\/#\/schema\/person\/39ea63a33316ff09e0a075ae0a4bed49\",\"name\":\"marketing ap\",\"image\":{\"@type\":\"ImageObject\",\"@id\":\"https:\/\/ap-hotelsresorts.com\/#personlogo\",\"inLanguage\":\"pt-PT\",\"url\":\"https:\/\/secure.gravatar.com\/avatar\/80ea62fe6096f55fe36f17f2175dca2f?s=96&d=mm&r=g\",\"contentUrl\":\"https:\/\/secure.gravatar.com\/avatar\/80ea62fe6096f55fe36f17f2175dca2f?s=96&d=mm&r=g\",\"caption\":\"marketing ap\"}}]}<\/script>\n<!-- \/ Yoast SEO plugin. -->","yoast_head_json":{"title":"Hot\u00e9is AP Hotels & Resorts com salas de confer\u00eancia e pacotes para eventos corporativos - AP HOTELS &amp; RESORTS .","robots":{"index":"index","follow":"follow","max-snippet":"max-snippet:-1","max-image-preview":"max-image-preview:large","max-video-preview":"max-video-preview:-1"},"canonical":"https:\/\/ap-hotelsresorts.com\/pt-pt\/hoteis-ap-hotels-resorts-com-salas-de-conferencia-e-pacotes-para-eventos-corporativos\/","og_locale":"pt_PT","og_type":"article","og_title":"Hot\u00e9is AP Hotels & Resorts com salas de confer\u00eancia e pacotes para eventos corporativos - AP HOTELS &amp; RESORTS .","og_description":"O grupo AP Hotels &amp; Resorts tem v\u00e1rios hot\u00e9is com salas de confer\u00eancia e pacotes para eventos corporativos. S\u00e3o eles: &#8211; AP Lago Montargil Conference &amp; Spa (em Montargil), com 1 sala principal de 200 lugares e outras salas de [&hellip;]","og_url":"https:\/\/ap-hotelsresorts.com\/pt-pt\/hoteis-ap-hotels-resorts-com-salas-de-conferencia-e-pacotes-para-eventos-corporativos\/","og_site_name":"AP HOTELS &amp; RESORTS .","article_publisher":"https:\/\/www.facebook.com\/aphotelsresorts","article_published_time":"2025-10-06T15:23:39+00:00","og_image":[{"width":2560,"height":1706,"url":"https:\/\/ap-hotelsresorts.com\/wp-content\/uploads\/2024\/11\/AP-Sines-Salas-de-Reunioes-11-scaled.jpg","type":"image\/jpeg"}],"twitter_card":"summary_large_image","twitter_creator":"@ApHotels","twitter_site":"@ApHotels","twitter_misc":{"Escrito por":"marketing ap","Tempo estimado de leitura":"1 minuto"},"schema":{"@context":"https:\/\/schema.org","@graph":[{"@type":"Organization","@id":"https:\/\/ap-hotelsresorts.com\/#organization","name":"AP HOTELS & RESORTS","url":"https:\/\/ap-hotelsresorts.com\/","sameAs":["https:\/\/www.facebook.com\/aphotelsresorts","https:\/\/www.instagram.com\/aphotelsresorts\/","https:\/\/www.linkedin.com\/company\/ap-hotels-and-resorts","https:\/\/www.youtube.com\/channel\/UCSmwGBz36kx2XALzeVAlKEg","https:\/\/twitter.com\/ApHotels"],"logo":{"@type":"ImageObject","@id":"https:\/\/ap-hotelsresorts.com\/#logo","inLanguage":"pt-PT","url":"https:\/\/ap-hotelsresorts.com\/wp-content\/uploads\/2021\/03\/logo-1.png","contentUrl":"https:\/\/ap-hotelsresorts.com\/wp-content\/uploads\/2021\/03\/logo-1.png","width":"3915","height":"1388","caption":"AP HOTELS & RESORTS"},"image":{"@id":"https:\/\/ap-hotelsresorts.com\/#logo"}},{"@type":"WebSite","@id":"https:\/\/ap-hotelsresorts.com\/#website","url":"https:\/\/ap-hotelsresorts.com\/","name":"AP HOTELS &amp; RESORTS .","description":"Albufeira . Faro . Portim\u00e3o . Tavira . Algarve","publisher":{"@id":"https:\/\/ap-hotelsresorts.com\/#organization"},"potentialAction":[{"@type":"SearchAction","target":{"@type":"EntryPoint","urlTemplate":"https:\/\/ap-hotelsresorts.com\/?s={search_term_string}"},"query-input":"required name=search_term_string"}],"inLanguage":"pt-PT"},{"@type":"ImageObject","@id":"https:\/\/ap-hotelsresorts.com\/pt-pt\/hoteis-ap-hotels-resorts-com-salas-de-conferencia-e-pacotes-para-eventos-corporativos\/#primaryimage","inLanguage":"pt-PT","url":"https:\/\/ap-hotelsresorts.com\/wp-content\/uploads\/2024\/11\/AP-Sines-Salas-de-Reunioes-11-scaled.jpg","contentUrl":"https:\/\/ap-hotelsresorts.com\/wp-content\/uploads\/2024\/11\/AP-Sines-Salas-de-Reunioes-11-scaled.jpg","width":2560,"height":1706,"caption":"Sala de Reuni\u00f5es do hotel AP Sines"},{"@type":"WebPage","@id":"https:\/\/ap-hotelsresorts.com\/pt-pt\/hoteis-ap-hotels-resorts-com-salas-de-conferencia-e-pacotes-para-eventos-corporativos\/#webpage","url":"https:\/\/ap-hotelsresorts.com\/pt-pt\/hoteis-ap-hotels-resorts-com-salas-de-conferencia-e-pacotes-para-eventos-corporativos\/","name":"Hot\u00e9is AP Hotels & Resorts com salas de confer\u00eancia e pacotes para eventos corporativos - AP HOTELS &amp; RESORTS .","isPartOf":{"@id":"https:\/\/ap-hotelsresorts.com\/#website"},"primaryImageOfPage":{"@id":"https:\/\/ap-hotelsresorts.com\/pt-pt\/hoteis-ap-hotels-resorts-com-salas-de-conferencia-e-pacotes-para-eventos-corporativos\/#primaryimage"},"datePublished":"2025-10-06T15:23:39+00:00","dateModified":"2025-10-06T15:23:39+00:00","breadcrumb":{"@id":"https:\/\/ap-hotelsresorts.com\/pt-pt\/hoteis-ap-hotels-resorts-com-salas-de-conferencia-e-pacotes-para-eventos-corporativos\/#breadcrumb"},"inLanguage":"pt-PT","potentialAction":[{"@type":"ReadAction","target":["https:\/\/ap-hotelsresorts.com\/pt-pt\/hoteis-ap-hotels-resorts-com-salas-de-conferencia-e-pacotes-para-eventos-corporativos\/"]}]},{"@type":"BreadcrumbList","@id":"https:\/\/ap-hotelsresorts.com\/pt-pt\/hoteis-ap-hotels-resorts-com-salas-de-conferencia-e-pacotes-para-eventos-corporativos\/#breadcrumb","itemListElement":[{"@type":"ListItem","position":1,"name":"Home","item":"https:\/\/ap-hotelsresorts.com\/pt-pt\/"},{"@type":"ListItem","position":2,"name":"Hot\u00e9is AP Hotels &#038; Resorts com salas de confer\u00eancia e pacotes para eventos corporativos"}]},{"@type":"Article","@id":"https:\/\/ap-hotelsresorts.com\/pt-pt\/hoteis-ap-hotels-resorts-com-salas-de-conferencia-e-pacotes-para-eventos-corporativos\/#article","isPartOf":{"@id":"https:\/\/ap-hotelsresorts.com\/pt-pt\/hoteis-ap-hotels-resorts-com-salas-de-conferencia-e-pacotes-para-eventos-corporativos\/#webpage"},"author":{"@id":"https:\/\/ap-hotelsresorts.com\/#\/schema\/person\/39ea63a33316ff09e0a075ae0a4bed49"},"headline":"Hot\u00e9is AP Hotels &#038; Resorts com salas de confer\u00eancia e pacotes para eventos corporativos","datePublished":"2025-10-06T15:23:39+00:00","dateModified":"2025-10-06T15:23:39+00:00","mainEntityOfPage":{"@id":"https:\/\/ap-hotelsresorts.com\/pt-pt\/hoteis-ap-hotels-resorts-com-salas-de-conferencia-e-pacotes-para-eventos-corporativos\/#webpage"},"wordCount":177,"publisher":{"@id":"https:\/\/ap-hotelsresorts.com\/#organization"},"image":{"@id":"https:\/\/ap-hotelsresorts.com\/pt-pt\/hoteis-ap-hotels-resorts-com-salas-de-conferencia-e-pacotes-para-eventos-corporativos\/#primaryimage"},"thumbnailUrl":"https:\/\/ap-hotelsresorts.com\/wp-content\/uploads\/2024\/11\/AP-Sines-Salas-de-Reunioes-11-scaled.jpg","articleSection":["Perguntas Frequentes"],"inLanguage":"pt-PT"},{"@type":"Person","@id":"https:\/\/ap-hotelsresorts.com\/#\/schema\/person\/39ea63a33316ff09e0a075ae0a4bed49","name":"marketing ap","image":{"@type":"ImageObject","@id":"https:\/\/ap-hotelsresorts.com\/#personlogo","inLanguage":"pt-PT","url":"https:\/\/secure.gravatar.com\/avatar\/80ea62fe6096f55fe36f17f2175dca2f?s=96&d=mm&r=g","contentUrl":"https:\/\/secure.gravatar.com\/avatar\/80ea62fe6096f55fe36f17f2175dca2f?s=96&d=mm&r=g","caption":"marketing ap"}}]}},"_links":{"self":[{"href":"https:\/\/ap-hotelsresorts.com\/pt-pt\/wp-json\/wp\/v2\/posts\/60215"}],"collection":[{"href":"https:\/\/ap-hotelsresorts.com\/pt-pt\/wp-json\/wp\/v2\/posts"}],"about":[{"href":"https:\/\/ap-hotelsresorts.com\/pt-pt\/wp-json\/wp\/v2\/types\/post"}],"author":[{"embeddable":true,"href":"https:\/\/ap-hotelsresorts.com\/pt-pt\/wp-json\/wp\/v2\/users\/11"}],"replies":[{"embeddable":true,"href":"https:\/\/ap-hotelsresorts.com\/pt-pt\/wp-json\/wp\/v2\/comments?post=60215"}],"version-history":[{"count":0,"href":"https:\/\/ap-hotelsresorts.com\/pt-pt\/wp-json\/wp\/v2\/posts\/60215\/revisions"}],"wp:featuredmedia":[{"embeddable":true,"href":"https:\/\/ap-hotelsresorts.com\/pt-pt\/wp-json\/wp\/v2\/media\/57991"}],"wp:attachment":[{"href":"https:\/\/ap-hotelsresorts.com\/pt-pt\/wp-json\/wp\/v2\/media?parent=60215"}],"wp:term":[{"taxonomy":"category","embeddable":true,"href":"https:\/\/ap-hotelsresorts.com\/pt-pt\/wp-json\/wp\/v2\/categories?post=60215"},{"taxonomy":"post_tag","embeddable":true,"href":"https:\/\/ap-hotelsresorts.com\/pt-pt\/wp-json\/wp\/v2\/tags?post=60215"}],"curies":[{"name":"wp","href":"https:\/\/api.w.org\/{rel}","templated":true}]}}