{"id":64617,"date":"2026-03-05T09:53:47","date_gmt":"2026-03-05T09:53:47","guid":{"rendered":"https:\/\/ap-hotelsresorts.com\/?p=64617"},"modified":"2026-03-05T09:53:47","modified_gmt":"2026-03-05T09:53:47","slug":"ap-eva-senses-recebe-exposicao-eva","status":"publish","type":"post","link":"https:\/\/ap-hotelsresorts.com\/pt-pt\/ap-eva-senses-recebe-exposicao-eva\/","title":{"rendered":"AP EVA SENSES RECEBE EXPOSI\u00c7\u00c3O \u201cEVA\u201d"},"content":{"rendered":"<p>O hotel AP Eva Senses, em Faro, recebe, at\u00e9 dia 12 de abril, a exposi\u00e7\u00e3o \u201cEva\u201d da artista Cl\u00e1udia Gon\u00e7alves.<\/p>\n<p>&nbsp;<\/p>\n<p>A inaugura\u00e7\u00e3o da exposi\u00e7\u00e3o foi marcada por um ambiente especial, reunindo amigos e familiares da artista, bem como a dire\u00e7\u00e3o do hotel, num momento de celebra\u00e7\u00e3o da arte e da criatividade.<\/p>\n<p>&nbsp;<\/p>\n<p>A mostra apresenta um conjunto de obras inseridas no abstracionismo mat\u00e9rico, um estilo de arte contempor\u00e2nea que privilegia a textura, o relevo e a expressividade da mat\u00e9ria. Atrav\u00e9s de uma paleta de tons neutros e org\u00e2nicos, onde predominam os beges, cremes e brancos, Cl\u00e1udia Gon\u00e7alves explora t\u00e9cnicas de aplica\u00e7\u00e3o em camadas e efeitos de profundidade, criando composi\u00e7\u00f5es que evocam sensa\u00e7\u00f5es de equil\u00edbrio, serenidade e eleg\u00e2ncia. \u00c9 este universo visual sofisticado e sensorial que marca a identidade da exposi\u00e7\u00e3o \u201cEva\u201d, agora patente no AP Eva Senses.<\/p>\n<p>&nbsp;<\/p>\n<p>A exposi\u00e7\u00e3o est\u00e1 presente num novo espa\u00e7o do AP Eva Senses, inaugurado o ano passado, que tem como objetivo promover obras de artistas locais, refor\u00e7ando, assim, o apoio do grupo AP Hotels &amp; Resorts \u00e0 cultura regional.<\/p>\n<p>&nbsp;<\/p>\n<p><strong>Sobre o AP Eva Senses:<\/strong><\/p>\n<p>O AP Eva Senses \u00e9 um hotel 4 estrelas, localizado no centro de Faro, com vistas fant\u00e1sticas para a Marina da cidade e para o Parque Natural da Ria Formosa.<\/p>\n","protected":false},"excerpt":{"rendered":"<p>O hotel AP Eva Senses, em Faro, recebe, at\u00e9 dia 12 de abril, a exposi\u00e7\u00e3o \u201cEva\u201d da artista Cl\u00e1udia Gon\u00e7alves. &nbsp; A inaugura\u00e7\u00e3o da exposi\u00e7\u00e3o foi marcada por um ambiente especial, reunindo amigos e familiares da artista, bem como a [&hellip;]<\/p>\n","protected":false},"author":11,"featured_media":64618,"comment_status":"closed","ping_status":"closed","sticky":false,"template":"","format":"standard","meta":[],"categories":[392],"tags":[],"yoast_head":"<!-- This site is optimized with the Yoast SEO plugin v18.1 - https:\/\/yoast.com\/wordpress\/plugins\/seo\/ -->\n<title>AP EVA SENSES RECEBE EXPOSI\u00c7\u00c3O \u201cEVA\u201d - AP HOTELS &amp; RESORTS .<\/title>\n<meta name=\"robots\" content=\"index, follow, max-snippet:-1, max-image-preview:large, max-video-preview:-1\" \/>\n<link rel=\"canonical\" href=\"https:\/\/ap-hotelsresorts.com\/pt-pt\/ap-eva-senses-recebe-exposicao-eva\/\" \/>\n<meta property=\"og:locale\" content=\"pt_PT\" \/>\n<meta property=\"og:type\" content=\"article\" \/>\n<meta property=\"og:title\" content=\"AP EVA SENSES RECEBE EXPOSI\u00c7\u00c3O \u201cEVA\u201d - AP HOTELS &amp; RESORTS .\" \/>\n<meta property=\"og:description\" content=\"O hotel AP Eva Senses, em Faro, recebe, at\u00e9 dia 12 de abril, a exposi\u00e7\u00e3o \u201cEva\u201d da artista Cl\u00e1udia Gon\u00e7alves. &nbsp; A inaugura\u00e7\u00e3o da exposi\u00e7\u00e3o foi marcada por um ambiente especial, reunindo amigos e familiares da artista, bem como a [&hellip;]\" \/>\n<meta property=\"og:url\" content=\"https:\/\/ap-hotelsresorts.com\/pt-pt\/ap-eva-senses-recebe-exposicao-eva\/\" \/>\n<meta property=\"og:site_name\" content=\"AP HOTELS &amp; RESORTS .\" \/>\n<meta property=\"article:publisher\" content=\"https:\/\/www.facebook.com\/aphotelsresorts\" \/>\n<meta property=\"article:published_time\" content=\"2026-03-05T09:53:47+00:00\" \/>\n<meta property=\"og:image\" content=\"https:\/\/ap-hotelsresorts.com\/wp-content\/uploads\/2026\/03\/CLAUDIA_FEV2675-scaled.jpg\" \/>\n\t<meta property=\"og:image:width\" content=\"2560\" \/>\n\t<meta property=\"og:image:height\" content=\"1670\" \/>\n\t<meta property=\"og:image:type\" content=\"image\/jpeg\" \/>\n<meta name=\"twitter:card\" content=\"summary_large_image\" \/>\n<meta name=\"twitter:creator\" content=\"@ApHotels\" \/>\n<meta name=\"twitter:site\" content=\"@ApHotels\" \/>\n<meta name=\"twitter:label1\" content=\"Escrito por\" \/>\n\t<meta name=\"twitter:data1\" content=\"marketing ap\" \/>\n\t<meta name=\"twitter:label2\" content=\"Tempo estimado de leitura\" \/>\n\t<meta name=\"twitter:data2\" content=\"1 minuto\" \/>\n<script type=\"application\/ld+json\" class=\"yoast-schema-graph\">{\"@context\":\"https:\/\/schema.org\",\"@graph\":[{\"@type\":\"Organization\",\"@id\":\"https:\/\/ap-hotelsresorts.com\/#organization\",\"name\":\"AP HOTELS & RESORTS\",\"url\":\"https:\/\/ap-hotelsresorts.com\/\",\"sameAs\":[\"https:\/\/www.facebook.com\/aphotelsresorts\",\"https:\/\/www.instagram.com\/aphotelsresorts\/\",\"https:\/\/www.linkedin.com\/company\/ap-hotels-and-resorts\",\"https:\/\/www.youtube.com\/channel\/UCSmwGBz36kx2XALzeVAlKEg\",\"https:\/\/twitter.com\/ApHotels\"],\"logo\":{\"@type\":\"ImageObject\",\"@id\":\"https:\/\/ap-hotelsresorts.com\/#logo\",\"inLanguage\":\"pt-PT\",\"url\":\"https:\/\/ap-hotelsresorts.com\/wp-content\/uploads\/2021\/03\/logo-1.png\",\"contentUrl\":\"https:\/\/ap-hotelsresorts.com\/wp-content\/uploads\/2021\/03\/logo-1.png\",\"width\":\"3915\",\"height\":\"1388\",\"caption\":\"AP HOTELS & RESORTS\"},\"image\":{\"@id\":\"https:\/\/ap-hotelsresorts.com\/#logo\"}},{\"@type\":\"WebSite\",\"@id\":\"https:\/\/ap-hotelsresorts.com\/#website\",\"url\":\"https:\/\/ap-hotelsresorts.com\/\",\"name\":\"AP HOTELS &amp; RESORTS .\",\"description\":\"Albufeira . Faro . Portim\u00e3o . Tavira . Algarve\",\"publisher\":{\"@id\":\"https:\/\/ap-hotelsresorts.com\/#organization\"},\"potentialAction\":[{\"@type\":\"SearchAction\",\"target\":{\"@type\":\"EntryPoint\",\"urlTemplate\":\"https:\/\/ap-hotelsresorts.com\/?s={search_term_string}\"},\"query-input\":\"required name=search_term_string\"}],\"inLanguage\":\"pt-PT\"},{\"@type\":\"ImageObject\",\"@id\":\"https:\/\/ap-hotelsresorts.com\/pt-pt\/ap-eva-senses-recebe-exposicao-eva\/#primaryimage\",\"inLanguage\":\"pt-PT\",\"url\":\"https:\/\/ap-hotelsresorts.com\/wp-content\/uploads\/2026\/03\/CLAUDIA_FEV2675-scaled.jpg\",\"contentUrl\":\"https:\/\/ap-hotelsresorts.com\/wp-content\/uploads\/2026\/03\/CLAUDIA_FEV2675-scaled.jpg\",\"width\":2560,\"height\":1670,\"caption\":\"Exposi\u00e7\u00e3o Eva de Cl\u00e1udia Gon\u00e7alves, com 3 quadros em exposi\u00e7\u00e3o na imagem.\"},{\"@type\":\"WebPage\",\"@id\":\"https:\/\/ap-hotelsresorts.com\/pt-pt\/ap-eva-senses-recebe-exposicao-eva\/#webpage\",\"url\":\"https:\/\/ap-hotelsresorts.com\/pt-pt\/ap-eva-senses-recebe-exposicao-eva\/\",\"name\":\"AP EVA SENSES RECEBE EXPOSI\u00c7\u00c3O \u201cEVA\u201d - AP HOTELS &amp; RESORTS .\",\"isPartOf\":{\"@id\":\"https:\/\/ap-hotelsresorts.com\/#website\"},\"primaryImageOfPage\":{\"@id\":\"https:\/\/ap-hotelsresorts.com\/pt-pt\/ap-eva-senses-recebe-exposicao-eva\/#primaryimage\"},\"datePublished\":\"2026-03-05T09:53:47+00:00\",\"dateModified\":\"2026-03-05T09:53:47+00:00\",\"breadcrumb\":{\"@id\":\"https:\/\/ap-hotelsresorts.com\/pt-pt\/ap-eva-senses-recebe-exposicao-eva\/#breadcrumb\"},\"inLanguage\":\"pt-PT\",\"potentialAction\":[{\"@type\":\"ReadAction\",\"target\":[\"https:\/\/ap-hotelsresorts.com\/pt-pt\/ap-eva-senses-recebe-exposicao-eva\/\"]}]},{\"@type\":\"BreadcrumbList\",\"@id\":\"https:\/\/ap-hotelsresorts.com\/pt-pt\/ap-eva-senses-recebe-exposicao-eva\/#breadcrumb\",\"itemListElement\":[{\"@type\":\"ListItem\",\"position\":1,\"name\":\"Home\",\"item\":\"https:\/\/ap-hotelsresorts.com\/pt-pt\/\"},{\"@type\":\"ListItem\",\"position\":2,\"name\":\"AP EVA SENSES RECEBE EXPOSI\u00c7\u00c3O \u201cEVA\u201d\"}]},{\"@type\":\"Article\",\"@id\":\"https:\/\/ap-hotelsresorts.com\/pt-pt\/ap-eva-senses-recebe-exposicao-eva\/#article\",\"isPartOf\":{\"@id\":\"https:\/\/ap-hotelsresorts.com\/pt-pt\/ap-eva-senses-recebe-exposicao-eva\/#webpage\"},\"author\":{\"@id\":\"https:\/\/ap-hotelsresorts.com\/#\/schema\/person\/39ea63a33316ff09e0a075ae0a4bed49\"},\"headline\":\"AP EVA SENSES RECEBE EXPOSI\u00c7\u00c3O \u201cEVA\u201d\",\"datePublished\":\"2026-03-05T09:53:47+00:00\",\"dateModified\":\"2026-03-05T09:53:47+00:00\",\"mainEntityOfPage\":{\"@id\":\"https:\/\/ap-hotelsresorts.com\/pt-pt\/ap-eva-senses-recebe-exposicao-eva\/#webpage\"},\"wordCount\":239,\"publisher\":{\"@id\":\"https:\/\/ap-hotelsresorts.com\/#organization\"},\"image\":{\"@id\":\"https:\/\/ap-hotelsresorts.com\/pt-pt\/ap-eva-senses-recebe-exposicao-eva\/#primaryimage\"},\"thumbnailUrl\":\"https:\/\/ap-hotelsresorts.com\/wp-content\/uploads\/2026\/03\/CLAUDIA_FEV2675-scaled.jpg\",\"articleSection\":[\"Not\u00edcias\"],\"inLanguage\":\"pt-PT\"},{\"@type\":\"Person\",\"@id\":\"https:\/\/ap-hotelsresorts.com\/#\/schema\/person\/39ea63a33316ff09e0a075ae0a4bed49\",\"name\":\"marketing ap\",\"image\":{\"@type\":\"ImageObject\",\"@id\":\"https:\/\/ap-hotelsresorts.com\/#personlogo\",\"inLanguage\":\"pt-PT\",\"url\":\"https:\/\/secure.gravatar.com\/avatar\/80ea62fe6096f55fe36f17f2175dca2f?s=96&d=mm&r=g\",\"contentUrl\":\"https:\/\/secure.gravatar.com\/avatar\/80ea62fe6096f55fe36f17f2175dca2f?s=96&d=mm&r=g\",\"caption\":\"marketing ap\"}}]}<\/script>\n<!-- \/ Yoast SEO plugin. -->","yoast_head_json":{"title":"AP EVA SENSES RECEBE EXPOSI\u00c7\u00c3O \u201cEVA\u201d - AP HOTELS &amp; RESORTS .","robots":{"index":"index","follow":"follow","max-snippet":"max-snippet:-1","max-image-preview":"max-image-preview:large","max-video-preview":"max-video-preview:-1"},"canonical":"https:\/\/ap-hotelsresorts.com\/pt-pt\/ap-eva-senses-recebe-exposicao-eva\/","og_locale":"pt_PT","og_type":"article","og_title":"AP EVA SENSES RECEBE EXPOSI\u00c7\u00c3O \u201cEVA\u201d - AP HOTELS &amp; RESORTS .","og_description":"O hotel AP Eva Senses, em Faro, recebe, at\u00e9 dia 12 de abril, a exposi\u00e7\u00e3o \u201cEva\u201d da artista Cl\u00e1udia Gon\u00e7alves. &nbsp; A inaugura\u00e7\u00e3o da exposi\u00e7\u00e3o foi marcada por um ambiente especial, reunindo amigos e familiares da artista, bem como a [&hellip;]","og_url":"https:\/\/ap-hotelsresorts.com\/pt-pt\/ap-eva-senses-recebe-exposicao-eva\/","og_site_name":"AP HOTELS &amp; RESORTS .","article_publisher":"https:\/\/www.facebook.com\/aphotelsresorts","article_published_time":"2026-03-05T09:53:47+00:00","og_image":[{"width":2560,"height":1670,"url":"https:\/\/ap-hotelsresorts.com\/wp-content\/uploads\/2026\/03\/CLAUDIA_FEV2675-scaled.jpg","type":"image\/jpeg"}],"twitter_card":"summary_large_image","twitter_creator":"@ApHotels","twitter_site":"@ApHotels","twitter_misc":{"Escrito por":"marketing ap","Tempo estimado de leitura":"1 minuto"},"schema":{"@context":"https:\/\/schema.org","@graph":[{"@type":"Organization","@id":"https:\/\/ap-hotelsresorts.com\/#organization","name":"AP HOTELS & RESORTS","url":"https:\/\/ap-hotelsresorts.com\/","sameAs":["https:\/\/www.facebook.com\/aphotelsresorts","https:\/\/www.instagram.com\/aphotelsresorts\/","https:\/\/www.linkedin.com\/company\/ap-hotels-and-resorts","https:\/\/www.youtube.com\/channel\/UCSmwGBz36kx2XALzeVAlKEg","https:\/\/twitter.com\/ApHotels"],"logo":{"@type":"ImageObject","@id":"https:\/\/ap-hotelsresorts.com\/#logo","inLanguage":"pt-PT","url":"https:\/\/ap-hotelsresorts.com\/wp-content\/uploads\/2021\/03\/logo-1.png","contentUrl":"https:\/\/ap-hotelsresorts.com\/wp-content\/uploads\/2021\/03\/logo-1.png","width":"3915","height":"1388","caption":"AP HOTELS & RESORTS"},"image":{"@id":"https:\/\/ap-hotelsresorts.com\/#logo"}},{"@type":"WebSite","@id":"https:\/\/ap-hotelsresorts.com\/#website","url":"https:\/\/ap-hotelsresorts.com\/","name":"AP HOTELS &amp; RESORTS .","description":"Albufeira . Faro . Portim\u00e3o . Tavira . Algarve","publisher":{"@id":"https:\/\/ap-hotelsresorts.com\/#organization"},"potentialAction":[{"@type":"SearchAction","target":{"@type":"EntryPoint","urlTemplate":"https:\/\/ap-hotelsresorts.com\/?s={search_term_string}"},"query-input":"required name=search_term_string"}],"inLanguage":"pt-PT"},{"@type":"ImageObject","@id":"https:\/\/ap-hotelsresorts.com\/pt-pt\/ap-eva-senses-recebe-exposicao-eva\/#primaryimage","inLanguage":"pt-PT","url":"https:\/\/ap-hotelsresorts.com\/wp-content\/uploads\/2026\/03\/CLAUDIA_FEV2675-scaled.jpg","contentUrl":"https:\/\/ap-hotelsresorts.com\/wp-content\/uploads\/2026\/03\/CLAUDIA_FEV2675-scaled.jpg","width":2560,"height":1670,"caption":"Exposi\u00e7\u00e3o Eva de Cl\u00e1udia Gon\u00e7alves, com 3 quadros em exposi\u00e7\u00e3o na imagem."},{"@type":"WebPage","@id":"https:\/\/ap-hotelsresorts.com\/pt-pt\/ap-eva-senses-recebe-exposicao-eva\/#webpage","url":"https:\/\/ap-hotelsresorts.com\/pt-pt\/ap-eva-senses-recebe-exposicao-eva\/","name":"AP EVA SENSES RECEBE EXPOSI\u00c7\u00c3O \u201cEVA\u201d - AP HOTELS &amp; RESORTS .","isPartOf":{"@id":"https:\/\/ap-hotelsresorts.com\/#website"},"primaryImageOfPage":{"@id":"https:\/\/ap-hotelsresorts.com\/pt-pt\/ap-eva-senses-recebe-exposicao-eva\/#primaryimage"},"datePublished":"2026-03-05T09:53:47+00:00","dateModified":"2026-03-05T09:53:47+00:00","breadcrumb":{"@id":"https:\/\/ap-hotelsresorts.com\/pt-pt\/ap-eva-senses-recebe-exposicao-eva\/#breadcrumb"},"inLanguage":"pt-PT","potentialAction":[{"@type":"ReadAction","target":["https:\/\/ap-hotelsresorts.com\/pt-pt\/ap-eva-senses-recebe-exposicao-eva\/"]}]},{"@type":"BreadcrumbList","@id":"https:\/\/ap-hotelsresorts.com\/pt-pt\/ap-eva-senses-recebe-exposicao-eva\/#breadcrumb","itemListElement":[{"@type":"ListItem","position":1,"name":"Home","item":"https:\/\/ap-hotelsresorts.com\/pt-pt\/"},{"@type":"ListItem","position":2,"name":"AP EVA SENSES RECEBE EXPOSI\u00c7\u00c3O \u201cEVA\u201d"}]},{"@type":"Article","@id":"https:\/\/ap-hotelsresorts.com\/pt-pt\/ap-eva-senses-recebe-exposicao-eva\/#article","isPartOf":{"@id":"https:\/\/ap-hotelsresorts.com\/pt-pt\/ap-eva-senses-recebe-exposicao-eva\/#webpage"},"author":{"@id":"https:\/\/ap-hotelsresorts.com\/#\/schema\/person\/39ea63a33316ff09e0a075ae0a4bed49"},"headline":"AP EVA SENSES RECEBE EXPOSI\u00c7\u00c3O \u201cEVA\u201d","datePublished":"2026-03-05T09:53:47+00:00","dateModified":"2026-03-05T09:53:47+00:00","mainEntityOfPage":{"@id":"https:\/\/ap-hotelsresorts.com\/pt-pt\/ap-eva-senses-recebe-exposicao-eva\/#webpage"},"wordCount":239,"publisher":{"@id":"https:\/\/ap-hotelsresorts.com\/#organization"},"image":{"@id":"https:\/\/ap-hotelsresorts.com\/pt-pt\/ap-eva-senses-recebe-exposicao-eva\/#primaryimage"},"thumbnailUrl":"https:\/\/ap-hotelsresorts.com\/wp-content\/uploads\/2026\/03\/CLAUDIA_FEV2675-scaled.jpg","articleSection":["Not\u00edcias"],"inLanguage":"pt-PT"},{"@type":"Person","@id":"https:\/\/ap-hotelsresorts.com\/#\/schema\/person\/39ea63a33316ff09e0a075ae0a4bed49","name":"marketing ap","image":{"@type":"ImageObject","@id":"https:\/\/ap-hotelsresorts.com\/#personlogo","inLanguage":"pt-PT","url":"https:\/\/secure.gravatar.com\/avatar\/80ea62fe6096f55fe36f17f2175dca2f?s=96&d=mm&r=g","contentUrl":"https:\/\/secure.gravatar.com\/avatar\/80ea62fe6096f55fe36f17f2175dca2f?s=96&d=mm&r=g","caption":"marketing ap"}}]}},"_links":{"self":[{"href":"https:\/\/ap-hotelsresorts.com\/pt-pt\/wp-json\/wp\/v2\/posts\/64617"}],"collection":[{"href":"https:\/\/ap-hotelsresorts.com\/pt-pt\/wp-json\/wp\/v2\/posts"}],"about":[{"href":"https:\/\/ap-hotelsresorts.com\/pt-pt\/wp-json\/wp\/v2\/types\/post"}],"author":[{"embeddable":true,"href":"https:\/\/ap-hotelsresorts.com\/pt-pt\/wp-json\/wp\/v2\/users\/11"}],"replies":[{"embeddable":true,"href":"https:\/\/ap-hotelsresorts.com\/pt-pt\/wp-json\/wp\/v2\/comments?post=64617"}],"version-history":[{"count":0,"href":"https:\/\/ap-hotelsresorts.com\/pt-pt\/wp-json\/wp\/v2\/posts\/64617\/revisions"}],"wp:featuredmedia":[{"embeddable":true,"href":"https:\/\/ap-hotelsresorts.com\/pt-pt\/wp-json\/wp\/v2\/media\/64618"}],"wp:attachment":[{"href":"https:\/\/ap-hotelsresorts.com\/pt-pt\/wp-json\/wp\/v2\/media?parent=64617"}],"wp:term":[{"taxonomy":"category","embeddable":true,"href":"https:\/\/ap-hotelsresorts.com\/pt-pt\/wp-json\/wp\/v2\/categories?post=64617"},{"taxonomy":"post_tag","embeddable":true,"href":"https:\/\/ap-hotelsresorts.com\/pt-pt\/wp-json\/wp\/v2\/tags?post=64617"}],"curies":[{"name":"wp","href":"https:\/\/api.w.org\/{rel}","templated":true}]}}